{"id":1158,"date":"2015-06-17T02:00:00","date_gmt":"2015-06-16T22:00:00","guid":{"rendered":"http:\/\/lemotdujour.fr\/?p=1158"},"modified":"2017-05-08T13:25:56","modified_gmt":"2017-05-08T11:25:56","slug":"mercredi-17-juin-2015","status":"publish","type":"post","link":"https:\/\/lemotdujour.fr\/?p=1158","title":{"rendered":"Mercredi 17 juin 2015"},"content":{"rendered":"<div class=\"mdjDate\">Mercredi 17 juin 2015<\/div>\n<div class=\"mdjTexte\">\u00abOn a cru que les valeurs de type occidental, celles qui viennent de la r\u00e9volution fran\u00e7aise, des vertus chr\u00e9tiennes et des lumi\u00e8res avaient une valeur mondiale.<br \/>On disait les droits de l&rsquo;homme c&rsquo;est [universel]<br \/>Je ne le crois pas.<br \/>Je crois que le monde asiatique, en particulier, a des valeurs confuc\u00e9ennes qui sont des valeurs compl\u00e9tement diff\u00e9rentes.\u00bb<\/div>\n<div class=\"mdjAuteur\">Jean-Louis Beffa<\/div>\n<div class=\"mdjComplements\">Dans l&rsquo;\u00e9mission un jour dans le monde du 8 avril vers 3:30<\/div>\n<div class=\"mdjComplements\">Jean-Louis Beffa est un grand patron fran\u00e7ais, il a surtout \u00e9t\u00e9 le PDG de Saint Gobain de 1986\u00a0 jusqu&rsquo;en 2007.<\/div>\n<div class=\"mdjComplements\">Il a publi\u00e9 en avril 2015 un livre :<a href=\"http:\/\/www.seuil.com\/livre-9782021230536.htm\"> \u00abLes cl\u00e9s de la puissance\u00bb.<\/a> Dans cet ouvrage il s\u2019attache \u00e0 montrer sur quoi se fonde la co-domination mondiale de la Chine et des \u00c9tats-Unis, et pour quelles raisons elle n\u2019est pas pr\u00eate de finir. Tandis que la Chine continue sa progression sans rel\u00e2che, que les \u00c9tats-Unis se recentrent sur leurs forces, les autres grands \u00e9mergents ne tiennent pas leurs promesses : la Russie s\u2019isole, le Moyen-Orient s\u2019enferre et le continent africain ne voit aucun futur g\u00e9ant \u00e9clore. Seule l\u2019Europe pourrait s\u2019imposer comme troisi\u00e8me puissance, mais elle ne cesse de reculer.<\/div>\n<div class=\"mdjComplements\">Dans un article joint, Le Monde \u00e9crit :\u00a0 \u00abBeffa passe la plan\u00e8te en revue et \u00e9value les quatre \u00ab\u00a0facteurs de puissance\u00a0\u00bb des grands pays \u00e0 l\u2019aube d\u2019une nouvelle phase de la mondialisation\u00a0: <em>\u00ab\u00a0l\u2019industrie exportatrice, les nouvelles technologies coupl\u00e9es au syst\u00e8me d\u2019innovation, l\u2019\u00e9nergie, et les capacit\u00e9s militaires\u00a0\u00bb<\/em>. R\u00e9sultat\u00a0? Un monde \u00e9trange\u00a0: l\u2019h\u00e9g\u00e9monie am\u00e9ricaine a certes disparu, mais sans faire \u00e9merger un monde multipolaire. En fait, seuls deux grands ont vraiment soif de pouvoir et dominent tous les d\u00e9bats : Les Etats-Unis et la Chine.<\/div>\n<div class=\"mdjComplements\">Les Etats-Unis et la Chine s\u2019enferment dans un face-\u00e0-face, ou plut\u00f4t une rivalit\u00e9 exclusive, un \u00ab\u00a0G2\u00a0\u00bb, faute de combattants pour \u00e9largir le cercle. A leur plus grand regret, surtout pour le second, dont la d\u00e9pendance \u00e0 l\u2019\u00e9gard des Etats-Unis inqui\u00e8te les \u00e9lites dirigeantes. Derri\u00e8re\u00a0? Personne ou presque. Les puissances moyennes semblent toutes habit\u00e9es par un grand renoncement. <em>\u00ab\u00a0Une troisi\u00e8me puissance n\u2019est pas pr\u00eat d\u2019\u00e9merger\u00a0\u00bb<\/em>, regrette l\u2019auteur.<\/div>\n<div class=\"mdjComplements\">La Russie s\u2019est enferm\u00e9e avec ses d\u00e9mons et rumine ses vieux r\u00eaves de puissance. Le Japon a baiss\u00e9 les bras, il s\u2019abandonne \u00e0 sa richesse, plus encore \u00e0 sa vieillesse. L\u2019Inde est <em>\u00ab\u00a0une puissance qui ne s\u2019\u00e9veille jamais\u00a0\u00bb<\/em>\u00a0: trop repli\u00e9e sur son march\u00e9, trop bureaucratique, trop d\u00e9centralis\u00e9e pour d\u00e9coller comme la Chine. Le Br\u00e9sil n\u2019est qu\u2019un g\u00e9ant r\u00e9gional aux pieds d\u2019argile, incapable de f\u00e9d\u00e9rer autour de lui le sous-continent sud-am\u00e9ricain\u00a0; quant \u00e0 l\u2019Afrique, la croissance y est d\u00e9sormais plus forte qu\u2019en Asie, mais le continent souffre de trop de maux pour qu\u2019une puissance globale sorte du lot.<\/div>\n<div class=\"mdjComplements\">Reste l\u2019Europe, le cas le plus anachronique. <em>\u00ab\u00a0Elle recule depuis plus de dix ans et g\u00e9n\u00e8re elle-m\u00eame les moyens de son d\u00e9clin\u00a0\u00bb<\/em>, juge Beffa. D\u00e9j\u00e0 les Britanniques sont ailleurs, et la tentation mortif\u00e8re du repli sur soi gagne les esprits partout dans l\u2019Union. Le couple franco-allemand n\u2019a plus d\u2019inspiration, ni de direction.\u00bb<\/div>\n<div class=\"mdjComplements\">Pour parler de son livre il a \u00e9t\u00e9 l&rsquo;invit\u00e9 d&rsquo;Anne Sinclair : <a href=\"http:\/\/www.europe1.fr\/emissions\/l-interview\/jean-louis-beffa-linterview-integrale-939922\">&lt;http:\/\/www.europe1.fr\/emissions\/l-interview\/jean-louis-beffa-linterview-integrale-939922&gt;<\/a><\/div>\n<div class=\"mdjComplements\"><a href=\"http:\/\/www.franceinter.fr\/emission-le-79-jean-louis-beffa-la-depense-publique-nest-financee-que-par-la-creation-de-richesse\">&lt;Il fut aussi l&rsquo;invit\u00e9 de Patrick Cohen du 7\/9 du 21 avril 2015&gt;<\/a><\/div>\n<div class=\"mdjComplements\">Mais <a href=\"http:\/\/www.franceinter.fr\/emission-un-jour-dans-le-monde-chine-etats-unis-une-co-domination-mondiale\">&lt;C&rsquo;est dans l&rsquo;\u00e9mission du 8 avril un-jour dans le monde de Demorand&gt;<\/a> qu&rsquo;il a eu cette analyse :<\/div>\n<div class=\"mdjCiter\"> \u00ab[Il y a d\u00e9sormais ] des valeurs diff\u00e9rentes.<\/div>\n<div class=\"mdjCiter\">On a cru que les valeurs de type occidental, celles qui viennent de la r\u00e9volution fran\u00e7aise, des vertus chr\u00e9tiennes et des lumi\u00e8res avaient une valeur mondiale.<\/div>\n<div class=\"mdjCiter\">On disait les droits de l&rsquo;homme, c&rsquo;est mondial !<\/div>\n<div class=\"mdjCiter\">Je ne le crois pas.<\/div>\n<div class=\"mdjCiter\">Je crois que le monde asiatique en particulier a des valeurs confuc\u00e9ennes qui sont des valeurs compl\u00e9tement diff\u00e9rentes.<\/div>\n<div class=\"mdjCiter\">Dans les valeurs confuc\u00e9ennes, ce n&rsquo;est pas la d\u00e9mocratie, ce n&rsquo;est pas la libert\u00e9 de l&rsquo;individu qui est primordiale.<\/div>\n<div class=\"mdjCiter\">C&rsquo;est une autre m\u00e9thode : le chef doit diriger ceux qui sont sous ses ordres, ces derniers doivent lui ob\u00e9ir d&rsquo;une mani\u00e8re disciplin\u00e9e.<\/div>\n<div class=\"mdjCiter\">Le chef a la charge cependant de prot\u00e9ger les autres et de veiller \u00e0 leurs bien \u00eatre.<\/div>\n<div class=\"mdjCiter\">Il s&rsquo;agit d&rsquo;un \u00e9quilibre tout \u00e0 fait diff\u00e9rent.\u00bb<\/div>\n<div class=\"mdjComplements\">Je crois que nous autres occidentaux et particuli\u00e8rement nous fran\u00e7ais n&rsquo;arrivons pas \u00e0 comprendre ou \u00e0 accepter cette r\u00e9alit\u00e9 : L&rsquo;Occident n&rsquo;a plus le monopole de dire ce qui est le Bien et ce qui est le Mal. Nos valeurs qui sont les droits de l&rsquo;individu, de la libert\u00e9 quasi absolu, de la d\u00e9mocratie lib\u00e9rale, de l&rsquo;\u00e9galit\u00e9 ne sont pas partag\u00e9es.<\/div>\n<div class=\"mdjComplements\">C&rsquo;est une grande surprise car la mondialisation \u00e9conomique s&rsquo;est r\u00e9alis\u00e9e sur le mod\u00e8le occidental : production et consommation de masse, mobilisation de plus en plus importante de capitaux, innovation technologique, explosion de la publicit\u00e9 qui vous pousse \u00e0 acheter\u00a0 des choses ou gadgets dont vous n&rsquo;imaginiez m\u00eame pas avoir besoin quelques instants avant, g\u00e9n\u00e9ralisation du tourisme de masse.<\/div>\n<div class=\"mdjComplements\">La pens\u00e9e d&rsquo;un monde lin\u00e9aire en constante croissance avec l&rsquo;ambition ou l&rsquo;illusion d&rsquo;un progr\u00e8s sans fin est une cr\u00e9ation de l&rsquo;Occident.<\/div>\n<div class=\"mdjComplements\">La plupart des autres civilisations pensait plut\u00f4t un monde en stabilit\u00e9 et \u00e9voluant selon une logique de cycle.<\/div>\n<div class=\"mdjComplements\">C&rsquo;est le mod\u00e8le occidental qui s&rsquo;est impos\u00e9, la mondialisation est une occidentalisation du Monde : toujours plus haut, toujours plus grand comme le montre par exemple cette inflation<a href=\"http:\/\/fr.wikipedia.org\/wiki\/Liste_des_plus_hauts_gratte-ciel_du_monde\"> de tours de plus en plus hautes<\/a> \u00e0 Duba\u00ef, Shanghai, La Mecque, Canton, Taipei, Hong Kong, Kuala Lumpur.<\/div>\n<div class=\"mdjComplements\">Mais parall\u00e8lement, au niveau soci\u00e9tal et politique les valeurs occidentales ne se sont pas impos\u00e9es et m\u00eame sont de plus en plus contest\u00e9es.<\/div>\n<div class=\"mdjComplements\">Il faut assimiler cela si l&rsquo;on veut essayer de comprendre un peu mieux le Monde.<\/div>\n","protected":false},"excerpt":{"rendered":"<p>Mercredi 17 juin 2015 \u00abOn a cru que les valeurs de type occidental, celles qui viennent de la r\u00e9volution fran\u00e7aise, des vertus chr\u00e9tiennes et des lumi\u00e8res avaient une valeur mondiale.On disait les droits de l&rsquo;homme c&rsquo;est [universel]Je ne le crois<\/p>\n","protected":false},"author":1,"featured_media":0,"comment_status":"closed","ping_status":"closed","sticky":false,"template":"","format":"standard","meta":{"footnotes":""},"categories":[1],"tags":[],"class_list":["post-1158","post","type-post","status-publish","format-standard","hentry","category-motdujour"],"_links":{"self":[{"href":"https:\/\/lemotdujour.fr\/index.php?rest_route=\/wp\/v2\/posts\/1158","targetHints":{"allow":["GET"]}}],"collection":[{"href":"https:\/\/lemotdujour.fr\/index.php?rest_route=\/wp\/v2\/posts"}],"about":[{"href":"https:\/\/lemotdujour.fr\/index.php?rest_route=\/wp\/v2\/types\/post"}],"author":[{"embeddable":true,"href":"https:\/\/lemotdujour.fr\/index.php?rest_route=\/wp\/v2\/users\/1"}],"replies":[{"embeddable":true,"href":"https:\/\/lemotdujour.fr\/index.php?rest_route=%2Fwp%2Fv2%2Fcomments&post=1158"}],"version-history":[{"count":1,"href":"https:\/\/lemotdujour.fr\/index.php?rest_route=\/wp\/v2\/posts\/1158\/revisions"}],"predecessor-version":[{"id":1159,"href":"https:\/\/lemotdujour.fr\/index.php?rest_route=\/wp\/v2\/posts\/1158\/revisions\/1159"}],"wp:attachment":[{"href":"https:\/\/lemotdujour.fr\/index.php?rest_route=%2Fwp%2Fv2%2Fmedia&parent=1158"}],"wp:term":[{"taxonomy":"category","embeddable":true,"href":"https:\/\/lemotdujour.fr\/index.php?rest_route=%2Fwp%2Fv2%2Fcategories&post=1158"},{"taxonomy":"post_tag","embeddable":true,"href":"https:\/\/lemotdujour.fr\/index.php?rest_route=%2Fwp%2Fv2%2Ftags&post=1158"}],"curies":[{"name":"wp","href":"https:\/\/api.w.org\/{rel}","templated":true}]}}