{"id":11570,"date":"2021-06-22T00:57:01","date_gmt":"2021-06-21T22:57:01","guid":{"rendered":"http:\/\/lemotdujour.fr\/?p=11570"},"modified":"2021-06-23T16:30:50","modified_gmt":"2021-06-23T14:30:50","slug":"mardi-22-juin-2017","status":"publish","type":"post","link":"https:\/\/lemotdujour.fr\/?p=11570","title":{"rendered":"Mardi 22 juin 2021"},"content":{"rendered":"<div class=\"mdjTexte\">\u00ab&nbsp;Notre d\u00e9pendance \u00e0 Amazon n&rsquo;est pas algorithmique, mais bien humaine&nbsp;\u00bb<\/div>\n<div class=\"mdjAuteur\">Aur\u00e9lie Jean<\/div>\n<p><span style=\"color: #777777; font-family: Arial;\">Dans le mot du jour du 15 juin, j&rsquo;insistais sur l&rsquo;\u00e9norme pression que mettait Jeff Bezos sur ses collaborateurs proches : les informaticiens et logisticiens qui d\u00e9veloppent les algorithmes et imaginent la strat\u00e9gie pour faire encore grandir Amazon : \u00ab&nbsp; <a href=\"https:\/\/lemotdujour.fr\/?p=11515\"><span style=\"color: #0000ff;\">Vous devez \u00eatre capable d&rsquo;agir trois fois plus vite que les gens les plus comp\u00e9tents<\/span>&nbsp;<\/a>\u00bb<br \/>\n<\/span><\/p>\n<p><span style=\"color: #777777; font-family: Arial;\">Hier, c&rsquo;\u00e9tait plut\u00f4t le remplacement des humains par des solutions de plus en plus automatis\u00e9es et plus robotis\u00e9es qui constituait le sujet central.<br \/>\n<\/span><\/p>\n<p><span style=\"color: #777777; font-family: Arial;\">Mais pour l&rsquo;instant, la r\u00e9ussite d&rsquo;Amazon d\u00e9pend en grande partie de la productivit\u00e9 des \u00ab <strong>associ\u00e9s des robots<\/strong>&nbsp;\u00bb qui travaillent dans les entrep\u00f4ts.<br \/>\n<\/span><\/p>\n<p><span style=\"color: #777777; font-family: Arial;\">\u00ab&nbsp;<strong>Le UN<\/strong>&nbsp;\u00bb a demand\u00e9 \u00e0 une num\u00e9ricienne, <strong>Aur\u00e9lie Jean<\/strong> d&rsquo;\u00e9crire un article qui a pour titre \u00ab&nbsp;<strong>L&rsquo;asservissement est ailleurs<\/strong>&nbsp;\u00bb.<br \/>\n<\/span><\/p>\n<p><img decoding=\"async\" class=\"alignleft\" src=\"https:\/\/lemotdujour.fr\/wp-content\/uploads\/2021\/06\/062121_2245_Mardi22juin1.jpg\" alt=\"\" align=\"left\"><span style=\"color: #777777; font-family: Arial;\">Aur\u00e9lie Jean est l&rsquo;auteure d&rsquo;un livre qui a \u00e9t\u00e9 tr\u00e8s remarqu\u00e9&nbsp;: \u00ab&nbsp;<a href=\"https:\/\/livre.fnac.com\/a13707075\/Aurelie-Jean-De-l-autre-cote-de-la-machine\"><span style=\"color: #0000ff;\">De l&rsquo;autre c\u00f4t\u00e9 de la machine, Voyage d&rsquo;une scientifique au pays des algorithmes<\/span><\/a>&nbsp;\u00bb. Livre qui avait notamment fait l&rsquo;objet de deux \u00e9missions de France Culture&nbsp;: &lt;<span style=\"color: #0000ff;\"><a style=\"color: #0000ff;\" href=\"https:\/\/www.franceculture.fr\/emissions\/la-grande-table-idees\/le-virtuel-porte-dentree-sur-le-reel\">Le virtuel, porte d&rsquo;entr\u00e9e sur le r\u00e9el ?<\/a><\/span>&gt; et &lt;<span style=\"color: #0000ff;\"><a style=\"color: #0000ff;\" href=\"https:\/\/www.franceculture.fr\/emissions\/linvite-innovation\/culture-numerique-chronique-du-dimanche-17-novembre-2019\">Je recherche \u00e0 d\u00e9mystifier les algorithmes<\/a><\/span>&gt;<br \/>\n<\/span><\/p>\n<p><span style=\"color: #777777; font-family: Arial;\">Elle conclut son article dans le UN ainsi&nbsp;:<br \/>\n<\/span><\/p>\n<p style=\"margin-left: 28pt;\"><span style=\"color: #c00000; font-family: Arial;\">\u00ab&nbsp;Reste que derri\u00e8re cette logistique, si finement con\u00e7ue soit-elle, il n&rsquo;y a pas que des algorithmes. Il se trouve toujours des individus en chair et en os qui d\u00e9cident de la strat\u00e9gie. Il se cache, aussi, des hommes et des femmes qui travaillent, pour certains, dans l&rsquo;ombre d&rsquo;une gestion difficile. Troubles musculo-squelettiques, pression de toujours faire mieux, et productivit\u00e9 inconditionnellement croissante, les terribles conditions auxquelles sont soumis les travailleurs des entrep\u00f4ts font couler beaucoup d&rsquo;encre. Contre toute attente, <strong>notre d\u00e9pendance \u00e0 Amazon n&rsquo;est pas algorithmique, mais bien humaine<\/strong>.&nbsp;\u00bb<br \/>\n<\/span><\/p>\n<p><span style=\"color: #777777; font-family: Arial;\">Ce site qui a pour nom \u00ab&nbsp;<strong>si\u00e8cle digital<\/strong>&nbsp;\u00bb a publi\u00e9 le 2 juin 2021&nbsp;: \u00ab&nbsp;<a href=\"https:\/\/siecledigital.fr\/2021\/06\/02\/employes-amazon-blessent\/\"><span style=\"color: #0000ff;\">Les employ\u00e9s d&rsquo;Amazon se blessent plus que dans les autres entreprises&nbsp;<\/span><\/a>\u00bb<br \/>\n<\/span><\/p>\n<p><span style=\"color: #777777; font-family: Arial;\">Dans cet article on lit&nbsp;:<br \/>\n<\/span><\/p>\n<p style=\"margin-left: 28pt;\"><span style=\"color: #c00000; font-family: Arial;\">\u00ab&nbsp;Le Strategic Organizing Center (SOC), qui regroupe quatre syndicats am\u00e9ricains, a d\u00e9voil\u00e9 (pdf) le mardi 1er juin 2021 un chiffre inqui\u00e9tant concernant Amazon. En effet, dans son rapport, elle indique que le taux de blessures dans les entrep\u00f4ts de la firme est presque deux fois plus \u00e9lev\u00e9 que dans ceux des autres entreprises du m\u00eame secteur.<br \/>\n<\/span><\/p>\n<p style=\"margin-left: 28pt;\"><span style=\"color: #c00000; font-family: Arial;\">Si Amazon est le deuxi\u00e8me employeur des \u00c9tats-Unis, il d\u00e9tient la premi\u00e8re place dans une tout autre cat\u00e9gorie : la fr\u00e9quence \u00e0 laquelle ses travailleurs se blessent. Le rapport du SOC divulgue qu&rsquo;en 2020, il y a eu 5,9 blessures graves durant 200 000 heures de travail, repr\u00e9sentant 100 employ\u00e9s des entrep\u00f4ts d&rsquo;Amazon. Un chiffre qui est presque 80% plus \u00e9lev\u00e9 que dans les autres firmes.<br \/>\n<\/span><\/p>\n<p style=\"margin-left: 28pt;\"><span style=\"color: #c00000; font-family: Arial;\">\u00c0 titre de comparaison, son concurrent Walmart enregistre 2,5 blessures pour 200 000 heures travaill\u00e9es, soit moiti\u00e9 moins que la soci\u00e9t\u00e9 de Seattle. Cela oblige certains employ\u00e9s \u00e0 s&rsquo;absenter, ou \u00e0 faire des t\u00e2ches moins contraignantes pour ne pas se blesser davantage.&nbsp;\u00bb<br \/>\n<\/span><\/p>\n<p><span style=\"color: #777777; font-family: Arial;\">Toutefois l&rsquo;objectivit\u00e9 doit nous faire constater qu&rsquo;Amazon a fait du progr\u00e8s, avant c&rsquo;\u00e9tait pire&nbsp;:<br \/>\n<\/span><\/p>\n<p style=\"margin-left: 28pt;\"><span style=\"color: #c00000; font-family: Arial;\">\u00ab&nbsp;Malgr\u00e9 tout, le taux de blessures d&rsquo;Amazon est moins important qu&rsquo;en 2019. Un rapport du Center for Investigative Reporting, publi\u00e9 par Reveal, r\u00e9v\u00e8le qu&rsquo;il y a deux ans, l&rsquo;entreprise enregistrait 7,7 blessures graves pour 100 employ\u00e9s.<br \/>\n<\/span><\/p>\n<p style=\"margin-left: 28pt;\"><span style=\"color: #c00000; font-family: Arial;\">M\u00eame si une diminution peut \u00eatre constat\u00e9e, les chiffres de 2020 n&rsquo;en restent pas moins inqui\u00e9tants, et Amazon est toujours la firme avec les r\u00e9sultats les plus mauvais. Par ailleurs, les r\u00e9v\u00e9lations qui ont \u00e9t\u00e9 faites concernant les mauvaises conditions de travail au sein de ses entrep\u00f4ts n&rsquo;arrangent pas son cas. Jeff Bezos a r\u00e9cemment admis que l&rsquo;entreprise devait en faire plus pour ses employ\u00e9s, notamment pour atteindre son objectif, qui est de r\u00e9duire de 50% les accidents du travail d&rsquo;ici 2025.<br \/>\n<\/span><\/p>\n<p style=\"margin-left: 28pt;\"><span style=\"color: #c00000; font-family: Arial;\">\u00ab\u00a0Bien qu&rsquo;un incident soit un incident de trop, nous apprenons et constatons en permanence des am\u00e9liorations gr\u00e2ce \u00e0 des programmes ergonomiques, des exercices guid\u00e9s sur les postes de travail des employ\u00e9s, des \u00e9quipements d&rsquo;assistance m\u00e9canique, la configuration et la conception de ces postes, ainsi que la t\u00e9l\u00e9matique des chariots \u00e9l\u00e9vateurs et des rampes, pour n&rsquo;en nommer que quelques-uns\u00a0\u00bb, a d\u00e9clar\u00e9 la porte-parole d&rsquo;Amazon, Kelly Nantel, dans un rapport.<br \/>\n<\/span><\/p>\n<p style=\"margin-left: 28pt;\"><span style=\"color: #c00000; font-family: Arial;\">Il reste \u00e0 voir si les efforts d&rsquo;Amazon pour diminuer les accidents de travail, mais aussi am\u00e9liorer le quotidien de ses travailleurs s&rsquo;av\u00e8reront b\u00e9n\u00e9fiques. Pour le moment, les \u00ab\u00a0<strong>AmaZen\u00a0\u00bb<\/strong>, de petites cabines cens\u00e9es r\u00e9duire le stress de ses employ\u00e9s, n&rsquo;ont pas eu l&rsquo;effet escompt\u00e9 et n&rsquo;ont s\u00e9duit ni les internautes ni les travailleurs.&nbsp;\u00bb<br \/>\n<\/span><\/p>\n<p><span style=\"color: #777777; font-family: Arial;\">Je dois reconna\u00eetre que depuis que je m&rsquo;int\u00e9resse vraiment \u00e0 Amazon j&rsquo;apprends \u00e9norm\u00e9ment de choses&nbsp;: par exemple l&rsquo;invention des AmaZen.<br \/>\n<\/span><\/p>\n<p><span style=\"color: #777777; font-family: Arial;\">\u00ab&nbsp;<span style=\"color: #0000ff;\"><a style=\"color: #0000ff;\" href=\"http:\/\/www.slate.fr\/story\/209786\/amazon-amazen-cabine-bien-etre\"><strong>Slate<\/strong><\/a><\/span>&nbsp;\u00bb qui reprend une information de la BBC se sent oblig\u00e9 de mettre en sous-titre \u00ab&nbsp;<strong>Ceci n&rsquo;est pas un canular<\/strong>&nbsp;\u00bb (article du 29 mai 2021).<br \/>\n<\/span><\/p>\n<p style=\"margin-left: 28pt;\"><span style=\"color: #c00000; font-family: Arial;\"><img loading=\"lazy\" decoding=\"async\" class=\"size-full wp-image-11569 alignleft\" src=\"https:\/\/lemotdujour.fr\/wp-content\/uploads\/2021\/06\/062121_2245_Mardi22juin2.jpg\" alt=\"\" width=\"550\" height=\"361\" srcset=\"https:\/\/lemotdujour.fr\/wp-content\/uploads\/2021\/06\/062121_2245_Mardi22juin2.jpg 550w, https:\/\/lemotdujour.fr\/wp-content\/uploads\/2021\/06\/062121_2245_Mardi22juin2-300x197.jpg 300w\" sizes=\"auto, (max-width: 550px) 100vw, 550px\" \/>\u00ab&nbsp;Amazon a annonc\u00e9 \u00e0 la mi-mai la mise en place d&rsquo;un dispositif visant officiellement \u00e0 am\u00e9liorer leur bien-\u00eatre. Dans une vid\u00e9o publi\u00e9e sur son compte Twitter, l&rsquo;entreprise a rendu publique la cr\u00e9ation de cabines nomm\u00e9es AmaZen, destin\u00e9es \u00e0 favoriser la sant\u00e9 mentale du personnel de ses entrep\u00f4ts.<br \/>\n<\/span><\/p>\n<p style=\"margin-left: 28pt;\"><span style=\"color: #c00000; font-family: Arial;\">AmaZen est partie int\u00e9grante du programme Working Well, dont l&rsquo;objectif est de fournir aux employ\u00e9\u00b7es \u00abdes activit\u00e9s physiques et intellectuelles, des exercices de bien-\u00eatre, et des conseils nutritionnels\u00bb. Utilisables pendant les pauses, les cabines d\u00e9crites par la BBC permettent de visionner de courtes vid\u00e9os qui incluent des s\u00e9ances de m\u00e9ditation, des sc\u00e8nes calmes avec des sons apaisants&#8230;<br \/>\n<\/span><\/p>\n<p style=\"margin-left: 28pt;\"><span style=\"color: #c00000; font-family: Arial;\">Face au d\u00e9ferlement de r\u00e9actions n\u00e9gatives qui ont suivi sa publication sur Twitter, la vid\u00e9o a \u00e9t\u00e9 rapidement supprim\u00e9e par Amazon. On pouvait y voir une sorte de cabine t\u00e9l\u00e9phonique sans t\u00e9l\u00e9phone, mais avec une chaise, un petit \u00e9cran et quelques plantes en pot. Au plafond, un ciel bleu orn\u00e9 de jolis nuages blancs.<br \/>\n<\/span><\/p>\n<p style=\"margin-left: 28pt;\"><span style=\"color: #c00000; font-family: Arial;\">Une telle installation semble en effet bien d\u00e9risoire face aux conditions de travail souvent ex\u00e9crables propos\u00e9es dans les entrep\u00f4ts. Le fait que l&rsquo;AmaZen semble y avoir \u00e9t\u00e9 d\u00e9pos\u00e9e un peu au hasard, comme un cheveu sur la soupe, est assez symbolique : cela ressemble \u00e0 un coup de communication foireux plut\u00f4t qu&rsquo;\u00e0 une r\u00e9elle tentative de bien traiter celles et ceux qui suent sang et eau pour la firme de Jeff Bezos.<br \/>\n<\/span><\/p>\n<p style=\"margin-left: 28pt;\"><span style=\"color: #c00000; font-family: Arial;\">Avant d&rsquo;\u00eatre supprim\u00e9e, la vid\u00e9o avait \u00e9t\u00e9 t\u00e9l\u00e9charg\u00e9e par des internautes. Depuis, elle fait l&rsquo;objet de nombreux d\u00e9tournements, qui insistent sur le c\u00f4t\u00e9 dystopique de l&rsquo;AmaZen ou imaginent qu&rsquo;il s&rsquo;agit en fait d&rsquo;une cabine pr\u00e9vue pour que le staff de l&rsquo;entrep\u00f4t puisse aller pleurer en toute discr\u00e9tion.&nbsp;\u00bb<br \/>\n<\/span><\/p>\n<p><span style=\"color: #777777; font-family: Arial;\">Aux \u00c9tats-Unis, il y a bien eu des employ\u00e9s qui ont voulu cr\u00e9er un syndicat pour d\u00e9fendre les employ\u00e9s d&rsquo;Amazon. Mais les salari\u00e9s ont vot\u00e9 contre cette initiative \u00e0 une large majorit\u00e9.<br \/>\n<\/span><\/p>\n<p><span style=\"color: #777777; font-family: Arial;\">Ce sujet a \u00e9t\u00e9 abondamment comment\u00e9 sur les m\u00e9dias fran\u00e7ais&nbsp;:<br \/>\n<\/span><\/p>\n<p><span style=\"color: #777777; font-family: Arial;\"><strong>RTL<\/strong>&nbsp;: &lt;<a href=\"https:\/\/www.rtl.fr\/actu\/international\/etats-unis-pourquoi-des-ouvriers-amazon-ont-ils-refuse-la-creation-d-un-syndicat-7900018846\"><span style=\"color: #0000ff;\">\u00c9tats-Unis : pourquoi des ouvriers Amazon ont-ils refus\u00e9 la cr\u00e9ation d&rsquo;un syndicat ?<\/span>&gt;<\/a><br \/>\n<\/span><\/p>\n<p><span style=\"color: #777777; font-family: Arial;\"><strong>Challenges&nbsp;<\/strong>: &lt;<a href=\"https:\/\/www.challenges.fr\/economie\/un-syndicat-amazon-aux-etats-unis-le-decompte-des-voix-reprend-le-camp-du-oui-pessimiste_759691\"><span style=\"color: #0000ff;\">Echec de la tentative historique de syndicalisation d&rsquo;un entrep\u00f4t d&rsquo;Amazon aux Etats-Unis<\/span><\/a>&gt;<br \/>\n<\/span><\/p>\n<p><span style=\"color: #777777; font-family: Arial;\"><strong>Le Monde <\/strong>&lt;<a href=\"https:\/\/www.lemonde.fr\/economie\/article\/2021\/04\/09\/le-syndicalisme-ne-fait-pas-son-entree-chez-amazon-aux-etats-unis_6076243_3234.html\"><span style=\"color: #0000ff;\">Le syndicalisme ne fait pas son entr\u00e9e chez Amazon aux Etats-Unis<\/span><\/a>&gt;<br \/>\n<\/span><\/p>\n<p><span style=\"color: #777777; font-family: Arial;\">Ce vote concernait les salari\u00e9s de l&rsquo;entrep\u00f4t Amazon de Bessemer, bourgade pauvre situ\u00e9e au sud de l&rsquo;ancienne cit\u00e9 mini\u00e8re de Birmingham, en Alabama. Le rejet a \u00e9t\u00e9 net&nbsp;: Le non \u00e0 la syndicalisation l&rsquo;a emport\u00e9 avec 1 798 voix, contre 738 votes en faveur du RWDSU, le syndicat national de la distribution que des employ\u00e9s voulaient rejoindre.<br \/>\n<\/span><\/p>\n<p><span style=\"color: #777777; font-family: Arial;\">Le monde explique cependant&nbsp;:<br \/>\n<\/span><\/p>\n<p style=\"margin-left: 28pt;\"><span style=\"color: #c00000; font-family: Arial;\">\u00ab&nbsp;Amazon a men\u00e9 une campagne agressive contre la syndicalisation de son site, qui aurait \u00e9t\u00e9 une premi\u00e8re sur le territoire des Etats-Unis : par le biais des r\u00e9seaux sociaux, elle demandait \u00e0 ses salari\u00e9s l&rsquo;int\u00e9r\u00eat qu&rsquo;ils avaient \u00e0 d\u00e9penser 500 dollars de cotisation par an. L&rsquo;entreprise de Jeff Bezos a pu profiter aussi des scandales de corruption qui ont frapp\u00e9, depuis deux ans, les syndicats de l&rsquo;automobile \u00e0 Detroit.&nbsp;\u00bb<br \/>\n<\/span><\/p>\n<p><span style=\"color: #777777; font-family: Arial;\">Mais, il faut sur ce sujet \u00eatre \u00e9quilibr\u00e9. Amazon n&rsquo;est pas la seule entreprise am\u00e9ricaine \u00e0 ne pas avoir de syndicats. Boeing, entre autres, est dans le m\u00eame cas. Pourtant Joe Biden s&rsquo;est ouvertement d\u00e9clar\u00e9 pro-syndicat.<br \/>\n<\/span><\/p>\n<p><span style=\"color: #777777; font-family: Arial;\">Probablement faut-il en revenir \u00e0 ce constat du grand \u00e9crivain John Steinbeck qui disait&nbsp;:<br \/>\n<\/span><\/p>\n<p style=\"margin-left: 28pt;\"><span style=\"color: #c00000; font-family: Arial;\">\u00ab&nbsp;Il n&rsquo;y a pas de socialisme en Am\u00e9rique, parce qu&rsquo;on n&rsquo;a pas de prol\u00e9taires mais des capitalistes momentan\u00e9ment dans l&#8217;embarras.&nbsp;\u00bb<br \/>\n<\/span><\/p>\n<p><span style=\"color: #777777; font-family: Arial;\">C&rsquo;\u00e9tait le mot du jour du &lt;<a href=\"https:\/\/lemotdujour.fr\/?p=8237\"><span style=\"color: #0000ff;\">4 mars 2020<\/span><\/a>&gt;<br \/>\n<\/span><\/p>\n<p><span style=\"color: #777777; font-family: Arial;\">Plus prosa\u00efquement, <strong>Alec MacGillis<\/strong>, journaliste au New Yorker et auteur d&rsquo;un livre d&rsquo;enqu\u00eate sur Amazon sur lequel je reviendrais, \u00e9crit :<br \/>\n<\/span><\/p>\n<p style=\"margin-left: 28pt;\"><span style=\"color: #c00000; font-family: Arial;\">\u00ab&nbsp;Seuls 5 % des salari\u00e9s sont syndiqu\u00e9s aux \u00c9tats-Unis, et Amazon a une telle puissance qu&rsquo;il lui est facile de manipuler les opinions des uns et des autres. Mais cela tient aussi \u00e0 la nature des emplois chez Amazon : ce sont des jobs de transition o\u00f9 les gens restent un an en moyenne, \u00e0 s&rsquo;user le corps pour 15 dollars de l&rsquo;heure. Personne ne fait carri\u00e8re chez Amazon, donc pourquoi s&rsquo;engager dans un syndicat ?&nbsp;\u00bb<br \/>\n<\/span><\/p>\n<p><span style=\"color: #777777; font-family: Arial;\">Selon une enqu\u00eate du <strong>New York Times <\/strong>repris par ce <\/span><span style=\"color: #0000ff; font-family: Arial;\"><a style=\"color: #0000ff;\" href=\"https:\/\/korii.slate.fr\/biz\/amazon-jeff-bezos-croit-employes-entrepots-sont-faineants-mediocrite-conditions-travail\">&lt;site&gt; <\/a><\/span><span style=\"color: #777777; font-family: Arial;\">une des explications du management impos\u00e9 par Jeff Bezos aux salari\u00e9s de ses entrep\u00f4ts, viendrait de la conviction de ce dernier que ses employ\u00e9s sont fondamentalement paresseux&nbsp;:<br \/>\n<\/span><\/p>\n<p style=\"margin-left: 28pt;\"><span style=\"color: #c00000; font-family: Arial;\">\u00ab&nbsp;Selon une longue enqu\u00eate du New York Times, reprise par Business Insider, cette m\u00e9canique certes bien huil\u00e9e et hautement profitable mais humainement destructrice ne trouverait pas seulement sa source dans la pure n\u00e9cessit\u00e9 \u00e9conomique et productiviste.<br \/>\n<\/span><span style=\"color: #c00000; font-family: Arial;\">Sans piti\u00e9 pour des employ\u00e9s dont elle trace implacablement les moindres mouvements (pause pipi incluse), le syst\u00e8me mis en place par la firme d\u00e9coulerait \u00e9galement de la croyance intime de Jeff Bezos en la fain\u00e9antise consubstantielle \u00e0 l&rsquo;\u00eatre humain.<br \/>\n<\/span><span style=\"color: #c00000; font-family: Arial;\">C&rsquo;est ce qu&rsquo;explique au quotidien new-yorkais David Niekerk. L&rsquo;Am\u00e9ricain conna\u00eet son sujet: avant de quitter l&rsquo;\u00abeverything store\u00bb apr\u00e8s plus de seize ans de loyaux services, il a particip\u00e9 \u00e0 la conception de l&rsquo;architecture physique et logicielle quasi carc\u00e9rale de ses entrep\u00f4ts g\u00e9ants.<br \/>\n<\/span><span style=\"color: #c00000; font-family: Arial;\">Selon Niekerk, dont les r\u00e9v\u00e9lations sont sans piti\u00e9, Bezos croit ainsi fermement que les salari\u00e9s s&rsquo;engagent progressivement dans une \u00abmarche vers la m\u00e9diocrit\u00e9\u00bb. \u00abIl pouvait par exemple dire que la nature humaine est de d\u00e9penser le moins d&rsquo;\u00e9nergie possible pour obtenir ce que l&rsquo;on veut\u00bb, rapporte ainsi cr\u00fbment l&rsquo;Am\u00e9ricain.<br \/>\n<\/span><\/p>\n<p style=\"margin-left: 28pt;\"><span style=\"color: #c00000; font-family: Arial;\">L&rsquo;un des risques que redoutait \u2013ou fantasmait\u2013 particuli\u00e8rement Bezos \u00e9tait celui d&rsquo;une masse laborieuse s&rsquo;enfon\u00e7ant dans cette \u00e9conomie de moyens et l&rsquo;insatisfaction.<br \/>\n<\/span><span style=\"color: #c00000; font-family: Arial;\">Selon le New York Times, c&rsquo;est la raison pour laquelle la firme organise ses ressources humaines autour du court-terme, n&rsquo;offre volontairement que peu de perspectives d&rsquo;\u00e9volution interne aux personnes occupant le bas de l&rsquo;\u00e9chelle, voire les incite financi\u00e8rement \u00e0 aller voir aussi rapidement que possible si l&rsquo;herbe n&rsquo;est pas plus verte ailleurs.<br \/>\n<\/span><span style=\"color: #c00000; font-family: Arial;\">Les salari\u00e9s sont ainsi trait\u00e9s comme des robots dispensables \u2013quand les vraies machines, elles, progressent \u00e0 grands pas. Leur productivit\u00e9 est trac\u00e9e minute par minute et geste apr\u00e8s geste par le syst\u00e8me informatique de la plateforme, et la moindre journ\u00e9e de m\u00e9forme peut \u00eatre sanctionn\u00e9e sans m\u00eame qu&rsquo;un superviseur humain n&rsquo;ait \u00e0 intervenir.<br \/>\n<\/span><\/p>\n<p style=\"margin-left: 28pt;\"><span style=\"color: #c00000; font-family: Arial;\">Dans sa guerre contre cette \u00ab marche vers la m\u00e9diocrit\u00e9\u00bb, telle que d\u00e9finie par Bezos, la firme essore tant les personnes qu&rsquo;elle emploie que certains cadres de l&rsquo;entreprise craignent qu&rsquo;elle ne finisse pas ass\u00e9cher tout \u00e0 fait le r\u00e9servoir de cette main-d&rsquo;\u0153uvre corv\u00e9able \u00e0 merci.<br \/>\n<\/span><span style=\"color: #c00000; font-family: Arial;\">Avant de quitter la t\u00eate d&rsquo;Amazon pour aller chatouiller ses r\u00eaves d&rsquo;apesanteur, un Bezos grand seigneur \u2013au sens presque f\u00e9odal du terme\u2013 a annonc\u00e9 qu&rsquo;Amazon se lan\u00e7ait dans un plan massif pour am\u00e9liorer les conditions de travail au sein de ses entrep\u00f4ts.&nbsp;\u00bb<br \/>\n<\/span><\/p>\n<p><span style=\"color: #777777; font-family: Arial;\">Je finirai par une r\u00e9flexion un peu d\u00e9sabus\u00e9e qui n&rsquo;a peut-\u00eatre rien \u00e0 voir avec le sujet abord\u00e9 aujourd&rsquo;hui. Quoi que, j&rsquo;ai des doutes. <\/span><span style=\"color: #777777; font-family: Arial;\">C&rsquo;est une histoire de chiffres.<br \/>\n<\/span><\/p>\n<p><a href=\"https:\/\/korii.slate.fr\/biz\/amazon-jeff-bezos-croit-employes-entrepots-sont-faineants-mediocrite-conditions-travail\"><span style=\"color: #777777; font-family: Arial;\">Selon <\/span><\/a><span style=\"color: #0000ff;\"><a style=\"color: #0000ff;\" href=\"https:\/\/www.capital.fr\/entreprises-marches\/quel-est-le-poids-damazon-en-france-1384912\"><strong>Capital<\/strong><\/a><\/span> pr\u00e8s d&rsquo;un Fran\u00e7ais sur trois (quasiment 22 millions de Fran\u00e7ais) ach\u00e8te sur Amazon.<br \/>\n<span style=\"color: #777777; font-family: Arial;\">Le corps \u00e9lectoral fran\u00e7ais, selon<span style=\"color: #0000ff;\"> <a style=\"color: #0000ff;\" href=\"https:\/\/www.insee.fr\/fr\/statistiques\/4317766\">l&rsquo;INSEE,<\/a><\/span> comptait 47,7 millions d&rsquo;\u00e9lecteurs en f\u00e9vrier 2020.<br \/>\n<\/span><\/p>\n<p><span style=\"color: #777777; font-family: Arial;\">Nous avons appris qu&rsquo;il y a eu une abstention aux \u00e9lections r\u00e9gionales de plus de 66 %, donc moins de 34% de votants.<\/span><span style=\"color: #777777; font-family: Arial;\">Or, 34% de 47,7 millions repr\u00e9sentent 16,2 millions d&rsquo;\u00e9lecteurs.<br \/>\n<\/span><\/p>\n<p><span style=\"color: #777777; font-family: Arial;\">Il existe donc en France plus de consommateurs pour acheter les produits qui sortent des entrep\u00f4ts Amazon que de citoyens qui pensent qu&rsquo;il y a une d\u00e9mocratie \u00e0 honorer et des droits politiques et sociaux \u00e0 pr\u00e9server.<br \/>\n<\/span><\/p>\n<p><span style=\"color: #800000;\">&lt;1581&gt;<\/span><\/p>\n","protected":false},"excerpt":{"rendered":"<p>\u00ab&nbsp;Notre d\u00e9pendance \u00e0 Amazon n&rsquo;est pas algorithmique, mais bien humaine&nbsp;\u00bb Aur\u00e9lie Jean Dans le mot du jour du 15 juin, j&rsquo;insistais sur l&rsquo;\u00e9norme pression que mettait Jeff Bezos sur ses collaborateurs proches : les informaticiens et logisticiens qui d\u00e9veloppent les<\/p>\n","protected":false},"author":1,"featured_media":0,"comment_status":"open","ping_status":"closed","sticky":false,"template":"","format":"standard","meta":{"footnotes":""},"categories":[1],"tags":[74,7,75],"class_list":["post-11570","post","type-post","status-publish","format-standard","hentry","category-motdujour","tag-consumerisme","tag-societe","tag-travail"],"_links":{"self":[{"href":"https:\/\/lemotdujour.fr\/index.php?rest_route=\/wp\/v2\/posts\/11570","targetHints":{"allow":["GET"]}}],"collection":[{"href":"https:\/\/lemotdujour.fr\/index.php?rest_route=\/wp\/v2\/posts"}],"about":[{"href":"https:\/\/lemotdujour.fr\/index.php?rest_route=\/wp\/v2\/types\/post"}],"author":[{"embeddable":true,"href":"https:\/\/lemotdujour.fr\/index.php?rest_route=\/wp\/v2\/users\/1"}],"replies":[{"embeddable":true,"href":"https:\/\/lemotdujour.fr\/index.php?rest_route=%2Fwp%2Fv2%2Fcomments&post=11570"}],"version-history":[{"count":4,"href":"https:\/\/lemotdujour.fr\/index.php?rest_route=\/wp\/v2\/posts\/11570\/revisions"}],"predecessor-version":[{"id":11601,"href":"https:\/\/lemotdujour.fr\/index.php?rest_route=\/wp\/v2\/posts\/11570\/revisions\/11601"}],"wp:attachment":[{"href":"https:\/\/lemotdujour.fr\/index.php?rest_route=%2Fwp%2Fv2%2Fmedia&parent=11570"}],"wp:term":[{"taxonomy":"category","embeddable":true,"href":"https:\/\/lemotdujour.fr\/index.php?rest_route=%2Fwp%2Fv2%2Fcategories&post=11570"},{"taxonomy":"post_tag","embeddable":true,"href":"https:\/\/lemotdujour.fr\/index.php?rest_route=%2Fwp%2Fv2%2Ftags&post=11570"}],"curies":[{"name":"wp","href":"https:\/\/api.w.org\/{rel}","templated":true}]}}