{"id":11556,"date":"2021-06-21T00:36:26","date_gmt":"2021-06-20T22:36:26","guid":{"rendered":"http:\/\/lemotdujour.fr\/?p=11556"},"modified":"2021-06-23T16:31:09","modified_gmt":"2021-06-23T14:31:09","slug":"lundi-21-juin-2017","status":"publish","type":"post","link":"https:\/\/lemotdujour.fr\/?p=11556","title":{"rendered":"Lundi 21 juin 2021"},"content":{"rendered":"<div class=\"mdjTexte\">\u00ab La vocation des hommes n&rsquo;est pas d&rsquo;occuper les emplois p\u00e9nibles, le monde serait meilleur, s&rsquo;il y avait plus de m\u00e9decins ou de profs \u2013 au moins un par enfant &#8211; r\u00e9mun\u00e9r\u00e9s gr\u00e2ce \u00e0 un revenu universel. \u00bb<\/div>\n<div class=\"mdjAuteur\">Jeff Bezos cit\u00e9 par Benoit Berthelot<\/div>\n<p><span style=\"color: #777777; font-family: Arial;\"><strong>Benoit Berthelot<\/strong> est un journaliste sp\u00e9cialiste des nouvelles technologies au magazine Capital. Il est l&rsquo;auteur de l&rsquo;enqu\u00eate&nbsp;:&nbsp;\u00ab&nbsp;<strong><span style=\"color: #0000ff;\"><a style=\"color: #0000ff;\" href=\"https:\/\/www.decitre.fr\/livres\/le-monde-selon-amazon-9782749161853.html?utm_source=google&amp;utm_medium=cpc&amp;utm_campaign=10435389052\">Le monde selon Amazon<\/a><\/span><\/strong>&nbsp;\u00bb.<br \/>\n<\/span><\/p>\n<p><span style=\"color: #777777; font-family: Arial;\"><img loading=\"lazy\" decoding=\"async\" class=\" wp-image-11561 alignleft\" src=\"https:\/\/lemotdujour.fr\/wp-content\/uploads\/2021\/06\/Le-monde-selon-Amazon.jpg\" alt=\"\" width=\"225\" height=\"354\" srcset=\"https:\/\/lemotdujour.fr\/wp-content\/uploads\/2021\/06\/Le-monde-selon-Amazon.jpg 318w, https:\/\/lemotdujour.fr\/wp-content\/uploads\/2021\/06\/Le-monde-selon-Amazon-191x300.jpg 191w\" sizes=\"auto, (max-width: 225px) 100vw, 225px\" \/>\u00ab&nbsp;<strong>Le Un<\/strong>&nbsp;\u00bb a publi\u00e9 un entretien avec lui, dont le titre est \u00ab&nbsp;<strong>L&rsquo;avenir selon Jeff Bezos<\/strong>&nbsp;\u00bb<br \/>\n<\/span><\/p>\n<p><span style=\"color: #777777; font-family: Arial;\">Benoit Berthelot explique d&rsquo;abord le c\u00f4t\u00e9 singulier d&rsquo;Amazon \u00e0 c\u00f4t\u00e9 des autres entreprises des Gafa&nbsp;: l&rsquo;utilisation massive de main d&rsquo;\u0153uvre.<br \/>\n<\/span><\/p>\n<p style=\"margin-left: 28pt;\"><span style=\"color: #c00000; font-family: Arial;\">\u00ab [Jeff Bezos] con\u00e7oit Amazon comme une entreprise proche des gens. Et de fait, Amazon allie les \u00e9l\u00e9ments actuels les plus high-tech \u2013 algorithmes, intelligence artificielle ou \u00e9lectronique \u2013 \u00e0 des \u00e9l\u00e9ments typiques de l&rsquo;usine traditionnelle. Si vous allez chez Google ou Facebook, vous trouverez quelques dizaines de milliers d&rsquo;ing\u00e9nieurs, Amazon de son c\u00f4t\u00e9 emploie plus d&rsquo;un million de cols-bleus. C&rsquo;est une entreprise monde qui marie aussi bien des \u00e9l\u00e9ments du XX\u00e8me et du XXI\u00e8me si\u00e8cle, le salariat de masse et les nouvelles technologies, le territoire et le cloud, les axes routiers et les autoroutes de l&rsquo;information \u00bb<br \/>\n<\/span><\/p>\n<p><span style=\"color: #777777; font-family: Arial;\">Et en effet, nous avons vu que dans les immenses entrep\u00f4ts, il y avait encore beaucoup d&rsquo;humains qui travaillaient \u00e0 c\u00f4t\u00e9 des robots.<br \/>\n<\/span><\/p>\n<p><span style=\"color: #777777; font-family: Arial;\">Le chef robotique d&rsquo;Amazon, Tye Brady avait m\u00eame une vision symphonique de ce travail commun.<br \/>\n<\/span><\/p>\n<p><span style=\"color: #777777; font-family: Arial;\">Mais dans l&rsquo;esprit de Jeff Bezos, la symphonie de ses entrep\u00f4ts a vocation dans l&rsquo;avenir \u00e0 faire de moins en moins appel aux humains,<br \/>\n<\/span><\/p>\n<p style=\"margin-left: 28pt;\"><span style=\"color: #c00000; font-family: Arial;\">\u00ab&nbsp;Amazon investit massivement en vue d&rsquo;avoir les entrep\u00f4ts les plus connect\u00e9s possibles&nbsp;: en quelques ann\u00e9es, Amazon est pass\u00e9 de 7 \u00e0 5 employ\u00e9s pour un robot&nbsp;, et ce ratio va continuer \u00e0 se resserrer, pour que la pr\u00e9sence humaine soit de moins en n\u00e9cessaire dans ses entrep\u00f4ts&nbsp;\u00bb<br \/>\n<\/span><\/p>\n<p><span style=\"color: #777777; font-family: Arial;\">M\u00eame les livraisons, dans sa vision d&rsquo;avenir, devront \u00e9conomiser la ressource humaine&nbsp;:<br \/>\n<\/span><\/p>\n<p style=\"margin-left: 28pt;\"><span style=\"color: #c00000; font-family: Arial;\"><img loading=\"lazy\" decoding=\"async\" class=\"wp-image-11560 alignleft\" src=\"https:\/\/lemotdujour.fr\/wp-content\/uploads\/2021\/06\/amazon-robot-scout.jpg\" alt=\"\" width=\"421\" height=\"212\" srcset=\"https:\/\/lemotdujour.fr\/wp-content\/uploads\/2021\/06\/amazon-robot-scout.jpg 558w, https:\/\/lemotdujour.fr\/wp-content\/uploads\/2021\/06\/amazon-robot-scout-300x151.jpg 300w\" sizes=\"auto, (max-width: 421px) 100vw, 421px\" \/>\u00ab&nbsp;Jeff Bezos a pari\u00e9 tr\u00e8s t\u00f4t sur les livraisons par drone, mais celles-ci paraissent difficiles \u00e0 mettre en \u0153uvre. En revanche, on peut penser que les v\u00e9hicules autonomes pourront \u00eatre utilis\u00e9s pour livrer des colis \u00e0 moindre co\u00fbt. Amazon emploie d\u00e9j\u00e0 un robot \u00e0 six roues, <span style=\"color: #0000ff;\"><a style=\"color: #0000ff;\" href=\"https:\/\/www.usine-digitale.fr\/article\/scout-le-robot-de-livraison-autonome-d-amazon-debarque-en-californie.N873545\">Scout,<\/a><\/span> dans quelques villes test pour effectuer des livraisons&nbsp;\u00bb<br \/>\n<\/span><\/p>\n<p><span style=\"color: #777777; font-family: Arial;\">Bien s\u00fbr cela aura pour cons\u00e9quence des licenciements de masse.&nbsp;:<br \/>\n<\/span><\/p>\n<p style=\"margin-left: 28pt;\"><span style=\"color: #c00000; font-family: Arial;\">\u00ab&nbsp;Amazon a d\u00e9j\u00e0 lanc\u00e9 un programme de reconversion de ses salari\u00e9s vers des m\u00e9tiers de la sant\u00e9 ou de l&rsquo;\u00e9ducation. Jeff Bezos a affirm\u00e9 que la vocation des hommes n&rsquo;\u00e9tait pas d&rsquo;occuper les emplois p\u00e9nibles, mais que le monde serait meilleur, s&rsquo;il y avait plus de m\u00e9decins ou de profs \u2013 au moins un par enfant -r\u00e9mun\u00e9r\u00e9s gr\u00e2ce \u00e0 un revenu universel. \u00bb<br \/>\n<\/span><\/p>\n<p><span style=\"color: #777777; font-family: Arial;\">C&rsquo;est une vision r\u00e9solument progressiste&nbsp;!<br \/>\n<\/span><\/p>\n<p><span style=\"color: #777777; font-family: Arial;\">Il faut constater cependant que pour l&rsquo;instant, Amazon implante des entrep\u00f4ts dans des territoires en pr\u00e9sentant deux arguments : le premier est qu&rsquo;il pourra ainsi mieux livrer ses clients, le second pr\u00e9tend qu&rsquo;il cr\u00e9e ainsi de nombreux emplois.<br \/>\n<\/span><\/p>\n<p><span style=\"color: #777777; font-family: Arial;\">Le premier peut s&rsquo;entendre.<br \/>\n<\/span><\/p>\n<p><span style=\"color: #777777; font-family: Arial;\">Le second est plus probl\u00e9matique. Nonobstant que la cr\u00e9ation d&#8217;emploi d&rsquo;Amazon n&rsquo;est pas nette car la cons\u00e9quence de son d\u00e9veloppement conduit \u00e0 des suppressions d&#8217;emplois dans d&rsquo;autres commerces. Il y a des discussions sur le fait de savoir si le solde est positif ou n\u00e9gatif. Mais le plus probl\u00e9matique est que ces emplois sont destin\u00e9s \u00e0 dispara\u00eetre.<br \/>\n<\/span><\/p>\n<p><span style=\"color: #777777; font-family: Arial;\">Je m&rsquo;interroge sur la multiplication d&#8217;emplois de professeurs et de m\u00e9decin pay\u00e9s gr\u00e2ce \u00e0 un revenu universel, c&rsquo;est-\u00e0-dire, probablement, tr\u00e8s modestement. Il va de soi que la r\u00e9mun\u00e9ration de Jeff Bezos, quant \u00e0 elle, n&rsquo;a que vocation \u00e0 croitre.<br \/>\n<\/span><\/p>\n<p><span style=\"color: #777777; font-family: Arial;\">En dehors de ce sujet de la r\u00e9mun\u00e9ration, est-il envisageable, m\u00eame avec une formation solide et performante, de pouvoir faire \u00e9voluer les femmes et hommes qui travaillent dans ces entrep\u00f4ts vers des m\u00e9tiers de professeurs, de m\u00e9decins ou d&rsquo;infirmiers ?<br \/>\n<\/span><\/p>\n<p><span style=\"color: #777777; font-family: Arial;\">Je ne voudrais pas appara\u00eetre comme le d\u00e9fenseur des m\u00e9tiers p\u00e9nibles, mais je m&rsquo;interroge&nbsp;: tout cela est-il bien r\u00e9aliste&nbsp;?<br \/>\n<\/span><\/p>\n<p><span style=\"color: #777777; font-family: Arial;\">Il y encore un peu de temps&nbsp;: \u00ab&nbsp;<a href=\"https:\/\/archzine.fr\/technews-and-gadgets\/amazon-estime-que-le-remplacement-de-ses-employes-par-des-robots-prendra-au-moins-dix-ans\/\"><span style=\"color: #0000ff;\">Amazon estime que le remplacement de ses employ\u00e9s par des robots prendra au moins dix ans<\/span><\/a>&nbsp;\u00bb<br \/>\n<\/span><\/p>\n<p style=\"margin-left: 28pt;\"><span style=\"color: #c00000; font-family: Arial;\">\u00ab&nbsp;Si l&rsquo;utilisation future de l&rsquo;intelligence artificielle et de la robotique au sein du r\u00e9seau logistique d&rsquo;Amazon ne fait aucun doute, reste \u00e0 savoir quand ces machines prendront en charge la totalit\u00e9 du travail sur les plateformes de la soci\u00e9t\u00e9 am\u00e9ricaine. La r\u00e9ponse semble toutefois act\u00e9e, \u00e0 en croire le Monsieur robots d&rsquo;Amazon, <strong>Scott Anderson<\/strong>. Selon lui, <strong>l&rsquo;automatisation totale des chaines de pr\u00e9paration de commandes au sein des entrep\u00f4ts de la soci\u00e9t\u00e9 ne sera pas effective avant un d\u00e9lai d&rsquo;au moins dix ans.<br \/>\n<\/strong><\/span><\/p>\n<p style=\"margin-left: 28pt;\"><span style=\"color: #c00000; font-family: Arial;\">Malgr\u00e9 la place avanc\u00e9e prise par les robots et l&rsquo;automatisation dans des entreprises comme Amazon, il semblerait que le d\u00e9veloppement de robots capables de g\u00e9rer correctement et sans encombre une commande de A \u00e0 Z soit jusqu&rsquo;ici compliqu\u00e9. Leurs actions sont pour le moment limit\u00e9es aux t\u00e2ches r\u00e9p\u00e9titives ou au traitement de certaines marchandises. L&rsquo;intervention humaine semble quant \u00e0 elle encore indispensable \u00e0 la r\u00e9alisation de travaux sp\u00e9cifiques de reconnaissance et de manipulation, notamment dans la gestion de produits frais.&nbsp;\u00bb<br \/>\n<\/span><\/p>\n<p><span style=\"color: #c00000; font-family: Arial;\">&lt;1580&gt;<\/span><\/p>\n","protected":false},"excerpt":{"rendered":"<p>\u00ab La vocation des hommes n&rsquo;est pas d&rsquo;occuper les emplois p\u00e9nibles, le monde serait meilleur, s&rsquo;il y avait plus de m\u00e9decins ou de profs \u2013 au moins un par enfant &#8211; r\u00e9mun\u00e9r\u00e9s gr\u00e2ce \u00e0 un revenu universel. \u00bb Jeff Bezos<\/p>\n","protected":false},"author":1,"featured_media":0,"comment_status":"open","ping_status":"closed","sticky":false,"template":"","format":"standard","meta":{"footnotes":""},"categories":[1],"tags":[74,7,75],"class_list":["post-11556","post","type-post","status-publish","format-standard","hentry","category-motdujour","tag-consumerisme","tag-societe","tag-travail"],"_links":{"self":[{"href":"https:\/\/lemotdujour.fr\/index.php?rest_route=\/wp\/v2\/posts\/11556","targetHints":{"allow":["GET"]}}],"collection":[{"href":"https:\/\/lemotdujour.fr\/index.php?rest_route=\/wp\/v2\/posts"}],"about":[{"href":"https:\/\/lemotdujour.fr\/index.php?rest_route=\/wp\/v2\/types\/post"}],"author":[{"embeddable":true,"href":"https:\/\/lemotdujour.fr\/index.php?rest_route=\/wp\/v2\/users\/1"}],"replies":[{"embeddable":true,"href":"https:\/\/lemotdujour.fr\/index.php?rest_route=%2Fwp%2Fv2%2Fcomments&post=11556"}],"version-history":[{"count":6,"href":"https:\/\/lemotdujour.fr\/index.php?rest_route=\/wp\/v2\/posts\/11556\/revisions"}],"predecessor-version":[{"id":11602,"href":"https:\/\/lemotdujour.fr\/index.php?rest_route=\/wp\/v2\/posts\/11556\/revisions\/11602"}],"wp:attachment":[{"href":"https:\/\/lemotdujour.fr\/index.php?rest_route=%2Fwp%2Fv2%2Fmedia&parent=11556"}],"wp:term":[{"taxonomy":"category","embeddable":true,"href":"https:\/\/lemotdujour.fr\/index.php?rest_route=%2Fwp%2Fv2%2Fcategories&post=11556"},{"taxonomy":"post_tag","embeddable":true,"href":"https:\/\/lemotdujour.fr\/index.php?rest_route=%2Fwp%2Fv2%2Ftags&post=11556"}],"curies":[{"name":"wp","href":"https:\/\/api.w.org\/{rel}","templated":true}]}}