{"id":11541,"date":"2021-06-17T00:02:00","date_gmt":"2021-06-16T22:02:00","guid":{"rendered":"http:\/\/lemotdujour.fr\/?p=11541"},"modified":"2021-06-23T16:31:26","modified_gmt":"2021-06-23T14:31:26","slug":"jeudi-17-juin-2017","status":"publish","type":"post","link":"https:\/\/lemotdujour.fr\/?p=11541","title":{"rendered":"Jeudi 17 juin 2021"},"content":{"rendered":"<div class=\"mdjTexte\">\u00ab&nbsp;Amazon, c&rsquo;est bizarre \u00e0 dire, est d\u00e9sormais oblig\u00e9 de faire des b\u00e9n\u00e9fices.&nbsp;\u00bb<\/div>\n<div class=\"mdjAuteur\">Mounar Mahjoubi, ancien secr\u00e9taire d&rsquo;\u00c9tat charg\u00e9 du Num\u00e9rique de 2017 \u00e0 2019<\/div>\n<p><span style=\"color: #777777; font-family: Arial;\">Mounir Mahjoubi s&rsquo;exprime ainsi dans \u00ab&nbsp;<strong>Le UN<\/strong> \u00bb d\u00e9j\u00e0 \u00e9voqu\u00e9, lors d&rsquo;un entretien essentiellement consacr\u00e9 \u00e0 l&rsquo;optimisation fiscale que pratique la firme de Seattle. Il insiste sur le fait que c&rsquo;est par volont\u00e9 d&rsquo;\u00e9viter l&rsquo;imp\u00f4t qu&rsquo;Amazon a cherch\u00e9 \u00e0 minimiser voire effacer les b\u00e9n\u00e9fices&nbsp;:<br \/>\n<\/span><\/p>\n<p style=\"margin-left: 28pt;\"><span style=\"color: #c00000; font-family: Arial;\">\u00ab&nbsp;Amazon, c&rsquo;est bizarre \u00e0 dire, est d\u00e9sormais oblig\u00e9 de faire des b\u00e9n\u00e9fices.&nbsp;Pendant vingt ans, l&rsquo;entreprise a r\u00e9investi ses revenus de mani\u00e8re \u00e0 pr\u00e9senter en permanence une situation de d\u00e9ficit, mais ceux-ci sont aujourd&rsquo;hui tellement importants que c&rsquo;est devenu impossible&nbsp;\u00bb<br \/>\n<\/span><\/p>\n<p><span style=\"color: #777777; font-family: Arial;\">Mais au-del\u00e0 de la vision fiscale, Amazon n&rsquo;a pas cherch\u00e9 \u00e0 faire des b\u00e9n\u00e9ficies \u00e0 court terme. <\/span><span style=\"color: #777777; font-family: Arial;\">Amazon a commenc\u00e9 son activit\u00e9 en 1995 et a attendu presque 10 ans pour avoir ses premiers b\u00e9n\u00e9fices.<br \/>\n<\/span><\/p>\n<p><span style=\"color: #777777; font-family: Arial;\">Nous lisons dans article de 2004 de \u00ab&nbsp;L&rsquo;EXPRESS&nbsp;\u00bb&nbsp;: &lt;<span style=\"color: #0000ff;\"><a style=\"color: #0000ff;\" href=\"https:\/\/lexpansion.lexpress.fr\/high-tech\/amazon-enfin-rentable_1410442.html\">Amazon enfin rentable<\/a><\/span>&gt;&nbsp;:<br \/>\n<\/span><\/p>\n<p style=\"margin-left: 28pt;\"><span style=\"color: #c00000; font-family: Arial;\">\u00ab&nbsp;C&rsquo;est un \u00e9v\u00e8nement pour le groupe. Pour la premi\u00e8re fois depuis sa cr\u00e9ation en 1995, Amazon.com affiche un b\u00e9n\u00e9fice net sur l&rsquo;ann\u00e9e enti\u00e8re. Le leader mondial du commerce \u00e9lectronique a r\u00e9alis\u00e9 un b\u00e9n\u00e9fice net &nbsp;\u00bb<br \/>\n<\/span><\/p>\n<p><span style=\"color: #777777; font-family: Arial;\">Jeff Bezos a cr\u00e9\u00e9 une entreprise qui a fait des pertes pendant 10 ans, sans perdre la confiance de ses actionnaires.<br \/>\n<\/span><\/p>\n<p><span style=\"color: #777777; font-family: Arial;\">Il est m\u00eame aller plus loin&nbsp;: il n&rsquo;a jamais pay\u00e9 de dividendes \u00e0 ses actionnaires.<br \/>\n<\/span><\/p>\n<p><span style=\"color: #777777; font-family: Arial;\">&lt;<a href=\"https:\/\/news.chastin.com\/quand-amazon-amzn-paiera-t-il-des-dividendes-et-recompensera-t-il-ses-actionnaires\/\"><span style=\"color: #0000ff;\">Pourquoi Amazon ne paie pas de dividendes&nbsp;?<\/span><\/a>&gt;&nbsp;:<br \/>\n<\/span><\/p>\n<p style=\"margin-left: 28pt;\"><span style=\"color: #c00000; font-family: Arial;\">\u00ab&nbsp;Les march\u00e9s ont des attentes diff\u00e9rentes des diff\u00e9rentes entreprises. Les investisseurs dans les industries matures, les banques et les entreprises de services publics s&rsquo;attendent \u00e0 ce qu&rsquo;ils partagent la plupart de leurs b\u00e9n\u00e9fices sous forme de paiements aux actionnaires \u2013 sous forme de dividendes ou de rachats.<br \/>\n<\/span><\/p>\n<p style=\"margin-left: 28pt;\"><span style=\"color: #c00000; font-family: Arial;\">Cependant, les investisseurs ont des attentes diff\u00e9rentes des entreprises \u00e0 forte croissance, en particulier dans le secteur de la technologie. [\u2026] Jeff Bezos n&rsquo;a pas \u00e9t\u00e9 un fan des dividendes et des rachats d&rsquo;actions. Bien qu&rsquo;Amazon ait proc\u00e9d\u00e9 \u00e0 des rachats d&rsquo;actions dans le pass\u00e9, ils sont assez faibles compte tenu de la taille de l&rsquo;entreprise. Au lieu de cela, Bezos s&rsquo;est pench\u00e9 sur les acquisitions et la croissance. Amazon d\u00e9pense \u00e9norm\u00e9ment en croissance sur certains march\u00e9s internationaux comme l&rsquo;Inde.&nbsp;\u00bb<br \/>\n<\/span><\/p>\n<p><span style=\"color: #777777; font-family: Arial;\">Jeff Bezos est indiscutablement un g\u00e9nie et Amazon est une entreprise qui a emmen\u00e9 la perfection logistique \u00e0 un niveau in\u00e9gal\u00e9.<br \/>\n<\/span><\/p>\n<p><span style=\"color: #777777; font-family: Arial;\">C&rsquo;est le contraire d&rsquo;un homme d&rsquo;affaire qui a une vision \u00e0 court terme. Pour lui, c&rsquo;est le long terme qui est essentiel. Il construit ainsi, ann\u00e9e apr\u00e8s ann\u00e9e, la croissance de son entreprise par des investissements gigantesques.<\/span><\/p>\n<p><img decoding=\"async\" class=\"alignleft\" src=\"https:\/\/lemotdujour.fr\/wp-content\/uploads\/2021\/06\/061621_2158_Jeudi17juin1.jpg\" alt=\"\" align=\"left\"><span style=\"color: #777777; font-family: Arial;\">Les actionnaires et les march\u00e9s ont continu\u00e9 \u00e0 lui faire une totale confiance. Ainsi les actionnaires ont pu b\u00e9n\u00e9ficier de l&rsquo;augmentation du cours de l&rsquo;action.<br \/>\n<\/span><\/p>\n<p style=\"margin-left: 28pt;\"><span style=\"color: #c00000; font-family: Arial;\">\u00ab&nbsp;Bien qu&rsquo;Amazon ne verse actuellement pas de dividende, l&rsquo;appr\u00e9ciation du cours de son action a plus que compens\u00e9 l&rsquo;absence de dividende.&nbsp;\u00bb<br \/>\n<\/span><\/p>\n<p><span style=\"color: #777777; font-family: Arial;\">Il a pendant longtemps eu un autre probl\u00e8me de rentabilit\u00e9 : Cela coute cher de livrer chaque client, o\u00f9 qu&rsquo;il soit dans un d\u00e9lai record et avec un cout concurrentiel. Au d\u00e9marrage les pertes li\u00e9es \u00e0 l&rsquo;activit\u00e9 de livraison d&rsquo;Amazon \u00e9taient tr\u00e8s importantes. C&rsquo;est alors qu&rsquo;\u00ab&nbsp;<strong>Andrew Jassy<\/strong>&nbsp;\u00bb qui venaient d&rsquo;entrer \u00e0 Amazon a eu une id\u00e9e remarquable. Pour organiser les commandes, les livraisons et aussi la logistique des entrep\u00f4t, Amazon avait besoin de serveurs num\u00e9riques consid\u00e9rables. Il fallait donc les acqu\u00e9rir et les installer dans des fermes \u00e0 serveurs. Alors \u00e0 moins de frais on pouvait augmenter la taille de ses serveurs.<br \/>\n<\/span><\/p>\n<p><span style=\"color: #777777; font-family: Arial;\">&lt;<a href=\"https:\/\/www.challenges.fr\/high-tech\/un-veteran-d-amazon-pour-succeder-a-jeff-bezos_750611\"><span style=\"color: #0000ff;\">Challenge<\/span><\/a>&gt; explique&nbsp;:<br \/>\n<\/span><\/p>\n<p style=\"margin-left: 28pt;\"><span style=\"color: #c00000; font-family: Arial;\">\u00ab&nbsp;N\u00e9 en 1968 dans une famille ais\u00e9e de New York, Andrew Jassy fait ses \u00e9tudes \u00e0 Harvard avant de rejoindre Amazon en 1997, trois ans apr\u00e8s sa cr\u00e9ation. C&rsquo;est alors une simple librairie en ligne qui perd de l&rsquo;argent. Qu&rsquo;importe, il rejoint l&rsquo;\u00e9quipe et comprend vite que la cl\u00e9 de la r\u00e9ussite passe par la technologie.<br \/>\n<\/span><\/p>\n<p style=\"margin-left: 28pt;\"><span style=\"color: #c00000; font-family: Arial;\">Les serveurs qu&rsquo;Amazon installe un peu partout pour g\u00e9rer les commandes en ligne co\u00fbtent un argent fou. Comment r\u00e9duire les co\u00fbts ?<br \/>\n<\/span><\/p>\n<p style=\"margin-left: 28pt;\"><span style=\"color: #c00000; font-family: Arial;\">Andrew Jassy propose de les rentabiliser en les louant et en vendant des services en ligne aux entreprises. C&rsquo;est ainsi que na\u00eet en 2003 Amazon Web Services (AWS), dont Andrew Jassy devient directeur g\u00e9n\u00e9ral en 2016. L&rsquo;activit\u00e9 cloud est la plus rentable du groupe, pesant pr\u00e8s des deux tiers du r\u00e9sultat net pour 20 % du chiffre d&rsquo;affaires.&nbsp;\u00bb<br \/>\n<\/span><\/p>\n<p><span style=\"color: #777777; font-family: Arial;\">&lt;<a href=\"https:\/\/investir.lesechos.fr\/dossiers\/les-gerants-du-net-sont-ils-trop-chers\/amazon-services-et-cloud-cles-du-succes-1919177.php\"><span style=\"color: #0000ff;\">Les Echos<\/span><\/a>&gt; dans un article de 2020 le confirme&nbsp;:<br \/>\n<\/span><\/p>\n<p style=\"margin-left: 28pt;\"><span style=\"color: #c00000; font-family: Arial;\">\u00ab&nbsp;A ce propos, c&rsquo;est sur AWS, la filiale \u00ab dans les nuages \u00bb, que repose la rentabilit\u00e9 du groupe. Au d\u00e9but des ann\u00e9es 2000, Jeff Bezos, le PDG, a compris que les entreprises voudraient d\u00e9l\u00e9guer le stockage de leurs donn\u00e9es au lieu d&rsquo;avoir leurs serveurs dans leurs locaux. C&rsquo;\u00e9tait trop cher, trop peu efficace et pas assez flexible. En d\u00e9veloppant sa propre technologie, Amazon a pu proposer ce type de services. Il est ainsi devenu l&rsquo;un des leaders mondiaux du cloud. Cette activit\u00e9 prosp\u00e8re aide \u00e0 financer le d\u00e9veloppement de l&rsquo;e-commerce, une activit\u00e9 \u00e0 faible marge et qui perd de l&rsquo;argent \u00e0 l&rsquo;international.&nbsp;\u00bb<br \/>\n<\/span><\/p>\n<p><span style=\"color: #777777; font-family: Arial;\">Et quand Jeff Bezos d\u00e9cide de prendre du recul, c&rsquo;est Andy Jassy qu&rsquo;il choisit comme rempla\u00e7ant.<br \/>\n<\/span><\/p>\n<p><span style=\"color: #777777; font-family: Arial;\">&lt;<span style=\"color: #0000ff;\"><a style=\"color: #0000ff;\" href=\"https:\/\/www.nextinpact.com\/article\/45877\/jeff-bezos-va-quitter-son-poste-ceo-damazon-et-passera-flambeau-a-andy-jassy-aws\">Jeff Bezos passera le flambeau \u00e0 Andy Jassy (AWS)<\/a><\/span>&gt;&nbsp;:<br \/>\n<\/span><\/p>\n<p style=\"margin-left: 28pt;\"><span style=\"color: #c00000; font-family: Arial;\">\u00ab&nbsp;Or l&rsquo;homme d&rsquo;affaires a bien d&rsquo;autres projets en cours. C&rsquo;est d&rsquo;ailleurs la raison invoqu\u00e9e pour expliquer qu&rsquo;il va quitter son poste de CEO d&rsquo;Amazon. La transition aura lieu au cours du troisi\u00e8me trimestre de l&rsquo;ann\u00e9e, apr\u00e8s quoi il restera toujours pr\u00e9sent comme pr\u00e9sident ex\u00e9cutif du conseil d&rsquo;administration.<br \/>\n<\/span><\/p>\n<p style=\"margin-left: 28pt;\"><span style=\"color: #c00000; font-family: Arial;\">\u00ab Je disposerai du temps et de l&rsquo;\u00e9nergie dont j&rsquo;ai besoin pour me concentrer sur Day One Fund, le Bezos Earth Fund, Blue Origin, Washington Post et mes autres passions \u00bb. \u00ab Je n&rsquo;ai jamais eu autant d&rsquo;\u00e9nergie et il ne s&rsquo;agit pas de prendre ma retraite \u00bb, pr\u00e9vient Jeff Bezos (57 ans) dans sa lettre.&nbsp;\u00bb<br \/>\n<\/span><\/p>\n<p><span style=\"color: #777777; font-family: Arial;\">Jeff Bezos a donc d&rsquo;autres projets que travailler uniquement \u00e0 la croissance d&rsquo;Amazon. Mais il faut reconna\u00eetre ses talents de visionnaire et aussi ses capacit\u00e9s d&rsquo;entrainement pour croire en une entreprise qui ne faisait pas de b\u00e9n\u00e9fices pendant 10 ans puis en a r\u00e9alis\u00e9 gr\u00e2ce \u00e0 une activit\u00e9 annexe.<br \/>\n<\/span><\/p>\n<p><span style=\"color: #777777; font-family: Arial;\">Mais maintenant il faut qu&rsquo;Amazon apprenne \u00e0 g\u00e9rer ses b\u00e9n\u00e9ficies et peut \u00eatre \u00e0 payer des imp\u00f4ts dans les \u00c9tats dans lesquels il r\u00e9alise ses chiffres d&rsquo;affaires.<br \/>\n<\/span><\/p>\n<p><span style=\"color: maroon; font-family: Arial;\">&lt;1579&gt;<\/span><\/p>\n","protected":false},"excerpt":{"rendered":"<p>\u00ab&nbsp;Amazon, c&rsquo;est bizarre \u00e0 dire, est d\u00e9sormais oblig\u00e9 de faire des b\u00e9n\u00e9fices.&nbsp;\u00bb Mounar Mahjoubi, ancien secr\u00e9taire d&rsquo;\u00c9tat charg\u00e9 du Num\u00e9rique de 2017 \u00e0 2019 Mounir Mahjoubi s&rsquo;exprime ainsi dans \u00ab&nbsp;Le UN \u00bb d\u00e9j\u00e0 \u00e9voqu\u00e9, lors d&rsquo;un entretien essentiellement consacr\u00e9 \u00e0<\/p>\n","protected":false},"author":1,"featured_media":0,"comment_status":"open","ping_status":"closed","sticky":false,"template":"","format":"standard","meta":{"footnotes":""},"categories":[1],"tags":[10,65],"class_list":["post-11541","post","type-post","status-publish","format-standard","hentry","category-motdujour","tag-economie","tag-etats-unis"],"_links":{"self":[{"href":"https:\/\/lemotdujour.fr\/index.php?rest_route=\/wp\/v2\/posts\/11541","targetHints":{"allow":["GET"]}}],"collection":[{"href":"https:\/\/lemotdujour.fr\/index.php?rest_route=\/wp\/v2\/posts"}],"about":[{"href":"https:\/\/lemotdujour.fr\/index.php?rest_route=\/wp\/v2\/types\/post"}],"author":[{"embeddable":true,"href":"https:\/\/lemotdujour.fr\/index.php?rest_route=\/wp\/v2\/users\/1"}],"replies":[{"embeddable":true,"href":"https:\/\/lemotdujour.fr\/index.php?rest_route=%2Fwp%2Fv2%2Fcomments&post=11541"}],"version-history":[{"count":4,"href":"https:\/\/lemotdujour.fr\/index.php?rest_route=\/wp\/v2\/posts\/11541\/revisions"}],"predecessor-version":[{"id":11603,"href":"https:\/\/lemotdujour.fr\/index.php?rest_route=\/wp\/v2\/posts\/11541\/revisions\/11603"}],"wp:attachment":[{"href":"https:\/\/lemotdujour.fr\/index.php?rest_route=%2Fwp%2Fv2%2Fmedia&parent=11541"}],"wp:term":[{"taxonomy":"category","embeddable":true,"href":"https:\/\/lemotdujour.fr\/index.php?rest_route=%2Fwp%2Fv2%2Fcategories&post=11541"},{"taxonomy":"post_tag","embeddable":true,"href":"https:\/\/lemotdujour.fr\/index.php?rest_route=%2Fwp%2Fv2%2Ftags&post=11541"}],"curies":[{"name":"wp","href":"https:\/\/api.w.org\/{rel}","templated":true}]}}