{"id":11503,"date":"2021-06-14T02:49:00","date_gmt":"2021-06-14T00:49:00","guid":{"rendered":"http:\/\/lemotdujour.fr\/?p=11503"},"modified":"2021-06-13T23:08:06","modified_gmt":"2021-06-13T21:08:06","slug":"lundi-13-juin-2021","status":"publish","type":"post","link":"https:\/\/lemotdujour.fr\/?p=11503","title":{"rendered":"Lundi 14 juin 2021"},"content":{"rendered":"<div class=\"mdjTexte\">\u00ab Amazon nous veut-il du bien ? \u00bb<\/div>\n<div class=\"mdjAuteur\">Question pos\u00e9e par LE UN<\/div>\n<p><span style=\"color: #777777; font-family: Arial;\">Depuis longtemps, j&rsquo;avais l&rsquo;envie de faire une s\u00e9rie de mots du jour sur Amazon, cette entreprise qui a pour ambition de tout vendre \u00e0 tout le monde et son patron <strong>Jeff Bezos<\/strong> que le magazine Forbes classe premi\u00e8re fortune mondiale en 2020.<br \/>\n<\/span><\/p>\n<p><span style=\"color: #777777; font-family: Arial;\">L&rsquo;actualit\u00e9 me donne des \u00e9l\u00e9ments pour aborder ce sujet.<br \/>\n<\/span><\/p>\n<p><span style=\"color: #777777; font-family: Arial;\"><strong>1\u00b0<\/strong> La pand\u00e9mie a donn\u00e9 une importance consid\u00e9rable aux achats en ligne et \u00e9videmment Amazon a d\u00fb en profiter largement.<br \/>\n<\/span><\/p>\n<p><span style=\"color: #777777; font-family: Arial;\"><strong>2\u00b0<\/strong> Pour la premi\u00e8re fois, une partie des matchs de <strong>Roland-Garros<\/strong> n&rsquo;a pas pu \u00eatre regard\u00e9e gratuitement \u00e0 la t\u00e9l\u00e9vision. Les matchs en session de nuit, \u00e9tait accessible uniquement en ligne, sur <strong>Amazon Prime Video.<\/strong> A priori, il semble que cette \u00e9volution ait \u00e9t\u00e9 couronn\u00e9e de succ\u00e8s : <span style=\"color: #0000ff;\">&lt;<a style=\"color: #0000ff;\" href=\"https:\/\/rmcsport.bfmtv.com\/tennis\/roland-garros-un-million-de-visiteurs-uniques-pour-amazon_AV-202106130126.html\">Les indications montrent qu&rsquo;on a eu un tr\u00e8s beau d\u00e9marrage<\/a>&gt;<\/span><br \/>\n<\/span><\/p>\n<p><span style=\"color: #777777; font-family: Arial;\"><strong>3\u00b0<\/strong> Ne s&rsquo;arr\u00eatant pas en si bon chemin, Amazon Prime Video a aussi mis la main <strong>sur 80% de la Ligue 1 et la Ligue 2 de football fran\u00e7ais <\/strong>provoquant &lt;<a href=\"https:\/\/www.lemonde.fr\/sport\/article\/2021\/06\/12\/le-foot-francais-choisit-amazon-canal-claque-la-porte_6083838_3242.html\"><span style=\"color: #0000ff;\">l&rsquo;ire de Canal +<\/span>&gt;.<\/a> Je peux r\u00e9sumer cette histoire simplement : profitant de sa force capitalistique mondiale, Amazon peut payer plus cher pour un service qu&rsquo;il vendra moins cher que des diffuseurs locaux. Il faut comprendre que l&rsquo;abonnement Amazon Prime vid\u00e9o est inclus dans l&rsquo;abonnement Amazon Prime que tout bon client d&rsquo;Amazon a souscrit puisqu&rsquo;il lui assure une meilleure et plus rapide livraison des colis qu&rsquo;il attend avec impatience.<br \/>\n<\/span><\/p>\n<p><span style=\"color: #777777; font-family: Arial;\"><strong>4\u00b0<\/strong> Nous venons d&rsquo;apprendre que samedi 12 juin, un riche et heureux gagnant a pay\u00e9, <strong>28 millions de dollars aux ench\u00e8res pour accompagner le fondateur d&rsquo;Amazon dans le premier vol de tourisme spatial de la soci\u00e9t\u00e9 Blue Origin.<\/strong> Outre le prix de cette place, le vainqueur devra verser 6% de commission \u00e0 la maison d&rsquo;ench\u00e8res RR Auction.\u00a0 Jeff Bezos avait annonc\u00e9 d\u00e9but juin qu&rsquo;il ferait partie du premier vol habit\u00e9 dans la fus\u00e9e New Shepard avec son fr\u00e8re et le gagnant d&rsquo;une ench\u00e8re pour un troisi\u00e8me si\u00e8ge. Il y aura m\u00eame un quatri\u00e8me passager comme l&rsquo;annonce cet <span style=\"color: #0000ff;\">&lt;<a style=\"color: #0000ff;\" href=\"https:\/\/www.lemonde.fr\/sciences\/article\/2021\/06\/13\/un-vol-dans-l-espace-avec-jeff-bezos-pour-28-millions-de-dollars_6083936_1650684.html\">article du monde<\/a>&gt;<\/span> de ce dimanche<br \/>\n<\/span><\/p>\n<p><span style=\"color: #777777; font-family: Arial;\"><strong>5\u00b0<\/strong> Jeff Bezos, va quitter son poste de patron d&rsquo;Amazon en juillet, pour s&rsquo;occuper de ces voyages spatiaux et d&rsquo;autres \u0153uvres. Il gardera ses actions et un \u0153il attentif sur son \u0153uvre.<br \/>\n<\/span><\/p>\n<p><img decoding=\"async\" class=\"alignleft\" src=\"https:\/\/lemotdujour.fr\/wp-content\/uploads\/2021\/06\/061321_2049_Lundi13juin1.png\" alt=\"\" align=\"left\" \/><span style=\"color: #777777; font-family: Arial;\">Et puis \u00ab\u00a0<strong>LE UN<\/strong>\u00a0\u00bb a publi\u00e9 un num\u00e9ro consacr\u00e9 \u00e0 cette entreprise avec pour titre\u00a0: \u00ab\u00a0<span style=\"color: #0000ff;\"><a style=\"color: #0000ff;\" href=\"https:\/\/le1hebdo.fr\/journal\/numeros\/349\/amazon-nous-veut-il-du-bien.html\"><strong>Amazon nous veut-il du bien\u00a0?<\/strong><\/a>\u00a0<\/span>\u00bb<br \/>\n<\/span><\/p>\n<p><span style=\"color: #777777; font-family: Arial;\">Titre inspirant et aussi quelques articles qui permettent de se poser des questions. <\/span><span style=\"color: #777777; font-family: Arial;\">Car il est important de se poser des questions.<br \/>\n<\/span><\/p>\n<p><span style=\"color: #777777; font-family: Arial;\">Pour ce premier article de la s\u00e9rie, je voudrais simplement rappeler ou apprendre \u00e0 celles et ceux qui ne le savent pas, l&rsquo;origine et le d\u00e9veloppement de cette machine commerciale et surtout logistique.<br \/>\n<\/span><\/p>\n<p><span style=\"color: #777777; font-family: Arial;\">Jeff Bezos est n\u00e9 le 12 janvier 1964 dans le Nouveau Mexique aux Etats-Unis. <\/span><span style=\"color: #777777; font-family: Arial;\">&lt;<a href=\"https:\/\/fr.wikipedia.org\/wiki\/Jeff_Bezos\"><span style=\"color: #0000ff;\">Wikipedia<\/span><\/a>&gt; nous raconte son histoire<br \/>\n<\/span><\/p>\n<p><span style=\"color: #777777; font-family: Arial;\">Son nom de naissance fut Jeffrey Jorgensen car il est le fils de Ted Jorgensen et Jacklyn Gise.<br \/>\n<\/span><\/p>\n<p><span style=\"color: #777777; font-family: Arial;\">Au moment de sa naissance, ses parents sont tous deux lyc\u00e9ens : son p\u00e8re vient d&rsquo;avoir 18 ans tandis que sa m\u00e8re en a 16. Son p\u00e8re l&rsquo;abandonne \u00e0 sa naissance et se remarie un an plus tard. Sa m\u00e8re fait ensuite la connaissance de Miguel Bezos, un immigr\u00e9 cubain install\u00e9 aux \u00c9tats-Unis depuis l&rsquo;\u00e2ge de quinze ans. Elle l&rsquo;\u00e9pouse en avril 1968, et celui-ci adopte Jeff peu de temps apr\u00e8s, qui d\u00e8s lors porte son nom, et l&rsquo;\u00e9l\u00e8ve comme son propre fils.<br \/>\n<\/span><\/p>\n<p><span style=\"color: #777777; font-family: Arial;\">Il semble que le jeune Jeff pr\u00e9sentait quelques dons et un tr\u00e8s haut QI. <\/span><span style=\"color: #777777; font-family: Arial;\">Il est dipl\u00f4m\u00e9 de la prestigieuse universit\u00e9 de Princeton en 1986 avec un Bachelor of Arts and Science en sciences de l&rsquo;informatique.<br \/>\n<\/span><\/p>\n<p><span style=\"color: #777777; font-family: Arial;\">Il commence \u00e0 travailler dans plusieurs entreprises financi\u00e8res de Wall Street.<br \/>\n<\/span><\/p>\n<p><span style=\"color: #777777; font-family: Arial;\">Et en 1994, alors \u00e2g\u00e9 de trente ans, il cr\u00e9e <strong>Amazon<\/strong> qui est \u00e0 l&rsquo;origine une librairie en ligne.<br \/>\n<\/span><\/p>\n<p><span style=\"color: #777777; font-family: Arial;\">Il raconte\u00a0:<br \/>\n<\/span><\/p>\n<p style=\"margin-left: 28pt;\"><span style=\"color: #c00000; font-family: Arial;\">\u00ab J&rsquo;ai appris que l&rsquo;utilisation du web augmentait de 2 300 % par an. Je n&rsquo;avais jamais vu ou entendu parler de quelque chose avec une croissance aussi rapide, et l&rsquo;id\u00e9e de cr\u00e9er une librairie en ligne avec des millions de titres \u2014 quelque chose de purement inconcevable dans le monde physique &#8211; m&rsquo;enthousiasmait vraiment. \u00bb<br \/>\n<\/span><\/p>\n<p><span style=\"color: #777777; font-family: Arial;\">Le nom d&rsquo;\u00ab<strong>Amazon<\/strong>\u00bb qui a pour objectif de devenir la plus grande librairie du monde s&rsquo;inspire \u00e9videmment de l&rsquo;\u00ab\u00a0<strong>Amazone<\/strong>\u00a0\u00bb qui est le plus grand fleuve de la plan\u00e8te<br \/>\n<\/span><\/p>\n<p><span style=\"color: #777777; font-family: Arial;\">Je reprends alors la chronologie que \u00ab\u00a0Le Un\u00a0\u00bb appelle rep\u00e8res et dont je reprends les principaux.<br \/>\n<\/span><\/p>\n<p><span style=\"color: #777777; font-family: Arial;\"><strong>1995<\/strong>\u00a0: Le site Amazon.com est officiellement mis en ligne avec le slogan \u00ab\u00a0<strong>La plus grande librairie du Monde<\/strong>\u00a0\u00bb<br \/>\n<\/span><\/p>\n<p><span style=\"color: #777777; font-family: Arial;\"><strong>1997<\/strong>\u00a0: Amazon fait son entr\u00e9e en bourse<br \/>\n<\/span><\/p>\n<p><span style=\"color: #777777; font-family: Arial;\"><strong><img loading=\"lazy\" decoding=\"async\" class=\" wp-image-11505 alignleft\" src=\"https:\/\/lemotdujour.fr\/wp-content\/uploads\/2021\/06\/Logo-Amazon.png\" alt=\"\" width=\"229\" height=\"91\" srcset=\"https:\/\/lemotdujour.fr\/wp-content\/uploads\/2021\/06\/Logo-Amazon.png 535w, https:\/\/lemotdujour.fr\/wp-content\/uploads\/2021\/06\/Logo-Amazon-300x119.png 300w\" sizes=\"auto, (max-width: 229px) 100vw, 229px\" \/>2000<\/strong> : Le logo s&rsquo;accompagne d&rsquo;une fl\u00e8che dessinant un sourire. <\/span><span style=\"color: #777777; font-family: Arial;\">Si voulez connaitre l&rsquo;\u00e9volution du logo d&rsquo;Amazon vous pouvez aller sur ce site &lt;<span style=\"color: #0000ff;\"><a style=\"color: #0000ff;\" href=\"https:\/\/logo-marque.com\/amazon-logo\/\">Logo d&rsquo;Amazon<\/a><\/span>&gt;<br \/>\n<\/span><\/p>\n<p><span style=\"color: #777777; font-family: Arial;\"><strong>2005\u00a0:<\/strong> Un abonnement annuel baptis\u00e9 \u00ab\u00a0<strong>Prime<\/strong>\u00a0\u00bb est propos\u00e9 aux clients qui souhaitent recevoir leur colis plus rapidement.<br \/>\n<\/span><\/p>\n<p><span style=\"color: #777777; font-family: Arial;\"><strong>2006\u00a0: <\/strong>L&rsquo;entreprise commercialise son service d&rsquo;h\u00e9bergement dans le \u00ab\u00a0Cloud\u00a0\u00bb sa branche la plus rentable \u00e0 ce jour<strong>. <\/strong>Nous y reviendrons. Mais notons que c&rsquo;est le patron de cette branche\u00a0: \u00ab\u00a0<strong>Amazon Web Services (AWS)<\/strong>\u00a0\u00bb <strong>Andrew Jassy <\/strong>qui va prendre la succession de Jeff Bezos.<br \/>\n<\/span><\/p>\n<p><span style=\"color: #777777; font-family: Arial;\"><strong><img loading=\"lazy\" decoding=\"async\" class=\"wp-image-11506 alignright\" src=\"https:\/\/lemotdujour.fr\/wp-content\/uploads\/2021\/06\/Premier-Logo.jpg\" alt=\"\" width=\"118\" height=\"157\" srcset=\"https:\/\/lemotdujour.fr\/wp-content\/uploads\/2021\/06\/Premier-Logo.jpg 287w, https:\/\/lemotdujour.fr\/wp-content\/uploads\/2021\/06\/Premier-Logo-225x300.jpg 225w\" sizes=\"auto, (max-width: 118px) 100vw, 118px\" \/>2007<\/strong>\u00a0: Le premier centre de distribution de colis en France ouvre ses portes dans le Loiret.<br \/>\n<\/span><\/p>\n<p><span style=\"color: #777777; font-family: Arial;\"><strong>2017<\/strong>\u00a0: Amazon ach\u00e8te la cha\u00eene de magasins Whole Foods pour 13,7 milliards de dollars<br \/>\n<\/span><\/p>\n<p><span style=\"color: #777777; font-family: Arial;\"><strong>2021<\/strong> Rachat de l&#8217;embl\u00e9matique studio de cin\u00e9ma <strong>Metro Goldwyn Mayer<\/strong> pour 8,45 milliards de dollars. Si voulez conna\u00eetre les films qui tombent ainsi dans le panier d&rsquo;Amazon &lt;<span style=\"color: #0000ff;\"><a style=\"color: #0000ff;\" href=\"https:\/\/fr.wikipedia.org\/wiki\/Liste_de_films_produits_par_Metro-Goldwyn-Mayer\">voici la liste<\/a><\/span>&gt;. James Bond en fait partie.<br \/>\n<\/span><\/p>\n<p><span style=\"color: #777777; font-family: Arial;\">Il faut aussi ajouter \u00e0 cette emprise du fleuve qui d\u00e9borde de son lit, les acquisitions et investissements personnels de Jeff Bezos :<br \/>\n<\/span><\/p>\n<p><span style=\"color: #777777; font-family: Arial;\"><strong>2000\u00a0<\/strong>: Cr\u00e9ation de<span style=\"color: #0000ff;\"><strong> <a style=\"color: #0000ff;\" href=\"https:\/\/fr.wikipedia.org\/wiki\/Blue_Origin\">Blue Origin<\/a>, <\/strong><\/span>entreprise vou\u00e9e au tourisme spatial dans laquelle Bezos investit un milliard par an<strong><br \/>\n<\/strong><\/span><\/p>\n<p><span style=\"color: #777777; font-family: Arial;\"><strong>2013<\/strong>\u00a0: Le Washington Post achet\u00e9 pour 250 millions de dollars<br \/>\n<\/span><\/p>\n<p><span style=\"color: #777777; font-family: Arial;\">Il a aussi investi dans <strong>Unity Biotechnology<\/strong> qui est une start-up qui travaille sur la lutte contre le vieillissement et dans <strong>Grail et Juno Therapeutics<\/strong> start-up qui se concentrent sur la d\u00e9tection du cancer.<br \/>\n<\/span><\/p>\n<p><span style=\"color: #777777; font-family: Arial;\">Et puis aussi des investissements qui peuvent appara\u00eetre comme \u00e9thique \u00a0:<br \/>\n<\/span><\/p>\n<p><span style=\"color: #777777; font-family: Arial;\"><strong>Bezos Day One Fund<\/strong> : une fondation pour l&rsquo;aide aux sans-abri et \u00e0 l&rsquo;\u00e9ducation dans laquelle Bezos a investi 2 milliards de dollars.<br \/>\n<\/span><span style=\"color: #777777; font-family: Arial;\"><strong>Bezos Earth Fund<\/strong>\u00a0: un centre pour la lutte contre le changement climatique auquel Bezos a promis 10 milliards de dollars.<br \/>\n<\/span><\/p>\n<p><span style=\"color: #777777; font-family: Arial;\">Voil\u00e0 une introduction sous forme de liste.<br \/>\n<\/span><\/p>\n<p><span style=\"color: maroon; font-family: Arial;\">&lt;1577&gt;<\/span><\/p>\n","protected":false},"excerpt":{"rendered":"<p>\u00ab Amazon nous veut-il du bien ? \u00bb Question pos\u00e9e par LE UN Depuis longtemps, j&rsquo;avais l&rsquo;envie de faire une s\u00e9rie de mots du jour sur Amazon, cette entreprise qui a pour ambition de tout vendre \u00e0 tout le monde<\/p>\n","protected":false},"author":1,"featured_media":0,"comment_status":"open","ping_status":"closed","sticky":false,"template":"","format":"standard","meta":{"footnotes":""},"categories":[1],"tags":[59,10,65],"class_list":["post-11503","post","type-post","status-publish","format-standard","hentry","category-motdujour","tag-commerce","tag-economie","tag-etats-unis"],"_links":{"self":[{"href":"https:\/\/lemotdujour.fr\/index.php?rest_route=\/wp\/v2\/posts\/11503","targetHints":{"allow":["GET"]}}],"collection":[{"href":"https:\/\/lemotdujour.fr\/index.php?rest_route=\/wp\/v2\/posts"}],"about":[{"href":"https:\/\/lemotdujour.fr\/index.php?rest_route=\/wp\/v2\/types\/post"}],"author":[{"embeddable":true,"href":"https:\/\/lemotdujour.fr\/index.php?rest_route=\/wp\/v2\/users\/1"}],"replies":[{"embeddable":true,"href":"https:\/\/lemotdujour.fr\/index.php?rest_route=%2Fwp%2Fv2%2Fcomments&post=11503"}],"version-history":[{"count":4,"href":"https:\/\/lemotdujour.fr\/index.php?rest_route=\/wp\/v2\/posts\/11503\/revisions"}],"predecessor-version":[{"id":11510,"href":"https:\/\/lemotdujour.fr\/index.php?rest_route=\/wp\/v2\/posts\/11503\/revisions\/11510"}],"wp:attachment":[{"href":"https:\/\/lemotdujour.fr\/index.php?rest_route=%2Fwp%2Fv2%2Fmedia&parent=11503"}],"wp:term":[{"taxonomy":"category","embeddable":true,"href":"https:\/\/lemotdujour.fr\/index.php?rest_route=%2Fwp%2Fv2%2Fcategories&post=11503"},{"taxonomy":"post_tag","embeddable":true,"href":"https:\/\/lemotdujour.fr\/index.php?rest_route=%2Fwp%2Fv2%2Ftags&post=11503"}],"curies":[{"name":"wp","href":"https:\/\/api.w.org\/{rel}","templated":true}]}}