{"id":11491,"date":"2021-06-11T00:50:32","date_gmt":"2021-06-10T22:50:32","guid":{"rendered":"http:\/\/lemotdujour.fr\/?p=11491"},"modified":"2021-06-11T09:30:38","modified_gmt":"2021-06-11T07:30:38","slug":"vendredi-11-juin-2021","status":"publish","type":"post","link":"https:\/\/lemotdujour.fr\/?p=11491","title":{"rendered":"Vendredi 11 juin 2021"},"content":{"rendered":"<div class=\"mdjTexte\">\u00ab\u00a0L&rsquo;amour du cin\u00e9ma m&rsquo;a permis de trouver une place dans l&rsquo;existence\u00a0\u00bb<\/div>\n<div class=\"mdjAuteur\">Bertrand Tavernier<\/div>\n<p><span style=\"color: #777777; font-family: Arial;\">Le 25 avril 2021, le grand cin\u00e9aste, Bertrand Tavernier, aurait f\u00eat\u00e9 ses 80 ans.<br \/>\n<\/span><\/p>\n<p><span style=\"color: #777777; font-family: Arial;\">Mais, il ne les a pas f\u00eat\u00e9s parce qu&rsquo;il est mort avant, le 21 mars 2021. Je n&rsquo;ai pas pu lui rendre hommage imm\u00e9diatement, car j&rsquo;ai entam\u00e9 la s\u00e9rie sur la Commune le 22 mars.<br \/>\n<\/span><\/p>\n<p><span style=\"color: #777777; font-family: Arial;\">Bertrand Tavernier est n\u00e9 \u00e0 Lyon et il a habit\u00e9 pendant 5 ans dans la villa que poss\u00e9dait ses parents au 4 rue Chambovet.<br \/>\n<\/span><\/p>\n<p><img loading=\"lazy\" decoding=\"async\" class=\"alignleft\" src=\"https:\/\/lemotdujour.fr\/wp-content\/uploads\/2021\/06\/061021_2235_Vendredi11j1.jpg\" alt=\"\" width=\"589\" height=\"306\" align=\"left\" \/><span style=\"color: #777777; font-family: Arial;\">Cette maison n&rsquo;existe plus aujourd&rsquo;hui. Elle a \u00e9t\u00e9 d\u00e9molie et le grand jardin de la propri\u00e9t\u00e9 \u00e0 \u00e9t\u00e9 transform\u00e9 en Parc public : \u00ab <a href=\"https:\/\/fr.wikipedia.org\/wiki\/Parc_Chambovet\"><span style=\"color: #0000ff;\">le Parc Chambovet<\/span>\u00a0<\/a>\u00bb qu&rsquo;Annie et moi avons beaucoup fr\u00e9quent\u00e9 pendant le premier confinement, car il constituait le seul espace vert, poss\u00e9dant une dimension de respiration suffisante [5,6 hectares] et se situant dans le kilom\u00e8tre autoris\u00e9 nonobstant une marge de tol\u00e9rance acceptable.<br \/>\n<\/span><\/p>\n<p><img loading=\"lazy\" decoding=\"async\" class=\"alignleft\" src=\"https:\/\/lemotdujour.fr\/wp-content\/uploads\/2021\/06\/061021_2235_Vendredi11j2.jpg\" alt=\"\" width=\"311\" height=\"168\" align=\"left\" \/><span style=\"color: #777777; font-family: Arial;\">Et, quand on prend la sortie rue Chambovet, deux plaques sont appos\u00e9es au mur.<\/span><\/p>\n<p><span style=\"color: #777777; font-family: Arial;\">En juillet 2008, <strong>Telerama<\/strong> avait interrog\u00e9 des personnes du monde de la culture pour leur faire raconter un lieu qui a marqu\u00e9 leur enfance. L&rsquo;article du 18 juillet 2008 avait pour titre\u00a0: \u00ab\u00a0<a href=\"https:\/\/www.telerama.fr\/cinema\/bertrand-tavernier-habitait-au-4-rue-chambovet-a-lyon,31530.php\"><span style=\"color: #0000ff;\">Bertrand Tavernier habitait au 4, rue Chambovet, \u00e0 Lyon<\/span><\/a><span style=\"color: #0000ff;\">\u00a0<\/span>\u00bb\u00a0:<br \/>\n<\/span><\/p>\n<p style=\"margin-left: 28pt;\"><span style=\"color: #c00000; font-family: Arial;\"><img loading=\"lazy\" decoding=\"async\" class=\"wp-image-11494 alignright\" src=\"https:\/\/lemotdujour.fr\/wp-content\/uploads\/2021\/06\/IMG_0383.jpg\" alt=\"\" width=\"331\" height=\"244\" srcset=\"https:\/\/lemotdujour.fr\/wp-content\/uploads\/2021\/06\/IMG_0383.jpg 1129w, https:\/\/lemotdujour.fr\/wp-content\/uploads\/2021\/06\/IMG_0383-300x221.jpg 300w, https:\/\/lemotdujour.fr\/wp-content\/uploads\/2021\/06\/IMG_0383-1024x755.jpg 1024w, https:\/\/lemotdujour.fr\/wp-content\/uploads\/2021\/06\/IMG_0383-768x566.jpg 768w\" sizes=\"auto, (max-width: 331px) 100vw, 331px\" \/>\u00ab J&rsquo;ai pass\u00e9 les cinq premi\u00e8res ann\u00e9es de ma vie \u00e0 Lyon, dans une maison situ\u00e9e au 4, rue Chambovet, dans le quartier de Montchat. Nous habitions sur une petite butte, et mon premier souvenir, il m&rsquo;est d\u00e9j\u00e0 arriv\u00e9 de le raconter, ce sont les fus\u00e9es \u00e9clairantes qui saluent l&rsquo;arriv\u00e9e des Am\u00e9ricains. On est en 1944, j&rsquo;ai 3 ans. Dans cette maison, pendant l&rsquo;Occupation, mon p\u00e8re, Ren\u00e9, qui dirigeait la revue litt\u00e9raire Confluences, a cach\u00e9 Aragon. C&rsquo;est chez nous que celui-ci a \u00e9crit Il n&rsquo;y a pas d&rsquo;amour heureux, la l\u00e9gende voulant que ce soit pour ma m\u00e8re. Mais je n&rsquo;ai aucun souvenir de lui&#8230; Plus tard, la maison a \u00e9t\u00e9 d\u00e9truite &#8211; je l&rsquo;\u00e9voque dans L&rsquo;Horloger de Saint-Paul -, et aujourd&rsquo;hui, sur son emplacement, une plaque dit qu&rsquo;elle a \u00e9t\u00e9 le si\u00e8ge du Comit\u00e9 national des \u00e9crivains, ce rassemblement d&rsquo;auteurs r\u00e9sistants.<\/span><span style=\"color: #c00000; font-family: Arial;\">Nous avons emm\u00e9nag\u00e9 \u00e0 Paris quand j&rsquo;avais 5 ans, mais je n&rsquo;ai cess\u00e9 de retourner \u00e0 Lyon, o\u00f9 vivaient mes deux grands-m\u00e8res.\u00a0\u00bb<br \/>\n<\/span><\/p>\n<p><img loading=\"lazy\" decoding=\"async\" class=\"alignleft\" src=\"https:\/\/lemotdujour.fr\/wp-content\/uploads\/2021\/06\/061021_2235_Vendredi11j3.jpg\" alt=\"\" width=\"294\" height=\"387\" align=\"left\" \/><span style=\"color: #777777; font-family: Arial;\">Bertrand Tavernier n&rsquo;a donc v\u00e9cu que 5 ans \u00e0 Lyon, mais pour tous il est le cin\u00e9aste lyonnais. <strong>La Tribune de Lyon<\/strong> dans son num\u00e9ro hommage a titr\u00e9 \u00ab\u00a0<strong>Une passion lyonnaise<\/strong>\u00a0\u00bb.<br \/>\n<\/span><\/p>\n<p><span style=\"color: #777777; font-family: Arial;\">Et il est vrai que s&rsquo;il est parti de Lyon, il y est toujours revenu, notamment pour cr\u00e9er l&rsquo;Institut Lumi\u00e8re en 1982 puis le Festival Lumi\u00e8re .<br \/>\n<\/span><\/p>\n<p><span style=\"color: #777777; font-family: Arial;\">Et, c&rsquo;est \u00e0 Lyon qu&rsquo;il a tourn\u00e9 son premier long m\u00e9trage, <strong>\u00ab\u00a0L&rsquo;Horloger de Saint Paul<\/strong> \u00bb avec une sc\u00e8ne d&rsquo;ouverture tourn\u00e9e au Garet, ce restaurant o\u00f9 Jean Moulin rencontra pour la premi\u00e8re fois celui qui allait devenir son secr\u00e9taire, Daniel Cordier, comme on peut le lire dans \u00ab\u00a0<strong>Alias Caracalla<\/strong>\u00a0\u00bb.<br \/>\n<\/span><\/p>\n<p><span style=\"color: #777777; font-family: Arial;\">Un peu plus loin dans le film, il \u00e9voque sa maison d&rsquo;enfance rue Chambovet, lorsque le personnage de Philippe Noiret rend visite \u00e0 l&rsquo;ancienne nourrice de son fils.<br \/>\n<\/span><\/p>\n<p><span style=\"color: #777777; font-family: Arial;\">La tribune de Lyon revient sur la cr\u00e9ation de l&rsquo;Institut Lumi\u00e8re avec <strong>Bernard Chard\u00e8re <\/strong>qui affirme<strong>\u00a0:<br \/>\n<\/strong><\/span><\/p>\n<p style=\"margin-left: 28pt;\"><span style=\"color: #c00000; font-family: Arial;\">\u00ab\u00a0Sans Bertrand, on n&rsquo;aurait jamais pu cr\u00e9er l&rsquo;Institut Lumi\u00e8re. Il a jou\u00e9 un grand r\u00f4le notamment aupr\u00e8s des politiques, et n&rsquo;a jamais manqu\u00e9 un seul conseil d&rsquo;administration\u00a0\u00bb<br \/>\n<\/span><\/p>\n<p><span style=\"color: #777777; font-family: Arial;\">Et il ajoute pour d\u00e9crire son ami\u00a0:<br \/>\n<\/span><\/p>\n<p style=\"margin-left: 28pt;\"><span style=\"color: #c00000; font-family: Arial;\">\u00ab\u00a0Il avait une boulimie de films, de livres, un peu comme un historien\u00a0\u00bb.<br \/>\n<\/span><\/p>\n<p><span style=\"color: #777777; font-family: Arial;\">Et en 2009, il cr\u00e9e le Festival Lumi\u00e8re avec Thierry Fr\u00e9maux. Il disait \u00e0 ce propos :<br \/>\n<\/span><\/p>\n<p style=\"margin-left: 28pt;\"><span style=\"color: #c00000; font-family: Arial;\">\u00ab\u00a0J&rsquo;ai h\u00e9rit\u00e9 de Jean Vilar, j&rsquo;ai toujours v\u00e9cu avec des gens qui aimaient partager leurs d\u00e9couvertes. [\u2026] Avec Thierry Fr\u00e9maux on s&rsquo;est battus pour d\u00e9montrer que le cin\u00e9ma de patrimoine n&rsquo;est pas du vieux cin\u00e9ma, mais un cin\u00e9ma vivant, par ses th\u00e8mes comme par sa forme.\u00a0\u00bb<br \/>\n<\/span><\/p>\n<p><span style=\"color: #777777; font-family: Arial;\">L&rsquo;institut Lumi\u00e8re lui a rendu hommage. Les jours qui ont suivi le d\u00e9c\u00e8s, de nombreux bouquets de fleurs \u00e9taient dispos\u00e9s devant les murs de l&rsquo;Institut.<br \/>\n<\/span><\/p>\n<p><img decoding=\"async\" src=\"https:\/\/lemotdujour.fr\/wp-content\/uploads\/2021\/06\/061021_2235_Vendredi11j4.jpg\" alt=\"\" \/><span style=\"color: #777777; font-family: Arial;\"><br \/>\n<\/span><\/p>\n<p><span style=\"color: #777777; font-family: Arial;\">J&rsquo;ai choisi comme exergue la phrase que l&rsquo;Institut Lumi\u00e8re a affich\u00e9 sur un grand panneau dans le jardin de l&rsquo;Institut.<br \/>\n<\/span><\/p>\n<p><span style=\"color: #777777; font-family: Arial;\">Pour ma part, mon premier souvenir de Tavernier fut le documentaire qu&rsquo;il a r\u00e9alis\u00e9 avec son fils, Nils Tavernier en 1996\u00a0: \u00ab\u00a0<strong>De l&rsquo;autre c\u00f4t\u00e9 du p\u00e9riph<\/strong> \u00bb. Nous l&rsquo;avions regard\u00e9 en famille. Il faut dire que ce documentaire parlait de la cit\u00e9 des grands p\u00eachers et que nous habitions \u00e0 Montreuil dans le quartier d&rsquo;\u00e0 c\u00f4t\u00e9, plus proche du centre. Je n&rsquo;\u00e9tais jamais all\u00e9 dans cette cit\u00e9 avant d&rsquo;avoir vu le documentaire, rude, dur et pourtant plein de tendresse. Je m&rsquo;y suis rendu apr\u00e8s avec le regard de tendresse que les Tavernier m&rsquo;avait communiqu\u00e9.<br \/>\n<\/span><\/p>\n<p><a href=\"https:\/\/www.lesinrocks.com\/cinema\/de-lautre-cote-du-periph-38222-30-11-1996\/\"><span style=\"font-family: Arial;\"><strong><span style=\"color: #0000ff;\">Les Inrocks<\/span><\/strong><\/span><\/a><span style=\"color: #777777; font-family: Arial;\"> en parle tr\u00e8s bien et donne la gen\u00e8se de ce documentaire. Je partage, aux deux sens du terme, leur conclusion\u00a0:<br \/>\n<\/span><\/p>\n<p style=\"margin-left: 28pt;\"><span style=\"color: #c00000; font-family: Arial;\">\u00ab\u00a0V\u00e9ritable film de rencontres, la r\u00e9ussite de De l&rsquo;autre c\u00f4t\u00e9 du p\u00e9riph&rsquo; tient \u00e0 ce bouillonnement de paroles brutes, surgies au hasard des errances. Sans jamais se reposer sur une argumentation pesante \u00ad le propre des films \u00e0 th\u00e8se \u00ad, les Tavernier se sont laiss\u00e9 surprendre. Et ils ont eu raison. Gr\u00e2ce au regard \u00ad amical, plein de sympathie \u00ad qu&rsquo;ils ont port\u00e9 sur la vie quotidienne de la Cit\u00e9 des Grands P\u00eachers de Montreuil, la banlieue trouve enfin \u00e0 la t\u00e9l\u00e9vision une repr\u00e9sentation juste et nuanc\u00e9e, loin des caricatures impos\u00e9es par les formatages des journaux t\u00e9l\u00e9vis\u00e9s.\u00bb<br \/>\n<\/span><\/p>\n<p><span style=\"color: #777777; font-family: Arial;\">Et puis j&rsquo;ai vu \u00ab\u00a0<strong>La vie et rien d&rsquo;autre<\/strong>\u00a0\u00bb. Je l&rsquo;avais \u00e9voqu\u00e9 lors du premier mot du jour sur la guerre 14-18 : \u00ab <a href=\"https:\/\/lemotdujour.fr\/?p=5661\"><span style=\"color: #0000ff;\">Mourir pour la Patrie<\/span><\/a>.\u00bb. C&rsquo;est un des plus beaux films qu&rsquo;il m&rsquo;a \u00e9t\u00e9 donn\u00e9 de voir dans ma vie.<br \/>\n<\/span><\/p>\n<p><span style=\"color: #777777; font-family: Arial;\">G\u00e9rald m&rsquo;avait pr\u00eat\u00e9 un coffret regroupant plusieurs films de Tavernier dont \u00ab\u00a0La vie et rien d&rsquo;autre\u00a0\u00bb que nous avons regard\u00e9 avec le m\u00eame sentiment d&rsquo;accomplissement et d&rsquo;autres que nous connaissions ou que nous d\u00e9couvrions comme \u00ab\u00a0<strong>Coup de torchon<\/strong>\u00a0\u00bb que j&rsquo;ai beaucoup aim\u00e9 aussi.<br \/>\n<\/span><\/p>\n<p><span style=\"color: #777777; font-family: Arial;\">Je ne vais pas faire la liste des 30 films que Bertrand Tavernier a tourn\u00e9s et qui sont tous int\u00e9ressants, certains contiennent des moments de gr\u00e2ce.<br \/>\n<\/span><\/p>\n<p><span style=\"color: #777777; font-family: Arial;\">Dans ce coffret, il y avait aussi des vid\u00e9os de pr\u00e9sentation de chaque film par Tavernier et un ou l&rsquo;autre des acteurs qui avait jou\u00e9 dans le film. Ce qui est remarquable c&rsquo;est qu&rsquo;il ne s&rsquo;agissait pas de pr\u00e9sentation de 5 minutes, mais d&rsquo;une demi-heure ou plus, montrant toute la g\u00e9n\u00e9rosit\u00e9 et la capacit\u00e9 de transmission de Bertrand Tavernier.<br \/>\n<\/span><\/p>\n<p><span style=\"color: #777777; font-family: Arial;\">L&rsquo;hommage qui a lui a \u00e9t\u00e9 rendu, apr\u00e8s sa disparition, \u00e9tait unanime.<br \/>\n<\/span><\/p>\n<p><span style=\"color: #777777; font-family: Arial;\">Enfin, presque unanime. Il y a eu un journaliste de Lib\u00e9ration Didier P\u00e9ron qui a publi\u00e9 le 25 mars, soit 4 jours, apr\u00e8s le d\u00e9c\u00e8s un article \u00ab <a href=\"https:\/\/www.liberation.fr\/culture\/cinema\/bertrand-tavernier-que-la-fete-sarrete-20210325_NT6DBBFKXZC5PPYGMJIFC6VHI4\/?redirected=1\"><span style=\"color: #0000ff;\">Bertrand Tavernier, que la f\u00eate s&rsquo;arr\u00eate\u00a0<\/span><\/a>\u00bb qui commence ainsi\u00a0:<br \/>\n<\/span><\/p>\n<p style=\"margin-left: 28pt;\"><span style=\"color: #c00000; font-family: Arial;\">\u00abL&rsquo;Horloger de Saint-Paul\u00bb, \u00abCoup de torchon\u00bb, \u00abL.627\u00bb, \u00abla Vie et rien d&rsquo;autre\u00bb\u2026 Le r\u00e9alisateur prolifique et bon vivant, m\u00e9moire \u00e9rudite du septi\u00e8me art et incarnation d&rsquo;un cin\u00e9ma populaire et h\u00e9las pesant, est mort jeudi. Il allait avoir 80 ans.\u00a0\u00bb<br \/>\n<\/span><\/p>\n<p><span style=\"color: #777777; font-family: Arial;\">Un cin\u00e9ma \u00ab\u00a0<strong>populaire et h\u00e9las pesant<\/strong>\u00a0\u00bb. O\u00f9 est-il all\u00e9 chercher cela\u00a0?<br \/>\n<\/span><\/p>\n<p><span style=\"color: #777777; font-family: Arial;\">Ce journaliste devait porter depuis longtemps ce ressentiment au fond de lui, pour \u00e9crire cela alors que les cendres \u00e9taient \u00e0 peine froides. Il ne pouvait attendre pour jeter son venin.<br \/>\n<\/span><\/p>\n<p><span style=\"color: #777777; font-family: Arial;\">Je pense que Claude Askolovitch, dans sa Revue de presse &lt;<a href=\"https:\/\/www.franceinter.fr\/emissions\/la-revue-de-presse\/la-revue-de-presse-26-mars-2021\"><span style=\"color: #0000ff;\">du 26 mars 2021<\/span><\/a>&gt;, explique partiellement la rosserie de ce journaliste :<br \/>\n<\/span><\/p>\n<p style=\"margin-left: 28pt;\"><span style=\"color: #c00000; font-family: Arial;\">\u00ab\u00a0Et c&rsquo;est la beaut\u00e9 du cin\u00e9ma, on s&rsquo;en dispute&#8230; et c&rsquo;est la marque de Lib\u00e9ration, de prendre ces disputes aux s\u00e9rieux et de n&rsquo;en point d\u00e9mordre. Et quand sur le site de Lib\u00e9ration le journaliste politique Rachid Laireche, lui aussi enfant de la cit\u00e9 des Grands P\u00eachers, se souvient des Tavernier qui ne le trahirent pas, dans les pages culture du journal, sous un titre brillant, \u00ab\u00a0que la f\u00eate s&rsquo;arr\u00eate\u00a0\u00bb, rendant hommage au Tavernier militant de gauche engag\u00e9, le critique Didier P\u00e9ron ose des mots cruels pour \u00ab\u00a0un cin\u00e9ma populaire mais parfois pesant\u00a0\u00bb que Tavernier aurait incarn\u00e9, c\u00e9dant parfois \u00e0 la \u00ab\u00a0d\u00e9monstration lourdingue\u00a0\u00bb&#8230;<br \/>\n<\/span><\/p>\n<p style=\"margin-left: 28pt;\"><span style=\"color: #c00000; font-family: Arial;\">En 1999 Tavernier avait men\u00e9 une r\u00e9volte des cin\u00e9astes contre des critiques jug\u00e9s assassins pour le cin\u00e9ma fran\u00e7ais, \u00e0 fore de bons mots et d&rsquo;oukases&#8230; Lib\u00e9ration \u00e9tait vis\u00e9, et avait organis\u00e9 dans ses colonnes un d\u00e9bat entre Tavernier et trois critiques, cela aussi est en ligne. Tavernier disait ceci: \u00ab\u00a0<strong>Vous n&rsquo;arrivez pas \u00e0 faire passer votre enthousiasme. Quand vous d\u00e9fendez des films, tr\u00e8s souvent il n&rsquo;y a aucune retomb\u00e9e. A votre place, je m&rsquo;interrogerais.\u00a0\u00bb <\/strong>Il disait aussi cela : \u00abUne opinion n&rsquo;est pas un fait\u00bb. Et enfin:\u00ab<strong>Tout film, comme tout \u00eatre humain, doit \u00eatre pr\u00e9sum\u00e9 innocent<\/strong>.\u00bb \u00a0\u00bb<br \/>\n<\/span><\/p>\n<p><span style=\"color: #777777; font-family: Arial;\">Je suis beaucoup plus en phase avec ces propos de Philippe Meyer dans <strong>\u00ab\u00a0<span style=\"color: #0000ff;\"><a style=\"color: #0000ff;\" href=\"https:\/\/www.la-croix.com\/Culture\/Cinema-diversite-linspiration-Bertrand-Tavernier-pas-fini-detonner-2021-03-25-1201147735\">la Croix\u00a0<\/a><\/span>\u00bb<br \/>\n<\/strong><\/span><\/p>\n<p style=\"margin-left: 28pt;\"><span style=\"color: #c00000; font-family: Arial;\">\u00ab\u00a0Cet homme \u00e9tait une fontaine, de curiosit\u00e9, de fid\u00e9lit\u00e9, d&rsquo;insatisfaction. \u00c7a coulait tout le temps. J&rsquo;ai presque le m\u00eame \u00e2ge que lui, j&rsquo;ai eu la chance de rencontrer des tas de gens, et pas des moindres, qui m&rsquo;ont beaucoup appris, marqu\u00e9, montr\u00e9 mais lui\u2026 Celui qui dit que personne n&rsquo;est irrempla\u00e7able ne l&rsquo;a pas connu.\u00a0\u00bb<br \/>\n<\/span><\/p>\n<p><span style=\"color: #777777; font-family: Arial;\">Et il ajoute pour la place qu&rsquo;il conservera dans la m\u00e9moire collective\u00a0:<br \/>\n<\/span><\/p>\n<p><span style=\"color: #777777; font-family: Arial;\">\u00ab\u00a0<span style=\"color: #c00000;\">ll va laisser une double place. Celle de l&rsquo;auteur qu&rsquo;il fut. La diversit\u00e9 de son inspiration n&rsquo;a pas fini d&rsquo;\u00e9tonner. On s&rsquo;\u00e9tait habitu\u00e9 \u00e0 le voir passer de Que la f\u00eate commence \u00e0 La mort en direct, de La Princesse de Montpensier \u00e0 Dans la Brume \u00e9lectrique, avec des com\u00e9diens tellement diff\u00e9rents. Et celle de l&rsquo;homme de la transmission qui culmine avec son admirable Voyage \u00e0 travers le cin\u00e9ma fran\u00e7ais qui est un chef-d&rsquo;\u0153uvre de partage. Et les passagers de ce voyage-l\u00e0, il y en aura.<span style=\"color: #777777;\"><strong>\u00a0\u00bb<br \/>\n<\/strong><\/span><\/span><\/span><\/p>\n<p><img decoding=\"async\" class=\"alignleft\" src=\"https:\/\/lemotdujour.fr\/wp-content\/uploads\/2021\/06\/061021_2235_Vendredi11j5.jpg\" alt=\"\" \/><span style=\"color: #777777; font-family: Arial;\">Et justement ce \u00ab\u00a0<a href=\"https:\/\/www.youtube.com\/watch?v=NhMd8kaynrQ\"><span style=\"color: #0000ff;\">voyage \u00e0 travers le cin\u00e9ma fran\u00e7ais<\/span>\u00a0<\/a>\u00bb je l&rsquo;ai emprunt\u00e9 \u00e0 la Biblioth\u00e8que de Lyon et j&rsquo;ai \u00e9t\u00e9 fascin\u00e9 par la culture, la qualit\u00e9 de la transmission dont \u00e9tait capable cette encyclop\u00e9die vivante du cin\u00e9ma. En plus de 3 heures et huit \u00e9pisodes, il va nous permettre d&#8217;embrasser toute l&rsquo;histoire du cin\u00e9ma fran\u00e7ais.<br \/>\n<\/span><\/p>\n<p><span style=\"color: #777777; font-family: Arial;\">Dans le premier \u00e9pisode il parle de <strong>Max Ophuls<\/strong> que je connaissais, mais aussi de <strong>Jean Gr\u00e9millon<\/strong> et de <strong>Henri Decoin<\/strong> que j&rsquo;ignorais totalement.<br \/>\n<\/span><\/p>\n<p><span style=\"color: #777777; font-family: Arial;\">Passionnant !<br \/>\n<\/span><\/p>\n<p><span style=\"color: #777777; font-family: Arial;\">J&rsquo;y reviendrai peut-\u00eatre dans un mot du jour ult\u00e9rieur.<br \/>\n<\/span><\/p>\n<p><span style=\"color: #777777; font-family: Arial;\">En tout cas, je ne crois pas que Bertrand Tavernier \u00e9tait pesant. Il \u00e9tait lucide, souvent tr\u00e8s profond, toujours bienveillant et humaniste.<br \/>\n<\/span><\/p>\n<p><span style=\"color: #777777; font-family: Arial;\">J&rsquo;aime Bertrand Tavernier.<br \/>\n<\/span><\/p>\n<p><img decoding=\"async\" src=\"https:\/\/lemotdujour.fr\/wp-content\/uploads\/2021\/06\/061021_2235_Vendredi11j6.jpg\" alt=\"\" \/><span style=\"color: #777777; font-family: Arial;\"><br \/>\n<\/span><\/p>\n<p><span style=\"color: maroon; font-family: Arial;\">&lt;1576&gt;<\/span><\/p>\n","protected":false},"excerpt":{"rendered":"<p>\u00ab\u00a0L&rsquo;amour du cin\u00e9ma m&rsquo;a permis de trouver une place dans l&rsquo;existence\u00a0\u00bb Bertrand Tavernier Le 25 avril 2021, le grand cin\u00e9aste, Bertrand Tavernier, aurait f\u00eat\u00e9 ses 80 ans. Mais, il ne les a pas f\u00eat\u00e9s parce qu&rsquo;il est mort avant, le<\/p>\n","protected":false},"author":1,"featured_media":0,"comment_status":"open","ping_status":"closed","sticky":false,"template":"","format":"standard","meta":{"footnotes":""},"categories":[1],"tags":[25,29,45],"class_list":["post-11491","post","type-post","status-publish","format-standard","hentry","category-motdujour","tag-cinema","tag-hommage","tag-lyon"],"_links":{"self":[{"href":"https:\/\/lemotdujour.fr\/index.php?rest_route=\/wp\/v2\/posts\/11491","targetHints":{"allow":["GET"]}}],"collection":[{"href":"https:\/\/lemotdujour.fr\/index.php?rest_route=\/wp\/v2\/posts"}],"about":[{"href":"https:\/\/lemotdujour.fr\/index.php?rest_route=\/wp\/v2\/types\/post"}],"author":[{"embeddable":true,"href":"https:\/\/lemotdujour.fr\/index.php?rest_route=\/wp\/v2\/users\/1"}],"replies":[{"embeddable":true,"href":"https:\/\/lemotdujour.fr\/index.php?rest_route=%2Fwp%2Fv2%2Fcomments&post=11491"}],"version-history":[{"count":6,"href":"https:\/\/lemotdujour.fr\/index.php?rest_route=\/wp\/v2\/posts\/11491\/revisions"}],"predecessor-version":[{"id":11501,"href":"https:\/\/lemotdujour.fr\/index.php?rest_route=\/wp\/v2\/posts\/11491\/revisions\/11501"}],"wp:attachment":[{"href":"https:\/\/lemotdujour.fr\/index.php?rest_route=%2Fwp%2Fv2%2Fmedia&parent=11491"}],"wp:term":[{"taxonomy":"category","embeddable":true,"href":"https:\/\/lemotdujour.fr\/index.php?rest_route=%2Fwp%2Fv2%2Fcategories&post=11491"},{"taxonomy":"post_tag","embeddable":true,"href":"https:\/\/lemotdujour.fr\/index.php?rest_route=%2Fwp%2Fv2%2Ftags&post=11491"}],"curies":[{"name":"wp","href":"https:\/\/api.w.org\/{rel}","templated":true}]}}