{"id":11476,"date":"2021-06-10T02:12:00","date_gmt":"2021-06-10T00:12:00","guid":{"rendered":"http:\/\/lemotdujour.fr\/?p=11476"},"modified":"2021-07-29T23:29:23","modified_gmt":"2021-07-29T21:29:23","slug":"jeudi-10-juin-2021","status":"publish","type":"post","link":"https:\/\/lemotdujour.fr\/?p=11476","title":{"rendered":"Jeudi 10 juin 2021"},"content":{"rendered":"<div class=\"mdjTexte\">\u00ab\u00a0Il en a vu, ce vieux th\u00e9\u00e2tre\u00a0\u00bb<\/div>\n<div class=\"mdjAuteur\">Gilbert Laffaille<\/div>\n<p><span style=\"color: #777777; font-family: Arial;\">Les salles de spectacles se remplissent peu \u00e0 peu, les jauges augmentent. Le couvre-feu est d\u00e9sormais \u00e0 23 heures<br \/>\n<\/span><\/p>\n<p><span style=\"color: #777777; font-family: Arial;\">Et la p\u00e9riode des abonnements pour la saison 2021-2022 a d\u00e9but\u00e9.<br \/>\n<\/span><\/p>\n<p><span style=\"color: #777777; font-family: Arial;\">\u00catre et vivre ensemble, partager l&rsquo;\u00e9motion artistique redevient possible.<br \/>\n<\/span><\/p>\n<p><img loading=\"lazy\" decoding=\"async\" class=\"alignleft\" src=\"https:\/\/lemotdujour.fr\/wp-content\/uploads\/2021\/06\/060921_2012_Jeudi10juin1.jpg\" alt=\"\" width=\"270\" height=\"436\" align=\"left\" \/><span style=\"color: #777777; font-family: Arial;\">L&rsquo;\u00e9mission de France Culture \u00ab\u00a0<strong>La concordance des temps<\/strong>\u00a0\u00bb du 5 juin 2021 \u00e9tait consacr\u00e9e au th\u00e9\u00e2tre\u00a0: <a href=\"https:\/\/www.franceculture.fr\/emissions\/concordance-des-temps\/le-theatre-toujours-en-crise\"><span style=\"color: #0000ff;\">&lt;Le th\u00e9\u00e2tre, toujours en crise ?<\/span> &gt;<\/a><br \/>\n<\/span><\/p>\n<p><span style=\"color: #777777; font-family: Arial;\">Emission tr\u00e8s int\u00e9ressante dans laquelle <strong>Jean-No\u00ebl Jeanneney <\/strong>recevait <strong>Pascale Goetschel<\/strong>, professeure \u00e0 la Sorbonne, qui vient de publier le livre \u00ab\u00a0<a href=\"https:\/\/livre.fnac.com\/a14967430\/Pascale-Goetschel-Une-autre-histoire-du-theatre-Discours-de-crise-et-pratiques-spectaculaires-France-XVIIIe-XXIe\"><span style=\"color: #0000ff;\">Une autre histoire du th\u00e9\u00e2tre : discours de crise et pratiques spectaculaires. France XVIIIe-XXIe si\u00e8cle<\/span>\u00a0<\/a>\u00bb \u00a0CNRS \u00e9ditions, 2021.<br \/>\n<\/span><\/p>\n<p><span style=\"color: #777777; font-family: Arial;\">Pascale Goetschel a consacr\u00e9 plusieurs ouvrages au th\u00e9\u00e2tre, la page de l&rsquo;\u00e9mission les cite\u00a0:<br \/>\n<\/span><\/p>\n<ul>\n<li><span style=\"color: #777777; font-family: Arial;\">\u00ab\u00a0Renouveau et d\u00e9centralisation du th\u00e9\u00e2tre\u00a0\u00bb, PUF, 2004.<br \/>\n<\/span><\/li>\n<li><span style=\"color: #777777; font-family: Arial;\">\u00ab\u00a0Au th\u00e9\u00e2tre ! La sortie au spectacle XIXe-XXIe si\u00e8cles\u00a0\u00bb, avec Jean-Claude Yon Publications de La Sorbonne, 2014.<br \/>\n<\/span><\/li>\n<li><span style=\"color: #777777; font-family: Arial;\">\u00ab\u00a0Directeurs de th\u00e9\u00e2tre XIXe-XXe si\u00e8cle. Histoire d&rsquo;une profession\u00a0\u00bb, avec Jean-Claude Yon Publications de la Sorbonne, 2008.<br \/>\n<\/span><\/li>\n<\/ul>\n<p><span style=\"color: #777777; font-family: Arial;\">Il s&rsquo;agit d&rsquo;Histoire, de sociologie du th\u00e9\u00e2tre. On sort de l&rsquo;\u00e9mission plus cultiv\u00e9.<br \/>\n<\/span><\/p>\n<p><span style=\"color: #777777; font-family: Arial;\">Par rapport \u00e0 la question pos\u00e9e par l&rsquo;\u00e9mission, Jean-No\u00ebl Jeanneney cite <strong>Jean Vilar <\/strong>le cr\u00e9ateur du Festival d&rsquo;Avignon et directeur du TNP de Villeurbanne de 1951 \u00e0 1963<strong>\u00a0:<br \/>\n<\/strong><\/span><\/p>\n<p style=\"margin-left: 28pt;\"><span style=\"color: #c00000; font-family: Arial;\">\u00ab\u00a0Tant que le th\u00e9\u00e2tre est en crise, il se porte bien\u00a0\u00bb<br \/>\n<\/span><\/p>\n<p><span style=\"color: #777777; font-family: Arial;\">Je n&rsquo;en dirai pas davantage sur l&rsquo;\u00e9mission que vous pouvez \u00e9couter derri\u00e8re ce lien\u00a0: <a href=\"https:\/\/www.franceculture.fr\/emissions\/concordance-des-temps\/le-theatre-toujours-en-crise\">&lt;<span style=\"color: #0000ff;\">Le th\u00e9\u00e2tre, toujours en crise ?<\/span> &gt;<\/a><br \/>\n<\/span><\/p>\n<p><span style=\"color: #777777; font-family: Arial;\">Au d\u00e9but de l&rsquo;\u00e9mission, Jean No\u00ebl Jeanneney a diffus\u00e9 une chanson de <span style=\"color: #0000ff;\"><a style=\"color: #0000ff;\" href=\"https:\/\/fr.wikipedia.org\/wiki\/Gilbert_Laffaille\"><strong>Gilbert Lafaille<\/strong><\/a><\/span><strong>, <\/strong>chanteur fran\u00e7ais n\u00e9 en 1948 que je ne connaissais pas<strong>.<br \/>\n<\/strong><\/span><\/p>\n<p><span style=\"color: #777777; font-family: Arial;\">J&rsquo;ai beaucoup aim\u00e9 cette chanson que je partage aujourd&rsquo;hui. <\/span><span style=\"color: #777777; font-family: Arial;\">En voici les paroles\u00a0:<br \/>\n<\/span><\/p>\n<p style=\"margin-left: 28pt;\"><span style=\"color: #c00000; font-family: Arial;\"><strong>\u00ab\u00a0Le vieux th\u00e9\u00e2tre<br \/>\n<\/strong><\/span><span style=\"color: #c00000; font-family: Arial;\"><em>Gilbert Laffaille<br \/>\n<\/em><\/span><\/p>\n<p style=\"margin-left: 28pt;\"><span style=\"color: #c00000; font-family: Arial;\"><a href=\"https:\/\/www.qobuz.com\/fr-fr\/album\/introuvables-gilbert-laffaille\/cyl74v0pf5sua\"><img loading=\"lazy\" decoding=\"async\" class=\" wp-image-11478 alignright\" src=\"https:\/\/lemotdujour.fr\/wp-content\/uploads\/2021\/06\/Gilbert-Laffaille-LE-vieux-Theatre-300x300.jpg\" alt=\"\" width=\"233\" height=\"233\" srcset=\"https:\/\/lemotdujour.fr\/wp-content\/uploads\/2021\/06\/Gilbert-Laffaille-LE-vieux-Theatre-300x300.jpg 300w, https:\/\/lemotdujour.fr\/wp-content\/uploads\/2021\/06\/Gilbert-Laffaille-LE-vieux-Theatre-150x150.jpg 150w, https:\/\/lemotdujour.fr\/wp-content\/uploads\/2021\/06\/Gilbert-Laffaille-LE-vieux-Theatre-230x230.jpg 230w, https:\/\/lemotdujour.fr\/wp-content\/uploads\/2021\/06\/Gilbert-Laffaille-LE-vieux-Theatre-365x365.jpg 365w, https:\/\/lemotdujour.fr\/wp-content\/uploads\/2021\/06\/Gilbert-Laffaille-LE-vieux-Theatre.jpg 600w\" sizes=\"auto, (max-width: 233px) 100vw, 233px\" \/><\/a>Il en a vu, ce vieux th\u00e9\u00e2tre avec ses vieux fauteuils qui grincent<br \/>\nIl en a vu, ce vieux th\u00e9\u00e2tre, des maharadjahs, des rois, des princes<br \/>\nIl en a vu des com\u00e9dies, des trag\u00e9dies, des quiproquos<br \/>\nDes amoureux de Goldoni et des valets de Marivaux<br \/>\n<\/span><\/p>\n<p style=\"margin-left: 28pt;\"><span style=\"color: #c00000; font-family: Arial;\">Il en a vu de toutes les sortes, des misanthropes et des avares<br \/>\nLes maris qui claquaient la porte et des amants dans des placards<br \/>\nDes Matamore au c\u0153ur qui flanche lorsque le rideau est tomb\u00e9<br \/>\nDes Don Juan qui br\u00fblaient les planches et ont du mal \u00e0 s&rsquo;en aller<br \/>\n<\/span><\/p>\n<p style=\"margin-left: 28pt;\"><span style=\"color: #c00000; font-family: Arial;\">Il en a vu des Sganarelle, des Figaro, des Ch\u00e9rubins<br \/>\nDes grands adieux, des faux rappels et des fourberies de Scapin<br \/>\nIl en a vu de dr\u00f4les de drames, il en a vu passer des noms<br \/>\nDes tout petits sur le programme et des tr\u00e8s gros sur le fronton<br \/>\n<\/span><\/p>\n<p style=\"margin-left: 28pt;\"><span style=\"color: #c00000; font-family: Arial;\">Il en a vu, ce vieux th\u00e9\u00e2tre, dans son velours et ses dorures<br \/>\nIl en a vu, ce vieux th\u00e9\u00e2tre, des cheveux mauves et des fourrures<br \/>\nDes oiseaux noirs aux yeux \u00e9tranges, des philosophes et des marquises<br \/>\nDes sans-le-sou qui donnent le change et des banquiers qui se d\u00e9guisent<br \/>\n<\/span><\/p>\n<p style=\"margin-left: 28pt;\"><span style=\"color: #c00000; font-family: Arial;\">Il en a vu des Sganarelle, des Figaro, des Ch\u00e9rubins<br \/>\nDes grands adieux, des faux rappels et des fourberies de Scapin<br \/>\nIl en a vu des regards tristes, de la corbeille au poulailler<br \/>\nDes moues blas\u00e9es de journalistes et des sourires \u00e9merveill\u00e9s<br \/>\n<\/span><\/p>\n<p style=\"margin-left: 28pt;\"><span style=\"color: #c00000; font-family: Arial;\">Il en a vu des Cyrano aller se battre sans armure<br \/>\nEt recevoir tant de bravos qu&rsquo;ils en ont fait craquer ses murs<br \/>\nMais c&rsquo;est peut-\u00eatre le fant\u00f4me qui fait grincer le bois des plinthes<br \/>\nQuand il revient de son royaume pour jouer devant la salle \u00e9teinte.\u00a0\u00bb<br \/>\n<\/span><\/p>\n<p><span style=\"color: #777777; font-family: Arial;\">Et voici un lien vers une interpr\u00e9tation audio : &lt;<a href=\"https:\/\/www.youtube.com\/watch?v=zCU7aLg-xcc\"><span style=\"color: #0000ff;\">Le vieux th\u00e9\u00e2tre<\/span><\/a>&gt;<br \/>\n<\/span><\/p>\n<p><img decoding=\"async\" src=\"https:\/\/lemotdujour.fr\/wp-content\/uploads\/2021\/06\/060921_2012_Jeudi10juin2.jpg\" alt=\"\" \/><span style=\"font-family: Arial; text-decoration: underline;\"><em>Th\u00e9\u00e2tre des C\u00e9lestins \u00e0 Lyon<br \/>\n<\/em><\/span><\/p>\n<p><span style=\"color: maroon; font-family: Arial;\">&lt;1572&gt;<\/span><\/p>\n","protected":false},"excerpt":{"rendered":"<p>\u00ab\u00a0Il en a vu, ce vieux th\u00e9\u00e2tre\u00a0\u00bb Gilbert Laffaille Les salles de spectacles se remplissent peu \u00e0 peu, les jauges augmentent. Le couvre-feu est d\u00e9sormais \u00e0 23 heures Et la p\u00e9riode des abonnements pour la saison 2021-2022 a d\u00e9but\u00e9. \u00catre<\/p>\n","protected":false},"author":1,"featured_media":0,"comment_status":"open","ping_status":"closed","sticky":false,"template":"","format":"standard","meta":{"footnotes":""},"categories":[1],"tags":[193,107,58],"class_list":["post-11476","post","type-post","status-publish","format-standard","hentry","category-motdujour","tag-chanson","tag-culture","tag-theatre"],"_links":{"self":[{"href":"https:\/\/lemotdujour.fr\/index.php?rest_route=\/wp\/v2\/posts\/11476","targetHints":{"allow":["GET"]}}],"collection":[{"href":"https:\/\/lemotdujour.fr\/index.php?rest_route=\/wp\/v2\/posts"}],"about":[{"href":"https:\/\/lemotdujour.fr\/index.php?rest_route=\/wp\/v2\/types\/post"}],"author":[{"embeddable":true,"href":"https:\/\/lemotdujour.fr\/index.php?rest_route=\/wp\/v2\/users\/1"}],"replies":[{"embeddable":true,"href":"https:\/\/lemotdujour.fr\/index.php?rest_route=%2Fwp%2Fv2%2Fcomments&post=11476"}],"version-history":[{"count":8,"href":"https:\/\/lemotdujour.fr\/index.php?rest_route=\/wp\/v2\/posts\/11476\/revisions"}],"predecessor-version":[{"id":11916,"href":"https:\/\/lemotdujour.fr\/index.php?rest_route=\/wp\/v2\/posts\/11476\/revisions\/11916"}],"wp:attachment":[{"href":"https:\/\/lemotdujour.fr\/index.php?rest_route=%2Fwp%2Fv2%2Fmedia&parent=11476"}],"wp:term":[{"taxonomy":"category","embeddable":true,"href":"https:\/\/lemotdujour.fr\/index.php?rest_route=%2Fwp%2Fv2%2Fcategories&post=11476"},{"taxonomy":"post_tag","embeddable":true,"href":"https:\/\/lemotdujour.fr\/index.php?rest_route=%2Fwp%2Fv2%2Ftags&post=11476"}],"curies":[{"name":"wp","href":"https:\/\/api.w.org\/{rel}","templated":true}]}}