{"id":11457,"date":"2021-06-09T00:38:48","date_gmt":"2021-06-08T22:38:48","guid":{"rendered":"http:\/\/lemotdujour.fr\/?p=11457"},"modified":"2021-07-29T23:28:42","modified_gmt":"2021-07-29T21:28:42","slug":"mercredi-9-juin-2021","status":"publish","type":"post","link":"https:\/\/lemotdujour.fr\/?p=11457","title":{"rendered":"Mercredi 9 juin 2021"},"content":{"rendered":"<div class=\"mdjTexte\">\u00ab Osez Jos\u00e9phine \u00bb<\/div>\n<div class=\"mdjAuteur\">Titre d&rsquo;une p\u00e9tition<\/div>\n<p><span style=\"color: #777777; font-family: Arial;\">\u00ab\u00a0<a href=\"https:\/\/www.youtube.com\/watch?v=3GGNtHzuGys\"><span style=\"color: #0000ff;\">Osez Jos\u00e9phine<\/span>\u00a0<\/a>\u00bb est une chanson et un album d&rsquo;Alain Bashung paru en 1991.<br \/>\n<\/span><\/p>\n<p><span style=\"color: #777777; font-family: Arial;\">Mais, en ce moment, \u00ab\u00a0<strong>Osez Jos\u00e9phine<\/strong>\u00a0\u00bb pr\u00e9sente une autre signification.<br \/>\n<\/span><\/p>\n<p><span style=\"color: #777777; font-family: Arial;\">Aujourd&rsquo;hui, c&rsquo;est une p\u00e9tition qui demande l&rsquo;entr\u00e9e au Panth\u00e9on de <strong>Jos\u00e9phine Baker.<\/strong>.<br \/>\n<\/span><\/p>\n<p><span style=\"color: #777777; font-family: Arial;\"><img loading=\"lazy\" decoding=\"async\" class=\"wp-image-11462 alignleft\" src=\"https:\/\/lemotdujour.fr\/wp-content\/uploads\/2021\/06\/Josephine-Baker-1.jpg\" alt=\"\" width=\"341\" height=\"256\" srcset=\"https:\/\/lemotdujour.fr\/wp-content\/uploads\/2021\/06\/Josephine-Baker-1.jpg 600w, https:\/\/lemotdujour.fr\/wp-content\/uploads\/2021\/06\/Josephine-Baker-1-300x225.jpg 300w\" sizes=\"auto, (max-width: 341px) 100vw, 341px\" \/>Le magazine \u00ab\u00a0<strong>ELLE<\/strong>\u00a0\u00bb explique dans son article : \u00ab <a href=\"https:\/\/www.elle.fr\/Societe\/News\/Osez-Josephine-une-petition-pour-faire-entrer-Josephine-Baker-au-Pantheon-3928398\"><span style=\"color: #0000ff;\">Osez Jos\u00e9phine<\/span><\/a> \u00bb :<br \/>\n<\/span><\/p>\n<p style=\"margin-left: 28pt;\"><span style=\"color: #c00000; font-family: Arial;\">\u00ab \u00c0 l&rsquo;occasion de la f\u00eate de l&rsquo;Armistice du 8 mai 1945, l&rsquo;essayiste Laurent Kupferman a d\u00e9cid\u00e9 de mettre en place cette p\u00e9tition. Pour lui, l&rsquo;artiste et militante est un symbole d&rsquo;unit\u00e9 nationale. <\/span><span style=\"color: #c00000; font-family: Arial;\">[\u2026] Jos\u00e9phine Baker, premi\u00e8re star internationale noire, a un parcours assez atypique. Muse des cubistes dans les ann\u00e9es 1930, elle devient ensuite r\u00e9sistante dans l&rsquo;arm\u00e9e fran\u00e7aise durant la Seconde Guerre mondiale et activiste aux c\u00f4t\u00e9s de Martin Luther King pour les droits civiques aux \u00c9tats-Unis d&rsquo;Am\u00e9rique et en France aux c\u00f4t\u00e9s de la Licra\u00a0\u00bb<br \/>\n<\/span><\/p>\n<p><span style=\"color: #777777; font-family: Arial;\">Pour l&rsquo;instant, il n&rsquo;y a que 5 femmes qui reposent au Panth\u00e9on, contre 75 hommes.<br \/>\n<\/span><\/p>\n<p><span style=\"color: #777777; font-family: Arial;\">Dans &lt;<span style=\"color: #0000ff;\"><a style=\"color: #0000ff;\" href=\"https:\/\/lemotdujour.fr\/?p=11352\">le mot du jour du 17 mai 2021<\/a><\/span>&gt; j&rsquo;avais \u00e9voqu\u00e9 les obstacles qui se dressent sur le chemin de la panth\u00e9onisation de <strong>Gis\u00e8le Halimi<\/strong>.<br \/>\n<\/span><\/p>\n<p><span style=\"color: #777777; font-family: Arial;\">Outre son genre, Jos\u00e9phine Baker pr\u00e9sente deux autres caract\u00e9ristiques absentes au Panth\u00e9on : <\/span><span style=\"color: #777777; font-family: Arial;\">Sur ces 80 r\u00e9sidents, il n&rsquo;y a aucun artiste de spectacle vivant et aucune personne racis\u00e9e<br \/>\n<\/span><\/p>\n<p><span style=\"color: #777777; font-family: Arial;\">Je dois avouer que je ne savais pas grand-chose de Jos\u00e9phine Baker.<br \/>\n<\/span><\/p>\n<p><span style=\"color: #777777; font-family: Arial;\">Mais j&rsquo;ai d&rsquo;abord \u00e9t\u00e9 inform\u00e9 de la p\u00e9tition par &lt;<span style=\"color: #0000ff;\"><a style=\"color: #0000ff;\" href=\"https:\/\/www.franceinter.fr\/emissions\/le-billet-de-francois-morel\/le-billet-de-francois-morel-04-juin-2021\">le billet du 4 juin<\/a><\/span>&gt; de <strong>Fran\u00e7ois Morel<\/strong>\u00a0:<br \/>\n<\/span><\/p>\n<p style=\"margin-left: 28pt;\"><span style=\"color: #c00000; font-family: Arial;\"><img loading=\"lazy\" decoding=\"async\" class=\"wp-image-11466 alignleft\" src=\"https:\/\/lemotdujour.fr\/wp-content\/uploads\/2021\/06\/Josephine3.jpg\" alt=\"\" width=\"441\" height=\"294\" srcset=\"https:\/\/lemotdujour.fr\/wp-content\/uploads\/2021\/06\/Josephine3.jpg 1500w, https:\/\/lemotdujour.fr\/wp-content\/uploads\/2021\/06\/Josephine3-300x200.jpg 300w, https:\/\/lemotdujour.fr\/wp-content\/uploads\/2021\/06\/Josephine3-1024x683.jpg 1024w, https:\/\/lemotdujour.fr\/wp-content\/uploads\/2021\/06\/Josephine3-768x512.jpg 768w\" sizes=\"auto, (max-width: 441px) 100vw, 441px\" \/>\u00ab\u00a0Entre ici, Jos\u00e9phine Baker avec ton amoureux cort\u00e8ge de plumes et de bananes et d&rsquo;enfants adopt\u00e9s et de combats contre le racisme et de courage.<br \/>\n<\/span><\/p>\n<p style=\"margin-left: 28pt;\"><span style=\"color: #c00000; font-family: Arial;\">Car Jos\u00e9phine fit partie de ce \u00ab\u00a0d\u00e9sordre de courage\u00a0\u00bb comme le disait Andr\u00e9 Malraux devant le cercueil de Jean Moulin, \u00e9voquant la r\u00e9sistance.<br \/>\n<\/span><\/p>\n<p style=\"margin-left: 28pt;\"><span style=\"color: #c00000; font-family: Arial;\">Entre ici Jos\u00e9phine avec tes chansons de Vincent Scotto et ton parcours admirable d&rsquo;icone des ann\u00e9es folles devenue militante du Mouvement des droits civiques de Martin Luter-King. [\u2026]<br \/>\n<\/span><\/p>\n<p style=\"margin-left: 28pt;\"><span style=\"color: #c00000; font-family: Arial;\">Entre ici Jos\u00e9phine, avec ton cort\u00e8ge de danses et de chansons, de rythmes et de r\u00eaves de music-hall.<br \/>\n<\/span><\/p>\n<p style=\"margin-left: 28pt;\"><span style=\"color: #c00000; font-family: Arial;\">Rentre ici, pas parce que tu es une femme, pas parce que tu es une noire mais parce que, toi aussi, tu avais fini par devenir un visage de la France.<br \/>\n<\/span><\/p>\n<p style=\"margin-left: 28pt;\"><span style=\"color: #c00000; font-family: Arial;\">Et parce qu&rsquo;\u00e9tant femme, et parce qu&rsquo;\u00e9tant noire, tu peux r\u00e9ussir \u00e0 transmettre un message \u00e0 une jeunesse qui sans doute n&rsquo;a jamais entendu parler de toi. \u00ab\u00a0Aujourd&rsquo;hui, jeunesse, puisses-tu penser \u00e0 cette femme\u00a0\u00bb.<br \/>\n<\/span><\/p>\n<p style=\"margin-left: 28pt;\"><span style=\"color: #c00000; font-family: Arial;\">Entre ici Jos\u00e9phine qui, ne pouvant avoir d&rsquo;enfants, en adopta douze, de toutes origines, qu&rsquo;elle appelle \u00ab\u00a0sa tribu arc-en-ciel\u00a0\u00bb. Comme disait \u00e0 peu pr\u00e8s Mark Twain \u00ab\u00a0Elle ne savait pas que c&rsquo;\u00e9tait impossible, alors elle l&rsquo;a fait\u00a0\u00bb.<br \/>\n<\/span><\/p>\n<p style=\"margin-left: 28pt;\"><span style=\"color: #c00000; font-family: Arial;\">Entre ici Jos\u00e9phine si affectueuse avec les animaux en libert\u00e9 dans sa maison du V\u00e9sinet, les chats, les ch\u00e8vres, les cochons et, tenue en laisse, un gu\u00e9pard, Chiquita qui, \u00e0 la ville, comme \u00e0 la sc\u00e8ne l&rsquo;accompagne.\u00a0\u00bb<br \/>\n<\/span><\/p>\n<p><span style=\"color: #777777; font-family: Arial;\">Puis j&rsquo;ai entendu une \u00e9mission sur France Musique\u00a0: <strong>Musicopolis\u00a0: <\/strong><span style=\"color: #0000ff;\"><a style=\"color: #0000ff;\" href=\"https:\/\/www.francemusique.fr\/emissions\/musicopolis\/josephine-baker-une-americaine-a-paris-95502\">&lt; Jos\u00e9phine Baker, une am\u00e9ricaine \u00e0 Paris &gt; <\/a><span style=\"color: #777777; font-family: Arial;\">qui revient davnatage sur sa carri\u00e8re musicale quand elle est arriv\u00e9e \u00e0 Paris&gt;<\/span><\/span><\/span><\/p>\n<p><span style=\"color: #777777; font-family: Arial;\"><img loading=\"lazy\" decoding=\"async\" class=\"wp-image-11464 alignright\" src=\"https:\/\/lemotdujour.fr\/wp-content\/uploads\/2021\/06\/Josephine-La-revue-negre.jpg\" alt=\"\" width=\"260\" height=\"350\" srcset=\"https:\/\/lemotdujour.fr\/wp-content\/uploads\/2021\/06\/Josephine-La-revue-negre.jpg 595w, https:\/\/lemotdujour.fr\/wp-content\/uploads\/2021\/06\/Josephine-La-revue-negre-223x300.jpg 223w\" sizes=\"auto, (max-width: 260px) 100vw, 260px\" \/>E<\/span><span style=\"color: #777777; font-family: Arial;\">lle arriv<\/span><span style=\"color: #777777; font-family: Arial;\">e \u00e0 19 ans et avec une troupe de 25 chanteurs et danseurs noirs va obtenir un succ\u00e8s retentissant avec un spectacle appel\u00e9 \u00ab <strong>la \u00ab\u00a0Revue N\u00e8gre<\/strong><\/span><span style=\"color: #777777; font-family: Arial;\">\u00a0\u00bb<\/span><a href=\"https:\/\/www.francemusique.fr\/emissions\/musicopolis\/josephine-baker-une-americaine-a-paris-95502\"><span style=\"color: #777777; font-family: Arial;\"><br \/>\n<\/span><\/a><span style=\"color: #777777; font-family: Arial;\">Oui ! parce qu&rsquo;\u00e0 cette \u00e9poque on avait le droit d&rsquo;utiliser le terme de n\u00e8gre.<br \/>\n<\/span><\/p>\n<p><span style=\"color: #777777; font-family: Arial;\">Ces deux \u00e9missions m&rsquo;ont conduit \u00e0 m&rsquo;int\u00e9resser \u00e0 la vie et au destin de Jos\u00e9phine Baker.<br \/>\n<\/span><\/p>\n<p><span style=\"color: #777777; font-family: Arial;\">Gr\u00e2ce \u00e0 <\/span><a style=\"color: #0000ff;\" href=\"https:\/\/fr.wikipedia.org\/wiki\/Jos%C3%A9phine_Baker\">Wikipedia<\/a><span style=\"color: #777777; font-family: Arial;\"> on peut avoir une vision assez compl\u00e8te de ce destin.<br \/>\n<span style=\"color: #777777; font-family: Arial;\">Jos\u00e9phine Baker est n\u00e9e <strong>Freda Josephine McDonald<\/strong> le 3 juin 1906 \u00e0 Saint-Louis, dans le Missouri, dans un pays s\u00e9gr\u00e9gationniste et profond\u00e9ment raciste.<\/span><\/span><\/p>\n<p><span style=\"color: #777777; font-family: Arial;\">Elle est n\u00e9e dans une famille tr\u00e8s pauvre. <\/span><span style=\"color: #777777; font-family: Arial;\">La jeune femme passe une partie de son enfance \u00e0 alterner l&rsquo;\u00e9cole et les travaux domestiques pour des gens ais\u00e9s chez qui sa m\u00e8re l&rsquo;envoie travailler.<br \/>\n<\/span><\/p>\n<p><span style=\"color: #777777; font-family: Arial;\">Elle se marie une premi\u00e8re fois \u00e0 13 ans. <\/span><span style=\"color: #777777; font-family: Arial;\">Ce mariage ne durera pas longtemps et Jos\u00e9phine Baker a une passion pour la danse. Elle va int\u00e9grer diverses troupes. Lors d&rsquo;une tourn\u00e9e, elle va rencontrer \u00e0 Philadelphie Willie Baker, qu&rsquo;elle \u00e9pouse en 1921, donc \u00e0 15 ans. Elle gardera ce nom pour la suite de sa vie bien qu&rsquo;elle divorcera \u00e0 nouveau et contractera encore d&rsquo;autres mariages.<br \/>\n<\/span><\/p>\n<p><span style=\"color: #777777; font-family: Arial;\">Elle vivra son arriv\u00e9e \u00e0 Paris comme une lib\u00e9ration. Elle dira\u00a0:<br \/>\n<\/span><\/p>\n<p style=\"margin-left: 28pt;\"><span style=\"color: #c00000; font-family: Arial;\">\u00ab Un jour j&rsquo;ai r\u00e9alis\u00e9 que j&rsquo;habitais dans un pays o\u00f9 j&rsquo;avais peur d&rsquo;\u00eatre noire. C&rsquo;\u00e9tait un pays r\u00e9serv\u00e9 aux Blancs. Il n&rsquo;y avait pas de place pour les Noirs. J&rsquo;\u00e9touffais aux \u00c9tats-Unis. Beaucoup d&rsquo;entre nous sommes partis, pas parce que nous le voulions, mais parce que nous ne pouvions plus supporter \u00e7a\u2026 Je me suis sentie lib\u00e9r\u00e9e \u00e0 Paris \u00bb<br \/>\n<\/span><\/p>\n<p><span style=\"color: #777777; font-family: Arial;\">Elle \u00e9blouira Paris et la France par sa v\u00e9locit\u00e9 et l&rsquo;enthousiasme de ses danses et puis elle commencera \u00e0 chanter.<br \/>\n<\/span><\/p>\n<p><span style=\"color: #777777; font-family: Arial;\"><img loading=\"lazy\" decoding=\"async\" class=\" wp-image-11465 alignleft\" src=\"https:\/\/lemotdujour.fr\/wp-content\/uploads\/2021\/06\/Jospehine-Baker-2.jpg\" alt=\"\" width=\"267\" height=\"334\" srcset=\"https:\/\/lemotdujour.fr\/wp-content\/uploads\/2021\/06\/Jospehine-Baker-2.jpg 500w, https:\/\/lemotdujour.fr\/wp-content\/uploads\/2021\/06\/Jospehine-Baker-2-240x300.jpg 240w\" sizes=\"auto, (max-width: 267px) 100vw, 267px\" \/>Elle participera activement \u00e0 la r\u00e9sistance. Elle s&rsquo;acquitte durant la guerre de missions importantes, et reste connue pour avoir utilis\u00e9 ses partitions musicales pour dissimuler des messages. Lors de sa premi\u00e8re mission \u00e0 destination de Lisbonne, elle cache dans son soutien-gorge un microfilm contenant une liste d&rsquo;espions nazis, qu&rsquo;elle remet \u00e0 des agents britanniques.<br \/>\n<\/span><\/p>\n<p><span style=\"color: #777777; font-family: Arial;\">Un autre aspect de sa vie est \u00e9tonnante. Elle \u00e9pousera un homme riche du nom de Jo Bouillon, et ach\u00e8tera avec lui le ch\u00e2teau des Milandes en Dordogne o\u00f9 elle vivra jusqu&rsquo;en 1969. Elle y accueille douze enfants de toutes origines qu&rsquo;elle a adopt\u00e9s et qu&rsquo;elle appelle sa \u00ab <strong>tribu arc-en-ciel <\/strong>\u00bb. La fin de sa vie fut obscurcie par de tr\u00e8s grandes difficult\u00e9s financi\u00e8res.<br \/>\n<\/span><\/p>\n<p><span style=\"color: #777777; font-family: Arial;\">Elle mourra d&rsquo;une h\u00e9morragie c\u00e9r\u00e9brale \u00e0 68 ans le 12 avril 1975, juste apr\u00e8s un dernier spectacle qu&rsquo;elle aura donn\u00e9 le 9 avril 1975 \u00e0 Bobino dans le cadre d&rsquo;une s\u00e9rie de concerts c\u00e9l\u00e9brant ses cinquante ans de carri\u00e8re.<\/span><\/p>\n<p><span style=\"color: #777777; font-family: Arial;\">Dans le Magazine \u00ab\u00a0Elle \u00a0\u00bb on lit que l&rsquo;auteur de la p\u00e9tition Laurent Kupferman, donne la raison de son initiative\u00a0:<br \/>\n<\/span><\/p>\n<p style=\"margin-left: 28pt;\"><span style=\"color: #c00000; font-family: Arial;\">\u00ab Une femme libre, f\u00e9ministe, une r\u00e9sistante et une personnalit\u00e9 engag\u00e9e contre le racisme. De son vivant, la France a d\u00e9j\u00e0 d\u00e9cor\u00e9 cette femme d&rsquo;exception. Elle a re\u00e7u quatre m\u00e9dailles, dont celle de Chevalier de L\u00e9gion d&rsquo;honneur \u00e0 titre militaire. Sa panth\u00e9onisation serait un puissant symbole d&rsquo;unit\u00e9 nationale, d&rsquo;\u00e9mancipation et d&rsquo;universalisme \u00e0 la fran\u00e7aise \u00bb<br \/>\n<\/span><\/p>\n<p><span style=\"color: #777777; font-family: Arial;\">France Inter a aussi publi\u00e9 une page sur cette initiative :<span style=\"color: #0000ff;\"> <a style=\"color: #0000ff;\" href=\"https:\/\/www.franceinter.fr\/osez-josephine-la-petition-qui-plaide-pour-l-entree-de-josephine-baker-au-pantheon\">&lt;\u00ab\u00a0Osez Jos\u00e9phine\u00a0\u00bb, la p\u00e9tition qui plaide pour l&rsquo;entr\u00e9e de Jos\u00e9phine Baker au Panth\u00e9on&gt;<\/a><\/span><br \/>\n<\/span><\/p>\n<p><span style=\"color: #800000;\">&lt;1571&gt;<\/span><\/p>\n","protected":false},"excerpt":{"rendered":"<p>\u00ab Osez Jos\u00e9phine \u00bb Titre d&rsquo;une p\u00e9tition \u00ab\u00a0Osez Jos\u00e9phine\u00a0\u00bb est une chanson et un album d&rsquo;Alain Bashung paru en 1991. Mais, en ce moment, \u00ab\u00a0Osez Jos\u00e9phine\u00a0\u00bb pr\u00e9sente une autre signification. Aujourd&rsquo;hui, c&rsquo;est une p\u00e9tition qui demande l&rsquo;entr\u00e9e au Panth\u00e9on de<\/p>\n","protected":false},"author":1,"featured_media":0,"comment_status":"open","ping_status":"closed","sticky":false,"template":"","format":"standard","meta":{"footnotes":""},"categories":[1],"tags":[193,36,15,103],"class_list":["post-11457","post","type-post","status-publish","format-standard","hentry","category-motdujour","tag-chanson","tag-feminisme","tag-france","tag-racisme"],"_links":{"self":[{"href":"https:\/\/lemotdujour.fr\/index.php?rest_route=\/wp\/v2\/posts\/11457","targetHints":{"allow":["GET"]}}],"collection":[{"href":"https:\/\/lemotdujour.fr\/index.php?rest_route=\/wp\/v2\/posts"}],"about":[{"href":"https:\/\/lemotdujour.fr\/index.php?rest_route=\/wp\/v2\/types\/post"}],"author":[{"embeddable":true,"href":"https:\/\/lemotdujour.fr\/index.php?rest_route=\/wp\/v2\/users\/1"}],"replies":[{"embeddable":true,"href":"https:\/\/lemotdujour.fr\/index.php?rest_route=%2Fwp%2Fv2%2Fcomments&post=11457"}],"version-history":[{"count":8,"href":"https:\/\/lemotdujour.fr\/index.php?rest_route=\/wp\/v2\/posts\/11457\/revisions"}],"predecessor-version":[{"id":11915,"href":"https:\/\/lemotdujour.fr\/index.php?rest_route=\/wp\/v2\/posts\/11457\/revisions\/11915"}],"wp:attachment":[{"href":"https:\/\/lemotdujour.fr\/index.php?rest_route=%2Fwp%2Fv2%2Fmedia&parent=11457"}],"wp:term":[{"taxonomy":"category","embeddable":true,"href":"https:\/\/lemotdujour.fr\/index.php?rest_route=%2Fwp%2Fv2%2Fcategories&post=11457"},{"taxonomy":"post_tag","embeddable":true,"href":"https:\/\/lemotdujour.fr\/index.php?rest_route=%2Fwp%2Fv2%2Ftags&post=11457"}],"curies":[{"name":"wp","href":"https:\/\/api.w.org\/{rel}","templated":true}]}}