{"id":11434,"date":"2021-06-08T01:00:00","date_gmt":"2021-06-07T23:00:00","guid":{"rendered":"http:\/\/lemotdujour.fr\/?p=11434"},"modified":"2021-07-29T23:27:47","modified_gmt":"2021-07-29T21:27:47","slug":"mardi-8-juin-2021","status":"publish","type":"post","link":"https:\/\/lemotdujour.fr\/?p=11434","title":{"rendered":"Mardi 8 juin 2021"},"content":{"rendered":"<div class=\"mdjTexte\">\u00ab Les 9 symphonies de Beethoven interpr\u00e9t\u00e9es par 9 orchestres dans 9 villes d&rsquo;Europe \u00bb<\/div>\n<div class=\"mdjAuteur\">La journ\u00e9e Beethoven 2021 organis\u00e9e par ARTE<\/div>\n<p><span style=\"color: #777777; font-family: Arial;\">C&rsquo;\u00e9tait en 2020 que nous avons c\u00e9l\u00e9br\u00e9 les 250 ans de la naissance de Ludwig van Beethoven.<br \/><\/span><\/p>\n<p><span style=\"color: #777777; font-family: Arial;\">Il est n\u00e9 en d\u00e9cembre 1770 \u00e0 Bonn. J&rsquo;avais \u00e9crit la s\u00e9rie sur Beethoven du 10 au 30 d\u00e9cembre 2020. Vous trouverez la page de cette s\u00e9rie derri\u00e8re ce lien\u00a0: &lt;<span style=\"color: #0000ff;\"><a style=\"color: #0000ff;\" href=\"https:\/\/lemotdujour.fr\/?page_id=11241\">Beethoven est n\u00e9 il y a 250 ans<\/a><\/span>&gt;<br \/><\/span><\/p>\n<p><span style=\"color: #777777; font-family: Arial;\">ARTE avait l&rsquo;intention de faire une journ\u00e9e sp\u00e9ciale Beethoven lors de cette ann\u00e9e 2020.<br \/><\/span><\/p>\n<p><span style=\"color: #777777; font-family: Arial;\">Le concept \u00e9tait de faire interpr\u00e9ter la m\u00eame journ\u00e9e, successivement les 9 symphonies, dans 9 villes d&rsquo;Europe, avec 9 orchestres et chefs diff\u00e9rents.<br \/><\/span><\/p>\n<p><span style=\"color: #777777; font-family: Arial;\">Plusieurs de ces concerts devaient avoir lieu en ext\u00e9rieur.<br \/><\/span><\/p>\n<p><span style=\"color: #777777; font-family: Arial;\">C&rsquo;est pourquoi, ARTE n&rsquo;a pas choisi le mois de naissance, d\u00e9cembre, pour cette c\u00e9l\u00e9bration mais le mois pendant lequel les jours sont les plus longs\u00a0: juin 2020.<br \/><\/span><\/p>\n<p><span style=\"color: #777777; font-family: Arial;\">Mais je n&rsquo;apprends rien \u00e0 personne, puisque nous l&rsquo;avons tous v\u00e9cu. La France, l&rsquo;Europe, le Monde tous \u00e0 des degr\u00e9s divers nous \u00e9tions confin\u00e9s en raison de cette incroyable pand\u00e9mie qui s&rsquo;est abattue sur notre esp\u00e8ce.<br \/><\/span><\/p>\n<p><span style=\"color: #777777; font-family: Arial;\">La seule solution raisonnable \u00e9tait de reporter.<br \/><\/span><\/p>\n<p><span style=\"color: #777777; font-family: Arial;\">Et c&rsquo;est ainsi qu&rsquo;un an plus tard, le 6 juin 2021, ARTE a pu enfin aller au bout de son id\u00e9e. Ce fut un marathon musical De 12 h 45 jusque tard dans la nuit.<br \/><\/span><\/p>\n<p><span style=\"color: #777777; font-family: Arial;\">C&rsquo;est une somptueuse et merveilleuse id\u00e9e.<br \/><\/span><\/p>\n<p><span style=\"color: #777777; font-family: Arial;\">Et il est possible de regarder ces 9 bijoux pendant 6 mois encore jusqu&rsquo;\u00e0 la fin de l&rsquo;ann\u00e9e sur &lt;<a href=\"https:\/\/www.arte.tv\/fr\/videos\/RC-021108\/la-journee-beethoven-2021\/\"><span style=\"color: #0000ff;\">ARTE REPLAY<\/span><\/a>&gt;.<br \/><\/span><\/p>\n<p><span style=\"color: #777777; font-family: Arial;\">ARTE a plac\u00e9 l&rsquo;Europe au centre de son hommage au g\u00e9nial d\u00e9miurge. C&rsquo;est en raison de son engagement humaniste que l&rsquo;Europe a choisi symboliquement l&rsquo;Ode \u00e0 la joie sur un po\u00e8me de Schiller, conclusion de la IXe Symphonie, comme hymne de l&rsquo;Union europ\u00e9enne. D&rsquo;o\u00f9 le projet de voyager de ville en ville en une seule journ\u00e9e, au fil des neuf symphonies cr\u00e9\u00e9es par Beethoven entre 1800 et 1824, interpr\u00e9t\u00e9es par neuf orchestres diff\u00e9rents sous la baguette de neuf chefs diff\u00e9rents !<br \/><\/span><\/p>\n<p><span style=\"color: #777777; font-family: Arial;\">LE 6 juin ARTE a diffus\u00e9 les symphonies dans l&rsquo;ordre chronologique, sept des neuf concerts \u00e9taient capt\u00e9s en direct.<br \/><\/span><\/p>\n<p><span style=\"color: #777777; font-family: Arial;\">Je ne suivrais pas cet ordre pour la pr\u00e9sentation<\/span><\/p>\n<p><span style=\"color: #777777; font-family: Arial; text-decoration: underline;\"><strong>Symphonie n\u00b0 1 Opus 21 (1800)<br \/><\/strong><\/span><\/p>\n<p><span style=\"color: #777777; font-family: Arial;\">Tr\u00e8s naturellement le marathon a commenc\u00e9 dans la ville natale de Beethoven Bonn<br \/><\/span><\/p>\n<p><span style=\"color: #777777; font-family: Arial;\">Le concert a \u00e9t\u00e9 diffus\u00e9e en direct <strong>depuis la cour du ch\u00e2teau des Princes-\u00c9lecteurs. <\/strong>Dans ce ch\u00e2teau, Beethoven a commenc\u00e9 sa vie musicale publique.<br \/><\/span><span style=\"color: #777777; font-family: Arial;\">L&rsquo;orchestre choisi pour d\u00e9buter est le formidable <strong>Mahler Chamber Orchestra<\/strong> fond\u00e9 par Claudio Abbado en 1997.<br \/><\/span><span style=\"color: #777777; font-family: Arial;\">Tr\u00e8s rapidement <strong>Daniel Harding<\/strong> devint le chef associ\u00e9 \u00e0 la t\u00eate de cet Orchestre. Daniel Harding qui devint plus r\u00e9cemment Directeur de l&rsquo;Orchestre de Paris, mais quitta sa fonction pour devenir Pilote de ligne. Je ne sais pas si c&rsquo;est en raison de la pand\u00e9mie qui a d\u00e9vast\u00e9 les compagnies a\u00e9riennes qu&rsquo;il a repris des fonctions de directeur musical \u00e0 l&rsquo;Orchestre de la Radio su\u00e9doise ou s&rsquo;il avait jug\u00e9 ce pr\u00e9texte Cr\u00e9dible pour quitter l&rsquo;Orchestre de Paris avec qui la relation de confiance \u00e9tait disons mesur\u00e9e.<br \/><\/span><\/p>\n<p><img loading=\"lazy\" decoding=\"async\" class=\"alignnone size-full wp-image-11446\" src=\"https:\/\/lemotdujour.fr\/wp-content\/uploads\/2021\/06\/1-Bonn.png\" alt=\"\" width=\"1917\" height=\"981\" srcset=\"https:\/\/lemotdujour.fr\/wp-content\/uploads\/2021\/06\/1-Bonn.png 1917w, https:\/\/lemotdujour.fr\/wp-content\/uploads\/2021\/06\/1-Bonn-300x154.png 300w, https:\/\/lemotdujour.fr\/wp-content\/uploads\/2021\/06\/1-Bonn-1024x524.png 1024w, https:\/\/lemotdujour.fr\/wp-content\/uploads\/2021\/06\/1-Bonn-768x393.png 768w, https:\/\/lemotdujour.fr\/wp-content\/uploads\/2021\/06\/1-Bonn-1536x786.png 1536w\" sizes=\"auto, (max-width: 1917px) 100vw, 1917px\" \/><\/p>\n<p><span style=\"color: #777777; font-family: Arial;\">&lt;<span style=\"color: #0000ff;\"><a style=\"color: #0000ff;\" href=\"https:\/\/www.arte.tv\/fr\/videos\/092163-001-A\/beethoven-symphonie-n-1\/\">Symphonie n\u00b0 1 Opus 21 \u00e0 Bonn \u2013 Mahler Chamber Orchestra &#8211; Daniel Harding<\/a><\/span>&gt;<br \/><\/span><\/p>\n<p><span style=\"color: #777777; font-family: Arial; text-decoration: underline;\"><strong>Symphonie n\u00b0 9 Opus 125 (1822 &#8211; 1824)<br \/><\/strong><\/span><\/p>\n<p><span style=\"color: #777777; font-family: Arial;\">Et c&rsquo;est tout aussi naturellement \u00e0 Vienne, dans la ville o\u00f9 Beethoven a compos\u00e9 tous ses chefs d&rsquo;\u0153uvre que le marathon s&rsquo;est achev\u00e9.<br \/><\/span><span style=\"color: #777777; font-family: Arial;\">Dans les jardins du palais du Belv\u00e9d\u00e8re, c&rsquo;est l&rsquo;autre orchestre de Vienne\u00a0: <strong>l&rsquo;Orchestre symphonique de Vienne<\/strong> qui jouait sous la baguette de la jeune cheffe am\u00e9ricaine <strong>Karina Canellakis <\/strong>que nous avons d\u00e9j\u00e0 eu le bonheur d\u2019avoir deux fois \u00e0 l&rsquo;Auditorium de Lyon, o\u00f9 elle a dirig\u00e9 l&rsquo;orchestre de notre ville.<br \/><\/span><\/p>\n<p><img loading=\"lazy\" decoding=\"async\" class=\"alignnone size-full wp-image-11444\" src=\"https:\/\/lemotdujour.fr\/wp-content\/uploads\/2021\/06\/9-Vienne.png\" alt=\"\" width=\"1899\" height=\"959\" srcset=\"https:\/\/lemotdujour.fr\/wp-content\/uploads\/2021\/06\/9-Vienne.png 1899w, https:\/\/lemotdujour.fr\/wp-content\/uploads\/2021\/06\/9-Vienne-300x152.png 300w, https:\/\/lemotdujour.fr\/wp-content\/uploads\/2021\/06\/9-Vienne-1024x517.png 1024w, https:\/\/lemotdujour.fr\/wp-content\/uploads\/2021\/06\/9-Vienne-768x388.png 768w, https:\/\/lemotdujour.fr\/wp-content\/uploads\/2021\/06\/9-Vienne-1536x776.png 1536w\" sizes=\"auto, (max-width: 1899px) 100vw, 1899px\" \/><\/p>\n<p><span style=\"color: #777777; font-family: Arial;\">&lt;<a href=\"https:\/\/www.arte.tv\/fr\/videos\/094540-001-A\/beethoven-symphonie-n-9\/\"><span style=\"color: #0000ff;\">Symphonie n\u00b0 9 Opus 125 \u00e0 Vienne \u2013 Orchestre Symphonique de Vienne &#8211; Karina Canellakis<\/span><\/a>&gt;<br \/><\/span><\/p>\n<p><span style=\"color: #777777; font-family: Arial;\"><strong>Symphonie n\u00b0 7 Opus 92 (1811 &#8211; 1812)<br \/><\/strong><\/span><\/p>\n<p><span style=\"color: #777777; font-family: Arial;\">Cette symphonie qui a \u00e9t\u00e9 d\u00e9sign\u00e9e par Wagner comme \u00ab\u00a0L&rsquo;apoth\u00e9ose de la danse\u00a0\u00bb a fait l&rsquo;objet de l&rsquo;interpr\u00e9tation la plus surprenante en raison du chef adul\u00e9 par les uns et honni par les autres, le jeune chef gr\u00e9co-russe\u00a0: <strong>Teodor Currentzis.<br \/><\/strong><\/span><span style=\"color: #777777; font-family: Arial;\">Dans ses interviews et m\u00eame dans son attitude avant le concert, comme pendant, il r\u00e9v\u00e8le une personnalit\u00e9 assez sure de ses talents. Pour ma part je dirai qu&rsquo;il est souvent tr\u00e8s passionnant \u00e0 \u00e9couter m\u00eame s&rsquo;l peut \u00eatre assez horripilant \u00e0 regarder.<br \/><\/span><span style=\"color: #777777; font-family: Arial;\">Le lieu du concert est somptueux, il s&rsquo;agit du <strong>Th\u00e9\u00e2tre Antique de Delphes<br \/><\/strong><\/span><span style=\"color: #777777; font-family: Arial;\">L&rsquo;orchestre est celui qu&rsquo;il a cr\u00e9\u00e9 <strong>Musicaeterna<\/strong>.<br \/><\/span><\/p>\n<p><img loading=\"lazy\" decoding=\"async\" class=\"alignnone size-full wp-image-11441\" src=\"https:\/\/lemotdujour.fr\/wp-content\/uploads\/2021\/06\/7-Delphes.png\" alt=\"\" width=\"1913\" height=\"949\" srcset=\"https:\/\/lemotdujour.fr\/wp-content\/uploads\/2021\/06\/7-Delphes.png 1913w, https:\/\/lemotdujour.fr\/wp-content\/uploads\/2021\/06\/7-Delphes-300x149.png 300w, https:\/\/lemotdujour.fr\/wp-content\/uploads\/2021\/06\/7-Delphes-1024x508.png 1024w, https:\/\/lemotdujour.fr\/wp-content\/uploads\/2021\/06\/7-Delphes-768x381.png 768w, https:\/\/lemotdujour.fr\/wp-content\/uploads\/2021\/06\/7-Delphes-1536x762.png 1536w\" sizes=\"auto, (max-width: 1913px) 100vw, 1913px\" \/><\/p>\n<p><span style=\"color: #777777; font-family: Arial;\">&lt;<span style=\"color: #0000ff;\"><a style=\"color: #0000ff;\" href=\"https:\/\/www.arte.tv\/fr\/videos\/103198-001-A\/beethoven-symphonie-n-7\/\">Symphonie n\u00b0 7 Opus 92 \u00e0 Delphes \u2013 Musicaeterna &#8211; Teodor Currentzis<\/a><\/span>&gt;<br \/><\/span><\/p>\n<p><span style=\"color: #777777; font-family: Arial;\"><strong>Symphonie n\u00b0 5 Opus 67 (1807 &#8211; 1808)<br \/><\/strong><\/span><\/p>\n<p><span style=\"color: #777777; font-family: Arial;\">Pour la c\u00e9l\u00e8bre cinqui\u00e8me symphonie, c&rsquo;est la ville de Prague qui a \u00e9t\u00e9 choisie. Ville de culture historique de l&#8217;empire austro hongrois.<br \/><\/span><span style=\"color: #777777; font-family: Arial;\">On admire le centre de la ville tch\u00e8que, le concert a lieu sur la place de la Vieille-Ville de Prague.<br \/><\/span><\/p>\n<p><span style=\"color: #777777; font-family: Arial;\">&lt;<a href=\"https:\/\/www.arte.tv\/fr\/videos\/093023-001-A\/beethoven-symphonie-n-5\/\"><span style=\"color: #0000ff;\">Symphonie n\u00b0 5 Opus 67 \u2013 Prague &#8211; Orchestre symphonique national tch\u00e8que &#8211; Steven Mercuri<\/span>o<\/a>&gt;<br \/><\/span><\/p>\n<p><span style=\"color: #777777; font-family: Arial;\"><strong>Symphonie n\u00b0 3 Opus 55 (1802 &#8211; 1804)<br \/><\/strong><\/span><\/p>\n<p><span style=\"color: #777777; font-family: Arial;\">Le lieu de l&rsquo;interpr\u00e9tation de l&rsquo;Eroica l&rsquo;autre symphonie c\u00e9l\u00e8bre est aussi tr\u00e8s impressionnant.<br \/><\/span><span style=\"color: #777777; font-family: Arial;\">Il s&rsquo;agit d&rsquo;une \u00e9glise d&rsquo;Helsinki qui a \u00e9t\u00e9 creus\u00e9s dans la roche\u00a0: <strong>l&rsquo;\u00e9glise monolithique Temppeliaukio d&rsquo;Helsinki<\/strong>, b\u00e2tie dans les ann\u00e9es 1960.<br \/><\/span><\/p>\n<p><img loading=\"lazy\" decoding=\"async\" class=\"alignnone size-full wp-image-11448\" src=\"https:\/\/lemotdujour.fr\/wp-content\/uploads\/2021\/06\/3-Helsinki.png\" alt=\"\" width=\"1899\" height=\"981\" srcset=\"https:\/\/lemotdujour.fr\/wp-content\/uploads\/2021\/06\/3-Helsinki.png 1899w, https:\/\/lemotdujour.fr\/wp-content\/uploads\/2021\/06\/3-Helsinki-300x155.png 300w, https:\/\/lemotdujour.fr\/wp-content\/uploads\/2021\/06\/3-Helsinki-1024x529.png 1024w, https:\/\/lemotdujour.fr\/wp-content\/uploads\/2021\/06\/3-Helsinki-768x397.png 768w, https:\/\/lemotdujour.fr\/wp-content\/uploads\/2021\/06\/3-Helsinki-1536x793.png 1536w\" sizes=\"auto, (max-width: 1899px) 100vw, 1899px\" \/><\/p>\n<p><span style=\"color: #777777; font-family: Arial;\">&lt;<a href=\"https:\/\/www.arte.tv\/fr\/videos\/094539-001-A\/beethoven-symphonie-n-3-eroica\/\"><span style=\"color: #0000ff;\">Symphonie n\u00b0 3 Opus 55 \u2013 Helsinki &#8211; Orchestre symphonique de la radio finlandaise &#8211; Nicholas Collon<\/span><\/a>&gt;<br \/><\/span><\/p>\n<p><span style=\"color: #777777; font-family: Arial; text-decoration: underline;\"><strong>Symphonie n\u00b0 8 Opus 93 (1812)<br \/><\/strong><\/span><\/p>\n<p><span style=\"color: #777777; font-family: Arial;\">Il fallait bien une ville de France. C&rsquo;est celle qui abrite le parlement europ\u00e9en qui a \u00e9t\u00e9 choisi\u00a0: Strasbourg avec son orchestre.<br \/><\/span><\/p>\n<p><span style=\"color: #777777; font-family: Arial;\">&lt;<a href=\"https:\/\/www.arte.tv\/fr\/videos\/092198-001-A\/beethoven-symphonie-n-8\/\"><span style=\"color: #0000ff;\">Symphonie n\u00b0 8 Opus 93 \u2013 Strasbourg \u2013 Orchestre philharmonique de Strasbourg. &#8211; Marko Letonja<\/span><\/a>&gt;<br \/><\/span><\/p>\n<p><span style=\"color: #777777; font-family: Arial;\"><strong>Symphonie n\u00b0 4 Opus 60 (1806)<br \/><\/strong><\/span><\/p>\n<p><span style=\"color: #777777; font-family: Arial;\">Autre ville importante de l&rsquo;Union europ\u00e9enne\u00a0: Luxembourg est le th\u00e9\u00e2tre choisie pour la 4<sup>\u00e8me<\/sup> symphonie.<br \/><\/span><span style=\"color: #777777; font-family: Arial;\">En direct de la Philharmonie Luxembourg, l&rsquo;orchestre local interpr\u00e8te cette symphonie. Une chor\u00e9graphie luxembourgeoise Sylvia Camarda a pris l&rsquo;initiative avec 8 jeunes r\u00e9fugi\u00e9s de r\u00e9aliser une sc\u00e9nographie dans\u00e9e sur la musique.<br \/><\/span><\/p>\n<p><span style=\"color: #777777; font-family: Arial;\">&lt;<span style=\"color: #0000ff;\"><a style=\"color: #0000ff;\" href=\"https:\/\/www.arte.tv\/fr\/videos\/103199-001-A\/beethoven-symphonie-n-4\/\">Symphonie n\u00b0 4 Opus 60 \u2013 Luxembourg &#8211; Orchestre philharmonique du Luxembourg &#8211; Gustavo Gimeno<\/a><\/span>&gt;<br \/><\/span><\/p>\n<p><span style=\"color: #777777; font-family: Arial;\"><strong>Symphonie n\u00b0 2 Opus 36 (1801 &#8211; 1802)<br \/><\/strong><\/span><\/p>\n<p><span style=\"color: #777777; font-family: Arial;\">C&rsquo;est \u00e0 Dublin que se passe cet \u00e9pisode.<br \/><\/span><\/p>\n<p><span style=\"color: #777777; font-family: Arial;\">&lt;<a href=\"https:\/\/www.arte.tv\/fr\/videos\/094418-001-A\/beethoven-symphonie-n-2\/\"><span style=\"color: #0000ff;\">Symphonie n\u00b0 2 Opus 36 \u2013 Dublin &#8211; RT\u00c9 National Symphony Orchestra &#8211; Jaime Mart\u00edn<\/span><\/a>&gt;<br \/><\/span><\/p>\n<p><span style=\"color: #777777; font-family: Arial;\"><strong>Symphonie n\u00b0 6 Opus 68 (1807 &#8211; 1808)<br \/><\/strong><\/span><\/p>\n<p><span style=\"color: #777777; font-family: Arial;\">Dans mon cheminement, je finirai par la symphonie appel\u00e9e \u00ab Pastorale \u00bb jou\u00e9e en Suisse italienne \u00e0 Lugano, au milieu des cols alpins.<br \/><\/span><\/p>\n<p><img loading=\"lazy\" decoding=\"async\" class=\"alignnone size-full wp-image-11451\" src=\"https:\/\/lemotdujour.fr\/wp-content\/uploads\/2021\/06\/6-Lugano.png\" alt=\"\" width=\"1905\" height=\"985\" srcset=\"https:\/\/lemotdujour.fr\/wp-content\/uploads\/2021\/06\/6-Lugano.png 1905w, https:\/\/lemotdujour.fr\/wp-content\/uploads\/2021\/06\/6-Lugano-300x155.png 300w, https:\/\/lemotdujour.fr\/wp-content\/uploads\/2021\/06\/6-Lugano-1024x529.png 1024w, https:\/\/lemotdujour.fr\/wp-content\/uploads\/2021\/06\/6-Lugano-768x397.png 768w, https:\/\/lemotdujour.fr\/wp-content\/uploads\/2021\/06\/6-Lugano-1536x794.png 1536w\" sizes=\"auto, (max-width: 1905px) 100vw, 1905px\" \/><\/p>\n<p><span style=\"color: #777777; font-family: Arial;\">&lt;<a href=\"https:\/\/www.arte.tv\/fr\/videos\/092171-001-A\/beethoven-symphonie-n-6-pastorale\/\"><span style=\"color: #0000ff;\">Symphonie n\u00b0 6 Opus 68 &#8211; Orchestre de chambre suisse I Barocchisti &#8211; Diego Fasolis<\/span><\/a>&gt;<br \/><\/span><\/p>\n<p><span style=\"color: #c00000; font-family: Arial;\">&lt;1570&gt;<\/span><\/p>\n\n\n<p><\/p>\n","protected":false},"excerpt":{"rendered":"<p>\u00ab Les 9 symphonies de Beethoven interpr\u00e9t\u00e9es par 9 orchestres dans 9 villes d&rsquo;Europe \u00bb La journ\u00e9e Beethoven 2021 organis\u00e9e par ARTE C&rsquo;\u00e9tait en 2020 que nous avons c\u00e9l\u00e9br\u00e9 les 250 ans de la naissance de Ludwig van Beethoven. Il<\/p>\n","protected":false},"author":1,"featured_media":0,"comment_status":"open","ping_status":"closed","sticky":false,"template":"","format":"standard","meta":{"footnotes":""},"categories":[1],"tags":[50,20,164],"class_list":["post-11434","post","type-post","status-publish","format-standard","hentry","category-motdujour","tag-europe","tag-musique","tag-television"],"_links":{"self":[{"href":"https:\/\/lemotdujour.fr\/index.php?rest_route=\/wp\/v2\/posts\/11434","targetHints":{"allow":["GET"]}}],"collection":[{"href":"https:\/\/lemotdujour.fr\/index.php?rest_route=\/wp\/v2\/posts"}],"about":[{"href":"https:\/\/lemotdujour.fr\/index.php?rest_route=\/wp\/v2\/types\/post"}],"author":[{"embeddable":true,"href":"https:\/\/lemotdujour.fr\/index.php?rest_route=\/wp\/v2\/users\/1"}],"replies":[{"embeddable":true,"href":"https:\/\/lemotdujour.fr\/index.php?rest_route=%2Fwp%2Fv2%2Fcomments&post=11434"}],"version-history":[{"count":13,"href":"https:\/\/lemotdujour.fr\/index.php?rest_route=\/wp\/v2\/posts\/11434\/revisions"}],"predecessor-version":[{"id":11914,"href":"https:\/\/lemotdujour.fr\/index.php?rest_route=\/wp\/v2\/posts\/11434\/revisions\/11914"}],"wp:attachment":[{"href":"https:\/\/lemotdujour.fr\/index.php?rest_route=%2Fwp%2Fv2%2Fmedia&parent=11434"}],"wp:term":[{"taxonomy":"category","embeddable":true,"href":"https:\/\/lemotdujour.fr\/index.php?rest_route=%2Fwp%2Fv2%2Fcategories&post=11434"},{"taxonomy":"post_tag","embeddable":true,"href":"https:\/\/lemotdujour.fr\/index.php?rest_route=%2Fwp%2Fv2%2Ftags&post=11434"}],"curies":[{"name":"wp","href":"https:\/\/api.w.org\/{rel}","templated":true}]}}