{"id":11424,"date":"2021-06-07T00:15:00","date_gmt":"2021-06-06T22:15:00","guid":{"rendered":"http:\/\/lemotdujour.fr\/?p=11424"},"modified":"2021-07-29T23:27:09","modified_gmt":"2021-07-29T21:27:09","slug":"lundi-7-juin-2021","status":"publish","type":"post","link":"https:\/\/lemotdujour.fr\/?p=11424","title":{"rendered":"Lundi 7 juin 2021"},"content":{"rendered":"<div class=\"mdjTexte\">\u00ab\u00a0Si je meurs, si j&rsquo;ai une tombe, qu&rsquo;un bouquet de pivoines rouges y soit d\u00e9pos\u00e9.\u00a0\u00bb<\/div>\n<div class=\"mdjAuteur\">Mihriay Erkin<\/div>\n<p><span style=\"color: #777777; font-family: Arial;\">&lt;<span style=\"color: #0000ff;\"><a style=\"color: #0000ff;\" href=\"http:\/\/www.slate.fr\/story\/198601\/chine-bientot-premiere-puissance-economique-mondiale-devant-etats-unis\">Slate<\/a><\/span>&gt; rapporte que selon un rapport publi\u00e9 par le Centre for Economics and Business Research (CEBR), la Chine devrait d\u00e9passer les \u00c9tats-Unis pour devenir la premi\u00e8re puissance \u00e9conomique mondiale d&rsquo;ici 2028.<br \/>\n<\/span><\/p>\n<p><span style=\"color: #777777; font-family: Arial;\">Dans 7 ans. <\/span><\/p>\n<p><span style=\"color: #777777; font-family: Arial;\">Si cette pr\u00e9diction se r\u00e9alise, le monde sera domin\u00e9 \u00e9conomiquement par un \u00c9tat qui est une dictature sanglante. Celles et ceux qui ont d\u00e9test\u00e9 l&rsquo;h\u00e9g\u00e9monie am\u00e9ricaine, ce qui peut \u00eatre compr\u00e9hensible, seront sid\u00e9r\u00e9s par celle de la Chine du Parti Communiste Chinois.<br \/>\n<\/span><\/p>\n<p><span style=\"color: #777777; font-family: Arial;\">Quelquefois pour toucher la r\u00e9alit\u00e9 d&rsquo;un probl\u00e8me, il faut s&rsquo;\u00e9chapper des concepts pour revenir \u00e0 hauteur d&rsquo;homme ou hauteur de femme comme dans cette histoire vraie.<br \/>\n<\/span><\/p>\n<p><span style=\"color: #777777; font-family: Arial;\">La premi\u00e8re fois que j&rsquo;ai entendu parler de \u00ab\u00a0<strong>Mihriay Erkin<\/strong>\u00a0\u00bb c&rsquo;\u00e9tait dans la revue de presse de Claude Askolovitch sur France Inter le &lt;<a href=\"https:\/\/www.franceinter.fr\/emissions\/la-revue-de-presse\/la-revue-de-presse-04-juin-2021\"><span style=\"color: #0000ff;\">4 juin 2021<\/span><\/a>&gt;<br \/>\n<\/span><\/p>\n<p><span style=\"color: #777777; font-family: Arial;\">Il \u00e9voquait un article de \u00ab\u00a0<strong>Lib\u00e9ration\u00a0<\/strong>\u00bb\u00a0: \u00ab\u00a0<a href=\"https:\/\/www.liberation.fr\/international\/asie-pacifique\/mihriay-erkin-etoile-ouighoure-eteinte-dans-les-tenebres-des-camps-20210602_UT5X2TRIJNDFFKENYJFTKYUY7A\/?redirected=1\"><span style=\"color: #0000ff;\">Mihriay Erkin, \u00e9toile ou\u00efghoure \u00e9teinte dans les t\u00e9n\u00e8bres des camps<\/span>\u00a0<\/a>\u00bb que la journaliste <strong>Laurence Defranoux <\/strong>avait publi\u00e9 le 2 juin 2021.<br \/>\n<\/span><\/p>\n<p><span style=\"color: #777777; font-family: Arial;\">Depuis Rapha\u00eal Glucksman a relay\u00e9 cet article de Laurence Defranoux sur Facebook et mon amie Florence a partag\u00e9 le post de Glucksman.<br \/>\n<\/span><\/p>\n<p><span style=\"color: #777777; font-family: Arial;\"><strong>Mihriay Erkin<\/strong>\u00a0\u00e9tait une jeune chercheuse de 29 ans \u00e0 l&rsquo;institut Nara au Japon. Elle \u00e9tait exil\u00e9e, car elle \u00e9tait ouighour et avait quitt\u00e9 l&#8217;empire de Chine alors que ses parents \u00e9taient rest\u00e9s dans leur pays.<br \/>\n<\/span><\/p>\n<p><span style=\"color: #777777; font-family: Arial;\">Elle a \u00e9t\u00e9 pi\u00e9g\u00e9e parce que les autorit\u00e9s chinoises ont \u00ab\u00a0incit\u00e9\u00a0\u00bb sa m\u00e8re \u00e0 la convaincre de revenir la voir.<br \/>\n<\/span><\/p>\n<p><img loading=\"lazy\" decoding=\"async\" class=\"alignleft\" src=\"https:\/\/lemotdujour.fr\/wp-content\/uploads\/2021\/06\/060621_2145_Lundi7juin21.jpg\" alt=\"\" width=\"318\" height=\"432\" align=\"left\" \/><span style=\"color: #777777; font-family: Arial;\">Claude Askolovitch r\u00e9sume ainsi cette histoire\u00a0:<br \/>\n<\/span><\/p>\n<p style=\"margin-left: 28pt;\"><span style=\"color: #c00000; font-family: Arial;\">\u00ab\u00a0 Regardez bien alors la bouille et le sourire espi\u00e8gle de Mihriay Erkin, qui avait 29 ans, qui \u00e9tait heureuse au Japon, \u00e9tudiante chercheuse en science et en technologie, mais qui en juin 2019 est revenue en Chine pour voir sa famille, sa m\u00e8re l&rsquo;a suppliait&#8230; Mihriay \u00e9tait ouighour, de ce peuple de confession musulmane que l&rsquo;Etat chinois veut r\u00e9duire, elle enseignait sa langue, son oncle \u00e9tait un linguiste exil\u00e9 en Norv\u00e8ge, la famille \u00e9tait surveill\u00e9e et l&rsquo;invitation ressemblait \u00e0 un pi\u00e8ge. [&#8230;] En arrivant en Chine, Mihriay a appris que son p\u00e8re avait \u00e9t\u00e9 condamn\u00e9 pour incitation au terrorisme, puis elle a \u00e9t\u00e9 arr\u00eat\u00e9e, elle est morte en d\u00e9cembre 2020 dans un camp, les autorit\u00e9s ont demand\u00e9 \u00e0 sa famille de dire qu&rsquo;elle souffrait d&rsquo;une maladie cach\u00e9e. \u00bb<br \/>\n<\/span><\/p>\n<p><span style=\"color: #777777; font-family: Arial;\">Dans l&rsquo;article de Laurence Defranoux, nous apprenons les pr\u00e9cisions suivantes\u00a0:<br \/>\n<\/span><\/p>\n<ul>\n<li><span style=\"color: #777777; font-family: Arial;\">C&rsquo;est sa m\u00e8re qui l&rsquo;a appel\u00e9e pour la supplier de rentrer, et lui a envoy\u00e9 de l&rsquo;argent pour acheter le billet d&rsquo;avion.<br \/>\n<\/span><\/li>\n<li><span style=\"color: #777777; font-family: Arial;\">Imm\u00e9diatement \u00e0 son arriv\u00e9e, en juin 2019, elle a \u00e9t\u00e9 priv\u00e9e de son passeport et assign\u00e9e \u00e0 r\u00e9sidence au Xinjiang. Elle a \u00e9t\u00e9 arr\u00eat\u00e9e en f\u00e9vrier 2020 et elle est morte le 20 d\u00e9cembre dans le centre de d\u00e9tention de Yanbulaq, pr\u00e8s de Kashgar, dans l&rsquo;ouest de la Chine. La nouvelle a commenc\u00e9 \u00e0 filtrer \u00e0 l&rsquo;\u00e9tranger la premi\u00e8re semaine de mars. Mais c&rsquo;est seulement le 20 mai que sa mort a \u00e9t\u00e9 confirm\u00e9e gr\u00e2ce aux renseignements obtenus par Radio Free Asia, un site militant am\u00e9ricain qui poss\u00e8de une antenne en ou\u00efghour.<br \/>\n<\/span><\/li>\n<li><span style=\"color: #777777; font-family: Arial;\">La police chinoise utilise des stratag\u00e8mes pour attirer les exil\u00e9s \u00e0 revenir au Xinjiang comme les obliger \u00e0 venir en Chine pour signer des papiers ou renouveler leur passeport. Mais, surtout, elle se sert de la famille comme app\u00e2t. L&rsquo;envoi d&rsquo;une forte somme d&rsquo;argent par sa m\u00e8re, pourtant sans ressources, alors qu&rsquo;un virement \u00e0 l&rsquo;\u00e9tranger suffit \u00e0 \u00eatre condamn\u00e9 pour \u00ab financement d&rsquo;activit\u00e9s terroristes \u00bb, a tout du pi\u00e8ge. C&rsquo;est un dilemme pour les jeunes \u00e9loign\u00e9s et isol\u00e9s, alors que la culture ou\u00efghoure donne une place tr\u00e8s importante \u00e0 la famille et \u00e0 l&rsquo;ob\u00e9issance aux parents.<br \/>\n<\/span><\/li>\n<\/ul>\n<p><span style=\"color: #777777; font-family: Arial;\">Mihriay Erkin \u00e9tait assez consciente des risques puisqu&rsquo;au moment de partir, le 18 juin 2019, \u00e0 l&rsquo;a\u00e9roport de Tokyo elle a envoy\u00e9 ce message\u00a0:<br \/>\n<\/span><\/p>\n<p style=\"margin-left: 28pt;\"><span style=\"color: #c00000; font-family: Arial;\">\u00ab<strong> Depuis mon enfance, on m&rsquo;a appris que les enfants doivent accomplir leur devoir en restant aupr\u00e8s de leurs parents. Soyez en paix. Si je meurs, si j&rsquo;ai une tombe, qu&rsquo;un bouquet de pivoines rouges y soit d\u00e9pos\u00e9.<\/strong>\u00bb<br \/>\n<\/span><\/p>\n<p><span style=\"color: #777777; font-family: Arial;\">La journaliste explique\u00a0:<br \/>\n<\/span><\/p>\n<p style=\"margin-left: 28pt;\"><span style=\"color: #c00000; font-family: Arial;\"> \u00ab\u00a0Mihriay Erkin a tout pour attirer l&rsquo;attention des autorit\u00e9s qui ont pour objectif d&rsquo;\u00e9radiquer la culture mill\u00e9naire des Ou\u00efghours et les assimiler de gr\u00e9 ou de force dans la \u00abgrande nation chinoise\u00bb. Brillante \u00e9l\u00e8ve, ma\u00eetrisant le ou\u00efghour, le mandarin, le japonais et l&rsquo;anglais, elle a obtenu un master de bio-ing\u00e9nierie au Japon apr\u00e8s une licence de biologie \u00e0 Shanghai. Mais elle ne s&rsquo;est pas coup\u00e9e de ses racines, porte le hijab et enseigne depuis deux ans le ou\u00efghour \u00e0 des enfants de la diaspora au Japon en marge de son doctorat. De plus, elle est la ni\u00e8ce <strong>d&rsquo;Abduweli Ayup<\/strong>, linguiste renomm\u00e9, dipl\u00f4m\u00e9 aux Etats-Unis. Emprisonn\u00e9 et tortur\u00e9 en 2013-2014 pour avoir lev\u00e9 des fonds afin d&rsquo;ouvrir une \u00e9cole maternelle ou\u00efghoure, harcel\u00e9 \u00e0 sa sortie, il s&rsquo;est exil\u00e9 en Norv\u00e8ge en 2015, d&rsquo;o\u00f9 il continue \u00e0 militer pour l&rsquo;usage du ou\u00efghour dans l&rsquo;enseignement.<br \/>\n<\/span><\/p>\n<p><span style=\"color: #777777; font-family: Arial;\">Cet oncle quand il apprend le projet de sa ni\u00e8ce va tout faire pour la dissuader\u00a0:<br \/>\n<\/span><\/p>\n<p style=\"margin-left: 28pt;\"><span style=\"color: #c00000; font-family: Arial;\">\u00ab\u00a0Ce dernier est tr\u00e8s attach\u00e9 \u00e0 celle qu&rsquo;il appelle \u00abmon b\u00e9b\u00e9\u00bb, et qu&rsquo;il a \u00e9lev\u00e9e pendant deux ans lorsque ses parents s&rsquo;\u00e9taient \u00e9loign\u00e9s pour leur travail. [\u2026] Il essaie de la convaincre de ne pas monter dans l&rsquo;avion pour la Chine. Mais Mihriay ne c\u00e8de pas. Depuis la salle d&#8217;embarquement, elle lui \u00e9crit : \u00ab <strong>Chacun de nous mourra seul. L&rsquo;amour de Dieu, notre sourire et notre peur nous accompagnent. Je vis dans de telles frayeurs, il est pr\u00e9f\u00e9rable d&rsquo;en finir.<\/strong> \u00bb<br \/>\n<\/span><\/p>\n<p><span style=\"color: #777777; font-family: Arial;\">Selon des sources contact\u00e9es par Radio Free Asia, Mihriay Erkin serait morte alors qu&rsquo;elle \u00e9tait l&rsquo;objet d&rsquo;une enqu\u00eate men\u00e9e par le bureau de la S\u00e9curit\u00e9 publique de Kashgar, possiblement lors d&rsquo;un interrogatoire. Elle avait 30 ans.<br \/>\n<\/span><\/p>\n<p><a href=\"https:\/\/fr.freepik.com\/photos-gratuite\/bouquet-pivoines-rouges-isole-fond-gris_3341360.htm\"><img loading=\"lazy\" decoding=\"async\" class=\"alignleft\" src=\"https:\/\/lemotdujour.fr\/wp-content\/uploads\/2021\/06\/060621_2145_Lundi7juin22.jpg\" alt=\"\" width=\"470\" height=\"313\" align=\"left\" border=\"0\" \/><\/a><span style=\"color: #777777; font-family: Arial;\">Elle n&rsquo;aura pas de bouquet de pivoines sur sa tombe\u00a0:<br \/>\n<\/span><\/p>\n<p style=\"margin-left: 28pt;\"><span style=\"color: #c00000; font-family: Arial;\">\u00ab\u00a0Seules trois personnes assistent \u00e0 son enterrement, sous surveillance polici\u00e8re. La police leur intime l&rsquo;ordre de garder le secret sous peine d&rsquo;\u00eatre \u00ab emprisonn\u00e9es pour divulgation de secrets d&rsquo;Etat\u00bb et \u00abdiffamation de la police\u00bb. Une page est ajout\u00e9e \u00e0 son dossier m\u00e9dical affirmant qu&rsquo;elle souffrait d&rsquo;une maladie cach\u00e9e. Lorsque, en mars, la nouvelle de sa mort affleure sur les r\u00e9seaux sociaux \u00e0 l&rsquo;\u00e9tranger, la police demande \u00e0 sa m\u00e8re d&rsquo;\u00ab avouer \u00bb devant une cam\u00e9ra avoir dissimul\u00e9 le fait que sa fille \u00e9tait \u00abmalade\u00bb et de dire qu&rsquo;elle est morte \u00e0 la maison, puis renonce, pour une raison inconnue, \u00e0 tourner la vid\u00e9o.\u00a0\u00bb<br \/>\n<\/span><\/p>\n<p><span style=\"color: #777777; font-family: Arial;\">Bien s\u00fbr, aucun pays ne dira rien : la Chine est tellement puissante. Il ne faut pas la f\u00e2cher. Aucune entreprise multinationale ne veut se passer du march\u00e9 chinois. Et, en fin de compte tant de nos \u00e9conomies, de notre confort d\u00e9pend de l&#8217;empire du milieu.<br \/>\n<\/span><\/p>\n<p><span style=\"color: #777777; font-family: Arial;\">\u00ab\u00a0<a href=\"https:\/\/www.la-croix.com\/Monde\/A-Londres-experts-droits-lhomme-ouvrent-Tribunal-Ouighour-2021-06-06-1201159658\"><span style=\"color: #0000ff;\">La Croix<\/span>\u00a0<\/a>\u00bb relate qu&rsquo;il existe bien une instance qui a pris pour nom \u00ab\u00a0Tribunal Ou\u00efghour \u00bb\u00a0\u00bb et qui tente de d\u00e9terminer si le r\u00e9gime chinois est coupable de \u00ab crime contre l&rsquo;humanit\u00e9 \u00bb, voire de \u00ab g\u00e9nocide \u00bb. Mais cette instance d&rsquo;origine priv\u00e9e n&rsquo;a aucune autorit\u00e9 \u00e0 faire valoir pour faire reconna\u00eetre son travail et ses avis, sans parler de d\u00e9cisions qui n&rsquo;auraient aucun sens dans ce contexte.<br \/>\n<\/span><\/p>\n<p><span style=\"color: maroon; font-family: Arial;\">&lt;1569&gt;<span style=\"color: #777777;\"><br \/>\n<\/span><\/span><\/p>\n","protected":false},"excerpt":{"rendered":"<p>\u00ab\u00a0Si je meurs, si j&rsquo;ai une tombe, qu&rsquo;un bouquet de pivoines rouges y soit d\u00e9pos\u00e9.\u00a0\u00bb Mihriay Erkin &lt;Slate&gt; rapporte que selon un rapport publi\u00e9 par le Centre for Economics and Business Research (CEBR), la Chine devrait d\u00e9passer les \u00c9tats-Unis pour<\/p>\n","protected":false},"author":1,"featured_media":0,"comment_status":"open","ping_status":"closed","sticky":false,"template":"","format":"standard","meta":{"footnotes":""},"categories":[1],"tags":[70,113,41],"class_list":["post-11424","post","type-post","status-publish","format-standard","hentry","category-motdujour","tag-chine","tag-droits-de-lhomme","tag-liberte"],"_links":{"self":[{"href":"https:\/\/lemotdujour.fr\/index.php?rest_route=\/wp\/v2\/posts\/11424","targetHints":{"allow":["GET"]}}],"collection":[{"href":"https:\/\/lemotdujour.fr\/index.php?rest_route=\/wp\/v2\/posts"}],"about":[{"href":"https:\/\/lemotdujour.fr\/index.php?rest_route=\/wp\/v2\/types\/post"}],"author":[{"embeddable":true,"href":"https:\/\/lemotdujour.fr\/index.php?rest_route=\/wp\/v2\/users\/1"}],"replies":[{"embeddable":true,"href":"https:\/\/lemotdujour.fr\/index.php?rest_route=%2Fwp%2Fv2%2Fcomments&post=11424"}],"version-history":[{"count":7,"href":"https:\/\/lemotdujour.fr\/index.php?rest_route=\/wp\/v2\/posts\/11424\/revisions"}],"predecessor-version":[{"id":11913,"href":"https:\/\/lemotdujour.fr\/index.php?rest_route=\/wp\/v2\/posts\/11424\/revisions\/11913"}],"wp:attachment":[{"href":"https:\/\/lemotdujour.fr\/index.php?rest_route=%2Fwp%2Fv2%2Fmedia&parent=11424"}],"wp:term":[{"taxonomy":"category","embeddable":true,"href":"https:\/\/lemotdujour.fr\/index.php?rest_route=%2Fwp%2Fv2%2Fcategories&post=11424"},{"taxonomy":"post_tag","embeddable":true,"href":"https:\/\/lemotdujour.fr\/index.php?rest_route=%2Fwp%2Fv2%2Ftags&post=11424"}],"curies":[{"name":"wp","href":"https:\/\/api.w.org\/{rel}","templated":true}]}}