{"id":11408,"date":"2021-05-25T03:47:00","date_gmt":"2021-05-25T01:47:00","guid":{"rendered":"http:\/\/lemotdujour.fr\/?p=11408"},"modified":"2021-05-25T08:34:05","modified_gmt":"2021-05-25T06:34:05","slug":"mardi-25-mai-2021","status":"publish","type":"post","link":"https:\/\/lemotdujour.fr\/?p=11408","title":{"rendered":"Mardi 25 mai 2021"},"content":{"rendered":"<div class=\"mdjTexte\">\u00ab Le mot du jour est en cong\u00e9.\u00bb<\/div>\n<div class=\"mdjAuteur\">Il reviendra le 7 juin<\/div>\n<p><span style=\"color: #777777; font-family: Arial;\">Ces derni\u00e8res semaines, la page s\u00e9rie s&rsquo;est enrichie de 5 nouvelles entr\u00e9es.<br \/>\n<\/span><\/p>\n<p><span style=\"color: #777777; font-family: Arial;\"><img loading=\"lazy\" decoding=\"async\" class=\"wp-image-11415 alignleft\" src=\"https:\/\/lemotdujour.fr\/wp-content\/uploads\/2021\/05\/81fu6kD6t5L.jpg\" alt=\"\" width=\"455\" height=\"313\" srcset=\"https:\/\/lemotdujour.fr\/wp-content\/uploads\/2021\/05\/81fu6kD6t5L.jpg 2560w, https:\/\/lemotdujour.fr\/wp-content\/uploads\/2021\/05\/81fu6kD6t5L-300x206.jpg 300w, https:\/\/lemotdujour.fr\/wp-content\/uploads\/2021\/05\/81fu6kD6t5L-1024x703.jpg 1024w, https:\/\/lemotdujour.fr\/wp-content\/uploads\/2021\/05\/81fu6kD6t5L-768x527.jpg 768w, https:\/\/lemotdujour.fr\/wp-content\/uploads\/2021\/05\/81fu6kD6t5L-1536x1055.jpg 1536w, https:\/\/lemotdujour.fr\/wp-content\/uploads\/2021\/05\/81fu6kD6t5L-2048x1406.jpg 2048w\" sizes=\"auto, (max-width: 455px) 100vw, 455px\" \/>Je rappelle qu&rsquo;une s\u00e9rie est constitu\u00e9e par 5 articles ou plus, publi\u00e9s d&rsquo;une mani\u00e8re continue et qui concernent <\/span><span style=\"color: #777777; font-family: Arial;\">un m\u00eame sujet ou un m\u00eame th\u00e8me. <\/span><\/p>\n<p><span style=\"color: #777777; font-family: Arial;\">Le minimum de 5 correspond \u00e0 la publication au cours d&rsquo;une semaine enti\u00e8re.<\/span><\/p>\n<p><span style=\"color: #777777; font-family: Arial;\">Pour l&rsquo;instant 34 s\u00e9ries ont \u00e9t\u00e9 cr\u00e9\u00e9es. <\/span><\/p>\n<p><span style=\"color: #777777; font-family: Arial;\">La page s\u00e9rie, comporte actuellement 17 s\u00e9ries soit la moiti\u00e9 du total. <\/span><\/p>\n<p><span style=\"color: #777777; font-family: Arial;\">L&rsquo;objectif est que toutes les s\u00e9ries soient r\u00e9pertori\u00e9es sur cette page. <\/span><\/p>\n<p><span style=\"color: #777777; font-family: Arial;\">Chaque entr\u00e9e envoie vers une page sp\u00e9cifique, sur laquelle, la s\u00e9rie est pr\u00e9sent\u00e9e par une une introduction puis une ouverture pour chacun des mots du jour et un lien vers le mot du mot du jour concern\u00e9.<br \/>\n<\/span><\/p>\n<p><span style=\"color: #777777; font-family: Arial;\">&lt;<span style=\"color: #0000ff;\"><a style=\"color: #0000ff;\" href=\"https:\/\/lemotdujour.fr\/?page_id=2543\">Lien vers la page des s\u00e9ries<\/a><\/span>&gt;.&nbsp;<\/span><\/p>\n<p><span style=\"color: #800000;\">&lt;mot sans num\u00e9ro&gt;<\/span><\/p>\n","protected":false},"excerpt":{"rendered":"<p>\u00ab Le mot du jour est en cong\u00e9.\u00bb Il reviendra le 7 juin Ces derni\u00e8res semaines, la page s\u00e9rie s&rsquo;est enrichie de 5 nouvelles entr\u00e9es. Je rappelle qu&rsquo;une s\u00e9rie est constitu\u00e9e par 5 articles ou plus, publi\u00e9s d&rsquo;une mani\u00e8re continue<\/p>\n","protected":false},"author":1,"featured_media":0,"comment_status":"open","ping_status":"closed","sticky":false,"template":"","format":"standard","meta":{"footnotes":""},"categories":[1],"tags":[96],"class_list":["post-11408","post","type-post","status-publish","format-standard","hentry","category-motdujour","tag-pause"],"_links":{"self":[{"href":"https:\/\/lemotdujour.fr\/index.php?rest_route=\/wp\/v2\/posts\/11408","targetHints":{"allow":["GET"]}}],"collection":[{"href":"https:\/\/lemotdujour.fr\/index.php?rest_route=\/wp\/v2\/posts"}],"about":[{"href":"https:\/\/lemotdujour.fr\/index.php?rest_route=\/wp\/v2\/types\/post"}],"author":[{"embeddable":true,"href":"https:\/\/lemotdujour.fr\/index.php?rest_route=\/wp\/v2\/users\/1"}],"replies":[{"embeddable":true,"href":"https:\/\/lemotdujour.fr\/index.php?rest_route=%2Fwp%2Fv2%2Fcomments&post=11408"}],"version-history":[{"count":7,"href":"https:\/\/lemotdujour.fr\/index.php?rest_route=\/wp\/v2\/posts\/11408\/revisions"}],"predecessor-version":[{"id":11419,"href":"https:\/\/lemotdujour.fr\/index.php?rest_route=\/wp\/v2\/posts\/11408\/revisions\/11419"}],"wp:attachment":[{"href":"https:\/\/lemotdujour.fr\/index.php?rest_route=%2Fwp%2Fv2%2Fmedia&parent=11408"}],"wp:term":[{"taxonomy":"category","embeddable":true,"href":"https:\/\/lemotdujour.fr\/index.php?rest_route=%2Fwp%2Fv2%2Fcategories&post=11408"},{"taxonomy":"post_tag","embeddable":true,"href":"https:\/\/lemotdujour.fr\/index.php?rest_route=%2Fwp%2Fv2%2Ftags&post=11408"}],"curies":[{"name":"wp","href":"https:\/\/api.w.org\/{rel}","templated":true}]}}