{"id":1140,"date":"2015-06-04T02:00:00","date_gmt":"2015-06-03T22:00:00","guid":{"rendered":"http:\/\/lemotdujour.fr\/?p=1140"},"modified":"2023-12-14T02:48:58","modified_gmt":"2023-12-14T01:48:58","slug":"jeudi-4-juin-2015","status":"publish","type":"post","link":"https:\/\/lemotdujour.fr\/?p=1140","title":{"rendered":"Jeudi 4 juin 2015"},"content":{"rendered":"<div class=\"mdjDate\">Jeudi 4 juin 2015<\/div>\n<div class=\"mdjTexte\">[Pour surmonter ce conflit]<br \/>\n\u00abune chose est absolument n\u00e9cessaire : la compassion\u00bb<\/div>\n<div class=\"mdjAuteur\">Daniel Barenbo\u00efm qui parle du conflit isra\u00e9lo palestinien \u00e0 ses musiciens<\/div>\n<p><span style=\"color: #777777; font-family: Arial;\"><strong>Daniel Barenbo\u00efm<\/strong> est un des plus grands musiciens vivants, pianiste et chef d&rsquo;orchestre.<br \/>\n<\/span><\/p>\n<p><span style=\"color: #777777; font-family: Arial;\">Il est juif de nationalit\u00e9 isra\u00e9lienne. Contrairement \u00e0 Herbert von Karajan \u00e9voqu\u00e9 lors d&rsquo;un mot du jour r\u00e9cent, il ne se r\u00e9fugie pas dans son art pour rester sourd aux drames qui l&rsquo;entourent.<br \/>\n<\/span><\/p>\n<p style=\"text-align: left;\"><img decoding=\"async\" class=\"alignleft\" src=\"https:\/\/lemotdujour.fr\/wp-content\/uploads\/2023\/12\/121423_0146_Lundixxfvri1.jpg\" alt=\"\" align=\"left\" \/><span style=\"color: #777777; font-family: Arial;\">Il a cr\u00e9\u00e9 un orchestre avec l&rsquo;\u00e9crivain chr\u00e9tien am\u00e9ricano-palestinien <strong>Edward Sa\u00efd<\/strong> compos\u00e9 d&rsquo;isra\u00e9liens, de palestiniens et d&rsquo;arabes de Syrie, du Liban, de Jordanie et d&rsquo;Egypte.<br \/>\n<\/span><\/p>\n<p><span style=\"color: #777777; font-family: Arial;\">La cr\u00e9ation de cet orchestre a lieu en 1999 \u00e0 Weimar \u00e0 l&rsquo;occasion du 250e anniversaire de la naissance de Goethe : le nom de l&rsquo;orchestre vient d&rsquo;ailleurs du recueil West-\u00f6stlicher Divan (Divan occidental-oriental) du po\u00e8te allemand.<br \/>\n<\/span><\/p>\n<p><span style=\"color: #777777; font-family: Arial;\">Il prend en effet pour nom : Le <strong>West-Eastern Divan Orchestra<\/strong> (Orchestre du Divan occidental-oriental).<br \/>\n<\/span><\/p>\n<p><span style=\"color: #777777; font-family: Arial;\"><strong>Edward Sa\u00efd<\/strong> est d\u00e9c\u00e9d\u00e9 en septembre 2003.<br \/>\n<\/span><\/p>\n<p><span style=\"color: #777777; font-family: Arial;\">Chaque \u00e9t\u00e9 environ ces 80 jeunes instrumentistes viennent en Europe se former et jouer ensemble.<br \/>\n<\/span><\/p>\n<p><span style=\"color: #777777; font-family: Arial;\">Il s&rsquo;assemble en Espagne, \u00e0 S\u00e9ville o\u00f9 il r\u00e9p\u00e8te pendant le mois de juillet avant d&rsquo;entreprendre en ao\u00fbt une tourn\u00e9e mondiale (Europe, Am\u00e9rique du Sud, \u2026)<br \/>\n<\/span><\/p>\n<p><span style=\"color: #777777; font-family: Arial;\">Daniel Barenbo\u00efm a \u00e9t\u00e9 l&rsquo;invit\u00e9 d&rsquo;Anne Sinclair le 25 mai 2015 :\u00a0 <a href=\"http:\/\/www.europe1.fr\/emissions\/l-interview\/daniel-barenboim-linterview-integrale-989228\"><span style=\"color: blue; text-decoration: underline;\">http:\/\/www.europe1.fr\/emissions\/l-interview\/daniel-barenboim-linterview-integrale-989228<\/span><\/a><br \/>\n<\/span><\/p>\n<p><span style=\"color: #777777; font-family: Arial;\">Anne Sinclair l&rsquo;interroge d&rsquo;abord sur des sujets artistiques car il vient interpr\u00e9ter l&rsquo;int\u00e9grale des sonates de piano de Schubert \u00e0 la Philharmonie de Paris.<br \/>\n<\/span><\/p>\n<p><span style=\"color: #777777; font-family: Arial;\">Mais dans la seconde partie de l&rsquo;entretien elle l&rsquo;interroge sur le conflit isra\u00e9lo-palestinien.<br \/>\n<\/span><\/p>\n<p><span style=\"color: #777777; font-family: Arial;\">Il raconte d&rsquo;abord un \u00e9pisode de l&rsquo;Histoire de l&rsquo;orchestre.<br \/>\n<\/span><\/p>\n<p><span style=\"color: #777777; font-family: Arial;\">Il \u00e9tait pr\u00e9vu de se r\u00e9unir comme chaque ann\u00e9e en juillet 2014 mais la guerre de Gaza venait d&rsquo;\u00eatre engag\u00e9 par Isra\u00ebl.<br \/>\n<\/span><\/p>\n<p><span style=\"color: #777777; font-family: Arial;\">Plusieurs jeunes musiciens ne voulaient pas venir.<br \/>\n<\/span><\/p>\n<p><span style=\"color: #777777; font-family: Arial;\">Alors Daniel Barenboim leur a dit \u00e0 chacun :<br \/>\n<\/span><\/p>\n<p style=\"margin-left: 28pt;\"><span style=\"color: #c00000; font-family: Arial;\"><strong>\u00ab<\/strong> \u00c9coute en restant dehors tu n&rsquo;aides pas la chose. Viens et on va en parler tous ensemble.<br \/>\nSi apr\u00e8s que tu sois venu, tu ne te sens pas bien alors tu pourras partir, je ne t&rsquo;en voudrai pas.<br \/>\nLe premier soir on a imm\u00e9diatement fait une r\u00e9union et on a parl\u00e9 de tout et tout le monde se disputait et chahutait.<br \/>\nAlors j&rsquo;ai pris la parole et j&rsquo;ai dit : \u00c9coutez c&rsquo;est compl\u00e8tement irr\u00e9aliste d&rsquo;attendre d&rsquo;un isra\u00e9lien d&rsquo;avoir de la sympathie avec le destin d&rsquo;un Palestinien ou pour un Palestinien d&rsquo;avoir de la sympathie pour un isra\u00e9lien.<br \/>\nParce que la sympathie c&rsquo;est une qualit\u00e9 \u00e9motionnelle.<br \/>\nMais une chose est absolument n\u00e9cessaire et \u00e7a c&rsquo;est la compassion qui n&rsquo;est pas une qualit\u00e9 \u00e9motionnelle mais une qualit\u00e9 morale.<br \/>\nEt si parmi vous, les musiciens, il existe des musiciens qui n&rsquo;ont pas cette compassion, alors votre place n&rsquo;est pas ici, vous pouvez partir demain.<br \/>\nTout le monde est rest\u00e9.<strong>\u00bb<\/strong><br \/>\n<\/span><\/p>\n<p><span style=\"color: #777777; font-family: Arial;\">Le mot\u00a0\u00ab <strong>compassion<\/strong> \u00bb vient du latin : cum patior, \u00ab <strong>je souffre avec<\/strong> \u00bb.<br \/>\nC&rsquo;est une vertu par laquelle un individu est port\u00e9 \u00e0 percevoir ou ressentir la souffrance d&rsquo;autrui.<br \/>\n<\/span><\/p>\n<p><span style=\"color: #777777; font-family: Arial;\">Cet extrait se situe \u00e0 partir de 16:30 de l&rsquo;entretien.<br \/>\n<\/span><\/p>\n<p><span style=\"color: #777777; font-family: Arial;\">Et un peu plus loin il dit cette chose simple et tellement \u00e9vidente :<br \/>\n<\/span><\/p>\n<p style=\"margin-left: 28pt;\"><span style=\"color: #c00000; font-family: Arial;\">\u00ab Ce n&rsquo;est pas un conflit sym\u00e9trique. Les Isra\u00e9liens sont les occupants et les palestiniens sont les occup\u00e9s.<br \/>\nUne partie nettement plus grande de la responsabilit\u00e9 repose sur les \u00e9paules des isra\u00e9liens. \u00bb<br \/>\n<\/span><\/p>\n<p><span style=\"color: #777777; font-family: Arial;\">En janvier 2008, l&rsquo;Orchestre avait enfin re\u00e7u l&rsquo;autorisation de jouer en Cisjordanie, \u00e0 Ramallah<br \/>\n<\/span><\/p>\n<p style=\"margin-left: 28pt;\"><a href=\"https:\/\/www.youtube.com\/watch?v=tp-EWGRGK7Q\"><span style=\"color: blue; font-family: Arial; text-decoration: underline;\">&lt;Ici vous verrez et entendrez les mots que Daniel Barenboim prononce \u00e0 la fin de ce concert exceptionnel<\/span><\/a><span style=\"color: #c00000; font-family: Arial;\"> :<br \/>\n<strong>\u00ab <\/strong>Ce projet qu&rsquo;Edward Said et moi-m\u00eame avons entrepris a parfois \u00e9t\u00e9 d\u00e9crit comme un orchestre pour la paix, un orchestre capable d&rsquo;insuffler tel ou tel sentiment.<br \/>\nMesdames et messieurs, je vous l&rsquo;affirme, nous n&rsquo;apportons pas la paix vous le savez.<br \/>\nC&rsquo;est un fait, ces gens merveilleux qui jouent ensemble n&rsquo;apporteront pas la paix.<br \/>\nCe qu&rsquo;ils peuvent apporter c&rsquo;est la compr\u00e9hension, la patience, le courage et la curiosit\u00e9 d&rsquo;\u00e9couter ce que l&rsquo;autre veut dire. C&rsquo;est l\u00e0 toute notre ambition.<br \/>\nDans ce contexte chacun a pu s&rsquo;exprimer librement et ce qui est aussi important a pu entendre la version de l&rsquo;autre.<br \/>\nC&rsquo;est la raison de notre pr\u00e9sence parmi vous pour apporter un message d&rsquo;humanit\u00e9 pas un message politique, un message d&rsquo;humanit\u00e9, de solidarit\u00e9 pour la libert\u00e9 qui fait d\u00e9faut \u00e0 la Palestine. Cette libert\u00e9 dont toute la r\u00e9gion a besoin.<br \/>\nNous croyons qu&rsquo;il n&rsquo;existe pas de solution militaire \u00e0 ce conflit.<br \/>\nNous croyons que les destin\u00e9es de ces deux peuples palestinien et isra\u00e9lien sont inextricablement li\u00e9es.<br \/>\nAinsi le bien \u00eatre, le sentiment de justice et le bonheur de l&rsquo;un d\u00e9pendront in\u00e9vitablement de ceux de l&rsquo;autre.<br \/>\nIls repr\u00e9sentent notre objectif.<br \/>\nNous \u0153uvrons pour le changement du mode de pens\u00e9e qui pr\u00e9vaut dans cette r\u00e9gion.<br \/>\nNombreux sont ceux qui comprendront bient\u00f4t que nous avons ici deux peuples pas un.<br \/>\nDeux peuples li\u00e9s par un lien tr\u00e8s fort philosophique, psychologique et historique \u00e0 cette r\u00e9gion du monde.<br \/>\nC&rsquo;est notre devoir d&rsquo;apprendre \u00e0 vivre ensemble.<br \/>\nNous avons le choix : nous entretuer ou apprendre \u00e0 partager ce qui peut se partager.<br \/>\nC&rsquo;est ce message que nous venons vous porter aujourd&rsquo;hui. <strong>\u00bb<\/strong><br \/>\n<\/span><\/p>\n<p><span style=\"color: #777777; font-family: Arial;\">Depuis janvier 2008, Daniel Barenbo\u00efm a re\u00e7u un passeport palestinien de la part de l&rsquo;autorit\u00e9 palestinienne.<br \/>\n<\/span><\/p>\n<p><span style=\"color: #777777; font-family: Arial;\">Cette attitude ouverte ne lui attire pas que des sympathies en Isra\u00ebl.<br \/>\n<\/span><\/p>\n<p><span style=\"color: blue; font-family: Arial;\"><span style=\"text-decoration: underline;\">A<\/span><span style=\"color: #777777;\">insi, un d\u00e9put\u00e9 du parti ultra-orthodoxe Shass affirme que \u00ab<span style=\"color: #0000ff;\">\u00a0<\/span><a href=\"http:\/\/www1.rfi.fr\/actufr\/articles\/097\/article_61430.asp\"><span style=\"color: #0000ff;\">c&rsquo;est une honte que le chef d&rsquo;orchestre ait accept\u00e9 la nationalit\u00e9 palestinienne<\/span>\u00a0<\/a>\u00bb<br \/>\n<\/span><\/span><\/p>\n<p><span style=\"color: #777777; font-family: Arial;\">Il demande que \u00ab\u00a0<span style=\"color: #c00000;\">son passeport isra\u00e9lien lui soit confisqu\u00e9, puisque d\u00e9sormais, il en d\u00e9tient un autre, d&rsquo;une entit\u00e9 ennemie<span style=\"color: #777777;\">\u00a0\u00bb.<br \/>\n<\/span><\/span><\/span><\/p>\n<p><span style=\"color: #777777; font-family: Arial;\"><strong>Nous entretuer ou apprendre \u00e0 partager ce qui peut se partager<\/strong>, tout est dit.<br \/>\n<\/span><\/p>\n<p><img decoding=\"async\" src=\"https:\/\/lemotdujour.fr\/wp-content\/uploads\/2023\/12\/121423_0146_Lundixxfvri2.jpg\" alt=\"\" \/><span style=\"color: #777777; font-family: Arial;\"> Et en 2009, je pense que l&rsquo;acad\u00e9mie Nobel aurait pu donner le prix Nobel de la paix \u00e0 Barenbo\u00efm et \u00e0 cet orchestre plut\u00f4t qu&rsquo;\u00e0 Obama.<br \/>\n<\/span><\/p>\n<p><span style=\"color: #c00000; font-family: Arial;\">&lt;507&gt;<br \/>\n<\/span><\/p>\n","protected":false},"excerpt":{"rendered":"<p>Jeudi 4 juin 2015 [Pour surmonter ce conflit] \u00abune chose est absolument n\u00e9cessaire : la compassion\u00bb Daniel Barenbo\u00efm qui parle du conflit isra\u00e9lo palestinien \u00e0 ses musiciens Daniel Barenbo\u00efm est un des plus grands musiciens vivants, pianiste et chef d&rsquo;orchestre.<\/p>\n","protected":false},"author":1,"featured_media":0,"comment_status":"closed","ping_status":"closed","sticky":false,"template":"","format":"standard","meta":{"footnotes":""},"categories":[1],"tags":[151,20,239,201],"class_list":["post-1140","post","type-post","status-publish","format-standard","hentry","category-motdujour","tag-israel","tag-musique","tag-paix","tag-palestine"],"_links":{"self":[{"href":"https:\/\/lemotdujour.fr\/index.php?rest_route=\/wp\/v2\/posts\/1140","targetHints":{"allow":["GET"]}}],"collection":[{"href":"https:\/\/lemotdujour.fr\/index.php?rest_route=\/wp\/v2\/posts"}],"about":[{"href":"https:\/\/lemotdujour.fr\/index.php?rest_route=\/wp\/v2\/types\/post"}],"author":[{"embeddable":true,"href":"https:\/\/lemotdujour.fr\/index.php?rest_route=\/wp\/v2\/users\/1"}],"replies":[{"embeddable":true,"href":"https:\/\/lemotdujour.fr\/index.php?rest_route=%2Fwp%2Fv2%2Fcomments&post=1140"}],"version-history":[{"count":5,"href":"https:\/\/lemotdujour.fr\/index.php?rest_route=\/wp\/v2\/posts\/1140\/revisions"}],"predecessor-version":[{"id":15198,"href":"https:\/\/lemotdujour.fr\/index.php?rest_route=\/wp\/v2\/posts\/1140\/revisions\/15198"}],"wp:attachment":[{"href":"https:\/\/lemotdujour.fr\/index.php?rest_route=%2Fwp%2Fv2%2Fmedia&parent=1140"}],"wp:term":[{"taxonomy":"category","embeddable":true,"href":"https:\/\/lemotdujour.fr\/index.php?rest_route=%2Fwp%2Fv2%2Fcategories&post=1140"},{"taxonomy":"post_tag","embeddable":true,"href":"https:\/\/lemotdujour.fr\/index.php?rest_route=%2Fwp%2Fv2%2Ftags&post=1140"}],"curies":[{"name":"wp","href":"https:\/\/api.w.org\/{rel}","templated":true}]}}