{"id":11394,"date":"2021-05-21T00:56:00","date_gmt":"2021-05-20T22:56:00","guid":{"rendered":"http:\/\/lemotdujour.fr\/?p=11394"},"modified":"2021-07-29T23:26:11","modified_gmt":"2021-07-29T21:26:11","slug":"vendredi-21-mai-2021","status":"publish","type":"post","link":"https:\/\/lemotdujour.fr\/?p=11394","title":{"rendered":"Vendredi 21 mai 2021"},"content":{"rendered":"<div class=\"mdjTexte\">\u00ab Il vaut mieux hasarder de sauver un coupable que de condamner un innocent\u00bb<\/div>\n<div class=\"mdjAuteur\">Voltaire \u00ab\u00a0Zadig \u00bb<\/div>\n<p><span style=\"color: #777777; font-family: Arial;\">La mission des policiers est compliqu\u00e9e et indispensable dans un \u00c9tat de Droit.<br \/>\n<\/span><\/p>\n<p><span style=\"color: #777777; font-family: Arial;\">Lors des manifestations des gilets jaunes, j&rsquo;avais r\u00e9dig\u00e9 un mot du jour le &lt;<span style=\"color: #0000ff;\"><a style=\"color: #0000ff;\" href=\"https:\/\/lemotdujour.fr\/?p=5884\">10 d\u00e9cembre 2018<\/a><\/span>&gt; dans lequel je citais un article qui rapportait les violences auxquels les polici\u00e8res et policiers avaient \u00e0 faire face.<br \/>\n<\/span><\/p>\n<p><span style=\"color: #777777; font-family: Arial;\">J&rsquo;avais \u00e9crit alors\u00a0: \u00ab\u00a0<span style=\"color: #c00000;\">Ces personnes sont des fonctionnaires comme moi. Ils ont fait le choix de se mettre au service de L&rsquo;\u00c9tat et de la R\u00e9publique. Mais quand ils sont appel\u00e9s \u00e0 assurer leur mission, sur un th\u00e9\u00e2tre d&rsquo;op\u00e9ration, ils ne sont pas certains de rentrer en bonne forme le soir, en retournant dans leur famille retrouver leurs enfants, leur compagne ou compagnon<span style=\"color: #777777;\">.\u00a0\u00bb<br \/>\n<\/span><\/span><\/span><\/p>\n<p><span style=\"color: #777777; font-family: Arial;\">Et c&rsquo;est exactement ce qui est arriv\u00e9 \u00e0 quatre fonctionnaires de police, le 8 octobre 2016, quand ils ont \u00e9t\u00e9 agress\u00e9s par plusieurs personnes \u00e0 Viry-Ch\u00e2tillon en Essonne.<br \/>\n<\/span><\/p>\n<p><span style=\"color: #777777; font-family: Arial;\">&lt;<span style=\"color: #0000ff;\"><a style=\"color: #0000ff;\" href=\"https:\/\/www.francetvinfo.fr\/faits-divers\/police\/attaque-de-policiers-a-viry-chatillon\/policiers-brules-a-viry-chatillon-retour-sur-les-faits_4376927.html\">France Info<\/a><\/span>&gt; donne un r\u00e9sum\u00e9 de l&rsquo;affaire.<br \/>\n<\/span><\/p>\n<p style=\"margin-left: 28pt;\"><span style=\"color: #c00000; font-family: Arial;\">\u00ab\u00a0La tension \u00e9tait vive dans la ville apr\u00e8s l&rsquo;installation d&rsquo;une cam\u00e9ra pour surveiller un endroit o\u00f9 de nombreux vols avaient lieu. De passage, deux v\u00e9hicules de police ont alors \u00e9t\u00e9 attaqu\u00e9s \u00e0 coups de pierres et de cocktails molotov par une vingtaine de personnes masqu\u00e9es. Les voitures ont pris feu mais, aid\u00e9s par des habitants, les quatre policiers sont parvenus \u00e0 s&rsquo;en sortir. Ils ont \u00e9t\u00e9 bless\u00e9s, l&rsquo;un d&rsquo;entre eux a \u00e9t\u00e9 gri\u00e8vement br\u00fbl\u00e9.\u00a0\u00bb<br \/>\n<\/span><\/p>\n<p><span style=\"color: #777777; font-family: Arial;\">Son &lt;<span style=\"color: #0000ff;\"><a style=\"color: #0000ff;\" href=\"https:\/\/www.france24.com\/fr\/20161009-france-attaque-cocktails-molotov-viry-chatillon-policier-pronostic-vital-engage\">pronostic vital<\/a><\/span>&gt; avait \u00e9t\u00e9 engag\u00e9<br \/>\n<\/span><\/p>\n<p><span style=\"color: #777777; font-family: Arial;\">L&rsquo;enqu\u00eate avait \u00e9t\u00e9 difficile pour retrouver la trace des responsables. Pr\u00e8s d&rsquo;un millier de personnes ont \u00e9t\u00e9 interrog\u00e9es mais la loi du silence s&rsquo;est install\u00e9e. Au final, 13 jeunes \u00e2g\u00e9s de 19 \u00e0 24 ans avaient \u00e9t\u00e9 envoy\u00e9s devant la Cour d&rsquo;assises.<br \/>\n<\/span><\/p>\n<p><span style=\"color: #777777; font-family: Arial;\">Huit des treize accus\u00e9s \u00e9taient condamn\u00e9s, en 2019, \u00e0 des peines allant de 10 \u00e0 20 ans de prison, les 5 autres \u00e9taient acquitt\u00e9s faute de preuves. Mais, le Parquet, qui avait requis de 20 \u00e0 30 ans de prison, avait fait appel. &lt;<span style=\"color: #0000ff;\"><a style=\"color: #0000ff;\" href=\"https:\/\/fr.wikipedia.org\/wiki\/Affaire_des_policiers_br%C3%BBl%C3%A9s_%C3%A0_Viry-Ch%C3%A2tillon\">Wikipedia<\/a><\/span>&gt; donne davantage de d\u00e9tails.<br \/>\n<\/span><\/p>\n<p><span style=\"color: #777777; font-family: Arial;\">Le proc\u00e8s en appel a eu lieu. Et en avril 2021, \u00e0 l&rsquo;issue de 14 heures de d\u00e9lib\u00e9ration et six semaines d&rsquo;audience \u00e0 huis clos, cinq condamn\u00e9s ont \u00e9t\u00e9 reconnus coupables de tentative de meurtre sur personnes d\u00e9positaires de l&rsquo;autorit\u00e9 publique.<br \/>\n<\/span><\/p>\n<p><span style=\"color: #777777; font-family: Arial;\">Trois ont \u00e9t\u00e9 condamn\u00e9s \u00e0 18 ans de prison, un autre \u00e0 8 ans de prison, et le dernier \u00e0 6 ans. Ils encouraient la r\u00e9clusion criminelle \u00e0 perp\u00e9tuit\u00e9. Le nombre d&rsquo;acquitt\u00e9s est pass\u00e9 de cinq \u00e0 huit.<br \/>\n<\/span><\/p>\n<p><span style=\"color: #777777; font-family: Arial;\">Un avocat des victimes &lt;<span style=\"color: #0000ff;\"><a style=\"color: #0000ff;\" href=\"https:\/\/www.lexpress.fr\/actualites\/1\/societe\/policiers-brules-a-viry-chatillon-verdict-attendu-pour-les-13-accuses_2149035.html\">a d\u00e9clar\u00e9<\/a><\/span>&gt;, \u00e0 l&rsquo;issue du proc\u00e8s,<br \/>\n<\/span><\/p>\n<p style=\"margin-left: 28pt;\"><span style=\"color: #c00000; font-family: Arial;\">\u00ab\u00a0Nous venons d&rsquo;assister \u00e0 un naufrage judiciaire (&#8230;) alors que l&rsquo;on sait qu&rsquo;il y avait 16 assaillants, on se retrouve avec cinq condamnations\u00a0\u00bb<br \/>\n<\/span><\/p>\n<p><span style=\"color: #777777; font-family: Arial;\">Il est n\u00e9cessaire de prot\u00e9ger nos policiers et de sanctionner sans trembler ceux qui les attaquent et plus encore ceux qui mettent leur vie en danger.<br \/>\n<\/span><\/p>\n<p><span style=\"color: #777777; font-family: Arial;\">Mais il faut que ceux qui sont condamn\u00e9s soient avec certitude les coupables.<br \/>\n<\/span><\/p>\n<p><span style=\"color: #777777; font-family: Arial;\">Or \u00ab\u00a0<strong>Mediapart<\/strong>\u00a0\u00bb vient de d\u00e9voiler qu&rsquo;au moins pour un des condamn\u00e9s du premier proc\u00e8s et acquitt\u00e9 du second, les preuves n&rsquo;existaient pas et qu&rsquo;il y a eu parmi les enqu\u00eateurs des personnes qui n&rsquo;ont pas eu un comportement \u00e9thique.<br \/>\n<\/span><\/p>\n<p><span style=\"color: #777777; font-family: Arial;\">&lt;<a href=\"https:\/\/www.mediapart.fr\/journal\/france\/160521\/affaire-de-viry-chatillon-comment-la-police-fabrique-de-faux-coupables\"><span style=\"color: #0000ff;\">L&rsquo;article<\/span><\/a>&gt; de Mediapart est en acc\u00e8s libre.<br \/>\n<\/span><\/p>\n<p><span style=\"color: #777777; font-family: Arial;\">Je partage ci-apr\u00e8s, le r\u00e9sum\u00e9 qu&rsquo;en a fait Claude Askolovitch lors d&rsquo;une ses &lt;<span style=\"color: #0000ff;\"><a style=\"color: #0000ff;\" href=\"https:\/\/www.franceinter.fr\/emissions\/la-revue-de-presse\/la-revue-de-presse-21-avril-2021\">revue de presse<\/a><\/span>&gt;<br \/>\n<\/span><\/p>\n<p style=\"margin-left: 28pt;\"><span style=\"color: #c00000; font-family: Arial;\">\u00ab\u00a0Un jeune homme innocent qui pourtant a pass\u00e9 quatre ann\u00e9es et trois mois en prison, condamn\u00e9 en premi\u00e8re instance pour un crime scandaleux, un pi\u00e8ge tendu \u00e0 des policiers qui auraient pu bruler vifs en octobre 2016 \u00e0 Viry-Ch\u00e2tillon &#8211; mais il a \u00e9t\u00e9 acquitt\u00e9 en appel dimanche par la Cour d&rsquo;Assises de Paris, le dossier d&rsquo;accusation finalement ne tenait pas&#8230;<br \/>\nEt ce matin, Mediapart affirme que ce dossier avait \u00e9t\u00e9 initialement manipul\u00e9 contre le jeune homme par des policiers enqu\u00eateurs, qui aurait transmis \u00e0 la justice une version tronqu\u00e9e de son interrogatoire en garde \u00e0 vue, que Mediapart a pu visionner&#8230; Ce serait l\u00e0 le vrai scandale du proc\u00e8s en appel de l&rsquo;agression de Viry-Ch\u00e2tillon, dont le verdict, cinq condamnations et huit acquittement, jug\u00e9 trop cl\u00e9ment par des organisations de policiers et des politiques, provoque des d\u00e9bats et hier des manifestations -mais cette cl\u00e9mence en fait serait une r\u00e9paration.<br \/>\n<\/span><\/p>\n<p style=\"margin-left: 28pt;\"><span style=\"color: #c00000; font-family: Arial;\">Nous sommes en janvier 2017, devant des policiers qui le traitent de con, qui lui disent qu&rsquo;il n&rsquo;assume pas, Foued -ainsi Mediapart rebaptise le jeune homme pour garantir son anonymat- Foued, donc jure son innocence, cent fois, dit le journal, mais il finit par craquer, un instant, sous la pression conjugu\u00e9es des policiers et -\u00e9tonnamment- de son avocat de l&rsquo;\u00e9poque, commis d&rsquo;office, qui contribue \u00e0 faire perdre sa lucidit\u00e9 au jeune homme, il lui sugg\u00e8re qu&rsquo;il est victime d&rsquo;un black-out, qu&rsquo;il a particip\u00e9 au guet-apens mais qu&rsquo;il l&rsquo;a occult\u00e9, ces choses-l\u00e0 arrivent, tiens, c&rsquo;est arriv\u00e9 \u00e0 un de ses clients&#8230;<br \/>\n<\/span><\/p>\n<p style=\"margin-left: 28pt;\"><span style=\"color: #c00000; font-family: Arial;\">Alors Foued se prend la t\u00eate, \u00ab\u00a0Mon Dieu, comment vient ce ph\u00e9nom\u00e8ne&#8230;\u00a0\u00bb&#8230; et quelques minutes plus tard, interrog\u00e9 par les policiers, il r\u00e9pond : \u00ab Je ne m&rsquo;en souviens pas une seconde si je l&rsquo;ai faite ou pas. \u00bb Et cette phrase se retrouvera dans le dossier transmis \u00e0 la justice&#8230; mais pas celles-ci, qui montrent un jeune homme sur le point de perdre la raison. \u00ab Je vais \u00eatre fou. Il reste une boule en moi. Je ne sais pas c&rsquo;est quoi. Dans ma t\u00eate, je ne l&rsquo;ai pas fait. Si je dis que je l&rsquo;ai fait, si je vous le dis, la boule va rester parce que dans ma t\u00eate je ne l&rsquo;ai pas fait. \u00bb<br \/>\n<\/span><\/p>\n<p style=\"margin-left: 28pt;\"><span style=\"color: #c00000; font-family: Arial;\">Foued avait \u00e9t\u00e9 condamn\u00e9 \u00e0 18 ans de prison dans le premier proc\u00e8s aux assises, la cour disait que Foued avait \u00ab implicitement admis de fa\u00e7on tr\u00e8s ambigu\u00eb avoir pu participer aux faits\u00a0\u00bb, le proc\u00e8s en appel a balay\u00e9 ceci pour innocenter le jeune homme, il dit \u00e0 Mediapart que les enqu\u00eateurs ne cherchaient pas les coupables mais des coupables. \u00bb<br \/>\n<\/span><\/p>\n<p><span style=\"color: #777777; font-family: Arial;\">La Justice n&rsquo;est pas la vengeance, surtout pas la vengeance aveugle.<br \/>\n<\/span><\/p>\n<p><span style=\"color: #777777; font-family: Arial;\">Dans un \u00c9tat de droit, nos valeurs nous poussent \u00e0 pr\u00e9f\u00e9rer qu&rsquo;il puisse exister un coupable en libert\u00e9 qu&rsquo;un innocent condamn\u00e9.<br \/>\n<\/span><\/p>\n<p><span style=\"color: #777777; font-family: Arial;\">Mais je laisserai le mot de fin \u00e0 Voltaire\u00a0:<br \/>\n<\/span><\/p>\n<p style=\"margin-left: 28pt;\"><span style=\"color: #c00000; font-family: Arial;\">\u00ab Le roi avait perdu son premier ministre. Il choisit Zadig pour remplir cette place. [\u2026] C&rsquo;est de lui que les nations tiennent ce grand principe : qu&rsquo;il vaut mieux hasarder de sauver un coupable que de condamner un innocent \u00bb<br \/>\n<em>Zadig ou La destin\u00e9e \u2013 Histoire orientale, Chapitre VI, Le Ministre.<br \/>\n<\/em><\/span><\/p>\n<p><span style=\"color: #777777; font-family: Arial;\">Le mot de jour sera en cong\u00e9 les deux prochaines semaines. Il reviendra le 7 juin. <\/span><\/p>\n<p><span style=\"color: #800000;\">&lt;1568&gt;<\/span><\/p>\n","protected":false},"excerpt":{"rendered":"<p>\u00ab Il vaut mieux hasarder de sauver un coupable que de condamner un innocent\u00bb Voltaire \u00ab\u00a0Zadig \u00bb La mission des policiers est compliqu\u00e9e et indispensable dans un \u00c9tat de Droit. Lors des manifestations des gilets jaunes, j&rsquo;avais r\u00e9dig\u00e9 un mot<\/p>\n","protected":false},"author":1,"featured_media":0,"comment_status":"open","ping_status":"closed","sticky":false,"template":"","format":"standard","meta":{"footnotes":""},"categories":[1],"tags":[15,51,170],"class_list":["post-11394","post","type-post","status-publish","format-standard","hentry","category-motdujour","tag-france","tag-justice","tag-maintien-de-lordre"],"_links":{"self":[{"href":"https:\/\/lemotdujour.fr\/index.php?rest_route=\/wp\/v2\/posts\/11394","targetHints":{"allow":["GET"]}}],"collection":[{"href":"https:\/\/lemotdujour.fr\/index.php?rest_route=\/wp\/v2\/posts"}],"about":[{"href":"https:\/\/lemotdujour.fr\/index.php?rest_route=\/wp\/v2\/types\/post"}],"author":[{"embeddable":true,"href":"https:\/\/lemotdujour.fr\/index.php?rest_route=\/wp\/v2\/users\/1"}],"replies":[{"embeddable":true,"href":"https:\/\/lemotdujour.fr\/index.php?rest_route=%2Fwp%2Fv2%2Fcomments&post=11394"}],"version-history":[{"count":7,"href":"https:\/\/lemotdujour.fr\/index.php?rest_route=\/wp\/v2\/posts\/11394\/revisions"}],"predecessor-version":[{"id":11912,"href":"https:\/\/lemotdujour.fr\/index.php?rest_route=\/wp\/v2\/posts\/11394\/revisions\/11912"}],"wp:attachment":[{"href":"https:\/\/lemotdujour.fr\/index.php?rest_route=%2Fwp%2Fv2%2Fmedia&parent=11394"}],"wp:term":[{"taxonomy":"category","embeddable":true,"href":"https:\/\/lemotdujour.fr\/index.php?rest_route=%2Fwp%2Fv2%2Fcategories&post=11394"},{"taxonomy":"post_tag","embeddable":true,"href":"https:\/\/lemotdujour.fr\/index.php?rest_route=%2Fwp%2Fv2%2Ftags&post=11394"}],"curies":[{"name":"wp","href":"https:\/\/api.w.org\/{rel}","templated":true}]}}