{"id":11385,"date":"2021-05-20T00:44:22","date_gmt":"2021-05-19T22:44:22","guid":{"rendered":"http:\/\/lemotdujour.fr\/?p=11385"},"modified":"2021-07-29T23:25:28","modified_gmt":"2021-07-29T21:25:28","slug":"jeudi-20-mai-2021","status":"publish","type":"post","link":"https:\/\/lemotdujour.fr\/?p=11385","title":{"rendered":"Jeudi 20 mai 2021"},"content":{"rendered":"<div class=\"mdjTexte\">\u00ab Les violentes \u00e9meutes de ces derniers jours indiquent qu&rsquo;Isra\u00ebl se trouve \u00e0 la crois\u00e9e des chemins \u00bb<\/div>\n<div class=\"mdjAuteur\">Eva Illouz<\/div>\n<p><span style=\"color: #777777; font-family: Arial;\">La terre sacr\u00e9e des trois monoth\u00e9ismes, s&rsquo;est \u00e0 nouveau embras\u00e9e.<br \/>\n<\/span><\/p>\n<p><span style=\"color: #777777; font-family: Arial;\">Comment parler de ce sujet sans tomber dans le simplisme\u00a0?<br \/>\n<\/span><\/p>\n<p><span style=\"color: #777777; font-family: Arial;\">Pour les uns toute la faute est du c\u00f4t\u00e9 des isra\u00e9liens qui par leur politique de colonisation des terres que le plan de partage de 1948 donnait aux palestiniens rendent impossible toute paix qui permettrait la coexistence apais\u00e9e de deux Etats.<br \/>\n<\/span><\/p>\n<p><span style=\"color: #777777; font-family: Arial;\">Pour les autres toute la faute est du c\u00f4t\u00e9 des palestiniens qui ne parviennent pas \u00e0 faire \u00e9merger des gouvernants cr\u00e9dibles capable de n\u00e9gocier et s&rsquo;engager pour trouver la voie d&rsquo;une n\u00e9gociation raisonnable avec Isra\u00ebl.<br \/>\n<\/span><\/p>\n<p><span style=\"color: #777777; font-family: Arial;\">Pour renforcer l&rsquo;argumentaire du premier camp, on parle du blocus qu&rsquo;Isra\u00ebl impose aux territoires palestiniens, l&rsquo;usage massive de la force asym\u00e9trique pour r\u00e9pliquer \u00e0 toute attaque palestinienne ainsi que la politique de domination et donc d&rsquo;humiliation du peuple palestinien, moins bien organis\u00e9, moins bien structur\u00e9, nettement moins bien arm\u00e9.<br \/>\n<\/span><\/p>\n<p><span style=\"color: #777777; font-family: Arial;\">Mais le second camp pourra r\u00e9pliquer en fustigeant l&rsquo;attitude, les m\u00e9thodes et l&rsquo;id\u00e9ologie du Hamas, ainsi que la corruption du Fatah.<br \/>\n<\/span><\/p>\n<p><span style=\"color: #777777; font-family: Arial;\">A ce moment de l&rsquo;affrontement, nous sommes en plus en pr\u00e9sence d&rsquo;une double impasse de gouvernement. Au bout de deux ans et quatre \u00e9lections (9 avril et 17 septembre 2019, 2 mars 2020, 23 mars 2021) Isra\u00ebl n&rsquo;est toujours pas en mesure de d\u00e9signer un premier ministre et un gouvernement capables de gouverner le pays dans la dur\u00e9e et la stabilit\u00e9. Pendant ce temps, Benyamin Netanyahou reste au pouvoir et exp\u00e9die les affaires courantes. Et quand les affaires courantes sont une guerre contre le Hamas, cela lui est plut\u00f4t favorable.<br \/>\n<\/span><\/p>\n<p><span style=\"color: #777777; font-family: Arial;\">En face, le pr\u00e9sident de l&rsquo;autorit\u00e9 palestinienne Mahmoud Abbas a report\u00e9 sine die les \u00e9lections l\u00e9gislatives qui aurait d\u00fb se tenir en 2021. Le pr\u00e9c\u00e9dent parlement avait \u00e9t\u00e9 \u00e9lu en 2006\u00a0!<br \/>\n<\/span><\/p>\n<p><span style=\"color: #777777; font-family: Arial;\">Lui-m\u00eame a \u00e9t\u00e9 \u00e9lu en 2005 et reste dans sa fonction sans une nouvelle l\u00e9gitimation par les urnes.<br \/>\n<\/span><\/p>\n<p><span style=\"color: #777777; font-family: Arial;\">\u00c9crire sur ce sujet est p\u00e9rilleux.<br \/>\n<\/span><\/p>\n<p><span style=\"color: #777777; font-family: Arial;\">On peut, je pense l\u00e9gitimement, avoir un surplus de compassion pour la plus grande partie du peuple palestinien qui vivent dans des conditions d&rsquo;enfermement et d&rsquo;ins\u00e9curit\u00e9 terribles. Et qui en plus, ont des dirigeants m\u00e9diocres et corrompus.<br \/>\n<\/span><\/p>\n<p><span style=\"color: #777777; font-family: Arial;\">Mais on ne peut pas ne pas avoir de compassion pour le peuple isra\u00e9lien qui lui aussi est touch\u00e9 par les actions meurtri\u00e8res du Hamas qui dans sa tentative actuelle ne cherche pas le bien du peuple palestinien mais plut\u00f4t de gagner la bataille de l&rsquo;image contre le Fatah, en voulant montrer que c&rsquo;est lui qui d\u00e9fend avec le plus d&rsquo;ardeur la cause palestinienne.<br \/>\n<\/span><\/p>\n<p><span style=\"color: #777777; font-family: Arial;\">Je me suis abonn\u00e9 il y a quelques mois \u00e0 une revue en ligne qui s&rsquo;appelle<span style=\"color: #0000ff;\"> <a style=\"color: #0000ff;\" href=\"https:\/\/aoc.media\/opinion\/2021\/05\/18\/israel-palestine-la-guerre-silencieuse\/\"><strong>\u00ab\u00a0AOC\u00a0\u00bb<\/strong><\/a><\/span> pour Analyse, Opinion, Critique. Chaque jour, un article dans chacune de ces rubriques est publi\u00e9.<br \/>\n<\/span><\/p>\n<p><span style=\"color: #777777; font-family: Arial;\">Et pour \u00e9clairer le sujet que j&rsquo;ai abord\u00e9 aujourd&rsquo;hui je voudrais partager l&rsquo;opinion de la sociologue <strong>Eva Illouz<\/strong> publi\u00e9 le 19 mai\u00a0: \u00ab\u00a0<a href=\"https:\/\/aoc.media\/opinion\/2021\/05\/18\/israel-palestine-la-guerre-silencieuse\/\"><span style=\"color: #0000ff;\">Isra\u00ebl-Palestine : la guerre silencieuse<\/span>\u00a0<\/a>\u00bb<br \/>\n<\/span><\/p>\n<p><span style=\"color: #777777; font-family: Arial;\">Eva Illouz poss\u00e8de la double nationalit\u00e9 franco isra\u00e9lienne. Elle est n\u00e9e le 30 avril 1961 \u00e0 F\u00e8s au Maroc. Elle est directrice d&rsquo;\u00e9tudes \u00e0 l&rsquo;\u00c9cole des hautes \u00e9tudes en sciences sociales (EHESS).<br \/>\n<\/span><\/p>\n<p><span style=\"color: #777777; font-family: Arial;\">Elle enseigne aussi la sociologie \u00e0 l&rsquo;Universit\u00e9 h\u00e9bra\u00efque de J\u00e9rusalem. Elle a \u00e9crit plusieurs livres de sociologie qui ont eu du succ\u00e8s. Je poss\u00e8de dans ma biblioth\u00e8que, un livre qu&rsquo;il me reste \u00e0 lire\u00a0: \u00ab\u00a0<a href=\"https:\/\/www.chez-mon-libraire.fr\/livre\/9791094841761-happycratie-comment-l-industrie-du-bonheur-a-pris-le-controle-de-nos-vies-eva-illouz-edgar-cabanas\/\"><span style=\"color: #0000ff;\">Happycratie<\/span><\/a>\u00a0\u00bb<br \/>\n<\/span><\/p>\n<p><span style=\"color: #777777; font-family: Arial;\">Elle pose d&rsquo;abord la question juste des faits\u00a0: Peut-on expliquer comment la violence actuelle a commenc\u00e9\u00a0?<br \/>\n<\/span><\/p>\n<p><span style=\"color: #777777; font-family: Arial;\">Elle a cette formule piquante \u00ab<br \/>\n<\/span><\/p>\n<p style=\"margin-left: 28pt;\"><span style=\"color: #c00000; font-family: Arial;\">\u00ab\u00a0Lorsque deux camps sont engag\u00e9s dans un conflit qui dure depuis aussi longtemps que le conflit isra\u00e9lo-palestinien, chacun de deux c\u00f4t\u00e9s est devenu expert dans l&rsquo;art d&rsquo;accuser l&rsquo;autre \u00ab d&rsquo;avoir commenc\u00e9 \u00bb.\u00a0\u00bb<br \/>\n<\/span><\/p>\n<p><span style=\"color: #777777; font-family: Arial;\">C&rsquo;est un peu comme de tous jeunes enfants\u00a0: \u00ab\u00a0c&rsquo;est lui qui a commenc\u00e9\u00a0\u00bb<br \/>\n<\/span><\/p>\n<p><span style=\"color: #777777; font-family: Arial;\">Certains voudraient faire commencer l&rsquo;histoire dans les \u00e9poques mythologique quand le Dieu d&rsquo;Abraham, d&rsquo;Isaac et de Jacob a donn\u00e9 l&rsquo;ordre \u00e0 Mo\u00efse de conduire les H\u00e9breux, hors d&rsquo;Egypte dans ce pays qu&rsquo;il lui a donn\u00e9.<br \/>\n<\/span><\/p>\n<p><span style=\"color: #777777; font-family: Arial;\">Ce r\u00e9cit est \u00e9crit dans les livres saints de la religion juive. Rien de ce r\u00e9cit n&rsquo;a pu \u00eatre confirm\u00e9 par les arch\u00e9ologues et les Historiens.<br \/>\n<\/span><\/p>\n<p><span style=\"color: #777777; font-family: Arial;\">D&rsquo;autres veulent la faire commencer au moment de \u00ab\u00a0<a href=\"https:\/\/www.lemonde.fr\/proche-orient\/article\/2018\/05\/15\/il-y-a-soixante-dix-ans-l-invention-de-la-nakba_5298947_3218.html\"><span style=\"color: #0000ff;\">La Nakba<\/span>\u00a0<\/a>\u00bb, \u00ab catastrophe \u00bb en arabe, qui d\u00e9signe l&rsquo;exil forc\u00e9 de 700 000 Palestiniens lors de la cr\u00e9ation de l&rsquo;Etat d&rsquo;Isra\u00ebl en 1948. Car cette terre \u00e9tait occup\u00e9e par des arabes musulmans et chr\u00e9tiens qui \u00e9taient largement majoritaires avant que le mouvement sioniste envoie par vague successive des juifs s&rsquo;installer en Palestine.<br \/>\n<\/span><\/p>\n<p><span style=\"color: #777777; font-family: Arial;\">Pour ma part, je pr\u00e9f\u00e8re me r\u00e9f\u00e9rer \u00e0 la d\u00e9cision de l&rsquo;ONU qui a cr\u00e9\u00e9 l\u2019\u00c9tat d&rsquo;Isra\u00ebl mais qui parall\u00e8lement a cr\u00e9\u00e9 l\u2019\u00c9tat de Palestine. Que l&rsquo;un existe, sans l&rsquo;autre pose un s\u00e9rieux probl\u00e8me.<br \/>\n<\/span><\/p>\n<p><span style=\"color: #777777; font-family: Arial;\">Mais si on en revient \u00e0 l&#8217;embrasement actuel, le d\u00e9but n&rsquo;est pas \u00e9vident\u00a0:<br \/>\n<\/span><\/p>\n<p style=\"margin-left: 28pt;\"><span style=\"color: #c00000; font-family: Arial;\">\u00ab Nous pourrions commencer par la vid\u00e9o d&rsquo;un adolescent arabe du quartier de Beit Hanina \u00e0 J\u00e9rusalem-Est qui gifle, sans avoir \u00e9t\u00e9 provoqu\u00e9, un adolescent juif orthodoxe dans le tramway de J\u00e9rusalem. Cette vid\u00e9o, post\u00e9e sur Tiktok, a suscit\u00e9 un toll\u00e9, alimentant la peur existentielle ressentie par beaucoup de Juifs isra\u00e9liens mais aussi leur perception que \u00ab la haine des Arabes \u00e0 leur \u00e9gard sera \u00e9ternelle \u00bb.<br \/>\n<\/span><\/p>\n<p><span style=\"color: #777777; font-family: Arial;\">Cet incident aurait pu rester \u00e0 sa mesure d&rsquo;incident qui justifie une remontrance ou une sanction pour le gifleur. Il semble d\u00e9risoire de penser que cet incident est la cause de centaine de morts\u00a0?<br \/>\n<\/span><\/p>\n<p style=\"margin-left: 28pt;\"><span style=\"color: #c00000; font-family: Arial;\">\u00ab\u00a0Mais nous pourrions aussi commencer l&rsquo;histoire un peu plus tard, le jeudi 22 avril, lorsque des membres de l&rsquo;organisation d&rsquo;extr\u00eame droite Lehava ont travers\u00e9 la ville de J\u00e9rusalem en scandant \u00ab mort aux Arabes \u00bb.\u00a0\u00bb<br \/>\n<\/span><\/p>\n<p><span style=\"color: #777777; font-family: Arial;\">Cette manifestation s&rsquo;est d\u00e9roul\u00e9e en pleine p\u00e9riode sacr\u00e9e pour les musulmans du ramadan. <\/span><span style=\"color: #777777; font-family: Arial;\">Et c&rsquo;est alors que la Police isra\u00e9lienne a eu cette initiative malheureuse, qu&rsquo;Eva Illouz pointe aussi\u00a0:<br \/>\n<\/span><\/p>\n<p style=\"margin-left: 28pt;\"><span style=\"color: #c00000; font-family: Arial;\">\u00ab\u00a0Ou bien prendre comme point de d\u00e9part la d\u00e9cision de la police de fermer avec des barri\u00e8res la petite place situ\u00e9e devant la porte de Damas pendant le mois sacr\u00e9 de Ramadan. Cette porte m\u00e8ne aux quartiers arabes exigus et surpeupl\u00e9s de la Vieille Ville de J\u00e9rusalem, et ses abords constituent depuis longtemps d\u00e9j\u00e0 un lieu o\u00f9 se retrouvent les hommes, majoritairement jeunes [notamment les soirs de ramadan]. Cela a \u00e9t\u00e9 v\u00e9cu comme une humiliation de plus qui venait s&rsquo;ajouter \u00e0 la privation, au quotidien, des droits politiques des Arabes de J\u00e9rusalem \u2013 ils repr\u00e9sentent 40 % de la population de la ville mais n&rsquo;ont aucun droit politique\u00a0\u00bb<br \/>\n<\/span><\/p>\n<p><span style=\"color: #777777; font-family: Arial;\">Et la police isra\u00e9lienne ne s&rsquo;est pas content\u00e9 de bloquer le passage des arabes de J\u00e9rusalem<br \/>\n<\/span><\/p>\n<p style=\"margin-left: 28pt;\"><span style=\"color: #c00000; font-family: Arial;\">\u00ab\u00a0Puis, lorsque les Isra\u00e9liens ont emp\u00each\u00e9, pendant le mois de Ramadan, des milliers de p\u00e8lerins de se rendre \u00e0 la mosqu\u00e9e Al-Aqsa (le troisi\u00e8me lieu saint de l&rsquo;islam), d&rsquo;humiliation on est pass\u00e9 \u00e0 profanation. \u00c0 l&rsquo;approche de la Journ\u00e9e de J\u00e9rusalem, qui c\u00e9l\u00e8bre la conqu\u00eate de ville en 1967, et apr\u00e8s une semaine de tension, la police a utilis\u00e9 du gaz lacrymog\u00e8ne et des canons \u00e0 eau sale (qui d\u00e9trempent les gens et les rues d&rsquo;une odeur naus\u00e9abonde insupportable) pour disperser et combattre les fid\u00e8les, blessant des centaines de personnes.\u00a0\u00bb<br \/>\n<\/span><\/p>\n<p><span style=\"color: #777777; font-family: Arial;\">Quand on profane le lieu sacr\u00e9 d&rsquo;un peuple croyant, il faut s&rsquo;attendre au pire.<br \/>\n<\/span><\/p>\n<p><span style=\"color: #777777; font-family: Arial;\">Car ce qui est sacr\u00e9 autorise le sacrifice et conduit \u00e0 punir ce qui est sacril\u00e8ge. Or la profanation est un sacril\u00e8ge pour ceux qui croient au sacr\u00e9.<br \/>\n<\/span><\/p>\n<p><span style=\"color: #777777; font-family: Arial;\">Et c&rsquo;est ainsi que les arabes, citoyens isra\u00e9liens ont commenc\u00e9 \u00e0 se r\u00e9volter.<br \/>\n<\/span><\/p>\n<p><span style=\"color: #777777; font-family: Arial;\">Le Hamas a alors profit\u00e9 de cet instant de tension pour envoyer une pluie de roquettes vers les villes isra\u00e9liennes, tout en se r\u00e9fugiant dans des immeubles dans lesquels il utilise les populations civiles et les enfants comme bouclier humain. Son but premier \u00e9tant de conforter sa position politique apr\u00e8s la d\u00e9cision de reporter les \u00e9lections prises par son ennemi int\u00e9rieur : le pr\u00e9sident de l&rsquo;autorit\u00e9 palestinienne.<br \/>\n<\/span><\/p>\n<p><span style=\"color: #777777; font-family: Arial;\">L&rsquo;arm\u00e9e isra\u00e9lienne a alors r\u00e9pliqu\u00e9 avec sa puissance habituelle et les effets collat\u00e9raux in\u00e9vitables qui r\u00e9voltent beaucoup de personnes dans le monde. <\/span><span style=\"color: #777777; font-family: Arial;\">Dans cette situation on en revient \u00e0 la formule d&rsquo;Annie Kriegel :<br \/>\n<\/span><\/p>\n<p style=\"margin-left: 28pt;\"><span style=\"color: #c00000; font-family: Arial;\">\u00ab\u00a0Isra\u00ebl n&rsquo;a qu&rsquo;un ami, mais c&rsquo;est le bon\u00a0\u00bb<br \/>\n<\/span><\/p>\n<p><span style=\"color: #777777; font-family: Arial;\">Mais c&rsquo;est dans la seconde partie de son article que je trouve l&rsquo;opinion d&rsquo;Eva Illouz particuli\u00e8rement int\u00e9ressante\u00a0:<br \/>\n<\/span><\/p>\n<p style=\"margin-left: 28pt;\"><span style=\"color: #c00000; font-family: Arial;\">\u00ab\u00a0Cependant, la guerre contre Gaza (un \u00e9v\u00e9nement) ne doit pas, en d\u00e9pit de sa t\u00e9l\u00e9g\u00e9nie, d\u00e9tourner notre attention des processus plus silencieux et invisibles qui ont jalonn\u00e9 l&rsquo;histoire d&rsquo;Isra\u00ebl, je parle de la constante privation des libert\u00e9 et souverainet\u00e9 politique des Palestiniens de Cisjordanie, et, par cons\u00e9quent, du sentiment d&rsquo;ali\u00e9nation des citoyens arabes dans une soci\u00e9t\u00e9 qui n&rsquo;a cess\u00e9, au mieux, d&rsquo;exprimer une profonde ambivalence \u00e0 l&rsquo;\u00e9gard de leur pr\u00e9sence.<br \/>\n<\/span><\/p>\n<p style=\"margin-left: 28pt;\"><span style=\"color: #c00000; font-family: Arial;\">La guerre civile qui d\u00e9chire Isra\u00ebl est bien plus inqui\u00e9tante que la guerre militaire men\u00e9e contre le Hamas, car elle met en \u00e9vidence les contradictions internes qu&rsquo;Isra\u00ebl n&rsquo;a pas voulu et peut-\u00eatre n&rsquo;a pas pu surmonter. Cette guerre trouve sa source dans l&rsquo;impossible mod\u00e8le politique qu&rsquo;Isra\u00ebl a tent\u00e9 de promouvoir : une d\u00e9mocratie fond\u00e9e sur l&rsquo;exclusion durable des citoyens arabes de l&rsquo;appareil d&rsquo;\u00c9tat. [..]<br \/>\n<\/span><\/p>\n<p style=\"margin-left: 28pt;\"><span style=\"color: #c00000; font-family: Arial;\">Cette exclusion n&rsquo;est pas simplement un effet involontaire de la situation militaire d&rsquo;Isra\u00ebl. Non, elle a \u00e9t\u00e9 ent\u00e9rin\u00e9e par de nombreuses lois qui discriminent les citoyens juifs et arabes. C&rsquo;est pourquoi le point d&rsquo;entr\u00e9e le plus pertinent pour comprendre la guerre civile actuelle r\u00e9side dans la tentative continue des colons juifs d&rsquo;expulser des familles palestiniennes du quartier de Sheikh Jarrah, \u00e0 J\u00e9rusalem-Est.\u00a0\u00bb<br \/>\n<\/span><\/p>\n<p><span style=\"color: #777777; font-family: Arial;\">Parce que parmi les \u00e9v\u00e8nements qui ont fait monter la tension il y avait la question de l&rsquo;expulsion de familles palestiniennes de ce quartier arabe de J\u00e9rusalem par des colons. Je n&rsquo;ai pas tout de suite compris de quoi il s&rsquo;agissait. En 1948, dans le cadre de la cr\u00e9ation des deux \u00c9tats, des juifs avaient d\u00fb quitter ces immeubles qui se trouvaient dans la partie palestinienne. La Jordanie qui \u00e9tait alors l\u2019\u00c9tat souverain sur ces lieux n&rsquo;a pas trouv\u00e9 utile de donner de titre de propri\u00e9t\u00e9 aux palestiniens \u00e0 qui ont avait donn\u00e9 ces biens immobiliers, contrairement \u00e0 l\u2019\u00c9tat d&rsquo;Isra\u00ebl qui a tout de suite donn\u00e9 des titres aux juifs qui se sont empar\u00e9s des biens arabes.<br \/>\n<\/span><\/p>\n<p><span style=\"color: #777777; font-family: Arial;\">Cette situation r\u00e9v\u00e8le donc une asym\u00e9trie absolue, puisque des juifs pourraient retrouver la possession de leurs biens d&rsquo;avant 1948, contrairement aux palestiniens pour lesquels l\u2019\u00c9tat d&rsquo;Isra\u00ebl refuse toute r\u00e9ciprocit\u00e9.<br \/>\n<\/span><\/p>\n<p><span style=\"color: #777777; font-family: Arial;\">Eva Illouz nous dit davantage de l&rsquo;\u00e9volution interne des forces politiques et de la soci\u00e9t\u00e9 isra\u00e9lienne\u00a0:<br \/>\n<\/span><\/p>\n<p style=\"margin-left: 28pt;\"><span style=\"color: #c00000; font-family: Arial;\">\u00ab\u00a0Le cynisme meurtrier du Hamas ne saurait \u00eatre minor\u00e9. Mais en tant qu&rsquo;Isra\u00e9lienne juive, il semble plus opportun que ma r\u00e9flexion se porte sur les d\u00e9faillances de mon propre groupe tout en restant consciente que l&rsquo;autre camp n&rsquo;est pas qu&rsquo;une victime innocente et ang\u00e9lique (\u00e0 quoi j&rsquo;ajouterai que l&rsquo;autocritique n&rsquo;est pas l&rsquo;un des points forts du camp arabe).<br \/>\n<\/span><\/p>\n<p style=\"margin-left: 28pt;\"><span style=\"color: #c00000; font-family: Arial;\">Le lecteur europ\u00e9en ignore que l&rsquo;extr\u00eame droite isra\u00e9lienne \u00e0 laquelle Netanyahu s&rsquo;est alli\u00e9 est d&rsquo;une nature diff\u00e9rente des partis habituellement ainsi qualifi\u00e9s en Europe. Itamar Ben Gvir, qui dirige le parti d&rsquo;extr\u00eame droite Otzma Yehudit (Force juive), avait jusqu&rsquo;\u00e0 r\u00e9cemment dans sa maison un portrait de Baruch Goldstein. Baruch Goldstein \u00e9tait un m\u00e9decin am\u00e9ricain qui, alors qu&rsquo;il vivait dans la colonie de Kiriat Arba (H\u00e9bron), a tu\u00e9 29 musulmans pendant qu&rsquo;ils priaient dans la grotte des patriarches. Ben-Gvir, quant \u00e0 lui, est un avocat qui d\u00e9fend les terroristes juifs et les auteurs de crimes haineux. L&rsquo;organisation Lehava, \u00e9troitement associ\u00e9 \u00e0 ce parti, a pour mission d&#8217;emp\u00eacher les mariages interconfessionnels et le m\u00e9lange des \u00ab races \u00bb.<br \/>\n<\/span><\/p>\n<p style=\"margin-left: 28pt;\"><span style=\"color: #c00000; font-family: Arial;\">[\u2026] Lehava publie aussi les noms des Juifs (dans le but de leur faire honte) qui louent des appartements \u00e0 des Arabes. Seule la culture du Sud profond am\u00e9ricain du d\u00e9but du XXe si\u00e8cle peut soutenir la comparaison avec une telle id\u00e9ologie.<br \/>\n<\/span><\/p>\n<p style=\"margin-left: 28pt;\"><span style=\"color: #c00000; font-family: Arial;\">Netanyahu est devenu leur alli\u00e9 politique naturel, virant ainsi vers les formes les plus extr\u00e9mistes du radicalisme de droite. Ces groupes attisent les flammes de la guerre civile en r\u00e9pandant le racisme au sein de la soci\u00e9t\u00e9 isra\u00e9lienne au chant du slogan \u00ab mort aux Arabes \u00bb.<br \/>\n<\/span><\/p>\n<p><span style=\"color: #777777; font-family: Arial;\">Selon Eva Illouz toute la soci\u00e9t\u00e9 civile isra\u00e9lienne ne se trouve pas dans cette d\u00e9rive mortif\u00e8re\u00a0:<br \/>\n<\/span><\/p>\n<p style=\"margin-left: 28pt;\"><span style=\"color: #c00000; font-family: Arial;\">\u00ab\u00a0 Mordechai Cohen, le directeur du minist\u00e8re de l&rsquo;Int\u00e9rieur, a publi\u00e9 sur sa page Facebook une vid\u00e9o rappelant au public isra\u00e9lien les longues et patientes ann\u00e9es de travail que son minist\u00e8re a consacr\u00e9es \u00e0 l&rsquo;int\u00e9gration des Arabes dans la soci\u00e9t\u00e9 isra\u00e9lienne et \u00e0 la cr\u00e9ation de liens profonds entre les deux populations.<br \/>\n<\/span><\/p>\n<p style=\"margin-left: 28pt;\"><span style=\"color: #c00000; font-family: Arial;\">Ce ne sont pas l\u00e0 les mots vides de sens d&rsquo;un repr\u00e9sentant de l&rsquo;\u00c9tat. Et si ces liens sont peut-\u00eatre loin d&rsquo;\u00eatre d&rsquo;une \u00e9galit\u00e9 totale, ils n&rsquo;en demeurent pas moins r\u00e9els et puissants, et ils sugg\u00e8rent qu&rsquo;Isra\u00ebl est, \u00e0 bien des \u00e9gards, exemplaire en mati\u00e8re de fraternit\u00e9 entre Juifs et Arabes, une fraternit\u00e9 curieusement \u00e9trang\u00e8re \u00e0 bien d&rsquo;autres pays, notamment \u00e0 des nations comme la France. Les Arabes sont en effet aujourd&rsquo;hui beaucoup plus int\u00e9gr\u00e9s \u00e0 la soci\u00e9t\u00e9 isra\u00e9lienne qu&rsquo;ils ne l&rsquo;\u00e9taient il y a cinquante ans (si l&rsquo;on se fonde sur le nombre d&rsquo;Arabes qui font des \u00e9tudes sup\u00e9rieures et travaillent dans les institutions publiques, les universit\u00e9s et les h\u00f4pitaux).<br \/>\n<\/span><\/p>\n<p style=\"margin-left: 28pt;\"><span style=\"color: #c00000; font-family: Arial;\">Cette fraternit\u00e9 n&rsquo;a fait que se renforcer avec la crise du Covid-19, durant laquelle les \u00e9quipes de sant\u00e9 juives et arabes ont travaill\u00e9 c\u00f4te \u00e0 c\u00f4te, sans rel\u00e2che, pour sauver le pays. \u00a0\u00bb<br \/>\n<\/span><\/p>\n<p><span style=\"color: #777777; font-family: Arial;\">Elle rapporte l&rsquo;influence n\u00e9faste de l&rsquo;id\u00e9ologie des colons.<br \/>\n<\/span><\/p>\n<p style=\"margin-left: 28pt;\"><span style=\"color: #c00000; font-family: Arial;\">\u00ab\u00a0Cette coexistence est vou\u00e9e \u00e0 l&rsquo;\u00e9chec d\u00e8s lors qu&rsquo;elle se trouve sap\u00e9e par le racisme qu&rsquo;encourage activement le m\u00e9lange de religion et d&rsquo;ultranationalisme qui d\u00e9finit d\u00e9sormais l&rsquo;id\u00e9ologie des colons, laquelle se r\u00e9pand peu \u00e0 peu dans la soci\u00e9t\u00e9 isra\u00e9lienne.\u00a0\u00bb<br \/>\n<\/span><\/p>\n<p><span style=\"color: #777777; font-family: Arial;\">Et voici sa conclusion qui me semble pleine de sens\u00a0:<br \/>\n<\/span><\/p>\n<p style=\"margin-left: 28pt;\"><span style=\"color: #c00000; font-family: Arial;\">\u00ab\u00a0Les violentes \u00e9meutes de ces derniers jours indiquent qu&rsquo;Isra\u00ebl se trouve \u00e0 la crois\u00e9e des chemins. Le pays doit imp\u00e9rativement modifier sa politique eu \u00e9gard \u00e0 la question palestinienne et adopter les normes internationales en mati\u00e8re de droits humains dans les territoires, sinon il sera oblig\u00e9 de durcir non seulement sa culture militaire en mati\u00e8re de contr\u00f4le mais aussi sa suspension des droits civiques, et l&rsquo;\u00e9tendre \u00e0 l&rsquo;int\u00e9rieur de la Ligne verte. Cette derni\u00e8re option ne sera pas viable. Les Arabes isra\u00e9liens doivent devenir des citoyens isra\u00e9liens \u00e0 part enti\u00e8re, et cela n&rsquo;est possible que si leurs fr\u00e8res palestiniens se voient accorder la souverainet\u00e9 politique.<br \/>\n<\/span><\/p>\n<p style=\"margin-left: 28pt;\"><span style=\"color: #c00000; font-family: Arial;\">Isra\u00ebl a essay\u00e9 de construire un \u00c9tat d\u00e9mocratique et juif, mais sa jud\u00e9it\u00e9 a \u00e9t\u00e9 d\u00e9tourn\u00e9e par l&rsquo;orthodoxie religieuse et l&rsquo;ultranationalisme, tous deux incompatibles avec la d\u00e9mocratie. Ces factions extr\u00e9mistes ont plac\u00e9 jud\u00e9it\u00e9 et d\u00e9mocratie sur des voies incompatibles \u2013 des voies aux logiques morales et politiques incommensurables qui les m\u00e8nent droit \u00e0 la collision. Dans le contexte d&rsquo;un pays engag\u00e9 dans des confrontations militaires incessantes, le puissant courant universaliste du juda\u00efsme est pass\u00e9 \u00e0 la trappe.<br \/>\n<\/span><\/p>\n<p style=\"margin-left: 28pt;\"><span style=\"color: #c00000; font-family: Arial;\">Isra\u00ebl peut \u00eatre un exemple comme nul autre pour le monde, non seulement pour ce qui est de l&rsquo;\u00e9galit\u00e9 formelle entre Juifs et Arabes mais aussi des liens de fraternit\u00e9 humaine qu&rsquo;ils peuvent tisser. Ces deux peuples se ressemblent \u00e9trangement et partagent beaucoup de choses en commun. Cette fraternit\u00e9 n&rsquo;est pas un luxe ni un souhait na\u00eff. Elle est la condition m\u00eame de la poursuite de l&rsquo;existence pacifique et prosp\u00e8re d&rsquo;Isra\u00ebl lui-m\u00eame.\u00a0\u00bb<br \/>\n<\/span><\/p>\n<p><span style=\"color: #777777; font-family: Arial;\">J&rsquo;ai trouv\u00e9 aussi tr\u00e8s int\u00e9ressante la premi\u00e8re partie de l&rsquo;\u00e9mission du \u00ab\u00a0nouvel esprit public\u00a0\u00bb consacr\u00e9 \u00e0 ce sujet &lt;<span style=\"color: #0000ff;\"><a style=\"color: #0000ff;\" href=\"https:\/\/www.lenouvelespritpublic.fr\/podcasts\/263\/\">J\u00e9rusalem : un d\u00e9j\u00e0-vu sanglant<\/a><\/span>&gt;<br \/>\n<\/span><\/p>\n<p><span style=\"color: maroon; font-family: Arial;\">&lt;1567&gt;<\/span><\/p>\n","protected":false},"excerpt":{"rendered":"<p>\u00ab Les violentes \u00e9meutes de ces derniers jours indiquent qu&rsquo;Isra\u00ebl se trouve \u00e0 la crois\u00e9e des chemins \u00bb Eva Illouz La terre sacr\u00e9e des trois monoth\u00e9ismes, s&rsquo;est \u00e0 nouveau embras\u00e9e. Comment parler de ce sujet sans tomber dans le simplisme\u00a0?<\/p>\n","protected":false},"author":1,"featured_media":0,"comment_status":"open","ping_status":"closed","sticky":false,"template":"","format":"standard","meta":{"footnotes":""},"categories":[1],"tags":[109,151,201],"class_list":["post-11385","post","type-post","status-publish","format-standard","hentry","category-motdujour","tag-geopolitique","tag-israel","tag-palestine"],"_links":{"self":[{"href":"https:\/\/lemotdujour.fr\/index.php?rest_route=\/wp\/v2\/posts\/11385","targetHints":{"allow":["GET"]}}],"collection":[{"href":"https:\/\/lemotdujour.fr\/index.php?rest_route=\/wp\/v2\/posts"}],"about":[{"href":"https:\/\/lemotdujour.fr\/index.php?rest_route=\/wp\/v2\/types\/post"}],"author":[{"embeddable":true,"href":"https:\/\/lemotdujour.fr\/index.php?rest_route=\/wp\/v2\/users\/1"}],"replies":[{"embeddable":true,"href":"https:\/\/lemotdujour.fr\/index.php?rest_route=%2Fwp%2Fv2%2Fcomments&post=11385"}],"version-history":[{"count":6,"href":"https:\/\/lemotdujour.fr\/index.php?rest_route=\/wp\/v2\/posts\/11385\/revisions"}],"predecessor-version":[{"id":11911,"href":"https:\/\/lemotdujour.fr\/index.php?rest_route=\/wp\/v2\/posts\/11385\/revisions\/11911"}],"wp:attachment":[{"href":"https:\/\/lemotdujour.fr\/index.php?rest_route=%2Fwp%2Fv2%2Fmedia&parent=11385"}],"wp:term":[{"taxonomy":"category","embeddable":true,"href":"https:\/\/lemotdujour.fr\/index.php?rest_route=%2Fwp%2Fv2%2Fcategories&post=11385"},{"taxonomy":"post_tag","embeddable":true,"href":"https:\/\/lemotdujour.fr\/index.php?rest_route=%2Fwp%2Fv2%2Ftags&post=11385"}],"curies":[{"name":"wp","href":"https:\/\/api.w.org\/{rel}","templated":true}]}}