{"id":11379,"date":"2021-05-19T01:04:00","date_gmt":"2021-05-18T23:04:00","guid":{"rendered":"http:\/\/lemotdujour.fr\/?p=11379"},"modified":"2021-05-18T23:07:53","modified_gmt":"2021-05-18T21:07:53","slug":"mercredi-19-mai-2021","status":"publish","type":"post","link":"https:\/\/lemotdujour.fr\/?p=11379","title":{"rendered":"Mercredi 19 mai 2021"},"content":{"rendered":"<div class=\"mdjTexte\">\u00ab Nos mythologies \u00e9conomiques par \u00c9loi Laurent \u00bb<\/div>\n<div class=\"mdjAuteur\">Publication de la page consacr\u00e9e \u00e0 la s\u00e9rie<\/div>\n<p><span style=\"color: #777777; font-family: Arial;\">Je continue la publication des s\u00e9ries. Celle-ci correspond \u00e0 des mots du jour publi\u00e9s en juin 2017.<br \/>\n<\/span><\/p>\n<p><span style=\"color: #777777; font-family: Arial;\">La page consacr\u00e9e \u00e0 la s\u00e9rie sur le livre d\u2019\u00c9loi Laurent : \u00abnos mythologies \u00e9conomiques\u00bb est en ligne sur la page des s\u00e9ries. <\/span><\/p>\n<p><span style=\"color: #777777; font-family: Arial;\">Mais vous pouvez aller directement sur la page en suivant ce lien : &lt;<span style=\"color: #0000ff;\"><a style=\"color: #0000ff;\" href=\"https:\/\/lemotdujour.fr\/?page_id=11369\">Nos mythologies \u00e9conomiques <\/a><\/span>&gt;<\/span><\/p>\n<p><span style=\"color: #800000;\">&lt;Mot sans num\u00e9ro&gt;<\/span><\/p>\n","protected":false},"excerpt":{"rendered":"<p>\u00ab Nos mythologies \u00e9conomiques par \u00c9loi Laurent \u00bb Publication de la page consacr\u00e9e \u00e0 la s\u00e9rie Je continue la publication des s\u00e9ries. Celle-ci correspond \u00e0 des mots du jour publi\u00e9s en juin 2017. La page consacr\u00e9e \u00e0 la s\u00e9rie sur<\/p>\n","protected":false},"author":1,"featured_media":0,"comment_status":"open","ping_status":"closed","sticky":false,"template":"","format":"standard","meta":{"footnotes":""},"categories":[1],"tags":[26],"class_list":["post-11379","post","type-post","status-publish","format-standard","hentry","category-motdujour","tag-retrospective"],"_links":{"self":[{"href":"https:\/\/lemotdujour.fr\/index.php?rest_route=\/wp\/v2\/posts\/11379","targetHints":{"allow":["GET"]}}],"collection":[{"href":"https:\/\/lemotdujour.fr\/index.php?rest_route=\/wp\/v2\/posts"}],"about":[{"href":"https:\/\/lemotdujour.fr\/index.php?rest_route=\/wp\/v2\/types\/post"}],"author":[{"embeddable":true,"href":"https:\/\/lemotdujour.fr\/index.php?rest_route=\/wp\/v2\/users\/1"}],"replies":[{"embeddable":true,"href":"https:\/\/lemotdujour.fr\/index.php?rest_route=%2Fwp%2Fv2%2Fcomments&post=11379"}],"version-history":[{"count":2,"href":"https:\/\/lemotdujour.fr\/index.php?rest_route=\/wp\/v2\/posts\/11379\/revisions"}],"predecessor-version":[{"id":11382,"href":"https:\/\/lemotdujour.fr\/index.php?rest_route=\/wp\/v2\/posts\/11379\/revisions\/11382"}],"wp:attachment":[{"href":"https:\/\/lemotdujour.fr\/index.php?rest_route=%2Fwp%2Fv2%2Fmedia&parent=11379"}],"wp:term":[{"taxonomy":"category","embeddable":true,"href":"https:\/\/lemotdujour.fr\/index.php?rest_route=%2Fwp%2Fv2%2Fcategories&post=11379"},{"taxonomy":"post_tag","embeddable":true,"href":"https:\/\/lemotdujour.fr\/index.php?rest_route=%2Fwp%2Fv2%2Ftags&post=11379"}],"curies":[{"name":"wp","href":"https:\/\/api.w.org\/{rel}","templated":true}]}}