{"id":11361,"date":"2021-05-18T02:05:00","date_gmt":"2021-05-18T00:05:00","guid":{"rendered":"http:\/\/lemotdujour.fr\/?p=11361"},"modified":"2021-07-29T23:24:46","modified_gmt":"2021-07-29T21:24:46","slug":"mardi-18-mai-2021","status":"publish","type":"post","link":"https:\/\/lemotdujour.fr\/?p=11361","title":{"rendered":"Mardi 18 mai 2021"},"content":{"rendered":"<div class=\"mdjTexte\">\u00ab\u00a0Personne n&rsquo;est ce qu&rsquo;il est sans l&rsquo;autre. Sans possibilit\u00e9 de donner et de recevoir, personne n&rsquo;existe.\u00a0\u00bb<\/div>\n<div class=\"mdjAuteur\">Axel Kahn<\/div>\n<p><span style=\"color: #777777; font-family: Arial;\">Axel Kahn est m\u00e9decin g\u00e9n\u00e9ticien. Apr\u00e8s beaucoup de combats de toute sorte, il s&rsquo;est mobilis\u00e9 dans la lutte contre le cancer. Il a \u00e9t\u00e9 \u00e9lu Pr\u00e9sident de la Ligue nationale contre le cancer le 28 juin 2019.<br \/>\n<\/span><\/p>\n<p><span style=\"color: #777777; font-family: Arial;\">Il se met en retrait, il a dit le &lt;<a href=\"https:\/\/www.franceinter.fr\/emissions\/l-invite-de-7h50\/l-invite-de-7h50-17-mai-2021\"><span style=\"color: #0000ff;\">17 mai \u00e0 L\u00e9a Salam\u00e9<\/span>&gt;\u00a0<\/a>:<br \/>\n<\/span><\/p>\n<p style=\"margin-left: 28pt;\"><span style=\"color: #c00000; font-family: Arial;\">\u00ab\u00a0Je lutte contre le cancer et il se trouve que la patrouille m&rsquo;a rattrap\u00e9\u00a0: moi aussi, j&rsquo;ai un cancer\u00a0\u00bb\u00a0\u00bb<br \/>\n<\/span><\/p>\n<p><span style=\"color: #777777; font-family: Arial;\">Il avait annonc\u00e9 la nouvelle sur son blog, il y a d\u00e9j\u00e0 quelques jours, le 11 mai\u00a0: &lt;<span style=\"color: #0000ff;\"><a style=\"color: #0000ff;\" href=\"https:\/\/axelkahn.fr\/%e2%80%afatmosphere-lame-dun-homme-aout-2020\/\">Atmosph\u00e8re, l&rsquo;\u00e2me d&rsquo;un homme<\/a><\/span>&gt;\u00a0:<br \/>\n<\/span><\/p>\n<p style=\"margin-left: 28pt;\"><span style=\"color: #c00000; font-family: Arial;\">\u00ab D\u00e8s le quatre ao\u00fbt, nous savions. La maladie que je combats avec acharnement en tant que Pr\u00e9sident de La Ligue ne s&rsquo;\u00e9tait pas avou\u00e9e vaincue, elle m&rsquo;attendait au tournant, lan\u00e7ant une atteinte massive. [\u2026] Dans mon cas, la \u00ab\u202fconsultation d&rsquo;annonce\u202f\u00bb si importante et fr\u00e9quemment dramatique dans l&rsquo;histoire d&rsquo;un cancer, a \u00e9t\u00e9 r\u00e9duite \u00e0 sa plus simple expression et n&rsquo;a nullement \u00e9t\u00e9 dramatique. Canc\u00e9rologue depuis cinquante ans, je connais bien l&rsquo;adversaire, n&rsquo;ai jamais ni\u00e9 qu&rsquo;il soit redoutable, impitoyable. Les motifs de mon engagement \u00e0 La Ligue sont li\u00e9s \u00e0 cette familiarit\u00e9, \u00e0 mon d\u00e9sir de m&rsquo;impliquer plus au soir de ma vie dans la coordination des d\u00e9fenses qui lui sont oppos\u00e9es, dans le soutien aux quelques quatre cent mille personnes qu&rsquo;il agresse chaque ann\u00e9e dans mon pays o\u00f9 naissent dans le m\u00eame d\u00e9lai moins de sept-cent-cinquante mille b\u00e9b\u00e9s. Les images du brigand \u00e0 l&rsquo;attaque ne me sont pas \u00e9trang\u00e8res. Un bref passage dans la cavit\u00e9 de l&rsquo;\u00e9lectroaimant d&rsquo;un appareil d&rsquo;imagerie par r\u00e9sonance magn\u00e9tique nucl\u00e9aire, des clich\u00e9s vite communiqu\u00e9s, l&rsquo;affaire \u00e9tait entendue. \u00bb<br \/>\n<\/span><\/p>\n<p><span style=\"color: #777777; font-family: Arial;\">Je suis toujours boulevers\u00e9 quand j&rsquo;entends un homme ayant le courage de parler en toute simplicit\u00e9 de son combat intime contre la maladie et la mort.<br \/>\n<\/span><\/p>\n<p><img loading=\"lazy\" decoding=\"async\" class=\"alignleft\" src=\"https:\/\/lemotdujour.fr\/wp-content\/uploads\/2021\/05\/051721_2105_Mardi18mai21.png\" alt=\"\" width=\"392\" height=\"426\" align=\"left\" \/><span style=\"color: #777777; font-family: Arial;\">Et j&rsquo;ai particuli\u00e8rement \u00e9t\u00e9 touch\u00e9 par cette phrase qu&rsquo;Axel Kahn a tweet\u00e9\u00a0:<br \/>\n<\/span><\/p>\n<p style=\"margin-left: 28pt;\"><span style=\"color: #c00000; font-family: Arial;\">\u00ab\u00a0A mes enfants, je veux faire comprendre que personne n&rsquo;est ce qu&rsquo;il est sans l&rsquo;autre. Sans possibilit\u00e9 de donner et de recevoir, personne n&rsquo;existe.\u00a0\u00bb<br \/>\n<\/span><\/p>\n<p><span style=\"color: #777777; font-family: Arial;\">Et pour finir, &lt;<span style=\"color: #0000ff;\"><a style=\"color: #0000ff;\" href=\"https:\/\/www.franceinter.fr\/emissions\/l-invite-de-7h50\/l-invite-de-7h50-17-mai-2021\">l&rsquo;entretien avec L\u00e9a Salam\u00e9<\/a><\/span>&gt; Axel Kahn a cit\u00e9 la fin du po\u00e8me d&rsquo;Alfred Vigny\u00a0: \u00ab\u00a0<a href=\"https:\/\/www.bonjourpoesie.fr\/lesgrandsclassiques\/poemes\/alfred_de_vigny\/la_mort_du_loup\"><span style=\"color: #0000ff;\">La mort du loup<\/span>\u00a0<\/a>\u00bb<br \/>\n<\/span><\/p>\n<p style=\"margin-left: 28pt;\"><span style=\"color: #c00000; font-family: Arial;\">\u00ab\u00a0A voir ce que l&rsquo;on fut sur terre et ce qu&rsquo;on laisse<br \/>\nSeul le silence est grand ; tout le reste est faiblesse.<br \/>\n&#8211; Ah ! je t&rsquo;ai bien compris, sauvage voyageur,<br \/>\nEt ton dernier regard m&rsquo;est all\u00e9 jusqu&rsquo;au c\u0153ur !<br \/>\nIl disait : \u00a0\u00bb Si tu peux, fais que ton \u00e2me arrive,<br \/>\nA force de rester studieuse et pensive,<br \/>\nJusqu&rsquo;\u00e0 ce haut degr\u00e9 de sto\u00efque fiert\u00e9<br \/>\nO\u00f9, naissant dans les bois, j&rsquo;ai tout d&rsquo;abord mont\u00e9.<br \/>\nG\u00e9mir, pleurer, prier est \u00e9galement l\u00e2che.<br \/>\nFais \u00e9nergiquement ta longue et lourde t\u00e2che<br \/>\nDans la voie o\u00f9 le Sort a voulu t&rsquo;appeler,<br \/>\nPuis apr\u00e8s, comme moi, souffre et meurs sans parler.\u00a0\u00bb<br \/>\n<\/span><\/p>\n<p><span style=\"color: #777777; font-family: Arial;\">Personne ne conna\u00eet le terme, pas plus Axel Kahn qu&rsquo;un autre.<br \/>\n<\/span><\/p>\n<p><span style=\"color: #777777; font-family: Arial;\">Mais il pense que le plus probable est qu&rsquo;il est en train de parcourir l&rsquo;itin\u00e9raire final de sa vie.<br \/>\n<\/span><\/p>\n<p><span style=\"color: maroon; font-family: Arial;\">&lt;1566&gt;<\/span><\/p>\n","protected":false},"excerpt":{"rendered":"<p>\u00ab\u00a0Personne n&rsquo;est ce qu&rsquo;il est sans l&rsquo;autre. Sans possibilit\u00e9 de donner et de recevoir, personne n&rsquo;existe.\u00a0\u00bb Axel Kahn Axel Kahn est m\u00e9decin g\u00e9n\u00e9ticien. Apr\u00e8s beaucoup de combats de toute sorte, il s&rsquo;est mobilis\u00e9 dans la lutte contre le cancer. Il<\/p>\n","protected":false},"author":1,"featured_media":0,"comment_status":"open","ping_status":"closed","sticky":false,"template":"","format":"standard","meta":{"footnotes":""},"categories":[1],"tags":[54,13],"class_list":["post-11361","post","type-post","status-publish","format-standard","hentry","category-motdujour","tag-humanisme","tag-sante"],"_links":{"self":[{"href":"https:\/\/lemotdujour.fr\/index.php?rest_route=\/wp\/v2\/posts\/11361","targetHints":{"allow":["GET"]}}],"collection":[{"href":"https:\/\/lemotdujour.fr\/index.php?rest_route=\/wp\/v2\/posts"}],"about":[{"href":"https:\/\/lemotdujour.fr\/index.php?rest_route=\/wp\/v2\/types\/post"}],"author":[{"embeddable":true,"href":"https:\/\/lemotdujour.fr\/index.php?rest_route=\/wp\/v2\/users\/1"}],"replies":[{"embeddable":true,"href":"https:\/\/lemotdujour.fr\/index.php?rest_route=%2Fwp%2Fv2%2Fcomments&post=11361"}],"version-history":[{"count":5,"href":"https:\/\/lemotdujour.fr\/index.php?rest_route=\/wp\/v2\/posts\/11361\/revisions"}],"predecessor-version":[{"id":11909,"href":"https:\/\/lemotdujour.fr\/index.php?rest_route=\/wp\/v2\/posts\/11361\/revisions\/11909"}],"wp:attachment":[{"href":"https:\/\/lemotdujour.fr\/index.php?rest_route=%2Fwp%2Fv2%2Fmedia&parent=11361"}],"wp:term":[{"taxonomy":"category","embeddable":true,"href":"https:\/\/lemotdujour.fr\/index.php?rest_route=%2Fwp%2Fv2%2Fcategories&post=11361"},{"taxonomy":"post_tag","embeddable":true,"href":"https:\/\/lemotdujour.fr\/index.php?rest_route=%2Fwp%2Fv2%2Ftags&post=11361"}],"curies":[{"name":"wp","href":"https:\/\/api.w.org\/{rel}","templated":true}]}}