{"id":11352,"date":"2021-05-17T00:25:19","date_gmt":"2021-05-16T22:25:19","guid":{"rendered":"http:\/\/lemotdujour.fr\/?p=11352"},"modified":"2021-05-17T00:33:04","modified_gmt":"2021-05-16T22:33:04","slug":"lundi-17-mai-2021","status":"publish","type":"post","link":"https:\/\/lemotdujour.fr\/?p=11352","title":{"rendered":"Lundi 17 mai 2021"},"content":{"rendered":"<div class=\"mdjTexte\">\u00ab\u00a0Gis\u00e8le Halimi, le Panth\u00e9on et la guerre d&rsquo;Alg\u00e9rie.\u00a0\u00bb<\/div>\n<div class=\"mdjAuteur\">Questions sur la panth\u00e9onisation de l&rsquo;avocate des droits des femmes<\/div>\n<p><span style=\"color: #777777; font-family: Arial;\">Il semblerait que la main de notre jeune Pr\u00e9sident tremble. Elle tremble pour une signature.<br \/>\n<\/span><\/p>\n<p><span style=\"color: #777777; font-family: Arial;\">Dans l&rsquo;hommage que j&rsquo;avais consacr\u00e9 \u00e0 <strong>Gis\u00e8le Halimi<\/strong> lors du mot du jour du &lt;<span style=\"color: #0000ff;\"><a style=\"color: #0000ff;\" href=\"https:\/\/lemotdujour.fr\/?p=9722\">6 octobre 2020<\/a><\/span>&gt; j&rsquo;\u00e9voquais l&rsquo;hypoth\u00e8se qu&rsquo;Emmanuel Macron soulevait lui-m\u00eame, \u00e0 savoir d&rsquo;augmenter un peu le taux de f\u00e9minisation du Panth\u00e9on en y faisant entrer Gis\u00e8le Halimi.<br \/>\n<\/span><\/p>\n<p><span style=\"color: #777777; font-family: Arial;\">La proc\u00e9dure suivait son cours et le r\u00e9sultat semblait acquis.<br \/>\n<\/span><\/p>\n<p><span style=\"color: #777777; font-family: Arial;\">Mais <strong>France Inter<\/strong> a rapport\u00e9 le 13 mai 2021\u00a0: <span style=\"color: #0000ff;\"><a style=\"color: #0000ff;\" href=\"https:\/\/www.franceinter.fr\/politique\/pourquoi-l-entree-de-gisele-halimi-au-pantheon-est-compromise\">&lt; Pourquoi l&rsquo;entr\u00e9e de Gis\u00e8le Halimi au Panth\u00e9on est compromise<\/a>&gt;\u00a0<\/span>:<br \/>\n<\/span><\/p>\n<p style=\"margin-left: 28pt;\"><span style=\"color: #c00000; font-family: Arial;\">\u00ab Mais selon les informations de France Inter, il y a de fortes chances qu&rsquo;Emmanuel Macron y renonce. En cause, l&rsquo;engagement de Gis\u00e8le Halimi pendant la guerre d&rsquo;Alg\u00e9rie.<br \/>\nC&rsquo;est une r\u00e8gle absolue : une panth\u00e9onisation doit rassembler et, par-dessus tout, ne froisser personne. Le nom de Gis\u00e8le Halimi, h\u00e9ro\u00efne de la lutte pour les droits des femmes, semblait plut\u00f4t consensuel. Mais en janvier dernier, le rapport rendu par Benjamin Stora \u00e0 l&rsquo;\u00c9lys\u00e9e \u00ab\u00a0a cliv\u00e9\u00a0\u00bb, confie un proche du dossier. Dans ce rapport sur la m\u00e9moire de la colonisation et de la guerre d&rsquo;Alg\u00e9rie command\u00e9 par Emmanuel Macron, l&rsquo;historien recommande de faire entrer Gis\u00e8le Halimi au Panth\u00e9on, comme \u00ab\u00a0figure d&rsquo;opposition \u00e0 la guerre d&rsquo;Alg\u00e9rie\u00a0\u00bb.<br \/>\n<\/span><\/p>\n<p style=\"margin-left: 28pt;\"><img decoding=\"async\" class=\"alignleft\" src=\"https:\/\/lemotdujour.fr\/wp-content\/uploads\/2021\/05\/051621_2219_Lundi17mai21.png\" alt=\"\" align=\"left\" \/><span style=\"color: #c00000; font-family: Arial;\">L&rsquo;avocate de militants du FLN (Front de lib\u00e9ration nationale) parmi les \u00ab\u00a0grands hommes\u00a0\u00bb &#8211; et les grandes femmes ? \u00ab\u00a0Certaines associations de harkis et de pieds-noirs l&rsquo;ont pris comme une insulte\u00a0\u00bb, regrette cette m\u00eame source. Cela n&rsquo;a pas \u00e9chapp\u00e9 au pr\u00e9sident, son entourage le reconna\u00eet. Lui qui s&rsquo;est donn\u00e9 pour mission de \u00ab\u00a0r\u00e9concilier les m\u00e9moires\u00a0\u00bb h\u00e9site \u00e0 prendre le risque de raviver ces blessures.\u00a0\u00bb<br \/>\n<\/span><\/p>\n<p><span style=\"color: #777777; font-family: Arial;\">\u00ab\u00a0<strong>L&rsquo;Expres<\/strong>s\u00a0\u00bb a publi\u00e9 un article sur le m\u00eame sujet\u00a0: &lt;<a href=\"https:\/\/www.lexpress.fr\/actualite\/politique\/gisele-halimi-au-pantheon-tout-comprendre-au-debat-qui-agite-la-gauche-et-la-macronie_2150857.html\"><span style=\"color: #0000ff;\">Gis\u00e8le Halimi au Panth\u00e9on ? Tout comprendre au d\u00e9bat<\/span><\/a>&gt;<br \/>\n<\/span><\/p>\n<p><span style=\"color: #777777; font-family: Arial;\">L&rsquo;express cite C\u00e9line Malais\u00e9, pr\u00e9sidente du groupe des \u00e9lus Front de gauche au conseil r\u00e9gional d&rsquo;Ile-de-France, qui a publi\u00e9 sur Twitter des phrases de l&rsquo;avocate et notamment un extrait qui selon elle \u00ab\u00a0semble poser probl\u00e8me\u00a0\u00bb au pr\u00e9sident. Ces extraits proviennent du livre Une farouche libert\u00e9, \u00e9crit en collaboration avec la journaliste du Monde Annick Cojean. L&rsquo;avocate \u00e9voque les \u00ab\u00a0<span style=\"color: #c00000;\">exactions commises par l&rsquo;arm\u00e9e fran\u00e7aise, la torture \u00e9rig\u00e9e en syst\u00e8me<span style=\"color: #777777;\">\u00a0\u00bb.<br \/>\n<\/span><\/span><\/span><\/p>\n<p><span style=\"color: #777777; font-family: Arial;\">Cette possible reculade en \u00e9voque une autre que j&rsquo;avais cit\u00e9 lors d&rsquo;un mot du jour consacr\u00e9 \u00e0 un autre humain remarquable. Il s&rsquo;agissait du mot du jour du &lt;<span style=\"color: #0000ff;\"><a style=\"color: #0000ff;\" href=\"https:\/\/lemotdujour.fr\/?p=6285\">27 f\u00e9vrier 2019<\/a><\/span>&gt;<br \/>\n<\/span><\/p>\n<p><span style=\"color: #777777; font-family: Arial;\">J&rsquo;ai lu un autre article dans &lt;<span style=\"color: #0000ff;\"><a style=\"color: #0000ff;\" href=\"https:\/\/www.liberation.fr\/direct\/element\/bordeaux-pas-de-rue-frantz-fanon-le-rassemblement-national-sy-oppose_93590\/\">Lib\u00e9ration<\/a><\/span>&gt; parlant de Frantz Fanon\u00a0:<\/span><\/p>\n<p style=\"margin-left: 28pt;\"><span style=\"color: #c00000; font-family: Arial;\">\u00ab\u00a0Le maire de Bordeaux, Alain Jupp\u00e9, a d\u00e9cid\u00e9 de \u00absurseoir\u00bb \u00e0 la proposition de nommer une ruelle d&rsquo;un des nouveaux quartiers de la ville du nom de Frantz Fanon (grande figure anticolonialiste). <em>\u00abAujourd&rsquo;hui, le choix du nom de Frantz Fanon suscite des incompr\u00e9hensions, des pol\u00e9miques, des oppositions que je peux comprendre. Dans un souci d&rsquo;apaisement, j&rsquo;ai donc d\u00e9cid\u00e9 de surseoir \u00e0 cette proposition \u00bb<\/em>,\u00a0\u00bb<\/span><\/p>\n<p><img decoding=\"async\" class=\"alignleft\" src=\"https:\/\/lemotdujour.fr\/wp-content\/uploads\/2021\/05\/051621_2219_Lundi17mai22.jpg\" alt=\"\" align=\"left\" \/><span style=\"color: #777777; font-family: Arial;\">Les harkis ont \u00e9t\u00e9 trahis par la France. La France dans le r\u00e9cit qu&rsquo;elle livrait \u00e0 ces personnes, parlait de ses valeurs et que l&rsquo;Alg\u00e9rie \u00e9tait la France et qu&rsquo;elle avait donc besoin d&rsquo;eux pour convaincre les autres habitants d&rsquo;Alg\u00e9rie.<br \/>\n<\/span><\/p>\n<p><span style=\"color: #777777; font-family: Arial;\">Quand le r\u00e9cit a chang\u00e9 et que l&rsquo;Alg\u00e9rie devait devenir ind\u00e9pendant, elle les a abandonn\u00e9s en terre d&rsquo;Alg\u00e9rie comme des proies \u00e0 la vengeance du FLN qui les consid\u00e9rait comme des traitres<br \/>\n<\/span><\/p>\n<p><span style=\"color: #777777; font-family: Arial;\">Cela \u00e9tant, le colonialisme n&rsquo;\u00e9tait pas d\u00e9fendable en 1960. Avant non plus, mais en 1960, il \u00e9tait devenu plus \u00e9vident encore que ce combat constituait une faute pour nos valeurs et pour l&rsquo;humanit\u00e9.<br \/>\n<\/span><\/p>\n<p><span style=\"color: #777777; font-family: Arial;\">Celles et ceux qui comme Gis\u00e8le Halimi, Franz Fanon ou Michel Rocard, par exemple, ont d\u00e9fendu la cause anticoloniale ont \u00e9t\u00e9 l&rsquo;honneur de la France, contrairement \u00e0 un Fran\u00e7ois Mitterrand, par exemple, qui \u00e9tait dans l&rsquo;autre camp, dans un r\u00f4le peu glorieux.<br \/>\n<\/span><\/p>\n<p><span style=\"color: #777777; font-family: Arial;\">Ne pas vouloir honorer et reconna\u00eetre la clairvoyance de celles et de ceux qui, dans le trouble de l&rsquo;\u00e9poque, \u00e9taient dans le sens de l&rsquo;Histoire constitue une erreur et une l\u00e2chet\u00e9.<br \/>\n<\/span><\/p>\n<p><span style=\"color: #777777; font-family: Arial;\">Pourtant, lors d&rsquo;une interview au Point rappel\u00e9 par &lt;<span style=\"color: #0000ff;\"><a style=\"color: #0000ff;\" href=\"https:\/\/www.lemonde.fr\/election-presidentielle-2017\/article\/2017\/02\/16\/pour-macron-la-colonisation-fut-un-crime-contre-l-humanite_5080621_4854003.html\">le Monde<\/a><\/span>&gt;, Emmanuel Macron avait dit\u00a0:<br \/>\n<\/span><\/p>\n<p style=\"margin-left: 28pt;\"><span style=\"color: #c00000; font-family: Arial;\">\u00ab\u00a0Je pense qu&rsquo;il est inadmissible de faire la glorification de la colonisation. Certains, il y a un peu plus de dix ans, ont voulu faire \u00e7a en\u00a0France. Jamais vous ne m&rsquo;entendrez tenir ce genre de propos. J&rsquo;ai condamn\u00e9 toujours la colonisation comme un acte de barbarie.\u00a0\u00bb<br \/>\n<\/span><\/p>\n<p><span style=\"color: #777777; font-family: Arial;\"><img loading=\"lazy\" decoding=\"async\" class=\"size-medium wp-image-11351 alignright\" src=\"https:\/\/lemotdujour.fr\/wp-content\/uploads\/2021\/05\/051621_2219_Lundi17mai23-186x300.jpg\" alt=\"\" width=\"186\" height=\"300\" srcset=\"https:\/\/lemotdujour.fr\/wp-content\/uploads\/2021\/05\/051621_2219_Lundi17mai23-186x300.jpg 186w, https:\/\/lemotdujour.fr\/wp-content\/uploads\/2021\/05\/051621_2219_Lundi17mai23.jpg 236w\" sizes=\"auto, (max-width: 186px) 100vw, 186px\" \/>Et dans le m\u00eame article, on peut aussi lire les propos tenus par Emmanuel Macron \u00e0 Alger\u00a0le 15 f\u00e9vrier 2017\u00a0:<br \/>\n<\/span><\/p>\n<p style=\"margin-left: 28pt;\"><span style=\"color: #c00000; font-family: Arial;\">\u00ab\u00a0La colonisation fait partie de l&rsquo;histoire fran\u00e7aise, poursuit-il. C&rsquo;est un crime, c&rsquo;est un crime contre l&rsquo;humanit\u00e9, c&rsquo;est une vraie barbarie. Et \u00e7a fait partie de ce pass\u00e9 que nous devons regarder en face, en pr\u00e9sentant nos excuses \u00e0 l&rsquo;\u00e9gard de celles et ceux envers lesquels nous avons commis ces gestes.\u00a0\u00bb<br \/>\n<\/span><\/p>\n<p><span style=\"color: #777777; font-family: Arial;\">Que s&rsquo;est-il pass\u00e9 depuis\u00a0?<br \/>\n<\/span><\/p>\n<p><span style=\"color: #777777; font-family: Arial;\">Peut \u00eatre un d\u00e9sir de r\u00e9\u00e9lection et une volont\u00e9 de ne pas vouloir d\u00e9courager des \u00e9lecteurs qui pourraient avoir la g\u00e9n\u00e9reuse id\u00e9e de voter pour la r\u00e9alisation de ce d\u00e9sir.<br \/>\n<\/span><\/p>\n<p><span style=\"color: #777777; font-family: Arial;\">C&rsquo;est de ces ambitions l\u00e0 que sont fait les hommes politiques, non les hommes d\u2019\u00c9tat.<\/span><\/p>\n<p><span style=\"color: #800000;\">&lt;1568&gt;<\/span><\/p>\n","protected":false},"excerpt":{"rendered":"<p>\u00ab\u00a0Gis\u00e8le Halimi, le Panth\u00e9on et la guerre d&rsquo;Alg\u00e9rie.\u00a0\u00bb Questions sur la panth\u00e9onisation de l&rsquo;avocate des droits des femmes Il semblerait que la main de notre jeune Pr\u00e9sident tremble. Elle tremble pour une signature. Dans l&rsquo;hommage que j&rsquo;avais consacr\u00e9 \u00e0 Gis\u00e8le<\/p>\n","protected":false},"author":1,"featured_media":0,"comment_status":"open","ping_status":"closed","sticky":false,"template":"","format":"standard","meta":{"footnotes":""},"categories":[1],"tags":[187,15,169],"class_list":["post-11352","post","type-post","status-publish","format-standard","hentry","category-motdujour","tag-algerie","tag-france","tag-republique"],"_links":{"self":[{"href":"https:\/\/lemotdujour.fr\/index.php?rest_route=\/wp\/v2\/posts\/11352","targetHints":{"allow":["GET"]}}],"collection":[{"href":"https:\/\/lemotdujour.fr\/index.php?rest_route=\/wp\/v2\/posts"}],"about":[{"href":"https:\/\/lemotdujour.fr\/index.php?rest_route=\/wp\/v2\/types\/post"}],"author":[{"embeddable":true,"href":"https:\/\/lemotdujour.fr\/index.php?rest_route=\/wp\/v2\/users\/1"}],"replies":[{"embeddable":true,"href":"https:\/\/lemotdujour.fr\/index.php?rest_route=%2Fwp%2Fv2%2Fcomments&post=11352"}],"version-history":[{"count":5,"href":"https:\/\/lemotdujour.fr\/index.php?rest_route=\/wp\/v2\/posts\/11352\/revisions"}],"predecessor-version":[{"id":11910,"href":"https:\/\/lemotdujour.fr\/index.php?rest_route=\/wp\/v2\/posts\/11352\/revisions\/11910"}],"wp:attachment":[{"href":"https:\/\/lemotdujour.fr\/index.php?rest_route=%2Fwp%2Fv2%2Fmedia&parent=11352"}],"wp:term":[{"taxonomy":"category","embeddable":true,"href":"https:\/\/lemotdujour.fr\/index.php?rest_route=%2Fwp%2Fv2%2Fcategories&post=11352"},{"taxonomy":"post_tag","embeddable":true,"href":"https:\/\/lemotdujour.fr\/index.php?rest_route=%2Fwp%2Fv2%2Ftags&post=11352"}],"curies":[{"name":"wp","href":"https:\/\/api.w.org\/{rel}","templated":true}]}}