{"id":11337,"date":"2021-05-12T01:00:48","date_gmt":"2021-05-11T23:00:48","guid":{"rendered":"http:\/\/lemotdujour.fr\/?p=11337"},"modified":"2021-07-29T23:23:40","modified_gmt":"2021-07-29T21:23:40","slug":"mercredi-12-mai-2021","status":"publish","type":"post","link":"https:\/\/lemotdujour.fr\/?p=11337","title":{"rendered":"Mercredi 12 mai 2021"},"content":{"rendered":"<div class=\"mdjTexte\">\u00ab\u00a0J&rsquo;ai choisi la musique pour sa capacit\u00e9 \u00e0 dire des choses que je ne comprenais pas avec les mots.\u00a0\u00bb<\/div>\n<div class=\"mdjAuteur\">Sonia Wieder-Atherton<\/div>\n<p><span style=\"color: #777777; font-family: Arial;\">Hier, j&rsquo;\u00e9voquais Christa Ludwig qui m&rsquo;a accompagn\u00e9 pendant de longues ann\u00e9es de d\u00e9couvertes et d&rsquo;approfondissement musical.<br \/>\n<\/span><\/p>\n<p><span style=\"color: #777777; font-family: Arial;\">Je dirais que je la connaissais musicalement. Depuis sa mort, les nombreux articles et entretiens que j&rsquo;ai vus et lus m&rsquo;ont aid\u00e9 \u00e0 mieux conna\u00eetre la femme qu&rsquo;elle \u00e9tait.<br \/>\n<\/span><\/p>\n<p><span style=\"color: #777777; font-family: Arial;\">Je connaissais Christa Ludwig. <\/span><span style=\"color: #777777; font-family: Arial;\">Mais je ne connaissais pas <strong>Sonia Wieder Atherton.<br \/>\n<\/strong><\/span><\/p>\n<p><span style=\"color: #777777; font-family: Arial;\"><img loading=\"lazy\" decoding=\"async\" class=\"size-full wp-image-11342 alignleft\" src=\"https:\/\/lemotdujour.fr\/wp-content\/uploads\/2021\/05\/SoniaWiederAtherton-by-Xavier-Arias.jpg\" alt=\"\" width=\"350\" height=\"500\" srcset=\"https:\/\/lemotdujour.fr\/wp-content\/uploads\/2021\/05\/SoniaWiederAtherton-by-Xavier-Arias.jpg 350w, https:\/\/lemotdujour.fr\/wp-content\/uploads\/2021\/05\/SoniaWiederAtherton-by-Xavier-Arias-210x300.jpg 210w\" sizes=\"auto, (max-width: 350px) 100vw, 350px\" \/>Je savais bien qu&rsquo;elle existait et qu&rsquo;elle jouait du violoncelle, mais je n&rsquo;avais jamais eu la curiosit\u00e9 d&rsquo;\u00e9couter un de ses disques ou de l&rsquo;entendre parler de son art.<br \/>\n<\/span><\/p>\n<p><span style=\"color: #777777; font-family: Arial;\">C&rsquo;est <strong>Augustin Trapenard, <\/strong>dans son \u00e9mission \u00ab\u00a0<strong>Boomerang<\/strong> \u00bb qui m&rsquo;a fait d\u00e9couvrir la personne qu&rsquo;elle \u00e9tait et aussi une violoncelliste et musicienne accomplies.<br \/>\n<\/span><\/p>\n<p><span style=\"color: #777777; font-family: Arial;\">C&rsquo;\u00e9tait l&rsquo;\u00e9mission du 31 mars 2021<strong>\u00a0: &lt;<span style=\"color: #0000ff;\"><a style=\"color: #0000ff;\" href=\"https:\/\/www.franceinter.fr\/emissions\/boomerang\/boomerang-31-mars-2021\">Les cordes sensibles de Sonia Wieder-Atherton<\/a><\/span>&gt;<br \/>\n<\/strong><\/span><\/p>\n<p><span style=\"color: #777777; font-family: Arial;\">Elle a beaucoup travaill\u00e9 avec la cin\u00e9aste Chantal Ackerman dont elle a \u00e9t\u00e9 la compagne.<br \/>\n<\/span><\/p>\n<p><span style=\"color: #777777; font-family: Arial;\">Elle interroge les sons et la musique et en parle divinement.<br \/>\n<\/span><\/p>\n<p><span style=\"color: #777777; font-family: Arial;\">Augustin Trapenard la pr\u00e9sente comme \u00ab\u00a0<span style=\"color: #c00000;\">musicienne et conteuse<span style=\"color: #777777;\">\u00a0\u00bb.<br \/>\n<\/span><\/span><\/span><\/p>\n<p><span style=\"color: #777777; font-family: Arial;\">C&rsquo;est une violoncelliste prodige qui a suivi une voie toute traditionnelle et a \u00e9t\u00e9 l&rsquo;\u00e9l\u00e8ve des plus grands. Elle a aussi \u00e9t\u00e9 l&rsquo;\u00e9l\u00e8ve de Rostropovitch qu&rsquo;elle a beaucoup admir\u00e9.<br \/>\n<\/span><\/p>\n<p><span style=\"color: #777777; font-family: Arial;\">Depuis cette \u00e9mission, je me suis procur\u00e9 plusieurs disques d&rsquo;elle et j&rsquo;ai \u00e9t\u00e9 absolument captiv\u00e9.<br \/>\n<\/span><\/p>\n<p><span style=\"color: #777777; font-family: Arial;\">Elle joue des \u0153uvres tr\u00e8s classiques que je connais bien comme &lt; <span style=\"color: #0000ff;\"><a style=\"color: #0000ff;\" href=\"https:\/\/www.youtube.com\/watch?v=Xq7xVmlc_L0\">La sonate pour Arpeggione de Schubert<\/a><\/span>&gt; ou le premier concerto de Chostakovitch. Des interpr\u00e9tations techniquement irr\u00e9prochables et surtout avec une sensibilit\u00e9 imm\u00e9diatement communicative.<br \/>\n<\/span><\/p>\n<p><span style=\"color: #777777; font-family: Arial;\">Et puis elle va par d&rsquo;autres chemins.<br \/>\n<\/span><\/p>\n<p><span style=\"color: #777777; font-family: Arial;\">Par exemple ce lied de Gustav Mahler que chante merveilleusement Christa Ludwig, &lt;<a href=\"https:\/\/www.youtube.com\/watch?v=lzyEsABnnd8\"><span style=\"color: #0000ff;\">Ich bin der Welt abhanden gekommen<\/span><\/a>&gt; elle l&rsquo;arrange pour violoncelle et son violoncelle est comme une voix, il n&rsquo;y a pas les paroles, mais le violoncelle chante\u00a0: &lt;<a href=\"https:\/\/www.youtube.com\/watch?v=WwrkE5EyBFQ\"><span style=\"color: #0000ff;\">Mahler par Sonia Wieder Atherton<\/span><\/a>&gt;<br \/>\n<\/span><\/p>\n<p><span style=\"color: #777777; font-family: Arial;\">Elle partage avec Augustin Trapenard cette vision<br \/>\n<\/span><\/p>\n<p style=\"margin-left: 28pt;\"><span style=\"color: #c00000; font-family: Arial;\">\u00ab\u00a0J&rsquo;ai choisi la musique pour sa capacit\u00e9 \u00e0 dire des choses que je ne comprenais pas avec les mots. La musique raconte aussi une histoire, et le violoncelle a \u00e9t\u00e9 mon premier outil de conteuse\u00a0\u00bb.<br \/>\n<\/span><\/p>\n<p><img decoding=\"async\" class=\"alignleft\" src=\"https:\/\/lemotdujour.fr\/wp-content\/uploads\/2021\/05\/051121_2257_Mercredi12m1.jpg\" alt=\"\" align=\"left\" \/><span style=\"color: #777777; font-family: Arial;\">Apr\u00e8s elle va encore vers d&rsquo;autres chemins, voici &lt;<a href=\"https:\/\/www.youtube.com\/watch?v=j6Rigx87INE\"><span style=\"color: #0000ff;\">Une pri\u00e8re juive<\/span><\/a>&gt; port\u00e9e par le seul violoncelle. Ce morceau fait partie d&rsquo;un disque intitul\u00e9 <span style=\"color: #0000ff;\">&lt;<a style=\"color: #0000ff;\" href=\"https:\/\/www.qobuz.com\/fr-fr\/album\/chants-juifs-sonia-wieder-atherton\/iuu22k1hofreb\">Chants Juifs<\/a><\/span>&gt;<br \/>\n<\/span><\/p>\n<p><span style=\"color: #777777; font-family: Arial;\">Elle dit\u00a0:<br \/>\n<\/span><\/p>\n<p style=\"margin-left: 28pt;\"><span style=\"color: #c00000; font-family: Arial;\">\u00ab\u00a0Ce cycle de chants juifs est n\u00e9 de ma recherche sur la musique juive liturgique. Une musique aux racines si anciennes, qui a accompagn\u00e9 le peuple juif durant des si\u00e8cles de p\u00e9r\u00e9grinations. Je me suis int\u00e9ress\u00e9e \u00e0 des m\u00e9lodies de diff\u00e9rentes sources, mais ce qui m&rsquo;a v\u00e9ritablement inspir\u00e9e, c&rsquo;est le chant des cantors, ou hazans, et son expressivit\u00e9 int\u00e9rieure, intime, contenant pourtant une telle force d&rsquo;expression. Dans cette musique, le populaire et le sacr\u00e9 se confondent. Qu&rsquo;elle soit gaie ou triste, lente ou rapide, pri\u00e8re, chant populaire ou encore danse, elle est toujours partage et intimit\u00e9. J&rsquo;ai senti que je connaissais cette musique depuis toujours, depuis bien avant ma naissance, c&rsquo;\u00e9tait une impression \u00e9trange.\u00a0\u00bb<br \/>\n<\/span><\/p>\n<p><span style=\"color: #777777; font-family: Arial;\">Elle explique sa relation particuli\u00e8re avec son instrument\u00a0:<br \/>\n<\/span><\/p>\n<p style=\"margin-left: 28pt;\"><span style=\"color: #c00000; font-family: Arial;\">\u00ab\u00a0La premi\u00e8re fois que j&rsquo;ai entendu le son d&rsquo;un violoncelle, j&rsquo;ai \u00e9t\u00e9 hypnotis\u00e9e, soulev\u00e9e dans l&rsquo;univers, totalement happ\u00e9e. J&rsquo;essaie de toujours revenir \u00e0 cette sensation\u00a0\u00bb.<br \/>\n<\/span><\/p>\n<p><span style=\"color: #777777; font-family: Arial;\">Et puis elle a voulu entrer dans le monde de Nina Simone.<br \/>\n<\/span><\/p>\n<p><a href=\"https:\/\/fr.wikipedia.org\/wiki\/Nina_Simone\"><span style=\"font-family: Arial;\"><span style=\"color: #0000ff;\"><img loading=\"lazy\" decoding=\"async\" class=\"size-full wp-image-11344 alignright\" src=\"https:\/\/lemotdujour.fr\/wp-content\/uploads\/2021\/05\/Nina-Simone.png\" alt=\"\" width=\"387\" height=\"230\" srcset=\"https:\/\/lemotdujour.fr\/wp-content\/uploads\/2021\/05\/Nina-Simone.png 387w, https:\/\/lemotdujour.fr\/wp-content\/uploads\/2021\/05\/Nina-Simone-300x178.png 300w\" sizes=\"auto, (max-width: 387px) 100vw, 387px\" \/>Nina Simone<\/span><\/span><\/a><span style=\"color: #777777; font-family: Arial;\"> r\u00eavait d&rsquo;\u00eatre la premi\u00e8re concertiste de musique classique. Une soci\u00e9t\u00e9 r\u00e9trograde et raciste l&rsquo;a emp\u00each\u00e9 d&rsquo;atteindre ce r\u00eave. Elle se tournera alors vers le jazz et deviendra selon les sp\u00e9cialistes que je ne suis pas, une des plus grandes chanteuses de jazz de l&rsquo;Histoire.<br \/>\n<\/span><\/p>\n<p><span style=\"color: #777777; font-family: Arial;\">Sonia Wieder atherton dit\u00a0: .<br \/>\n<\/span><\/p>\n<p style=\"margin-left: 28pt;\"><span style=\"color: #c00000; font-family: Arial;\">\u00ab\u00a0Dans mes cr\u00e9ations, j&rsquo;essaie d&rsquo;amener des \u0153uvres au violoncelle, de cr\u00e9er des rencontres entre la musique classique et d&rsquo;autres registres, d&rsquo;inventer de nouveaux langages\u00a0\u00bb.<br \/>\n<\/span><\/p>\n<p><span style=\"color: #777777; font-family: Arial;\">Le disque qu&rsquo;elle a consacr\u00e9e \u00e0 Nina Simone s&rsquo;appelle &lt;<a href=\"https:\/\/www.qobuz.com\/fr-fr\/album\/little-girl-blue-sonia-wieder-atherton-bruno-fontaine-laurent-kraif\/0822189026714\"><span style=\"color: #0000ff;\">Little Girl Blue<\/span><\/a>&#8230;&gt;<br \/>\n<\/span><\/p>\n<p><span style=\"color: #777777; font-family: Arial;\">Voici un des morceaux de ce disque\u00a0: &lt;<a href=\"https:\/\/www.youtube.com\/watch?v=lmgPLKkw2x8&amp;list=PLehchsbPp5Z4j8xD16yMw2_qdhDodW9-9&amp;index=2\"><span style=\"color: #0000ff;\">Black is the Colour of my True Love&rsquo;s Hair<\/span><\/a>&gt;<br \/>\n<\/span><\/p>\n<p><span style=\"color: #777777; font-family: Arial;\"><img loading=\"lazy\" decoding=\"async\" class=\"wp-image-11345 alignleft\" src=\"https:\/\/lemotdujour.fr\/wp-content\/uploads\/2021\/05\/Little-girl-blue.jpg\" alt=\"\" width=\"319\" height=\"319\" srcset=\"https:\/\/lemotdujour.fr\/wp-content\/uploads\/2021\/05\/Little-girl-blue.jpg 600w, https:\/\/lemotdujour.fr\/wp-content\/uploads\/2021\/05\/Little-girl-blue-300x300.jpg 300w, https:\/\/lemotdujour.fr\/wp-content\/uploads\/2021\/05\/Little-girl-blue-150x150.jpg 150w, https:\/\/lemotdujour.fr\/wp-content\/uploads\/2021\/05\/Little-girl-blue-230x230.jpg 230w, https:\/\/lemotdujour.fr\/wp-content\/uploads\/2021\/05\/Little-girl-blue-365x365.jpg 365w\" sizes=\"auto, (max-width: 319px) 100vw, 319px\" \/>Elle dit encore\u00a0:<br \/>\n<\/span><\/p>\n<p style=\"margin-left: 28pt;\"><span style=\"color: #c00000; font-family: Arial;\">\u00ab\u00a0Une interpr\u00e9tation, c&rsquo;est comme le fil d&rsquo;un funambule : parfois on tombe, on se laisse d\u00e9passer par l&rsquo;\u00e9motion\u00a0\u00bb.<br \/>\n<\/span><\/p>\n<p><span style=\"color: #777777; font-family: Arial;\">Et puis je finirais par une histoire qu&rsquo;elle raconte apr\u00e8s avoir parl\u00e9 avec \u00e9motion de l&rsquo;\u0153uvre et du parcours de Nina Simone dans l&rsquo;\u00e9mission de Trapenard\u00a0:<br \/>\n<\/span><\/p>\n<p style=\"margin-left: 28pt;\"><span style=\"color: #c00000; font-family: Arial;\">\u00ab\u00a0C&rsquo;\u00e9tait une des premi\u00e8res fois que j&rsquo;ai jou\u00e9 pour des jeunes adolescents. Je leur faisais d\u00e9couvrir la musique. Je leur jouais plein de morceaux et je leur demandais \u00e0 quoi cela les faisait penser. Et j&rsquo;ai jou\u00e9 alors un mouvement de Chostakovitch tr\u00e8s puissant, tr\u00e8s rythmique, tr\u00e8s violent, tr\u00e8s intense. Et je leur demande et l\u00e0 \u00e7a vous fait penser \u00e0 quoi\u00a0?<br \/>\n<\/span><\/p>\n<p style=\"margin-left: 28pt;\"><span style=\"color: #c00000; font-family: Arial;\">Moi \u00e7a me fait penser au vent\u00a0! Moi \u00e7a me fait penser \u00e0 la temp\u00eate\u00a0! Moi \u00e7a me fait penser \u00e0 des gens tr\u00e8s m\u00e9chants\u2026<br \/>\n<\/span><\/p>\n<p style=\"margin-left: 28pt;\"><span style=\"color: #c00000; font-family: Arial;\">Et puis il y a une petite fille qui l\u00e8ve la main et qui dit\u00a0:<br \/>\n<\/span><span style=\"color: #c00000; font-family: Arial;\">\u00ab Moi \u00e7a me fait penser \u00e0 une maman qui a deux enfants. Elle a un petit gar\u00e7on et une petite fille et elle pr\u00e9f\u00e8re son petit gar\u00e7on. Et \u00e7a me fait penser ce que cela fait \u00e0 la petite fille ! \u00bb<br \/>\n<\/span><\/p>\n<p style=\"margin-left: 28pt;\"><span style=\"color: #c00000; font-family: Arial;\">C&rsquo;est pour moi une histoire qui a une force inou\u00efe<br \/>\n<\/span><span style=\"color: #c00000; font-family: Arial;\">Cela signifie que cette col\u00e8re dans la musique, elle a pu entrer dans le c\u0153ur de cette petite fille et all\u00e9 dans l&rsquo;endroit qui n&rsquo;avait jamais \u00e9t\u00e9 exprim\u00e9 et qui lui a fait dire cela.\u00a0\u00bb<br \/>\n<\/span><\/p>\n<p><span style=\"color: #777777; font-family: Arial;\">C&rsquo;est la puissance d&rsquo;expression de la musique qui \u00e9claire encore mieux les paroles de Sonia Wieder-Atherton que j&rsquo;ai mises en exergue.<br \/>\n<\/span><\/p>\n<p><span style=\"color: #777777; font-family: Arial;\">Si vous voulez aller plus loin, il y a une s\u00e9rie de cinq entretiens d&rsquo;une demi-heure sur France Musique dont le cinqui\u00e8me \u00ab\u00a0<a href=\"https:\/\/www.francemusique.fr\/emissions\/les-grands-entretiens\/sonia-wieder-atherton-violoncelliste-5-5-32920\"><span style=\"color: #0000ff;\">La musique doit \u00eatre l\u00e0 o\u00f9 bat le c\u0153ur du monde<\/span>\u00a0<\/a>\u00bb. C&rsquo;\u00e9tait en 2017.<br \/>\n<\/span><\/p>\n<p><span style=\"color: #777777; font-family: Arial;\">Plus r\u00e9cemment en f\u00e9vrier une autre \u00e9mission de France musique \u00ab\u00a0<span style=\"color: #0000ff;\"><a style=\"color: #0000ff;\" href=\"https:\/\/www.francemusique.fr\/emissions\/l-invite-du-jour\/l-invite-du-jour-du-mercredi-03-fevrier-2021-91473\">C&rsquo;est tr\u00e8s physique, voire animal d&rsquo;entrer sur sc\u00e8ne\u00a0<\/a><\/span>\u00bb<br \/>\n<\/span><\/p>\n<p><span style=\"color: #777777; font-family: Arial;\">Hier je finissais le mot du jour en disant de Christa Ludwig par ces mots \u00ab\u00a0Une grande Dame, une immense musicienne.\u00a0\u00bb.<br \/>\n<\/span><\/p>\n<p><span style=\"color: #777777; font-family: Arial;\">Aujourd&rsquo;hui j&rsquo;ai envie d&rsquo;\u00e9crire\u00a0: \u00ab\u00a0Une belle \u00e2me et une bouleversante conteuse qui chante avec un violoncelle\u00a0\u00bb<br \/>\n<\/span><\/p>\n<p><span style=\"color: maroon; font-family: Arial;\">&lt;1564&gt;<\/span><\/p>\n","protected":false},"excerpt":{"rendered":"<p>\u00ab\u00a0J&rsquo;ai choisi la musique pour sa capacit\u00e9 \u00e0 dire des choses que je ne comprenais pas avec les mots.\u00a0\u00bb Sonia Wieder-Atherton Hier, j&rsquo;\u00e9voquais Christa Ludwig qui m&rsquo;a accompagn\u00e9 pendant de longues ann\u00e9es de d\u00e9couvertes et d&rsquo;approfondissement musical. Je dirais que<\/p>\n","protected":false},"author":1,"featured_media":0,"comment_status":"open","ping_status":"closed","sticky":false,"template":"","format":"standard","meta":{"footnotes":""},"categories":[1],"tags":[46,20,8],"class_list":["post-11337","post","type-post","status-publish","format-standard","hentry","category-motdujour","tag-art","tag-musique","tag-poesie"],"_links":{"self":[{"href":"https:\/\/lemotdujour.fr\/index.php?rest_route=\/wp\/v2\/posts\/11337","targetHints":{"allow":["GET"]}}],"collection":[{"href":"https:\/\/lemotdujour.fr\/index.php?rest_route=\/wp\/v2\/posts"}],"about":[{"href":"https:\/\/lemotdujour.fr\/index.php?rest_route=\/wp\/v2\/types\/post"}],"author":[{"embeddable":true,"href":"https:\/\/lemotdujour.fr\/index.php?rest_route=\/wp\/v2\/users\/1"}],"replies":[{"embeddable":true,"href":"https:\/\/lemotdujour.fr\/index.php?rest_route=%2Fwp%2Fv2%2Fcomments&post=11337"}],"version-history":[{"count":6,"href":"https:\/\/lemotdujour.fr\/index.php?rest_route=\/wp\/v2\/posts\/11337\/revisions"}],"predecessor-version":[{"id":11908,"href":"https:\/\/lemotdujour.fr\/index.php?rest_route=\/wp\/v2\/posts\/11337\/revisions\/11908"}],"wp:attachment":[{"href":"https:\/\/lemotdujour.fr\/index.php?rest_route=%2Fwp%2Fv2%2Fmedia&parent=11337"}],"wp:term":[{"taxonomy":"category","embeddable":true,"href":"https:\/\/lemotdujour.fr\/index.php?rest_route=%2Fwp%2Fv2%2Fcategories&post=11337"},{"taxonomy":"post_tag","embeddable":true,"href":"https:\/\/lemotdujour.fr\/index.php?rest_route=%2Fwp%2Fv2%2Ftags&post=11337"}],"curies":[{"name":"wp","href":"https:\/\/api.w.org\/{rel}","templated":true}]}}