{"id":11323,"date":"2021-05-11T00:13:27","date_gmt":"2021-05-10T22:13:27","guid":{"rendered":"http:\/\/lemotdujour.fr\/?p=11323"},"modified":"2021-05-11T00:31:25","modified_gmt":"2021-05-10T22:31:25","slug":"mardi-11-mai-2021","status":"publish","type":"post","link":"https:\/\/lemotdujour.fr\/?p=11323","title":{"rendered":"Mardi 11 mai 2021"},"content":{"rendered":"<div class=\"mdjTexte\">\u00ab\u00a0Le chant, c&rsquo;est une m\u00e9taphore de la vie\u00a0: on inspire, on expire, le son arrive sur le souffle, puis c&rsquo;est fini.\u00a0\u00bb<\/div>\n<div class=\"mdjAuteur\">Christa Ludwig<\/div>\n<p><span style=\"color: #777777; font-family: Arial;\">Christa Ludwig est morte, samedi 24 avril tout pr\u00e8s de Vienne, en Autriche, elle avait 93 ans.<br \/>\n<\/span><\/p>\n<p><span style=\"color: #777777; font-family: Arial;\">Et depuis le 24 avril j&rsquo;ai pass\u00e9 beaucoup de temps avec cette artiste merveilleuse, en \u00e9coutant ses disques, en lisant des articles qui lui \u00e9taient consacr\u00e9s et en regardant \u00e9norm\u00e9ment de vid\u00e9os, pour l&rsquo;essentiel en langue allemande, dans lesquelles elle r\u00e9v\u00e9lait sa personnalit\u00e9 lumineuse et son esprit p\u00e9tillant.<br \/>\n<\/span><\/p>\n<p><img loading=\"lazy\" decoding=\"async\" class=\"alignleft\" src=\"https:\/\/lemotdujour.fr\/wp-content\/uploads\/2021\/05\/051021_2207_Mardi11mai21.jpg\" alt=\"\" width=\"534\" height=\"342\" align=\"left\" \/><span style=\"color: #777777; font-family: Arial;\">Je pourrais reprendre la description qu&rsquo;en fait &lt;<span style=\"color: #0000ff;\"><a style=\"color: #0000ff;\" href=\"https:\/\/www.lemonde.fr\/disparitions\/article\/2021\/04\/26\/la-mort-de-christa-ludwig-divine-mezzo_6078093_3382.html\">Le Monde<\/a><\/span>&gt;\u00a0:<br \/>\n<\/span><\/p>\n<p style=\"margin-left: 28pt;\"><span style=\"color: #c00000; font-family: Arial;\">\u00ab\u00a0Une voix sensuelle et chaudement ambr\u00e9e, d&rsquo;une amplitude exceptionnelle, une artiste \u00e9mouvante \u00e0 la carri\u00e8re en tout point exemplaire\u00a0\u00bb.<br \/>\n<\/span><\/p>\n<p><span style=\"color: #777777; font-family: Arial;\">C&rsquo;est d&rsquo;ailleurs dans cet article que j&rsquo;ai trouv\u00e9 la phrase que j&rsquo;ai mise en exergue\u00a0:<br \/>\n<\/span><\/p>\n<p style=\"margin-left: 28pt;\"><span style=\"color: #c00000; font-family: Arial;\">\u00ab\u00a0Le chant, c&rsquo;est une m\u00e9taphore de la vie\u00a0: on inspire, on expire, le son arrive sur le souffle, puis c&rsquo;est fini.\u00a0\u00bb<br \/>\n<\/span><\/p>\n<p><span style=\"color: #777777; font-family: Arial;\">Dans les vid\u00e9os que j&rsquo;ai regard\u00e9es, elle parle parfois de la mort.<br \/>\n<\/span><\/p>\n<p><span style=\"color: #777777; font-family: Arial;\">Pour elle la vie est esprit, souffle. Un corps mort ne pr\u00e9sente pour elle plus aucun int\u00e9r\u00eat.<br \/>\n<\/span><\/p>\n<p><span style=\"color: #777777; font-family: Arial;\">Elle dit par exemple \u00e0 propos de sa m\u00e8re qui a jou\u00e9 un si grand r\u00f4le pour elle, puisqu&rsquo;elle fut sa seule professeure de chant tout au long de la vie en plus de la relation m\u00e8re fille, elle est toujours avec moi, dans mon esprit, je la cite chaque jour. Elle est vivante en moi, le corps qui se trouve au cimeti\u00e8re ce n&rsquo;est plus elle. C&rsquo;est pourquoi Christa Ludwig n&rsquo;allait jamais au cimeti\u00e8re.<br \/>\n<\/span><\/p>\n<p><span style=\"color: #777777; font-family: Arial;\">Elle a \u00e9pous\u00e9, en secondes noces, en 1972, <a href=\"https:\/\/fr.wikipedia.org\/wiki\/Paul-%C3%89mile_Deiber\"><span style=\"color: #0000ff;\">Paul-\u00c9mile Deiber<\/span><\/a>, soci\u00e9taire de la Com\u00e9die-Fran\u00e7aise et metteur en sc\u00e8ne. C&rsquo;est pour cette raison qu&rsquo;elle a v\u00e9cu longtemps en France.<br \/>\n<\/span><\/p>\n<p><span style=\"color: #777777; font-family: Arial;\">Ils vieillirent ensemble et elle raconte qu&rsquo;elle lui tenait la main au moment ultime et elle sentit quand la vie l&rsquo;abandonna et elle ajouta\u00a0:<br \/>\n<\/span><\/p>\n<p style=\"margin-left: 28pt;\"><span style=\"color: #c00000; font-family: Arial;\">\u00ab Et alors je compris que ce corps n&rsquo;\u00e9tait plus mon mari. Il \u00e9tait avec moi, dans mes pens\u00e9es, dans mon c\u0153ur, aupr\u00e8s de moi, non dans ce corps inerte. \u00bb<br \/>\n<\/span><\/p>\n<p><span style=\"color: #777777; font-family: Arial;\">J&rsquo;ai trouv\u00e9 cette vision tr\u00e8s apaisante et tr\u00e8s inspirante.<br \/>\n<\/span><\/p>\n<p><span style=\"color: #777777; font-family: Arial;\">Elle avait d\u00e9cid\u00e9 de se faire incin\u00e9rer.<br \/>\n<\/span><\/p>\n<p><span style=\"color: #777777; font-family: Arial;\"><img loading=\"lazy\" decoding=\"async\" class=\"wp-image-11326 alignright\" src=\"https:\/\/lemotdujour.fr\/wp-content\/uploads\/2021\/05\/christa-ludwig-2-225x300.jpg\" alt=\"\" width=\"278\" height=\"371\" srcset=\"https:\/\/lemotdujour.fr\/wp-content\/uploads\/2021\/05\/christa-ludwig-2-225x300.jpg 225w, https:\/\/lemotdujour.fr\/wp-content\/uploads\/2021\/05\/christa-ludwig-2.jpg 250w\" sizes=\"auto, (max-width: 278px) 100vw, 278px\" \/>Mais si je veux parler de Christa Ludwig, je dois dire avant tout qu&rsquo;elle fait partie de mon univers musical depuis que je suis m\u00e9lomane.<br \/>\n<\/span><\/p>\n<p><span style=\"color: #777777; font-family: Arial;\">Quand j&rsquo;ai appris son d\u00e9part, je me suis pos\u00e9 et fait le compte des enregistrements que je poss\u00e9dais et dans lesquels elle chantait.<br \/>\n<\/span><\/p>\n<p><span style=\"color: #777777; font-family: Arial;\">Quand on est m\u00e9lomane comme moi, on collectionne patiemment des dizaines, puis des centaines et on arrive aux milliers de disque.<br \/>\n<\/span><\/p>\n<p><span style=\"color: #777777; font-family: Arial;\">On ach\u00e8te parce qu&rsquo;on a lu ou entendu une critique, d\u00e9couvert une interpr\u00e9tation dans des ouvrages qui donnent les enregistrements de r\u00e9f\u00e9rence, ou plus simplement qu&rsquo;on a entendu l&rsquo;enregistrement ou qu&rsquo;un ami m\u00e9lomane nous l&rsquo;a fait d\u00e9couvrir.<br \/>\n<\/span><\/p>\n<p><span style=\"color: #777777; font-family: Arial;\">Et alors faisant une petite liste, sans exag\u00e9rer pour ne pas d\u00e9passer les limites d&rsquo;un mot du jour.<br \/>\n<\/span><\/p>\n<p><img decoding=\"async\" src=\"https:\/\/lemotdujour.fr\/wp-content\/uploads\/2021\/05\/051021_2207_Mardi11mai22.jpg\" alt=\"\" \/><span style=\"color: #777777; font-family: Arial;\"><br \/>\n<\/span><\/p>\n<p><span style=\"color: #777777; font-family: Arial;\">Un opus magnum de la musique est constitu\u00e9 par \u00ab<span style=\"color: #0000ff;\">\u00a0<\/span><a href=\"https:\/\/www.fnac.com\/a8896023\/Gustav-Mahler-Das-Lied-Von-Der-Erde-CD-album\"><span style=\"color: #0000ff;\"><strong>Le chant de la terre<\/strong><\/span>\u00a0<\/a>\u00bb de <strong>Gustav Mahler. <\/strong>Dans les dizaines d&rsquo;enregistrements de cette \u0153uvre, deux disques surplombent\u00a0: la version de Bruno Walter avec Kathleen Ferrier et celle d&rsquo;Otto Klemperer avec Christa Ludwig et Fritz Wunderlich.<br \/>\n<\/span><\/p>\n<p><span style=\"color: #777777; font-family: Arial;\">La plus belle version du <a href=\"https:\/\/www.qobuz.com\/fr-fr\/album\/verdi-messa-da-requiem-carlo-maria-giulini\/rorvi74i26lta\"><strong><span style=\"color: #0000ff;\">Requiem de Verdi<\/span><\/strong><\/a> est la premi\u00e8re enregistr\u00e9e par Carlo Maria Giulini, la partie d&rsquo;alto est chant\u00e9e par Christa Ludwig.<br \/>\n<\/span><\/p>\n<p><span style=\"color: #777777; font-family: Arial;\">Le plus beau <a href=\"https:\/\/www.qobuz.com\/fr-fr\/album\/mozart-cosi-fan-tutte-philharmonia-orchestra-karl-bohm\/0724356737952\"><strong><span style=\"color: #0000ff;\">Cosi fan Tutte<\/span><\/strong><\/a> de l&rsquo;histoire est celui que Karl Boehm a enregistr\u00e9 avec l&rsquo;orchestre Philharmonia. Le r\u00f4le de Dorabella \u00e9tait tenu par Christa Ludwig.<br \/>\n<\/span><\/p>\n<p><span style=\"color: #777777; font-family: Arial;\">La meilleure version <strong>de <span style=\"color: #0000ff;\"><a style=\"color: #0000ff;\" href=\"https:\/\/www.qobuz.com\/fr-fr\/album\/beethoven-fidelio-overture-leonore-no3-otto-klemperer\/5099996670354\">Fidelio<\/a><\/span> de Beethoven<\/strong> est celle de Klemperer avec Jon Vickers. Le r\u00f4le de Fidelio est chant\u00e9 par Christa Ludwig.<br \/>\n<\/span><\/p>\n<p><span style=\"color: #777777; font-family: Arial;\">Un des plus belles interpr\u00e9tations du plus grand op\u00e9ra de <strong>Wagner,<span style=\"color: #0000ff;\"> <a style=\"color: #0000ff;\" href=\"https:\/\/www.qobuz.com\/fr-fr\/album\/wagner-parsifal-sir-georg-solti-hans-hotter-zoltan-kelemen-wiener-sangerknaben-wiener-staatsopernchor-wiener-philharmoniker-gottlob-frick-rene-kollo-christa-ludwig-dietrich-fischer-dieskau\/pufdoxlxc3yjb\">Parsifal<\/a><\/span><\/strong> est celle de Solti, le r\u00f4le de Kundry est tenu par Christa Ludwig.<br \/>\n<\/span><\/p>\n<p><span style=\"color: #777777; font-family: Arial;\">Et il serait possible de continuer \u00e0 alimenter cette \u00e9num\u00e9ration.<br \/>\n<\/span><\/p>\n<p><span style=\"color: #777777; font-family: Arial;\">Les meilleurs chefs d&rsquo;orchestre voulaient Christa Ludwig, parce qu&rsquo;elle \u00e9tait simplement extraordinaire.<br \/>\n<\/span><\/p>\n<p><span style=\"color: #777777; font-family: Arial;\">Parmi ces chefs, invariablement elle en citait trois\u00a0:<br \/>\n<\/span><\/p>\n<p><span style=\"color: #777777; font-family: Arial;\"><strong>Karl Boehm<\/strong> qui fut comme un second p\u00e8re pour elle et l&rsquo;accueillit \u00e0 l&rsquo;op\u00e9ra de Vienne. Elle n&rsquo;\u00e9tait pas autrichienne, elle \u00e9tait n\u00e9e \u00e0 Berlin mais elle se sentait et se vivait comme viennoise.<br \/>\n<\/span><\/p>\n<p><span style=\"color: #777777; font-family: Arial;\"><strong>Herbert von Karajan<\/strong>, en qui elle avait toute confiance. Il semble que c&rsquo;est elle qui a dit un jour que Karajan \u00e9tait Dieu, ce que des d\u00e9tracteurs de ce dernier avait traduit qu&rsquo;il se prenait pour Dieu. Christa Ludwig voulait simplement dire qu&rsquo;elle \u00e9tait toujours rassur\u00e9 quand Karajan dirigeait parce qu&rsquo;il avait cette facult\u00e9 de rassurer et de cr\u00e9er un \u00e9crin sonore dans lequel la voix de ses chanteurs pouvait s&rsquo;\u00e9panouir sans crainte.<br \/>\n<\/span><\/p>\n<p><img loading=\"lazy\" decoding=\"async\" class=\"alignleft\" src=\"https:\/\/lemotdujour.fr\/wp-content\/uploads\/2021\/05\/051021_2207_Mardi11mai23.jpg\" alt=\"\" width=\"454\" height=\"454\" align=\"left\" \/><span style=\"color: #777777; font-family: Arial;\">Mais celui pour lequel elle avait le plus d&rsquo;affection \u00e9tait <strong>L\u00e9onard Bernstein<\/strong>. C&rsquo;est encore elle qui a eu cette phrase\u00a0:<br \/>\n<\/span><\/p>\n<p style=\"margin-left: 28pt;\"><span style=\"color: #c00000; font-family: Arial;\">\u00ab\u00a0il \u00e9tait la musique\u00a0\u00bb<br \/>\n<\/span><\/p>\n<p><span style=\"color: #777777; font-family: Arial;\">Dans cette interview \u00e0<span style=\"color: #0000ff;\"> <a style=\"color: #0000ff;\" href=\"https:\/\/www.forumopera.com\/actu\/christa-ludwig-mezzo-ou-soprano-je-ne-sais-pas\">Forum Opera<\/a><\/span> elle est plus pr\u00e9cise\u00a0: .<br \/>\n<\/span><\/p>\n<p style=\"margin-left: 28pt;\"><span style=\"color: #c00000; font-family: Arial;\">\u00ab\u00a0J&rsquo;ai eu la chance de faire la connaissance de trois grands chefs d&rsquo;orchestre \u00e0 trois moments diff\u00e9rents de ma carri\u00e8re. Quand je suis arriv\u00e9e \u00e0 Vienne, j&rsquo;ai vite travaill\u00e9 avec Karl B\u00f6hm. C&rsquo;\u00e9tait une grande chance, car B\u00f6hm, dont la femme \u00e9tait cantatrice, comprenait la voix. Bien s\u00fbr, tous les chefs aiment les voix, mais B\u00f6hm \u00e9tait le seul \u00e0 vraiment les comprendre, \u00e0 conna\u00eetre pr\u00e9cis\u00e9ment leur fonctionnement. Quand je l&rsquo;ai rencontr\u00e9, j&rsquo;\u00e9tais encore une tr\u00e8s jeune chanteuse, il m&rsquo;a enseign\u00e9 la rigueur, la justesse, l&rsquo;exactitude.<br \/>\n<\/span><\/p>\n<p style=\"margin-left: 28pt;\"><span style=\"color: #c00000; font-family: Arial;\">Quelques ann\u00e9es plus tard, j&rsquo;ai rencontr\u00e9 Karajan qui, lui, m&rsquo;a appris la beaut\u00e9 de la phrase, l&rsquo;esth\u00e9tique du son. En r\u00e9p\u00e9tition, avec le merveilleux Philharmonique de Vienne, il disait toujours aux musiciens d&rsquo;\u00e9couter le son produit par les voix, et aux chanteurs de s&rsquo;immerger dans le son de l&rsquo;orchestre. Je n&rsquo;ai jamais trouv\u00e9 chez un autre chef un tel sens de la sonorit\u00e9.<br \/>\n<\/span><\/p>\n<p style=\"margin-left: 28pt;\"><span style=\"color: #c00000; font-family: Arial;\">Et puis j&rsquo;ai rencontr\u00e9 Bernstein quand j&rsquo;avais d\u00e9j\u00e0 40 ou 41 ans. J&rsquo;\u00e9tais un peu plus sage, plus aguerrie, et avec lui on pouvait d\u00e9couvrir le vrai sens de la musique, sa profondeur, ce qui se cache sous les notes. Avec lui, j&rsquo;ai vraiment chant\u00e9 toutes sortes de choses, y compris le tango de la Vieille Dame, dans Candide : le registre de la com\u00e9die n&rsquo;est vraiment pas ma tasse de th\u00e9, mais j&rsquo;ai fait \u00e7a pour lui. De tous mes coll\u00e8gues, Bernstein est le seul dont la mort m&rsquo;a vraiment fait pleurer. C&rsquo;\u00e9tait un authentique g\u00e9nie.\u00a0\u00bb<br \/>\n<\/span><\/p>\n<p><span style=\"color: #777777; font-family: Arial;\">La remarquable qualit\u00e9 de Christa Ludwig \u00e9tait sa capacit\u00e9 de pouvoir s&rsquo;adapter \u00e0 chacun de ses chefs. Elle dit\u00a0:<br \/>\n<\/span><\/p>\n<p style=\"margin-left: 28pt;\"><span style=\"color: #c00000; font-family: Arial;\">\u00ab\u00a0Mais si B\u00f6hm demandait un mezzo forte \u00e0 tel moment, que Karajan, dans ce m\u00eame passage, voulait qu&rsquo;on chante piano et Bernstein, forte, ils avaient tous les trois raison, chacun \u00e0 sa mani\u00e8re : c&rsquo;\u00e9tait toujours justifi\u00e9 car \u00e7a s&rsquo;inscrivait dans leur conception d&rsquo;ensemble. Et moi, je me suis toujours bien entendue avec eux parce que je faisais le n\u00e9cessaire pour m&rsquo;int\u00e9grer dans cette conception. \u00a0\u00bb<br \/>\n<\/span><\/p>\n<p><span style=\"color: #777777; font-family: Arial;\"><img loading=\"lazy\" decoding=\"async\" class=\"wp-image-11325 alignright\" src=\"https:\/\/lemotdujour.fr\/wp-content\/uploads\/2021\/05\/christa_ludwig1-300x139.jpg\" alt=\"\" width=\"413\" height=\"191\" srcset=\"https:\/\/lemotdujour.fr\/wp-content\/uploads\/2021\/05\/christa_ludwig1-300x139.jpg 300w, https:\/\/lemotdujour.fr\/wp-content\/uploads\/2021\/05\/christa_ludwig1-768x355.jpg 768w, https:\/\/lemotdujour.fr\/wp-content\/uploads\/2021\/05\/christa_ludwig1.jpg 792w\" sizes=\"auto, (max-width: 413px) 100vw, 413px\" \/>\u00c9norm\u00e9ment de journaux lui ont rendu hommage.<br \/>\n<\/span><\/p>\n<p><span style=\"color: #777777; font-family: Arial;\">&lt;<span style=\"color: #0000ff;\"><a style=\"color: #0000ff;\" href=\"https:\/\/www.francemusique.fr\/dossiers\/hommage-a-christa-ludwig\">France Musique<\/a><\/span>&gt; lui consacre plusieurs pages en republiant de nombreuses \u00e9missions qui lui avaient \u00e9t\u00e9 consacr\u00e9es.<br \/>\n<\/span><\/p>\n<p><span style=\"color: #777777; font-family: Arial;\">&lt;<a href=\"https:\/\/www.lefigaro.fr\/musique\/deces-de-la-mezzo-soprano-christa-ludwig-a-l-age-de-93-ans-20210425\"><span style=\"color: #0000ff;\">Le Figaro<\/span><\/a>&gt; qui rapporte ce propos\u00a0:<br \/>\n<\/span><\/p>\n<p style=\"margin-left: 28pt;\"><span style=\"color: #c00000; font-family: Arial;\">\u00ab On fait carri\u00e8re avec sa t\u00eate, pas avec sa voix \u00bb<br \/>\n<\/span><\/p>\n<p><span style=\"color: #777777; font-family: Arial;\">Mais cette voix est exigeante, il faut la prot\u00e9ger, ne pas trop parler, ne jamais prendre froid, ne pas \u00eatre en contact avec des virus, ne pas boire, ni trop manger.<br \/>\n<\/span><\/p>\n<p><span style=\"color: #777777; font-family: Arial;\">Le journal suisse &lt;<span style=\"color: #0000ff;\"><a style=\"color: #0000ff;\" href=\"https:\/\/www.letemps.ch\/culture\/cantatrice-christa-ludwig-lune-plus-grandes-voix-xxe-siecle-decedee-lage-93-ans\">Le temps<\/a><\/span>&gt; parle de \u00ab\u00a0discipline de cosmonaute\u00a0\u00bb\u00a0:<br \/>\n<\/span><\/p>\n<p style=\"margin-left: 28pt;\"><span style=\"color: #c00000; font-family: Arial;\">\u00ab\u00a0Pendant 50 ans, elle \u00abne pense qu&rsquo;\u00e0 ses cordes vocales, jour et nuit\u00bb, et s&rsquo;administre au quotidien une discipline \u00absemblable \u00e0 celle des cosmonautes\u00bb pour pr\u00e9server son timbre: pas de tabac ni d&rsquo;alcool\u2026 et m\u00eame pas de cin\u00e9ma, \u00abparce que je devrais m&rsquo;enfuir d\u00e8s que mon voisin tousse\u00bb.\u00a0\u00bb<br \/>\n<\/span><\/p>\n<p><span style=\"color: #777777; font-family: Arial;\">Le journal canadien \u00ab\u00a0<strong>Le Devoir<\/strong>\u00a0\u00bb titre \u00ab\u00a0<a href=\"https:\/\/www.ledevoir.com\/culture\/musique\/599523\/1928-1921-christa-ludwig-titan-au-feminin\"><span style=\"color: #0000ff;\">Christa Ludwig, titan au f\u00e9minin<\/span>\u00a0<\/a>\u00bb et \u00e9crit\u00a0:<br \/>\n<\/span><\/p>\n<p style=\"margin-left: 28pt;\"><span style=\"color: #c00000; font-family: Arial;\">\u00ab\u00a0 l&rsquo;une des plus grandes chanteuses du XXe si\u00e8cle, nous laisse un legs immense.<br \/>\nA-t-on vraiment envie d&rsquo;\u00eatre triste ? Ou a-t-on simplement envie de dire, de crier, \u00ab Merci ! \u00bb ? Car Christa Ludwig \u00e9tait d\u00e9j\u00e0 immortelle de son vivant.\u00a0\u00bb<br \/>\n<\/span><\/p>\n<p><span style=\"color: #777777; font-family: Arial;\">Pour \u00ab\u00a0<strong>TELERAMA\u00a0<\/strong>\u00bb, le titre est \u00ab\u00a0<a href=\"https:\/\/www.telerama.fr\/musique\/christa-ludwig-quand-une-diva-sen-va-6867488.php\"><span style=\"color: #0000ff;\">Christa Ludwig, quand une diva s&rsquo;en va<\/span><\/a>.\u00a0\u00bb<br \/>\n<\/span><\/p>\n<p><span style=\"color: #777777; font-family: Arial;\">Je partage cet avis :<br \/>\n<\/span><\/p>\n<p style=\"margin-left: 28pt;\"><span style=\"color: #c00000; font-family: Arial;\">\u00ab\u00a0Femme aussi disciplin\u00e9e et rigoureuse dans son art que port\u00e9e \u00e0 la gaiet\u00e9 en priv\u00e9, excellant dans les personnages dramatiques mais conservant toujours un grain de joie dans sa voix merveilleusement color\u00e9e, Christa Ludwig ne fut jamais plus elle-m\u00eame que chez Mozart et Strauss, sans doute parce qu&rsquo;elle trouvait dans leur gr\u00e2ce et leur finesse un reflet de ses propres qualit\u00e9s.\u00a0\u00bb<br \/>\n<\/span><\/p>\n<p><span style=\"color: #777777; font-family: Arial;\">Et je finirai par cet article du journal belge \u00ab\u00a0<strong>Crescendo<\/strong>\u00a0\u00bb : \u00ab\u00a0<a href=\"https:\/\/www.crescendo-magazine.be\/christa-ludwig-la-voix-de-mezzo-dans-toute-sa-splendeur\/\"><span style=\"color: #0000ff;\">Christa Ludwig, la voix de mezzo dans toute sa splendeur\u00a0<\/span><\/a>\u00bb<br \/>\n<\/span><\/p>\n<p style=\"margin-left: 28pt;\"><span style=\"color: #c00000; font-family: Arial;\">\u00ab\u00a0Que sa personnalit\u00e9 \u00e9tait attachante, tant elle irradiait la sc\u00e8ne par sa pr\u00e9sence, sa musicalit\u00e9 et son art du dire qui justifiaient la versatilit\u00e9 de son r\u00e9pertoire \u00e0 l&rsquo;op\u00e9ra, en r\u00e9cital, au concert !\u00a0\u00bb<br \/>\n<\/span><\/p>\n<p><span style=\"color: #777777; font-family: Arial;\">Vous trouverez derri\u00e8re ce lien &lt;<a href=\"https:\/\/www.youtube.com\/watch?v=mGhn0ThHq88\"><span style=\"color: #0000ff;\">Le final du chant de la terre avec Bernstein<\/span><\/a>&gt;<br \/>\n<\/span><\/p>\n<p><span style=\"color: #777777; font-family: Arial;\">Une grande Dame, une immense musicienne.<\/span><\/p>\n<p><span style=\"color: #800000;\">&lt;1563&gt;<\/span><\/p>\n","protected":false},"excerpt":{"rendered":"<p>\u00ab\u00a0Le chant, c&rsquo;est une m\u00e9taphore de la vie\u00a0: on inspire, on expire, le son arrive sur le souffle, puis c&rsquo;est fini.\u00a0\u00bb Christa Ludwig Christa Ludwig est morte, samedi 24 avril tout pr\u00e8s de Vienne, en Autriche, elle avait 93 ans.<\/p>\n","protected":false},"author":1,"featured_media":0,"comment_status":"open","ping_status":"closed","sticky":false,"template":"","format":"standard","meta":{"footnotes":""},"categories":[1],"tags":[148,29,20],"class_list":["post-11323","post","type-post","status-publish","format-standard","hentry","category-motdujour","tag-autriche","tag-hommage","tag-musique"],"_links":{"self":[{"href":"https:\/\/lemotdujour.fr\/index.php?rest_route=\/wp\/v2\/posts\/11323","targetHints":{"allow":["GET"]}}],"collection":[{"href":"https:\/\/lemotdujour.fr\/index.php?rest_route=\/wp\/v2\/posts"}],"about":[{"href":"https:\/\/lemotdujour.fr\/index.php?rest_route=\/wp\/v2\/types\/post"}],"author":[{"embeddable":true,"href":"https:\/\/lemotdujour.fr\/index.php?rest_route=\/wp\/v2\/users\/1"}],"replies":[{"embeddable":true,"href":"https:\/\/lemotdujour.fr\/index.php?rest_route=%2Fwp%2Fv2%2Fcomments&post=11323"}],"version-history":[{"count":5,"href":"https:\/\/lemotdujour.fr\/index.php?rest_route=\/wp\/v2\/posts\/11323\/revisions"}],"predecessor-version":[{"id":11332,"href":"https:\/\/lemotdujour.fr\/index.php?rest_route=\/wp\/v2\/posts\/11323\/revisions\/11332"}],"wp:attachment":[{"href":"https:\/\/lemotdujour.fr\/index.php?rest_route=%2Fwp%2Fv2%2Fmedia&parent=11323"}],"wp:term":[{"taxonomy":"category","embeddable":true,"href":"https:\/\/lemotdujour.fr\/index.php?rest_route=%2Fwp%2Fv2%2Fcategories&post=11323"},{"taxonomy":"post_tag","embeddable":true,"href":"https:\/\/lemotdujour.fr\/index.php?rest_route=%2Fwp%2Fv2%2Ftags&post=11323"}],"curies":[{"name":"wp","href":"https:\/\/api.w.org\/{rel}","templated":true}]}}