{"id":1132,"date":"2015-05-29T02:00:00","date_gmt":"2015-05-28T22:00:00","guid":{"rendered":"http:\/\/lemotdujour.fr\/?p=1132"},"modified":"2020-10-13T23:25:30","modified_gmt":"2020-10-13T21:25:30","slug":"vendredi-29-mai-2015","status":"publish","type":"post","link":"https:\/\/lemotdujour.fr\/?p=1132","title":{"rendered":"Vendredi 29 mai 2015"},"content":{"rendered":"<div class=\"mdjDate\">Vendredi 29 mai 2015<\/div>\n<div class=\"mdjTexte\">\u00ab &#8211; Les enfants, savez-vous ce qu&rsquo;est un champ lexical ?\u00a0\u00bb<br \/>\n&#8211; Ma\u00eetresse, c&rsquo;est un champ de fleurs !<br \/>\nEt toi,\u00a0 ma\u00eetresse, tu es tr\u00e8s belle ! \u00bb<\/div>\n<div class=\"mdjAuteur\">\u00c9change entre une ma\u00eetresse et un gar\u00e7on rapport\u00e9 par Bernard Maris dans son livre posthume<\/div>\n<p><span style=\"color: #777777; font-family: Arial;\">Longtemps, j&rsquo;ai lu beaucoup de livres. <\/span><span style=\"color: #777777; font-family: Arial;\">Aujourd&rsquo;hui, j&rsquo;en lis peu.<br \/>\n<\/span><\/p>\n<p><span style=\"color: #777777; font-family: Arial;\">Je pourrais ajouter : et maintenant je me couche de bonne heure.<br \/>\n<\/span><\/p>\n<p><span style=\"color: #777777; font-family: Arial;\"><em>Ceux qui ont de la culture comprendront\u2026<br \/>\n<\/em><\/span><\/p>\n<p><img loading=\"lazy\" decoding=\"async\" class=\"alignleft\" src=\"https:\/\/lemotdujour.fr\/wp-content\/uploads\/2020\/10\/101320_2119_LundiXXmai21.jpg\" alt=\"\" width=\"319\" height=\"502\" align=\"left\" \/><span style=\"color: #777777; font-family: Arial;\">Toutefois, j&rsquo;ai achet\u00e9 \u00ab<a href=\"https:\/\/livre.fnac.com\/a7966935\/Bernard-Maris-Et-si-on-aimait-la-France\"><span style=\"color: #0000ff;\"><strong>et si on aimait la France<\/strong><\/span>\u00a0<\/a>\u00bb de Bernard Maris et j&rsquo;ai commenc\u00e9 \u00e0 le lire.<br \/>\n<\/span><\/p>\n<p><span style=\"color: #777777; font-family: Arial;\">En voici un extrait :<br \/>\n<\/span><\/p>\n<p style=\"margin-left: 28pt;\"><span style=\"color: #c00000; font-family: Arial;\">\u00ab Nous sommes dans une \u00e9cole de banlieue, dans cette si joliment nomm\u00e9e Ile-de-France, qui fut autrefois le paradis des rois.<br \/>\n<\/span><\/p>\n<p style=\"margin-left: 28pt;\"><span style=\"color: #c00000; font-family: Arial;\">La ma\u00eetresse est douce, avec son museau pointu sous ses lunettes.<br \/>\n<\/span><\/p>\n<p style=\"margin-left: 28pt;\"><span style=\"color: #c00000; font-family: Arial;\">\u00ab\u00a0Les enfants, savez-vous ce qu&rsquo;est un champ lexical ?\u00a0\u00bb Elle attend, souriante \u00ab\u00a0Alors ?\u00a0\u00bb<br \/>\n<\/span><\/p>\n<p style=\"margin-left: 28pt;\"><span style=\"color: #c00000; font-family: Arial;\">Elle n&rsquo;esp\u00e8re pas de r\u00e9ponse, bien s\u00fbr\u2026.<br \/>\n<\/span><span style=\"color: #c00000; font-family: Arial;\">La classe de CE1 est sage.<br \/>\n<\/span><span style=\"color: #c00000; font-family: Arial;\">Mais une main de petit gar\u00e7on se l\u00e8ve :<br \/>\n<\/span><span style=\"color: #c00000; font-family: Arial;\">\u00ab\u00a0Ma\u00eetresse, c&rsquo;est un champ de fleurs !\u00a0\u00bb<br \/>\n<\/span><\/p>\n<p style=\"margin-left: 28pt;\"><span style=\"color: #c00000; font-family: Arial;\">Un champ de fleurs\u2026Elle rit. Comme c&rsquo;est mignon, un champ de fleurs, quel charmant petit gar\u00e7on\u00a0!<br \/>\n<\/span><span style=\"color: #c00000; font-family: Arial;\">Elle secoue la t\u00eate, va pour expliquer, mais le petit cr\u00e9pu ajoute :<br \/>\n<\/span><span style=\"color: #c00000; font-family: Arial;\">\u00ab\u00a0Et toi,\u00a0 ma\u00eetresse, tu es tr\u00e8s belle\u00a0\u00bb<br \/>\n<\/span><\/p>\n<p style=\"margin-left: 28pt;\"><span style=\"color: #c00000; font-family: Arial;\">Cette histoire m&rsquo;a \u00e9t\u00e9 racont\u00e9e par mon ami Michel Bernard, \u00e9crivain, et de belle langue.<br \/>\n<\/span><\/p>\n<p style=\"margin-left: 28pt;\"><span style=\"color: #c00000; font-family: Arial;\">J&rsquo;ignorais ce qu&rsquo;\u00e9tait un \u00ab\u00a0champ lexical\u00a0\u00bb<br \/>\n<\/span><\/p>\n<p style=\"margin-left: 28pt;\"><span style=\"color: #c00000; font-family: Arial;\">Renseignement pris, on parle de champ lexical pour d\u00e9signer \u00ab\u00a0un ensemble th\u00e9orique de noms, de substantifs, d&rsquo;adjectifs et de verbes appartenant \u00e0 une m\u00eame cat\u00e9gorie syntaxique et li\u00e9s de branches par leur domaine de sens\u00a0\u00bb<br \/>\n<\/span><\/p>\n<p style=\"margin-left: 28pt;\"><span style=\"color: #c00000; font-family: Arial;\">[et il donne un exemple] \u00ab\u00a0Le m\u00e9decin gu\u00e9rit le malade\u00a0\u00bb est\u00a0 un champ lexical de trois substantifs. [D&rsquo;apr\u00e8s mon exp\u00e9rience r\u00e9cente, cette phrase est fausse, mais c&rsquo;est un champ lexical].<br \/>\n<\/span><\/p>\n<p style=\"margin-left: 28pt;\"><span style=\"color: #c00000; font-family: Arial;\">Doit-on assener une telle horreur \u00e0 des enfants ?<br \/>\n<\/span><\/p>\n<p style=\"margin-left: 28pt;\"><span style=\"color: #c00000; font-family: Arial;\">Des enfants qui ne demandent qu&rsquo;\u00e0 \u00eatre ce qu&rsquo;ils sont, des po\u00e8tes, comme ce petit gar\u00e7on qui voit d&rsquo;abord un champ de fleurs, et dans ces fleurs une jolie ma\u00eetresse\u2026\u00bb<br \/>\n<\/span><\/p>\n<p><span style=\"color: #777777; font-family: Arial;\">\u00ab\u00a0Doit-on assener de telle horreur \u00e0 des enfants.\u00a0\u00bb<br \/>\n<\/span><\/p>\n<p><span style=\"color: #777777; font-family: Arial;\">Moi aussi je ne connaissais pas le champ lexical jusqu&rsquo;\u00e0 ce mes enfants entrent au coll\u00e8ge et subissent des cours de fran\u00e7ais.<br \/>\n<\/span><\/p>\n<p><span style=\"color: #777777; font-family: Arial;\">J&rsquo;ai aim\u00e9 lire la somptuosit\u00e9 des textes de Victor Hugo, j&rsquo;ai \u00e9t\u00e9 saisi par les po\u00e8mes de Baudelaire et tant de fois subjugu\u00e9 par la langue fran\u00e7aise, par Flaubert, Balzac, Zola et tant d&rsquo;autres.<br \/>\n<\/span><\/p>\n<p><span style=\"color: #777777; font-family: Arial;\">Mais je ne savais pas ce qu&rsquo;\u00e9tait un champ lexical.<br \/>\n<\/span><\/p>\n<p><span style=\"color: #777777; font-family: Arial;\">Et cela ne me manquait pas, comme tant d&rsquo;autres concepts certainement int\u00e9ressants, utiles, allons jusqu&rsquo;\u00e0 indispensables au niveau universitaire quand on veut \u00e9tudier techniquement la langue.<br \/>\n<\/span><\/p>\n<p><span style=\"color: #777777; font-family: Arial;\">Mais totalement inappropri\u00e9 avant.<br \/>\n<\/span><\/p>\n<p><span style=\"color: #777777; font-family: Arial;\">Et Bernard Maris de continuer :<br \/>\n<\/span><\/p>\n<p style=\"margin-left: 28pt;\"><span style=\"color: #c00000; font-family: Arial;\">\u00ab Dans notre classe de CM1, notre ma\u00eetre M. Vergniaud \u2013 c&rsquo;\u00e9tait un ma\u00eetre tr\u00e8s s\u00e9v\u00e8re- nous faisait la lecture chaque vendredi soir, en r\u00e9compense d&rsquo;une semaine studieuse. C&rsquo;\u00e9tait la Guerre du feu de Rosny a\u00een\u00e9, ou Un marin de Surcouf de Louis Garneray. Bras crois\u00e9s, muets de terreur et d&rsquo;\u00e9motion, nous \u00e9coutions les courses et les ruses du Malouin qui \u00e9chappait toujours aux Anglais. Il n&rsquo;usait pas de\u00a0 \u00ab\u00a0champs lexicaux\u00a0\u00bb ou autres inconvenances. Il nous donnait simplement envie de lire.\u00bb<br \/>\n<\/span><\/p>\n<p><span style=\"color: #777777; font-family: Arial;\">\u00ab\u00a0<strong>Il nous donnait simplement envie de lire.<\/strong>\u00a0\u00bb<br \/>\n<\/span><\/p>\n<p><span style=\"color: #777777; font-family: Arial;\">Vous savez ce que disait Montaigne ?<br \/>\n<\/span><\/p>\n<p style=\"margin-left: 28pt;\"><span style=\"color: #c00000; font-family: Arial;\">\u00ab Je n&rsquo;enseigne pas,\u00a0 je raconte. <strong>\u00bb<\/strong><br \/>\n<\/span><\/p>\n<p><span style=\"color: #777777; font-family: Arial;\">Laissons la conclusion \u00e0 l&rsquo;inoubliable Bernard Maris qui \u00e9crit un peu plus loin, page 31,<br \/>\n<\/span><\/p>\n<p style=\"margin-left: 28pt;\"><span style=\"color: #c00000; font-family: Arial;\">\u00ab La r\u00e9ponse du petit gar\u00e7on \u00e9tait tr\u00e8s encourageante et\u2026 tr\u00e8s fran\u00e7aise. Il charmait sa maitresse par une phrase po\u00e9tique. Il tournait un compliment. Bref, il parlait \u00e0 une femme.\u00bb<br \/>\n<\/span><\/p>\n<p><span style=\"color: #777777; font-family: Arial;\">A propos, \u00e0 Lyon ce weekend end il y a des champs de fleurs sur toute les places. <a href=\"https:\/\/www.lyon-roses-2015.org\/pdf\/FestivalDesRoses-Programme.pdf\">&lt;<span style=\"color: #0000ff;\">Des champs de roses<\/span>&gt;<\/a><br \/>\n<\/span><\/p>\n<p><span style=\"color: #777777; font-family: Arial;\">Et si vous voulez appeler cela des champs lexicaux, comme le jeune gar\u00e7on, personne ne vous en voudra.<br \/>\n<\/span><\/p>\n<p><span style=\"color: #800000;\"><img decoding=\"async\" src=\"https:\/\/lemotdujour.fr\/wp-content\/uploads\/2020\/10\/101320_2119_LundiXXmai22.jpg\" alt=\"\" \/><span style=\"font-family: Arial;\">&lt;503&gt;<\/span><\/span><\/p>\n","protected":false},"excerpt":{"rendered":"<p>Vendredi 29 mai 2015 \u00ab &#8211; Les enfants, savez-vous ce qu&rsquo;est un champ lexical ?\u00a0\u00bb &#8211; Ma\u00eetresse, c&rsquo;est un champ de fleurs ! Et toi,\u00a0 ma\u00eetresse, tu es tr\u00e8s belle ! \u00bb \u00c9change entre une ma\u00eetresse et un gar\u00e7on rapport\u00e9<\/p>\n","protected":false},"author":1,"featured_media":0,"comment_status":"closed","ping_status":"closed","sticky":false,"template":"","format":"standard","meta":{"footnotes":""},"categories":[1],"tags":[9,122,8],"class_list":["post-1132","post","type-post","status-publish","format-standard","hentry","category-motdujour","tag-litterature","tag-pedagogie","tag-poesie"],"_links":{"self":[{"href":"https:\/\/lemotdujour.fr\/index.php?rest_route=\/wp\/v2\/posts\/1132","targetHints":{"allow":["GET"]}}],"collection":[{"href":"https:\/\/lemotdujour.fr\/index.php?rest_route=\/wp\/v2\/posts"}],"about":[{"href":"https:\/\/lemotdujour.fr\/index.php?rest_route=\/wp\/v2\/types\/post"}],"author":[{"embeddable":true,"href":"https:\/\/lemotdujour.fr\/index.php?rest_route=\/wp\/v2\/users\/1"}],"replies":[{"embeddable":true,"href":"https:\/\/lemotdujour.fr\/index.php?rest_route=%2Fwp%2Fv2%2Fcomments&post=1132"}],"version-history":[{"count":2,"href":"https:\/\/lemotdujour.fr\/index.php?rest_route=\/wp\/v2\/posts\/1132\/revisions"}],"predecessor-version":[{"id":9840,"href":"https:\/\/lemotdujour.fr\/index.php?rest_route=\/wp\/v2\/posts\/1132\/revisions\/9840"}],"wp:attachment":[{"href":"https:\/\/lemotdujour.fr\/index.php?rest_route=%2Fwp%2Fv2%2Fmedia&parent=1132"}],"wp:term":[{"taxonomy":"category","embeddable":true,"href":"https:\/\/lemotdujour.fr\/index.php?rest_route=%2Fwp%2Fv2%2Fcategories&post=1132"},{"taxonomy":"post_tag","embeddable":true,"href":"https:\/\/lemotdujour.fr\/index.php?rest_route=%2Fwp%2Fv2%2Ftags&post=1132"}],"curies":[{"name":"wp","href":"https:\/\/api.w.org\/{rel}","templated":true}]}}