{"id":11308,"date":"2021-05-10T00:35:17","date_gmt":"2021-05-09T22:35:17","guid":{"rendered":"http:\/\/lemotdujour.fr\/?p=11308"},"modified":"2021-05-10T10:43:30","modified_gmt":"2021-05-10T08:43:30","slug":"lundi-10-mai-2021","status":"publish","type":"post","link":"https:\/\/lemotdujour.fr\/?p=11308","title":{"rendered":"Lundi 10 mai 2021"},"content":{"rendered":"<div class=\"mdjTexte\">\u00ab\u00a0La diaspora des cendres\u00a0\u00bb<\/div>\n<div class=\"mdjAuteur\">William Karel, textes des bourreaux et des victimes de la shoah<\/div>\n<p><span style=\"color: #777777; font-family: Arial;\">Premi\u00e8re lettre, une demande\u00a0:<br \/>\n<\/span><\/p>\n<p style=\"margin-left: 28pt;\"><span style=\"color: #c00000; font-family: Arial;\">\u00ab En vue d&rsquo;exp\u00e9rimenter un soporifique, vous serait t&rsquo;il possible de mettre \u00e0 notre disposition quelques femmes et \u00e0 quelles conditions ?<br \/>\nToutes les formalit\u00e9s concernant le transfert de ces femmes seront faites par nous.<br \/>\nNous offrons 170 marks par sujet.<br \/>\nVeuillez donc faire pr\u00e9parer un lot de 150 femmes saines, que nous enverrons chercher tr\u00e8s prochainement\u00a0\u00bb<br \/>\n<\/span><\/p>\n<p><span style=\"color: #777777; font-family: Arial;\">Accus\u00e9 de r\u00e9ception<br \/>\n<\/span><\/p>\n<p style=\"margin-left: 28pt;\"><span style=\"color: #c00000; font-family: Arial;\">\u00ab Nous sommes en possession du lot de 150 femmes. Votre choix est satisfaisant, quoique les sujets soient tr\u00e8s amaigries et affaiblies.<br \/>\nNous vous tiendrons au courant des exp\u00e9riences.\u00a0\u00bb<br \/>\n<\/span><\/p>\n<p><span style=\"color: #777777; font-family: Arial;\">Bilan et nouvelle demande<br \/>\n<\/span><\/p>\n<p style=\"margin-left: 28pt;\"><span style=\"color: #c00000; font-family: Arial;\">\u00ab\u00a0Les exp\u00e9riences n&rsquo;ont pas \u00e9t\u00e9 concluantes. Les sujets sont morts.<br \/>\nNous vous \u00e9crirons prochainement pour pr\u00e9parer un autre lot\u00a0\u00bb<br \/>\n<\/span><\/p>\n<p><span style=\"color: #777777; font-family: Arial;\">Ce sont trois lettres de l&rsquo;entreprise Bayer au Directeur du camp d&rsquo;Auschwitz, pendant la seconde guerre mondiale. Cet extrait se trouve \u00e0 38mn55 d&rsquo;un document sonore, sans aucune image, sans aucun commentaire, avec une musique minimaliste et diffus\u00e9 sur France Culture, hier soir \u00e0 20:00. Ces textes, choisis par William Karel, mis en onde par Sophie-Aude Picon, lus par des com\u00e9diens, sont des \u00e9crits des bourreaux et des victimes de la Shoah.<br \/>\n<\/span><\/p>\n<p><img loading=\"lazy\" decoding=\"async\" class=\"alignleft\" src=\"https:\/\/lemotdujour.fr\/wp-content\/uploads\/2021\/05\/050921_2219_Lundi10mai21.jpg\" alt=\"\" width=\"506\" height=\"380\" align=\"left\" \/><span style=\"color: #777777; font-family: Arial;\">Mais France Culture avait mis en ligne ce document avant sa diffusion.<br \/>\n<\/span><\/p>\n<p><span style=\"color: #777777; font-family: Arial;\">J&rsquo;ai donc pu l&rsquo;\u00e9couter d\u00e8s samedi.<br \/>\n<\/span><\/p>\n<p><span style=\"color: #777777; font-family: Arial;\">J&rsquo;avais accompagn\u00e9 Annie dans la petite ville de Matour, en Sa\u00f4ne et Loire o\u00f9 elle avait des choses \u00e0 faire.<br \/>\n<\/span><\/p>\n<p><span style=\"color: #777777; font-family: Arial;\">En l&rsquo;attendant, je suis all\u00e9 me promener autour de l&rsquo;\u00e9tang qui se trouve dans cette petite mais dynamique ville de Bourgogne.<br \/>\n<\/span><\/p>\n<p><span style=\"color: #777777; font-family: Arial;\">Casques sur les oreilles, masque sur le nez et la bouche comme il se doit, j&rsquo;ai fait cinq fois le tour de cet \u00e9tang, calme et paisible, pour \u00e9couter l&rsquo;int\u00e9gralit\u00e9 des 1 heure 45 que dure \u00ab<span style=\"color: #0000ff;\"> <a style=\"color: #0000ff;\" href=\"https:\/\/www.franceculture.fr\/emissions\/fictions-theatre-et-cie\/la-dispora-des-cendres-textes-reunis-par-william-karell\">La diaspora des cendres <\/a><\/span>\u00bb.<br \/>\n<\/span><\/p>\n<p><span style=\"color: #777777; font-family: Arial;\">Parce que vous ne pouvez pas \u00e9couter ces textes en faisant la cuisine ou une autre activit\u00e9. <\/span><span style=\"color: #777777; font-family: Arial;\">Il faut \u00eatre pleinement disponible, dans la dur\u00e9e.<br \/>\n<\/span><\/p>\n<p><span style=\"color: #777777; font-family: Arial;\">Je crois aussi qu&rsquo;il faut \u00eatre dans un \u00e9tat mental assez serein pour pouvoir affronter ce gouffre de l&rsquo;aventure humaine.<br \/>\n<\/span><\/p>\n<p><span style=\"color: #777777; font-family: Arial;\">&lt;<a href=\"https:\/\/www.lemonde.fr\/culture\/article\/2021\/05\/09\/la-diaspora-des-cendres-sur-france-culture-william-karel-donne-a-entendre-l-inaudible_6079657_3246.html\"><span style=\"color: #0000ff;\">Le Monde<\/span><\/a>&gt; \u00e9crit tr\u00e8s justement\u00a0:<br \/>\n<\/span><\/p>\n<p style=\"margin-left: 28pt;\"><span style=\"color: #c00000; font-family: Arial;\">\u00ab\u00a0D&rsquo;abord, il faut le dire. Dire que l&rsquo;on sort sonn\u00e9 et sid\u00e9r\u00e9 de ces deux heures d&rsquo;\u00e9coute. Dire que l&rsquo;on est d&#8217;embl\u00e9e certain d&rsquo;\u00eatre en pr\u00e9sence d&rsquo;une \u0153uvre et exceptionnelle et majeure. Dire qu&rsquo;il faudra du temps pour recouvrer son souffle et comprendre ce qui s&rsquo;est ici donn\u00e9 \u00e0 entendre. Plus qu&rsquo;un document exceptionnel sur l&rsquo;histoire de la Shoah, un nouvel \u00e9clairage \u2013 sonore cette fois.\u00a0\u00bb<br \/>\n<\/span><\/p>\n<p><span style=\"color: #777777; font-family: Arial;\">Dans notre univers de l&rsquo;image toute puissante, de l&rsquo;impatience \u00e9lev\u00e9 au niveau d&rsquo;un absolu, il fallait oser produire un document nu de pr\u00e8s de 2 heures, exclusivement sonore, sans aucun pathos, dans lequel on re\u00e7oit uniquement les mots qui ont \u00e9t\u00e9 \u00e9crits par les bourreaux ou les victimes de ce moment dans lequel la civilisation occidentale s&rsquo;est bris\u00e9e dans l&rsquo;innommable. C&rsquo;est pourtant une \u0153uvre d&rsquo;une puissance inou\u00ef.<br \/>\n<\/span><\/p>\n<p><span style=\"color: #777777; font-family: Arial;\">Parole de victime \u00e0 2 minutes 48\u00a0:<br \/>\n<\/span><\/p>\n<p style=\"margin-left: 28pt;\"><span style=\"color: #c00000; font-family: Arial;\">\u00ab\u00a0Tous les juifs sont regroup\u00e9s dans les m\u00eames immeubles avec obligation d&rsquo;y rester apr\u00e8s 20 heures.<br \/>\nIls inventent chaque jour de nouvelles mesures pour nous briser lentement.<br \/>\n<\/span><\/p>\n<ul style=\"margin-left: 64pt;\">\n<li><span style=\"color: #c00000; font-family: Arial;\">Interdiction d&rsquo;\u00e9couter la radio ;<br \/>\n<\/span><\/li>\n<li><span style=\"color: #c00000; font-family: Arial;\">D&rsquo;utiliser le t\u00e9l\u00e9phone\u00a0;<br \/>\n<\/span><\/li>\n<li><span style=\"color: #c00000; font-family: Arial;\">D&rsquo;aller \u00e0 la piscine\u00a0;<br \/>\n<\/span><\/li>\n<li><span style=\"color: #c00000; font-family: Arial;\">Au th\u00e9\u00e2tre, au cin\u00e9ma, au concert, au mus\u00e9e, dans une biblioth\u00e8que\u00a0;<br \/>\n<\/span><\/li>\n<li><span style=\"color: #c00000; font-family: Arial;\">Dans un restaurant, une gare ou au jardin public\u00a0;<br \/>\n<\/span><\/li>\n<li><span style=\"color: #c00000; font-family: Arial;\">De monter dans un tramway\u00a0;<br \/>\n<\/span><\/li>\n<li><span style=\"color: #c00000; font-family: Arial;\">D&rsquo;acheter des journaux, des fleurs, du caf\u00e9, du chocolat, des fruits<br \/>\n<\/span><\/li>\n<li><span style=\"color: #c00000; font-family: Arial;\">D&rsquo;aller chez le coiffeur<br \/>\n<\/span><\/li>\n<li><span style=\"color: #c00000; font-family: Arial;\">De poss\u00e9der une machine \u00e0 \u00e9crire, un v\u00e9lo, une chaise longue<br \/>\n<\/span><\/li>\n<li><span style=\"color: #c00000; font-family: Arial;\">Un chien, un chat, un oiseau.<br \/>\n<\/span><\/li>\n<li><span style=\"color: #c00000; font-family: Arial;\">Voil\u00e0 je crois que c&rsquo;est tout\u00a0\u00bb<br \/>\n<\/span><\/li>\n<\/ul>\n<p><span style=\"color: #777777; font-family: Arial;\">Cette \u00e9num\u00e9ration m&rsquo;a sid\u00e9r\u00e9. Une bureaucratie minutieuse de l&rsquo;inhumanit\u00e9\u00a0!<br \/>\n<\/span><\/p>\n<p><span style=\"color: #777777; font-family: Arial;\">Et que dire quand la bureaucratie nazie d\u00e9crit elle-m\u00eame, avec une pr\u00e9cision sordide, les m\u00e9thodes mises en \u0153uvre pour accomplir leurs t\u00e2ches inf\u00e2mes ?<br \/>\n<\/span><\/p>\n<p style=\"margin-left: 28pt;\"><span style=\"color: #c00000; font-family: Arial;\">\u00ab\u00a0Il fallait gazer les d\u00e9tenus dans des chambres provisoires et bruler les d\u00e9tenus dans des fosses.<br \/>\nOn alternait des couches de cadavre avec des couches de bois, et lorsqu&rsquo;un bucher de 100 cadavres avaient \u00e9t\u00e9 constitu\u00e9, on mettait le feu au bois avec des chiffons imbib\u00e9s de p\u00e9trole.<br \/>\nQuand la cr\u00e9mation \u00e9tait bien avanc\u00e9e on jetait dans le feu les autres cadavres.<br \/>\nOn collectait avec des seaux, la graisse qui coulait sur le sol et on la rejetait au feu pour h\u00e2ter l&rsquo;op\u00e9ration.<br \/>\nLa dur\u00e9e de la cr\u00e9mation \u00e9tait de 6 \u00e0 7 heures.<br \/>\nLa puanteur des corps brul\u00e9s se faisait sentir dans tout le camp\u00a0\u00bb<br \/>\n<em>Rudolf H\u00f6ss, directeur du camp d&rsquo;Auschwitz<br \/>\n<\/em><\/span><\/p>\n<p><span style=\"color: #777777; font-family: Arial;\">Vous entendrez la haine, les mots utilis\u00e9s par des allemands dans des courriers de lecteurs de journaux pour pr\u00e9tendre que l&rsquo;Allemagne doit craindre les juifs et qu&rsquo;aucune piti\u00e9 ne doit arr\u00eater la machine aryenne pour exterminer la nation juive. Ils ne parlent plus d&rsquo;\u00eatres humains mais de tous les mots qui peuvent d\u00e9finir les parasites et les animaux ou insectes qu&rsquo;il s&rsquo;agit d&rsquo;\u00e9radiquer.<br \/>\n<\/span><\/p>\n<p><span style=\"color: #777777; font-family: Arial;\">Vous entendrez les t\u00e9moignages des victimes paralys\u00e9es par la violence et l&rsquo;inhumanit\u00e9 qui se dressent contre eux. Certains, au d\u00e9but de la Shoah, se posent la question comment les voisins avec qui ils avaient l&rsquo;habitude d&rsquo;\u00e9changer et de s&rsquo;entraider se comporteront.<br \/>\n<\/span><\/p>\n<p><span style=\"color: #777777; font-family: Arial;\">Une jeune juive raconte comment sa famille a re\u00e7u la visite d&rsquo;une de ses camarades de classe, apr\u00e8s la nuit de cristal pendant laquelle les nazis avaient cass\u00e9 les vitrines des magasins des commer\u00e7ants juifs, saccag\u00e9 leurs magasins et leurs appartements et fait bruler les synagogues. Cette camarade issue de la bourgeoisie ais\u00e9e de la ville avait \u00e9t\u00e9 envoy\u00e9e pour exprimer la honte que sa famille ressentait par rapport \u00e0 ce que les allemands avaient fait ce jour-l\u00e0.<br \/>\n<\/span><\/p>\n<p><span style=\"color: #777777; font-family: Arial;\">Au moment des d\u00e9portations, les conditions de vie dans les wagons \u00e0 bestiaux sont d\u00e9crites. Parfois dans des lettres, des d\u00e9port\u00e9s essaient d&rsquo;exprimer leur courage et leur confiance en l&rsquo;avenir pour rassurer la famille rest\u00e9e en arri\u00e8re.<br \/>\n<\/span><\/p>\n<p><span style=\"color: #777777; font-family: Arial;\">Une victime a r\u00e9pondu \u00e0 la question qu&rsquo;on lui avait souvent pos\u00e9\u00a0: pourquoi ne vous \u00eates pas enfuis ? Il explique qu&rsquo;on lui avait pris son passeport et que les nazis leur avait pris tout leur argent puisqu&rsquo;ils avaient eu cette id\u00e9e ignoble de faire payer une amende \u00e9norme aux juifs pour payer le nettoyage des d\u00e9g\u00e2ts de la nuit de cristal.<br \/>\n<\/span><\/p>\n<p><span style=\"color: #777777; font-family: Arial;\">Et puis vous entendrez des d\u00e9tails de ce qui s&rsquo;est pass\u00e9 dans les camps d&rsquo;extermination, les chambres \u00e0 gaz, les fours cr\u00e9matoires, la cruaut\u00e9 infinie des bourreaux<br \/>\n<\/span><\/p>\n<p><span style=\"color: #777777; font-family: Arial;\">Il y aussi ces incroyables lettres envoy\u00e9es par des soldats \u00e0 leur \u00e9pouse (59:29)<br \/>\n<\/span><\/p>\n<p style=\"margin-left: 28pt;\"><span style=\"color: #c00000; font-family: Arial;\">\u00ab\u00a0Samedi, seize heures, la population devait se trouver sur la place.<br \/>\nEnviron 50\u00a0000 personnes, dont moi et l&rsquo;ensemble des soldats.<br \/>\nPuis les deux autos arriv\u00e8rent dans lesquels se trouvaient les condamn\u00e9s, les mains li\u00e9es, les ukrainiens leur pass\u00e8rent le n\u0153ud coulant autour du cou.<br \/>\n4 furent pendus \u00e0 la double potence.<br \/>\nIls rest\u00e8rent pendus pendant 3 heures, en guise d&rsquo;exemple dissuasif.<br \/>\nChacun pouvait venir les voir dans les environs proches.<br \/>\nJe les voyais \u00e0 la distance d&rsquo;un m\u00e8tre. C&rsquo;est aussi la premi\u00e8re fois que je voyais des pendus.\u00a0\u00bb<br \/>\n<\/span><\/p>\n<p><span style=\"color: #777777; font-family: Arial;\">On constatera encore une fois la pr\u00e9cision clinique de la description des faits.<br \/>\n<\/span><\/p>\n<p><span style=\"color: #777777; font-family: Arial;\">Mais pourquoi \u00e9crire de telles horreurs \u00e0 son \u00e9pouse ? <\/span><span style=\"color: #777777; font-family: Arial;\">Pour manifester l&rsquo;horreur de la guerre\u00a0? Exprimer une soif d&rsquo;humanit\u00e9\u00a0?<br \/>\n<\/span><\/p>\n<p><span style=\"color: #777777; font-family: Arial;\">Espoir d\u00e9\u00e7u, voil\u00e0 comment continue ce soldat\u00a0:<br \/>\n<\/span><\/p>\n<p style=\"margin-left: 28pt;\"><span style=\"color: #c00000; font-family: Arial;\">\u00ab\u00a0Tu comprendras maintenant que je vis beaucoup de choses.<br \/>\nQue je vois, entends, participe, apprend beaucoup etc.<br \/>\nBref je ne m&rsquo;ennuie pas, mais je reconnais que je suis content, car ici j&rsquo;ai vraiment un aper\u00e7u de plein de choses qu&rsquo;on se repr\u00e9sente bien diff\u00e9remment au pays.<br \/>\nJ&rsquo;aimerai bien \u00eatre pr\u00e8s de toi et des enfants, pour \u00eatre l\u00e0 jusqu&rsquo;\u00e0 ton accouchement.\u00a0\u00bb<br \/>\n<\/span><\/p>\n<p><img loading=\"lazy\" decoding=\"async\" class=\"alignright\" src=\"https:\/\/lemotdujour.fr\/wp-content\/uploads\/2021\/05\/050921_2219_Lundi10mai22.jpg\" alt=\"\" width=\"455\" height=\"607\" align=\"left\" \/><span style=\"color: #777777; font-family: Arial;\">Ainsi les moments de la normalit\u00e9 familiale coexistent avec des actions et des exp\u00e9riences de l&rsquo;anormalit\u00e9 humaine.<br \/>\n<\/span><\/p>\n<p><span style=\"color: #777777; font-family: Arial;\">Dans un extrait, plus terrible encore que je ne cite pas, un soldat allemand qui participe \u00e0 la Shoah par balles raconte \u00e0 son \u00e9pouse les fosses de juifs assassin\u00e9s d&rsquo;un coup de revolver. Il raconte qu&rsquo;il a tu\u00e9 deux jeunes enfants de moins de 5 ans. Que ces enfants lui ont fait pens\u00e9 \u00e0 leurs deux enfants. Mais il enchaine imm\u00e9diatement pour justifier son acte par la n\u00e9cessit\u00e9 pour le peuple allemand de se d\u00e9barrasser des juifs.<br \/>\n<\/span><\/p>\n<p><span style=\"color: #777777; font-family: Arial;\">Parfois certains allemands retrouvent une part de lucidit\u00e9 et de compassion\u00a0(1:04:58)<br \/>\n<\/span><\/p>\n<p style=\"margin-left: 28pt;\"><span style=\"color: #c00000; font-family: Arial;\">\u00ab\u00a0Ici en Pologne, on ne nous dit rien, mais nous avons une image assez claire de la situation. Partout la terreur ouverte. Chaque jour on rafle les gens, on les fusille. Il y a une entreprise d&rsquo;extermination des juifs qui est en cours. De sources diff\u00e9rentes et toutes dignes de foi, nous apprenons que les juifs sont tu\u00e9s en masse. Les t\u00e9moins racontent que les juifs, hommes, femmes et enfants sont asphyxi\u00e9s dans des unit\u00e9s de gazage mobiles. On rapporte des sc\u00e8nes effrayantes qu&rsquo;il est difficile de croire. Je n&rsquo;arrive pas \u00e0 penser que Hitler poursuive un but pareil, ni qu&rsquo;il y a des allemands capables de donner de tels ordres. Notre peuple devra expier ces monstruosit\u00e9s un jour ou l&rsquo;autre.\u00a0\u00bb<br \/>\n<em>Journal du capitaine Wim Osenfeld, officier de la Wehrmacht \u00e0 Varsovie<br \/>\n<\/em><\/span><\/p>\n<p><span style=\"color: #777777; font-family: Arial;\">\u00ab\u00a0<strong>La Diaspora des cendres<\/strong>\u00a0\u00bb est un titre qui a \u00e9t\u00e9 utilis\u00e9 une premi\u00e8re fois dans un article de <a title=\"Nouvelle fen\u00eatre\" href=\"https:\/\/www.lemonde.fr\/livres\/article\/2009\/01\/14\/la-mort-des-juifs-de-nadine-fresco_1141686_3260.html\" target=\"_blank\" rel=\"noopener\"><span style=\"color: #0000ff;\">Nadine Fresco<\/span><\/a> paru en\u00a01981 dans la <a title=\"Nouvelle fen\u00eatre\" href=\"http:\/\/www.gallimard.fr\/Catalogue\/GALLIMARD\/Nouvelle-Revue-de-Psychanalyse\/L-Emprise\" target=\"_blank\" rel=\"noopener\"><span style=\"color: #0000ff;\">Nouvelle revue de psychanalyse<\/span><\/a><span style=\"color: #0000ff;\">.<\/span><br \/>\n<\/span><\/p>\n<p><span style=\"color: #777777; font-family: Arial;\">Le premier texte cit\u00e9 dans cette \u0153uvre a \u00e9t\u00e9 \u00e9crit par l&rsquo;historien <strong>Itzhak Schipper<\/strong>, mort au camp de Ma\u00efdanek en 1943\u00a0:<br \/>\n<\/span><\/p>\n<p style=\"margin-left: 28pt;\"><span style=\"color: #c00000; font-family: Arial;\">\u00ab\u00a0L&rsquo;histoire est \u00e9crite par les vainqueurs. Tout ce que nous savons des peuples assassin\u00e9s est ce que les assassins ont bien voulu en dire. Si nos ennemis remportent la victoire, si ce sont eux qui \u00e9crivent l&rsquo;histoire de cette guerre, ils peuvent aussi d\u00e9cider de nous gommer compl\u00e9tement de la m\u00e9moire du monde \u00bb<br \/>\n<\/span><\/p>\n<p><span style=\"color: #777777; font-family: Arial;\">J&rsquo;ai trouv\u00e9 sur <span style=\"color: #0000ff;\"><a style=\"color: #0000ff;\" href=\"https:\/\/www.decitre.fr\/livres\/dans-la-langue-de-personne-9782020183550.html\">ce site<\/a><\/span>, la suite des propos de L&rsquo;historien Itzhak Schipper\u00a0:<br \/>\n<\/span><\/p>\n<p style=\"margin-left: 28pt;\"><span style=\"color: #c00000; font-family: Arial;\">\u00ab\u00a0Mais si c&rsquo;est nous qui \u00e9crivons l&rsquo;histoire de cette p\u00e9riode de larmes et de sang \u2014 et je suis persuad\u00e9 que nous le ferons \u2014 qui nous croira ? Personne ne voudra nous croire, parce que notre d\u00e9sastre est le d\u00e9sastre du monde civilis\u00e9 dans sa totalit\u00e9.\u00a0\u00bb<br \/>\n<\/span><\/p>\n<p><span style=\"color: #777777; font-family: Arial;\">Les voix, qui lisent ces textes sont celles de Mathieu Amalric, Val\u00e9rie Dr\u00e9ville, Fran\u00e7ois Marthouret, Elsa Lepoivre et Denis Podalyd\u00e8s.<br \/>\n<\/span><\/p>\n<p><span style=\"color: #777777; font-family: Arial;\">Dans les Matins de France Culture du 7 mai, Guillaume Erner avait invit\u00e9 William Karel et Sophie-Aude Picon pour pr\u00e9senter \u00ab\u00a0<strong>la diaspora des cendres<\/strong>\u00a0\u00bb\u00a0: &lt;<span style=\"color: #0000ff;\"><a style=\"color: #0000ff;\" href=\"https:\/\/www.franceculture.fr\/emissions\/linvitee-des-matins\/documenter-la-shoah-donner-des-voix-a-lindicible-avec-william-karel-et-sophie-aude-picon\">Donner des voix \u00e0 l&rsquo;indicible<\/a><\/span>&gt;.<br \/>\n<\/span><\/p>\n<p><span style=\"color: #777777; font-family: Arial;\">Le lien vers l&rsquo;indicible\u00a0: &lt;<span style=\"color: #0000ff;\"><a style=\"color: #0000ff;\" href=\"https:\/\/www.franceculture.fr\/emissions\/fictions-theatre-et-cie\/la-dispora-des-cendres-textes-reunis-par-william-karell\">La diaspora des cendres<\/a><\/span>&gt;<br \/>\n<\/span><\/p>\n<p><span style=\"color: #c00000; font-family: Arial;\">&lt;1562&gt;<\/span><\/p>\n","protected":false},"excerpt":{"rendered":"<p>\u00ab\u00a0La diaspora des cendres\u00a0\u00bb William Karel, textes des bourreaux et des victimes de la shoah Premi\u00e8re lettre, une demande\u00a0: \u00ab En vue d&rsquo;exp\u00e9rimenter un soporifique, vous serait t&rsquo;il possible de mettre \u00e0 notre disposition quelques femmes et \u00e0 quelles conditions<\/p>\n","protected":false},"author":1,"featured_media":0,"comment_status":"open","ping_status":"closed","sticky":false,"template":"","format":"standard","meta":{"footnotes":""},"categories":[1],"tags":[47,134,17],"class_list":["post-11308","post","type-post","status-publish","format-standard","hentry","category-motdujour","tag-allemagne","tag-antisemitisme","tag-histoire"],"_links":{"self":[{"href":"https:\/\/lemotdujour.fr\/index.php?rest_route=\/wp\/v2\/posts\/11308","targetHints":{"allow":["GET"]}}],"collection":[{"href":"https:\/\/lemotdujour.fr\/index.php?rest_route=\/wp\/v2\/posts"}],"about":[{"href":"https:\/\/lemotdujour.fr\/index.php?rest_route=\/wp\/v2\/types\/post"}],"author":[{"embeddable":true,"href":"https:\/\/lemotdujour.fr\/index.php?rest_route=\/wp\/v2\/users\/1"}],"replies":[{"embeddable":true,"href":"https:\/\/lemotdujour.fr\/index.php?rest_route=%2Fwp%2Fv2%2Fcomments&post=11308"}],"version-history":[{"count":8,"href":"https:\/\/lemotdujour.fr\/index.php?rest_route=\/wp\/v2\/posts\/11308\/revisions"}],"predecessor-version":[{"id":11319,"href":"https:\/\/lemotdujour.fr\/index.php?rest_route=\/wp\/v2\/posts\/11308\/revisions\/11319"}],"wp:attachment":[{"href":"https:\/\/lemotdujour.fr\/index.php?rest_route=%2Fwp%2Fv2%2Fmedia&parent=11308"}],"wp:term":[{"taxonomy":"category","embeddable":true,"href":"https:\/\/lemotdujour.fr\/index.php?rest_route=%2Fwp%2Fv2%2Fcategories&post=11308"},{"taxonomy":"post_tag","embeddable":true,"href":"https:\/\/lemotdujour.fr\/index.php?rest_route=%2Fwp%2Fv2%2Ftags&post=11308"}],"curies":[{"name":"wp","href":"https:\/\/api.w.org\/{rel}","templated":true}]}}