{"id":11302,"date":"2021-05-07T01:30:00","date_gmt":"2021-05-06T23:30:00","guid":{"rendered":"http:\/\/lemotdujour.fr\/?p=11302"},"modified":"2021-05-06T21:35:03","modified_gmt":"2021-05-06T19:35:03","slug":"vendredi-7-mai-2021","status":"publish","type":"post","link":"https:\/\/lemotdujour.fr\/?p=11302","title":{"rendered":"Vendredi 7 mai 2021"},"content":{"rendered":"<div class=\"mdjTexte\">\u00ab Pause (je me suis concentr\u00e9 sur la vie) \u00bb<\/div>\n<div class=\"mdjAuteur\">Un jour sans mot du jour nouveau<\/div>\n<p><span style=\"color: #777777; font-family: Arial;\">Quand on se fait vacciner, on a droit au repos et \u00e0 ne pas \u00e9crire de mot jour.<br \/>\n<\/span><\/p>\n<p><img loading=\"lazy\" decoding=\"async\" class=\"alignleft\" src=\"https:\/\/lemotdujour.fr\/wp-content\/uploads\/2021\/05\/050621_1930_Vendredi7ma1.jpg\" alt=\"\" width=\"397\" height=\"266\" align=\"left\" \/><span style=\"color: #777777; font-family: Arial;\">Il y a 7 ans d\u00e9j\u00e0, le 7 mai 2014, j&rsquo;\u00e9voquais un livre.<br \/>\n<\/span><\/p>\n<p><span style=\"color: #777777; font-family: Arial;\">Le livre d&rsquo;un homme am\u00e9ricain qui avait \u00e9t\u00e9 condamn\u00e9 \u00e0 mort.<br \/>\n<\/span><\/p>\n<p><span style=\"color: #777777; font-family: Arial;\">Mais dont on avait reconnu l&rsquo;innocence : <\/span><span style=\"color: #777777; font-family: Arial;\">Il s&rsquo;appelle <strong>Damien Echols<\/strong><br \/>\n<\/span><\/p>\n<p style=\"margin-left: 28pt;\"><span style=\"color: #c00000; font-family: Arial;\">\u00ab\u00a0Je me suis concentr\u00e9 sur la vie,<br \/>\nsur continuer \u00e0 croitre, \u00e0 grandir,<br \/>\nintellectuellement, \u00e9motionnellement, spirituellement,<br \/>\nj&rsquo;ai essay\u00e9 de continuer \u00e0 aller de l&rsquo;avant, l\u00e0 o\u00f9 je pouvais.\u00a0\u00bb<br \/>\n<\/span><\/p>\n<p><span style=\"color: #777777; font-family: Arial;\">C&rsquo;\u00e9tait &lt;<span style=\"color: #0000ff;\"><a style=\"color: #0000ff;\" href=\"https:\/\/lemotdujour.fr\/?p=3890\">Le mot du jour du 7 mai 2014<\/a><\/span>&gt;<br \/>\n<\/span><\/p>\n<p><span style=\"color: maroon; font-family: Arial;\">&lt;mot du jour sans num\u00e9ro&gt;<\/span><\/p>\n","protected":false},"excerpt":{"rendered":"<p>\u00ab Pause (je me suis concentr\u00e9 sur la vie) \u00bb Un jour sans mot du jour nouveau Quand on se fait vacciner, on a droit au repos et \u00e0 ne pas \u00e9crire de mot jour. Il y a 7 ans<\/p>\n","protected":false},"author":1,"featured_media":0,"comment_status":"open","ping_status":"closed","sticky":false,"template":"","format":"standard","meta":{"footnotes":""},"categories":[1],"tags":[96],"class_list":["post-11302","post","type-post","status-publish","format-standard","hentry","category-motdujour","tag-pause"],"_links":{"self":[{"href":"https:\/\/lemotdujour.fr\/index.php?rest_route=\/wp\/v2\/posts\/11302","targetHints":{"allow":["GET"]}}],"collection":[{"href":"https:\/\/lemotdujour.fr\/index.php?rest_route=\/wp\/v2\/posts"}],"about":[{"href":"https:\/\/lemotdujour.fr\/index.php?rest_route=\/wp\/v2\/types\/post"}],"author":[{"embeddable":true,"href":"https:\/\/lemotdujour.fr\/index.php?rest_route=\/wp\/v2\/users\/1"}],"replies":[{"embeddable":true,"href":"https:\/\/lemotdujour.fr\/index.php?rest_route=%2Fwp%2Fv2%2Fcomments&post=11302"}],"version-history":[{"count":3,"href":"https:\/\/lemotdujour.fr\/index.php?rest_route=\/wp\/v2\/posts\/11302\/revisions"}],"predecessor-version":[{"id":11305,"href":"https:\/\/lemotdujour.fr\/index.php?rest_route=\/wp\/v2\/posts\/11302\/revisions\/11305"}],"wp:attachment":[{"href":"https:\/\/lemotdujour.fr\/index.php?rest_route=%2Fwp%2Fv2%2Fmedia&parent=11302"}],"wp:term":[{"taxonomy":"category","embeddable":true,"href":"https:\/\/lemotdujour.fr\/index.php?rest_route=%2Fwp%2Fv2%2Fcategories&post=11302"},{"taxonomy":"post_tag","embeddable":true,"href":"https:\/\/lemotdujour.fr\/index.php?rest_route=%2Fwp%2Fv2%2Ftags&post=11302"}],"curies":[{"name":"wp","href":"https:\/\/api.w.org\/{rel}","templated":true}]}}