{"id":1130,"date":"2015-05-28T02:00:00","date_gmt":"2015-05-27T22:00:00","guid":{"rendered":"http:\/\/lemotdujour.fr\/?p=1130"},"modified":"2017-05-08T13:25:42","modified_gmt":"2017-05-08T11:25:42","slug":"jeudi-28-mai-2015","status":"publish","type":"post","link":"https:\/\/lemotdujour.fr\/?p=1130","title":{"rendered":"Jeudi 28 mai 2015"},"content":{"rendered":"<div class=\"mdjDate\">Jeudi 28 mai 2015<\/div>\n<div class=\"mdjTexte\">\u00abJe voudrais dire aux enfants : Prenez conscience du miracle d&rsquo;aller \u00e0 l&rsquo;\u00e9cole\u00bb<\/div>\n<div class=\"mdjAuteur\">Fabrice Lucchini <\/div>\n<div class=\"mdjComplements\">Fabrice Lucchini est un immense artiste.<\/div>\n<div class=\"mdjComplements\">Il a une faconde intarissable, un ego qui prend de la place.<\/div>\n<div class=\"mdjComplements\">Je ne sais pas si tout ce qu&rsquo;il dit est intelligent ou pertinent, mais l&rsquo;\u00e9couter est un moment de gr\u00e2ce.<\/div>\n<div class=\"mdjComplements\">Il \u00e9tait l&rsquo;invit\u00e9 de Patrick Cohen sur France Inter le 22 mai pour parler de son spectacle \u00ab\u00a0Po\u00e9sie ?\u00a0\u00bb o\u00f9 il fait salle comble, chaque soir.<\/div>\n<div class=\"mdjComplements\">Spectacle o\u00f9 il dit des textes de Rimbaud, de Baudelaire, de Moli\u00e8re, de Flaubert et de Labiche.<\/div>\n<div class=\"mdjComplements\">Il adore citer les autres comme Nietzsche : \u00ab Il n&rsquo;y a que la contradiction qui nous rend f\u00e9cond\u00bb<\/div>\n<div class=\"mdjComplements\">Il\u00a0 rassure aussi quand il dit qu&rsquo;il n&rsquo;y a rien \u00e0 comprendre au <a href=\"http:\/\/poesie.webnet.fr\/lesgrandsclassiques\/poemes\/arthur_rimbaud\/le_bateau_ivre.html\">bateau ivre de Rimbaud<\/a>.<\/div>\n<div class=\"mdjComplements\">Mais pour une fois on peut le citer pour des propos qu&rsquo;il a tenu lui-m\u00eame.<\/div>\n<div class=\"mdjComplements\">Vous savez qu&rsquo;il est autodidacte\u00a0 et qu&rsquo;il a \u00e9t\u00e9 renvoy\u00e9 de l&rsquo;\u00e9cole au CM2.<\/div>\n<div class=\"mdjComplements\">Et c&rsquo;est en rappelant cela qu&rsquo;il a dit :<\/div>\n<div class=\"mdjCiter\">\u00abJ&rsquo;en ai marre du mythe de l&rsquo;autodidacte<\/div>\n<div class=\"mdjCiter\">Il est vrai que l\u2019autodidacte les seules choses qu&rsquo;il sait,\u00a0 il le sait de mani\u00e8re moins conventionnelle.<\/div>\n<div class=\"mdjCiter\">Mais je voudrais dire aux enfants : Prenez conscience du miracle d&rsquo;aller \u00e0 l&rsquo;\u00e9cole<\/div>\n<div class=\"mdjCiter\">Moi je n&rsquo;y suis pas all\u00e9 assez, je suis compl\u00e8tement d\u00e9poss\u00e9d\u00e9 de connaissances g\u00e9n\u00e9rales<\/div>\n<div class=\"mdjCiter\">J&rsquo;ai tellement de lacunes, je ne connais rien en Histoire et dans tant de choses.\u00bb<\/div>\n<div class=\"mdjComplements\">Il a aussi cit\u00e9 Johnny Halliday avec qui il avait particip\u00e9 \u00e0 un film.<\/div>\n<div class=\"mdjComplements\">Un jour, ils devaient tourner le soir et Johnny lui a demand\u00e9 ce qu&rsquo;il avait fait de son temps dans la journ\u00e9e<\/div>\n<div class=\"mdjComplements\">Et Lucchini de r\u00e9pondre :<\/div>\n<div class=\"mdjCiter\">\u00abJ&rsquo;ai fait comme d&rsquo;habitude, j&rsquo;ai fait une marche de 2 heures pour mon rythme cardio-vasculaire, apr\u00e8s je suis rentr\u00e9, j&rsquo;ai d\u00e9jeun\u00e9 et j&rsquo;ai \u00e9cout\u00e9 Glenn Gould pendant 2 heures, apr\u00e8s j&rsquo;ai lu Schopenhauer \u00ab\u00a0m\u00e9taphysique de l&rsquo;amour et de la mort\u00a0\u00bb\u00bb<\/div>\n<div class=\"mdjComplements\">Et Johnny m&rsquo;a regard\u00e9 et il m&rsquo;a dit cette phrase \u00e9tonnante : \u00abTu t&rsquo;es fait chier quoi !\u00bb<\/div>\n<div class=\"mdjCiter\">\u00ab\u00c7a a l&rsquo;air de rien mais c&rsquo;est g\u00e9nial.\u00bb a-t-il ajout\u00e9.<\/div>\n<div class=\"mdjComplements\">Et il parle aussi de nos hommes politiques d&rsquo;aujourd&rsquo;hui mais l\u00e0 je vous invite \u00e0 \u00e9couter&#8230; <a href=\"http:\/\/www.franceinter.fr\/emission-linvite-fabrice-luchini\">http:\/\/www.franceinter.fr\/emission-linvite-fabrice-luchini<\/a><\/div>\n<div class=\"mdjComplements\"><a href=\"http:\/\/www.franceinter.fr\/emission-le-billet-de-francois-morel-ode-a-fabrice-luchini\">&lt;Et puis il y a Fran\u00e7ois Morel qui \u00e9voque si bien Fabrice Lucchini&gt;<\/a><\/div>\n","protected":false},"excerpt":{"rendered":"<p>Jeudi 28 mai 2015 \u00abJe voudrais dire aux enfants : Prenez conscience du miracle d&rsquo;aller \u00e0 l&rsquo;\u00e9cole\u00bb Fabrice Lucchini Fabrice Lucchini est un immense artiste. Il a une faconde intarissable, un ego qui prend de la place. Je ne sais<\/p>\n","protected":false},"author":1,"featured_media":0,"comment_status":"closed","ping_status":"closed","sticky":false,"template":"","format":"standard","meta":{"footnotes":""},"categories":[1],"tags":[],"class_list":["post-1130","post","type-post","status-publish","format-standard","hentry","category-motdujour"],"_links":{"self":[{"href":"https:\/\/lemotdujour.fr\/index.php?rest_route=\/wp\/v2\/posts\/1130","targetHints":{"allow":["GET"]}}],"collection":[{"href":"https:\/\/lemotdujour.fr\/index.php?rest_route=\/wp\/v2\/posts"}],"about":[{"href":"https:\/\/lemotdujour.fr\/index.php?rest_route=\/wp\/v2\/types\/post"}],"author":[{"embeddable":true,"href":"https:\/\/lemotdujour.fr\/index.php?rest_route=\/wp\/v2\/users\/1"}],"replies":[{"embeddable":true,"href":"https:\/\/lemotdujour.fr\/index.php?rest_route=%2Fwp%2Fv2%2Fcomments&post=1130"}],"version-history":[{"count":1,"href":"https:\/\/lemotdujour.fr\/index.php?rest_route=\/wp\/v2\/posts\/1130\/revisions"}],"predecessor-version":[{"id":1131,"href":"https:\/\/lemotdujour.fr\/index.php?rest_route=\/wp\/v2\/posts\/1130\/revisions\/1131"}],"wp:attachment":[{"href":"https:\/\/lemotdujour.fr\/index.php?rest_route=%2Fwp%2Fv2%2Fmedia&parent=1130"}],"wp:term":[{"taxonomy":"category","embeddable":true,"href":"https:\/\/lemotdujour.fr\/index.php?rest_route=%2Fwp%2Fv2%2Fcategories&post=1130"},{"taxonomy":"post_tag","embeddable":true,"href":"https:\/\/lemotdujour.fr\/index.php?rest_route=%2Fwp%2Fv2%2Ftags&post=1130"}],"curies":[{"name":"wp","href":"https:\/\/api.w.org\/{rel}","templated":true}]}}