{"id":1128,"date":"2015-05-27T02:00:00","date_gmt":"2015-05-26T22:00:00","guid":{"rendered":"http:\/\/lemotdujour.fr\/?p=1128"},"modified":"2017-05-08T13:25:41","modified_gmt":"2017-05-08T11:25:41","slug":"mercredi-27-mai-2015","status":"publish","type":"post","link":"https:\/\/lemotdujour.fr\/?p=1128","title":{"rendered":"Mercredi 27 mai 2015"},"content":{"rendered":"<div class=\"mdjDate\">Mercredi 27 mai 2015<\/div>\n<div class=\"mdjTexte\">\u00abCelui qui atteint tous ses objectifs<br \/>\u00a0a sans doute fix\u00e9 la barre trop bas.\u00bb<\/div>\n<div class=\"mdjAuteur\">Herbert von Karajan<\/div>\n<div class=\"mdjComplements\">Herbert von Karajan fut un personnage controvers\u00e9, notamment parce qu&rsquo;il n&rsquo;a pas h\u00e9sit\u00e9 \u00e0 adh\u00e9rer au parti Nazi parce que cela pouvait aider sa carri\u00e8re.<\/div>\n<div class=\"mdjComplements\">Il avait d\u00e9crit cet \u00e9pisode en se comparant \u00e0 un skieur en haut des pistes qui a furieusement envie de s&rsquo;engager dans la descente et \u00e0 qui on demande pour avoir le droit de le faire, d&rsquo;adh\u00e9rer \u00e0 l&rsquo;association locale.<\/div>\n<div class=\"mdjComplements\">C&rsquo;\u00e9tait aussi un chef d&rsquo;orchestre de l&rsquo;ancien temps, autoritaire, quasi dictatorial.<\/div>\n<div class=\"mdjComplements\">Mais c&rsquo;\u00e9tait \u00e9galement un immense artiste et un remarquable musicien, un des plus grands chefs d&rsquo;orchestre du XX\u00e8me si\u00e8cle et un perfectionniste qui approfondissait chaque \u0153uvre qu&rsquo;il abordait, il pr\u00e9f\u00e9rait limiter son r\u00e9pertoire pour mieux approfondir..<\/div>\n<div class=\"mdjComplements\">J&rsquo;aime beaucoup cette phrase qui se trouve en exergue sur le site qui lui est consacr\u00e9 :<a href=\"http:\/\/www.karajan.org\/jart\/prj3\/karajan\/main.jart?reserve-mode=active&amp;rel=fr\"> http:\/\/www.karajan.org\/jart\/prj3\/karajan\/main.jart?reserve-mode=active&amp;rel=fr<\/a><\/div>\n<div class=\"mdjComplements\">\u00ab\u00a0Celui qui atteint tous ses buts a sans doute fix\u00e9 la barre trop bas.\u00a0\u00bb<\/div>\n<div class=\"mdjComplements\">Je pense que c&rsquo;est une bonne philosophie de vie.<\/div>\n<div class=\"mdjComplements\">Vous trouverez ici le d\u00e9but d&rsquo;une radioscopie avec Jacques Chancel : <a href=\"http:\/\/www.ina.fr\/audio\/PHD86011050\">&lt;http:\/\/www.ina.fr\/audio\/PHD86011050&gt;<\/a><\/div>\n<div class=\"mdjComplements\"><a href=\"https:\/\/www.youtube.com\/watch?v=K4_NJPNo5co\">&lt;Et ici un beau documentaire d&rsquo;Arte sur cet homme d&rsquo;exception&gt;<\/a><\/div>\n<div class=\"mdjComplements\">Il a fallu 960 jours pour arriver \u00e0 500 mots du jour, \u00e0 ce rythme il semble possible d&rsquo;arriver \u00e0 1000 en janvier 2018.<\/div>\n<div class=\"mdjComplements\">Mais en serais-je capable ?\u00a0\u00a0 Nous verrons bien&#8230;<\/div>\n","protected":false},"excerpt":{"rendered":"<p>Mercredi 27 mai 2015 \u00abCelui qui atteint tous ses objectifs\u00a0a sans doute fix\u00e9 la barre trop bas.\u00bb Herbert von Karajan Herbert von Karajan fut un personnage controvers\u00e9, notamment parce qu&rsquo;il n&rsquo;a pas h\u00e9sit\u00e9 \u00e0 adh\u00e9rer au parti Nazi parce que<\/p>\n","protected":false},"author":1,"featured_media":0,"comment_status":"closed","ping_status":"closed","sticky":false,"template":"","format":"standard","meta":{"footnotes":""},"categories":[1],"tags":[],"class_list":["post-1128","post","type-post","status-publish","format-standard","hentry","category-motdujour"],"_links":{"self":[{"href":"https:\/\/lemotdujour.fr\/index.php?rest_route=\/wp\/v2\/posts\/1128","targetHints":{"allow":["GET"]}}],"collection":[{"href":"https:\/\/lemotdujour.fr\/index.php?rest_route=\/wp\/v2\/posts"}],"about":[{"href":"https:\/\/lemotdujour.fr\/index.php?rest_route=\/wp\/v2\/types\/post"}],"author":[{"embeddable":true,"href":"https:\/\/lemotdujour.fr\/index.php?rest_route=\/wp\/v2\/users\/1"}],"replies":[{"embeddable":true,"href":"https:\/\/lemotdujour.fr\/index.php?rest_route=%2Fwp%2Fv2%2Fcomments&post=1128"}],"version-history":[{"count":1,"href":"https:\/\/lemotdujour.fr\/index.php?rest_route=\/wp\/v2\/posts\/1128\/revisions"}],"predecessor-version":[{"id":1129,"href":"https:\/\/lemotdujour.fr\/index.php?rest_route=\/wp\/v2\/posts\/1128\/revisions\/1129"}],"wp:attachment":[{"href":"https:\/\/lemotdujour.fr\/index.php?rest_route=%2Fwp%2Fv2%2Fmedia&parent=1128"}],"wp:term":[{"taxonomy":"category","embeddable":true,"href":"https:\/\/lemotdujour.fr\/index.php?rest_route=%2Fwp%2Fv2%2Fcategories&post=1128"},{"taxonomy":"post_tag","embeddable":true,"href":"https:\/\/lemotdujour.fr\/index.php?rest_route=%2Fwp%2Fv2%2Ftags&post=1128"}],"curies":[{"name":"wp","href":"https:\/\/api.w.org\/{rel}","templated":true}]}}