{"id":11250,"date":"2021-05-03T00:57:26","date_gmt":"2021-05-02T22:57:26","guid":{"rendered":"http:\/\/lemotdujour.fr\/?p=11250"},"modified":"2021-05-04T00:56:59","modified_gmt":"2021-05-03T22:56:59","slug":"lundi-3-mai-2021","status":"publish","type":"post","link":"https:\/\/lemotdujour.fr\/?p=11250","title":{"rendered":"Lundi 3 mai 2021"},"content":{"rendered":"<div class=\"mdjTexte\">\u00ab Beethoven \u00bb<\/div>\n<div class=\"mdjAuteur\">Publication de la page consacr\u00e9e \u00e0 la s\u00e9rie<\/div>\n<p><span style=\"color: #777777; font-family: Arial;\">L&rsquo;ann\u00e9e 2020, fut l&rsquo;ann\u00e9e des 250 ans de la naissance de Ludwig van Beethoven.<br \/>\n<\/span><\/p>\n<p><span style=\"color: #777777; font-family: Arial;\">La page consacr\u00e9e \u00e0 la s\u00e9rie sur Beethoven est en ligne sur la page des s\u00e9ries.<br \/>\n<\/span><\/p>\n<p><span style=\"color: #777777; font-family: Arial;\">Mais vous pouvez aller directement sur la page en suivant ce lien : &lt;<a href=\"https:\/\/lemotdujour.fr\/?page_id=11241\"><span style=\"color: #0000ff;\">Beethoven est n\u00e9 il y a 250 ans <\/span><\/a>&gt;<\/span><\/p>\n<p><span style=\"color: #800000;\">&lt;Mot sans num\u00e9ro&gt;<\/span><\/p>\n","protected":false},"excerpt":{"rendered":"<p>\u00ab Beethoven \u00bb Publication de la page consacr\u00e9e \u00e0 la s\u00e9rie L&rsquo;ann\u00e9e 2020, fut l&rsquo;ann\u00e9e des 250 ans de la naissance de Ludwig van Beethoven. La page consacr\u00e9e \u00e0 la s\u00e9rie sur Beethoven est en ligne sur la page des<\/p>\n","protected":false},"author":1,"featured_media":0,"comment_status":"open","ping_status":"closed","sticky":false,"template":"","format":"standard","meta":{"footnotes":""},"categories":[1],"tags":[26],"class_list":["post-11250","post","type-post","status-publish","format-standard","hentry","category-motdujour","tag-retrospective"],"_links":{"self":[{"href":"https:\/\/lemotdujour.fr\/index.php?rest_route=\/wp\/v2\/posts\/11250","targetHints":{"allow":["GET"]}}],"collection":[{"href":"https:\/\/lemotdujour.fr\/index.php?rest_route=\/wp\/v2\/posts"}],"about":[{"href":"https:\/\/lemotdujour.fr\/index.php?rest_route=\/wp\/v2\/types\/post"}],"author":[{"embeddable":true,"href":"https:\/\/lemotdujour.fr\/index.php?rest_route=\/wp\/v2\/users\/1"}],"replies":[{"embeddable":true,"href":"https:\/\/lemotdujour.fr\/index.php?rest_route=%2Fwp%2Fv2%2Fcomments&post=11250"}],"version-history":[{"count":1,"href":"https:\/\/lemotdujour.fr\/index.php?rest_route=\/wp\/v2\/posts\/11250\/revisions"}],"predecessor-version":[{"id":11251,"href":"https:\/\/lemotdujour.fr\/index.php?rest_route=\/wp\/v2\/posts\/11250\/revisions\/11251"}],"wp:attachment":[{"href":"https:\/\/lemotdujour.fr\/index.php?rest_route=%2Fwp%2Fv2%2Fmedia&parent=11250"}],"wp:term":[{"taxonomy":"category","embeddable":true,"href":"https:\/\/lemotdujour.fr\/index.php?rest_route=%2Fwp%2Fv2%2Fcategories&post=11250"},{"taxonomy":"post_tag","embeddable":true,"href":"https:\/\/lemotdujour.fr\/index.php?rest_route=%2Fwp%2Fv2%2Ftags&post=11250"}],"curies":[{"name":"wp","href":"https:\/\/api.w.org\/{rel}","templated":true}]}}