{"id":11230,"date":"2021-04-30T00:06:00","date_gmt":"2021-04-29T22:06:00","guid":{"rendered":"http:\/\/lemotdujour.fr\/?p=11230"},"modified":"2021-05-04T00:56:19","modified_gmt":"2021-05-03T22:56:19","slug":"vendredi-30-avril-2021","status":"publish","type":"post","link":"https:\/\/lemotdujour.fr\/?p=11230","title":{"rendered":"Vendredi 30 avril 2021"},"content":{"rendered":"<div class=\"mdjTexte\">\u00ab Albert Camus et&nbsp; \u00ab le premier homme \u00bb<\/div>\n<div class=\"mdjAuteur\">Publication de la page consacr\u00e9e \u00e0 la s\u00e9rie<\/div>\n<p><span style=\"color: #777777; font-family: Arial;\">L&rsquo;ann\u00e9e 2020, fut l&rsquo;ann\u00e9e des 60 ans de la mort d&rsquo;Albert Camus.<br \/>\n<\/span><\/p>\n<p><span style=\"color: #777777; font-family: Arial;\">L&rsquo;accident de voiture qui lui couta la vie eut lieu en janvier, mais ce n&rsquo;est qu&rsquo;en novembre que je suis parvenu \u00e0 \u00e9crire la s\u00e9rie de mots que je lui ai consacr\u00e9e ainsi qu&rsquo;\u00e0 son dernier livre inachev\u00e9 : \u00ab <strong>Le premier homme<\/strong> \u00bb.<br \/>\n<\/span><\/p>\n<p><span style=\"color: #777777; font-family: Arial;\">La page consacr\u00e9e \u00e0 la s\u00e9rie sur Albert Camus est en ligne sur la page des s\u00e9ries.<br \/>\n<\/span><\/p>\n<p><span style=\"color: #777777; font-family: Arial;\">Mais vous pouvez aller directement sur la page en suivant ce lien&nbsp;: &lt;<a href=\"https:\/\/lemotdujour.fr\/?page_id=11220\"><span style=\"color: #0000ff;\">Albert Camus <\/span><\/a>&gt;<\/span><\/p>\n<p><span style=\"color: #800000;\">&lt;Mot sans num\u00e9ro&gt;<\/span><\/p>\n","protected":false},"excerpt":{"rendered":"<p>\u00ab Albert Camus et&nbsp; \u00ab le premier homme \u00bb Publication de la page consacr\u00e9e \u00e0 la s\u00e9rie L&rsquo;ann\u00e9e 2020, fut l&rsquo;ann\u00e9e des 60 ans de la mort d&rsquo;Albert Camus. L&rsquo;accident de voiture qui lui couta la vie eut lieu en<\/p>\n","protected":false},"author":1,"featured_media":0,"comment_status":"open","ping_status":"closed","sticky":false,"template":"","format":"standard","meta":{"footnotes":""},"categories":[1],"tags":[26],"class_list":["post-11230","post","type-post","status-publish","format-standard","hentry","category-motdujour","tag-retrospective"],"_links":{"self":[{"href":"https:\/\/lemotdujour.fr\/index.php?rest_route=\/wp\/v2\/posts\/11230","targetHints":{"allow":["GET"]}}],"collection":[{"href":"https:\/\/lemotdujour.fr\/index.php?rest_route=\/wp\/v2\/posts"}],"about":[{"href":"https:\/\/lemotdujour.fr\/index.php?rest_route=\/wp\/v2\/types\/post"}],"author":[{"embeddable":true,"href":"https:\/\/lemotdujour.fr\/index.php?rest_route=\/wp\/v2\/users\/1"}],"replies":[{"embeddable":true,"href":"https:\/\/lemotdujour.fr\/index.php?rest_route=%2Fwp%2Fv2%2Fcomments&post=11230"}],"version-history":[{"count":4,"href":"https:\/\/lemotdujour.fr\/index.php?rest_route=\/wp\/v2\/posts\/11230\/revisions"}],"predecessor-version":[{"id":11271,"href":"https:\/\/lemotdujour.fr\/index.php?rest_route=\/wp\/v2\/posts\/11230\/revisions\/11271"}],"wp:attachment":[{"href":"https:\/\/lemotdujour.fr\/index.php?rest_route=%2Fwp%2Fv2%2Fmedia&parent=11230"}],"wp:term":[{"taxonomy":"category","embeddable":true,"href":"https:\/\/lemotdujour.fr\/index.php?rest_route=%2Fwp%2Fv2%2Fcategories&post=11230"},{"taxonomy":"post_tag","embeddable":true,"href":"https:\/\/lemotdujour.fr\/index.php?rest_route=%2Fwp%2Fv2%2Ftags&post=11230"}],"curies":[{"name":"wp","href":"https:\/\/api.w.org\/{rel}","templated":true}]}}