{"id":1122,"date":"2015-05-21T02:00:00","date_gmt":"2015-05-20T22:00:00","guid":{"rendered":"http:\/\/lemotdujour.fr\/?p=1122"},"modified":"2017-05-08T13:25:39","modified_gmt":"2017-05-08T11:25:39","slug":"jeudi-21-mai-2015","status":"publish","type":"post","link":"https:\/\/lemotdujour.fr\/?p=1122","title":{"rendered":"Jeudi 21 mai 2015"},"content":{"rendered":"<div class=\"mdjDate\">Jeudi 21 mai 2015<\/div>\n<div class=\"mdjTexte\"> \u00abLe terme inceste est absent du Code p\u00e9nal depuis 1791\u00bb<\/div>\n<div class=\"mdjAuteur\">Isabelle Aubry<br \/>Fondatrice de l&rsquo;<a href=\"http:\/\/aivi.org\/\">Association internationale des victimes de l&rsquo;inceste (AIVI)<\/a><\/div>\n<div class=\"mdjComplements\">J&rsquo;ai fait 4 ans d&rsquo;\u00e9tudes de Droit, dont 2 ans de Droit p\u00e9nal mais je ne savais pas ou j&rsquo;ai oubli\u00e9 qu&rsquo;on ne pouvait pas \u00eatre condamn\u00e9 pour inceste.<\/div>\n<div class=\"mdjComplements\">Car il faut savoir qu&rsquo;en droit p\u00e9nal, on ne peut sanctionner quelqu&rsquo;un que si l&rsquo;acte qu&rsquo;il a commis est nomm\u00e9ment d\u00e9sign\u00e9 dans le code p\u00e9nal.<\/div>\n<div class=\"mdjComplements\">Il y a bien s\u00fbr des hommes (peu de femmes) qui ont \u00e9t\u00e9 condamn\u00e9s parce qu&rsquo;il avait commis l&rsquo;inceste mais ce n&rsquo;est pas pour inceste, c&rsquo;\u00e9tait pour viol ou d&rsquo;autres motifs pr\u00e9sents dans le Code.<\/div>\n<div class=\"mdjComplements\">Vous me direz peu importe, puisqu&rsquo;ils sont condamn\u00e9s ?<\/div>\n<div class=\"mdjComplements\">Pas du tout comme vous l&rsquo;apprendra cet article <a href=\"http:\/\/leplus.nouvelobs.com\/contribution\/1365342-inceste-des-viols-au-proxenetisme-j-ai-ete-victime-de-mon-pere-de-6-a-14-ans.html?utm_source=outbrain&amp;utm_medium=widget&amp;utm_campaign=obclick&amp;obref=obindomain\">&lt;http:\/\/leplus.nouvelobs.com\/contribution&gt;<\/a> dont je vous cite des extraits ci-apr\u00e8s :<\/div>\n<div class=\"mdjCiter\">\u00ab L&rsquo;inceste, puni par la loi ? C&rsquo;est ce que beaucoup croient, mais ce terme est en fait absent du Code p\u00e9nal depuis&#8230; 1791. <\/div>\n<div class=\"mdjCiter\">Un amendement \u00e0 la loi sur la protection de l&rsquo;enfance pr\u00e9voit de le r\u00e9introduire. <\/div>\n<div class=\"mdjCiter\">Les victimes l&rsquo;attendent depuis longtemps. Comme Isabelle Aubry, viol\u00e9e par son p\u00e8re jusqu&rsquo;\u00e0 ses 14 ans. Elle t\u00e9moigne : <\/div>\n<div class=\"mdjCiter\">J\u2019ai \u00e9t\u00e9 victime de mon p\u00e8re de 6 \u00e0 9 ans, puis de 11 \u00e0 14 ans. <\/div>\n<div class=\"mdjCiter\">Comme c\u2019est souvent le cas dans ce type de situation, il a d\u2019abord utilis\u00e9 le jeu, dans le bain.<\/div>\n<div class=\"mdjCiter\">Au d\u00e9but, c\u2019\u00e9tait des agressions sexuelles, sans p\u00e9n\u00e9tration. <\/div>\n<div class=\"mdjCiter\">Mon p\u00e8re a arr\u00eat\u00e9 entre mes 9 et 11 ans, alors qu&rsquo;il \u00e9tait en instance de divorce avec ma m\u00e8re. <\/div>\n<div class=\"mdjCiter\">Puis quand j\u2019ai eu 11 ans, alors que mes parents s\u2019\u00e9taient s\u00e9par\u00e9s entre temps et que mon p\u00e8re a obtenu ma garde, les viols ont commenc\u00e9, plusieurs fois par semaine.<\/div>\n<div class=\"mdjCiter\">Un jour, mon p\u00e8re a commenc\u00e9 \u00e0 m\u2019emmener \u00e0 des soir\u00e9es o\u00f9 j\u2019\u00e9tais agress\u00e9e par plusieurs personnes. C\u2019est souvent comme \u00e7a : on consomme ses propres enfants puis on se rend compte qu\u2019ils ont de la valeur, alors on les vend. L\u2019inceste n\u2019est pas qu\u2019une affaire de famille, c\u2019est une traite d\u2019\u00eatres humains, un march\u00e9.<\/div>\n<div class=\"mdjCiter\">Les gens ignorent que, bien souvent, les images p\u00e9dopornographiques que l\u2019on trouve sur internet proviennent des familles elles-m\u00eames. [&#8230;]<\/div>\n<div class=\"mdjCiter\">J&rsquo;ai port\u00e9 plainte \u00e0 15 ans [&#8230;]<\/div>\n<div class=\"mdjCiter\">Mon p\u00e8re a \u00e9t\u00e9 arr\u00eat\u00e9 le lendemain, la police a fait une perquisition chez lui, o\u00f9 les preuves s\u2019accumulaient. Il a avou\u00e9.<\/div>\n<div class=\"mdjCiter\">C\u2019\u00e9tait en 1980, ann\u00e9e o\u00f9 laquelle le viol est devenu un crime. Mon p\u00e8re a \u00e9t\u00e9 jug\u00e9 en 1981.\u00a0 <\/div>\n<div class=\"mdjCiter\">Mon p\u00e8re n&rsquo;a pas \u00e9t\u00e9 jug\u00e9 pour inceste<\/div>\n<div class=\"mdjCiter\">Mon avocate de l\u2019\u00e9poque, Gis\u00e8le Halimi, m\u2019a dit que mon p\u00e8re pouvait \u00eatre jug\u00e9 aux Assises pour crime par un jury populaire et qu\u2019il encourait 20 ans de r\u00e9clusion.<\/div>\n<div class=\"mdjCiter\">Il ne pouvait pas \u00eatre jug\u00e9 pour inceste, \u00e7a n\u2019existait pas dans la loi. Cela a \u00e9t\u00e9 un premier choc pour moi. Deuxi\u00e8me choc : il fallait que je prouve qu\u2019il m\u2019avait agress\u00e9e contre ma volont\u00e9. Pour que le viol soit qualifi\u00e9, il fallait \u00e0 la fois des p\u00e9n\u00e9trations et une absence de consentement.<\/div>\n<div class=\"mdjCiter\">La juge d\u2019instruction m\u2019a demand\u00e9 si j\u2019\u00e9tais consentante au moment des faits. Je ne savais pas ce que \u00e7a signifiait, je ne comprenais pas. Elle m\u2019a alors demand\u00e9 si j\u2019ai dit \u00ab\u00a0non\u00a0\u00bb, et ne sachant pas quoi dire, j\u2019ai r\u00e9pondu : \u00ab\u00a0Non, je n\u2019ai pas dit non.\u00a0\u00bb<\/div>\n<div class=\"mdjCiter\">Mon avocate m\u2019a alors r\u00e9torqu\u00e9 que les jur\u00e9s pouvaient consid\u00e9rer qu\u2019il ne s\u2019agissait pas d\u2019un viol et que mon p\u00e8re pouvait ressortir libre. J\u2019\u00e9tais terroris\u00e9e \u00e0 l\u2019id\u00e9e qu\u2019il puisse sortir de prison et me tuer. [&#8230;]<\/div>\n<div class=\"mdjCiter\">Le proc\u00e8s n\u2019a donc pas eu lieu aux Assises, mais en correctionnelle, o\u00f9 il encourait non plus 20, mais 10 ans de prison. Il n\u2019a pas \u00e9t\u00e9 jug\u00e9 pour agression sexuelle (o\u00f9 on exige le non-consentement), mais pour atteinte sexuelle (agression avec consentement).<\/div>\n<div class=\"mdjCiter\">Au final, mon p\u00e8re a \u00e9t\u00e9 condamn\u00e9 pour prox\u00e9n\u00e9tisme aggrav\u00e9 \u00e0 seulement six ans de prison. Il n\u2019en a fait que quatre. Avec ce jugement, il pouvait lui aussi se dire que ce qu\u2019il avait fait n\u2019\u00e9tait finalement pas si grave. On n\u2019en a jamais parl\u00e9, il est mort aujourd\u2019hui.<\/div>\n<div class=\"mdjCiter\">Pour me reconstruire, j\u2019ai d\u00fb me d\u00e9brouiller comme je le pouvais. \u00c0 23 ans, alors que j\u2019\u00e9tais anorexique, que j\u2019avais d\u00e9j\u00e0 fait deux tentatives de suicide et que j\u2019\u00e9tais pr\u00eate \u00e0 r\u00e9essayer une troisi\u00e8me fois, mon m\u00e9decin g\u00e9n\u00e9raliste m\u2019a dit : \u00ab\u00a0Il faudrait peut-\u00eatre que tu ailles voir un psy\u2026\u00a0\u00bb [&#8230;]<\/div>\n<div class=\"mdjCiter\">Pour la soci\u00e9t\u00e9, j\u2019\u00e9tais responsable de ce qui m\u2019\u00e9tait arriv\u00e9. J\u2019ai mis longtemps \u00e0 comprendre qu\u2019il y avait un probl\u00e8me dans la loi.<\/div>\n<div class=\"mdjCiter\">L\u2019inceste a \u00e9t\u00e9 enlev\u00e9 du Code p\u00e9nal suite \u00e0 la r\u00e9volution fran\u00e7aise, en 1791, car on estimait alors qu\u2019il relevait de l\u2019interdit moral, du cercle familial, et qu\u2019il ne nuisait pas \u00e0 la soci\u00e9t\u00e9.\u00a0\u00a0 <\/div>\n<div class=\"mdjCiter\">Depuis plus de 200 ans, la soci\u00e9t\u00e9 envoie ce message \u00e0 la population : l\u2019inceste, \u00e7a ne nous regarde pas.<\/div>\n<div class=\"mdjCiter\">Aujourd\u2019hui, la loi punit le viol et l\u2019agression sexuelle, mais il n\u2019est pas qualifi\u00e9 d\u2019inceste. Il l\u2019a \u00e9t\u00e9 en 2010 pendant 18 mois, mais le Conseil constitutionnel a abrog\u00e9 la loi suite \u00e0 une question prioritaire de constitutionnalit\u00e9 (QPC).<\/div>\n<div class=\"mdjCiter\">Dans la loi actuelle, l\u2019inceste est autoris\u00e9 entre adultes consentants. Vous pouvez m\u00eame avoir des enfants, \u00e0 partir du moment o\u00f9 vous ne vous mariez pas ! Mais l\u2019enfant ne peut \u00eatre reconnu que par un des deux parents. C\u2019est d\u2019une hypocrisie totale !<\/div>\n<div class=\"mdjCiter\">L\u2019amendement \u00e0 la loi de la protection de l\u2019enfance qui vient d\u2019\u00eatre adopt\u00e9 par les d\u00e9put\u00e9s pr\u00e9voit de r\u00e9inscrire l\u2019inceste dans le Code p\u00e9nal, mais il demeure tr\u00e8s flou. Il d\u00e9finit une liste d\u2019agresseurs pouvant \u00eatre accus\u00e9s d\u2019inceste : ascendants, tuteurs. Les cousins ne sont pas dans la liste. Les fr\u00e8res, s\u0153urs, oncles, tantes, neveux, ni\u00e8ces seront quant \u00e0 eux concern\u00e9s uniquement s\u2019ils ont sur la victime \u00ab\u00a0une autorit\u00e9 de droit ou de fait\u00a0\u00bb. Pourquoi rajouter cette pr\u00e9cision ?<\/div>\n<div class=\"mdjCiter\">Plus de deux si\u00e8cles apr\u00e8s la r\u00e9volution fran\u00e7aise, il est grand temps de r\u00e9introduire l\u2019inceste dans le Code p\u00e9nal. Cette non reconnaissance juridique entra\u00eene une incompr\u00e9hension des enfants victimes : puisque ce n\u2019est pas qualifi\u00e9, \u00e7a n\u2019existe pas, donc ils ne l\u2019int\u00e8grent pas.<\/div>\n<div class=\"mdjCiter\">Aujourd\u2019hui, il n\u2019y a pas de pr\u00e9vention dans les \u00e9coles. Moi j\u2019ai dit \u00e0 mon fils : \u00ab\u00a0Personne n\u2019a le droit de te toucher, m\u00eame pas moi !\u00a0\u00bb <\/div>\n<div class=\"mdjCiter\">En fait, tous les parents devraient dire \u00e7a \u00e0 leurs enfants.\u00bb<\/div>\n<div class=\"mdjComplements\">Isabelle Aubry a tout racont\u00e9 dans son livre \u201cLa premi\u00e8re fois j\u2019avais six ans\u201d (Oh Editions. 2008). <\/div>\n<div class=\"mdjComplements\">La famille qui est le plus souvent protection, peut se r\u00e9v\u00e9ler le pire des\u00a0 enfers.<\/div>\n<div class=\"mdjComplements\">Il ne saurait exister de consentement lorsque l&rsquo;inceste est \u00e9tabli.<\/div>\n<div class=\"mdjComplements\">C&rsquo;est un crime, un viol aggrav\u00e9.<\/div>\n<div class=\"mdjComplements\">Nous avons ici une faille dans notre code p\u00e9nal<\/div>\n","protected":false},"excerpt":{"rendered":"<p>Jeudi 21 mai 2015 \u00abLe terme inceste est absent du Code p\u00e9nal depuis 1791\u00bb Isabelle AubryFondatrice de l&rsquo;Association internationale des victimes de l&rsquo;inceste (AIVI) J&rsquo;ai fait 4 ans d&rsquo;\u00e9tudes de Droit, dont 2 ans de Droit p\u00e9nal mais je ne<\/p>\n","protected":false},"author":1,"featured_media":0,"comment_status":"closed","ping_status":"closed","sticky":false,"template":"","format":"standard","meta":{"footnotes":""},"categories":[1],"tags":[],"class_list":["post-1122","post","type-post","status-publish","format-standard","hentry","category-motdujour"],"_links":{"self":[{"href":"https:\/\/lemotdujour.fr\/index.php?rest_route=\/wp\/v2\/posts\/1122","targetHints":{"allow":["GET"]}}],"collection":[{"href":"https:\/\/lemotdujour.fr\/index.php?rest_route=\/wp\/v2\/posts"}],"about":[{"href":"https:\/\/lemotdujour.fr\/index.php?rest_route=\/wp\/v2\/types\/post"}],"author":[{"embeddable":true,"href":"https:\/\/lemotdujour.fr\/index.php?rest_route=\/wp\/v2\/users\/1"}],"replies":[{"embeddable":true,"href":"https:\/\/lemotdujour.fr\/index.php?rest_route=%2Fwp%2Fv2%2Fcomments&post=1122"}],"version-history":[{"count":1,"href":"https:\/\/lemotdujour.fr\/index.php?rest_route=\/wp\/v2\/posts\/1122\/revisions"}],"predecessor-version":[{"id":1123,"href":"https:\/\/lemotdujour.fr\/index.php?rest_route=\/wp\/v2\/posts\/1122\/revisions\/1123"}],"wp:attachment":[{"href":"https:\/\/lemotdujour.fr\/index.php?rest_route=%2Fwp%2Fv2%2Fmedia&parent=1122"}],"wp:term":[{"taxonomy":"category","embeddable":true,"href":"https:\/\/lemotdujour.fr\/index.php?rest_route=%2Fwp%2Fv2%2Fcategories&post=1122"},{"taxonomy":"post_tag","embeddable":true,"href":"https:\/\/lemotdujour.fr\/index.php?rest_route=%2Fwp%2Fv2%2Ftags&post=1122"}],"curies":[{"name":"wp","href":"https:\/\/api.w.org\/{rel}","templated":true}]}}