{"id":1120,"date":"2015-05-20T02:00:00","date_gmt":"2015-05-19T22:00:00","guid":{"rendered":"http:\/\/lemotdujour.fr\/?p=1120"},"modified":"2017-05-08T13:25:38","modified_gmt":"2017-05-08T11:25:38","slug":"mercredi-20-mai-2015","status":"publish","type":"post","link":"https:\/\/lemotdujour.fr\/?p=1120","title":{"rendered":"Mercredi 20 mai 2015"},"content":{"rendered":"<div class=\"mdjDate\">Mercredi 20 mai 2015<\/div>\n<div class=\"mdjTexte\">\u00abLes oiseaux ont le droit fondamental de voler dans le ciel\u00bb<\/div>\n<div class=\"mdjAuteur\">Manmohan Singh<br \/>Juge indien de la haute cour de New Delhi <\/div>\n<div class=\"mdjComplements\">Ces derniers jours nous avons connu des d\u00e9cisions de justice controvers\u00e9es comme celle qui a <a href=\"http:\/\/abonnes.lemonde.fr\/societe\/article\/2015\/05\/18\/mort-de-zyed-et-bouna-plusieurs-rassemblements-en-france-apres-la-relaxe-des-policiers_4635751_3224.html\">&lt;relax\u00e9 les deux policiers qui avaient \u00e9t\u00e9 mis en cause lors du drame de Clichy sous-bois en 2005&gt;<\/a> ou d&rsquo;autres encore si nombreuses qui condamnent \u00e0 mort.<\/div>\n<div class=\"mdjComplements\">Mais voici une belle d\u00e9cision de justice qui nous vient d&rsquo;Inde.<\/div>\n<div class=\"mdjComplements\">L&rsquo;homme s&rsquo;est \u00e9rig\u00e9 le droit de<a href=\"http:\/\/www.la-croix.com\/Ethique\/Bioethique\/Valerie-Chansigaud-L-homme-a-toujours-voulu-dominer-la-nature-2013-06-13-974469\"> dominer la nature sous toutes ces formes.<\/a> et ainsi enfermer des oiseaux dans des cages pour le seul plaisir de ses yeux lui semble normal.<\/div>\n<div class=\"mdjComplements\">En Inde, une association de protection des animaux s&rsquo;est attaqu\u00e9e \u00e0 un vendeur qui faisait commerce d&rsquo;oiseaux et qui pour ce faire enfermait les oiseaux dans de tr\u00e8s petites cages.<\/div>\n<div class=\"mdjComplements\">C&rsquo;est un article du Huffington post qui nous apprend que \u00abLa d\u00e9fense des animaux fait un grand pas en avant en Inde. La haute cour de New Delhi vient en effet de prendre des mesures s\u00e9v\u00e8res contre le commerce des oiseaux, souvent maltrait\u00e9s par leurs propri\u00e9taires.<\/div>\n<div class=\"mdjComplements\">\u00ab\u00a0Les oiseaux ont des droits fondamentaux et ne peuvent pas \u00eatre tenus en cage ou \u00eatre sujets \u00e0 la cruaut\u00e9\u00a0\u00bb, a d\u00e9clar\u00e9 le juge Manmohan Singh. Constern\u00e9 que ces derniers ne soient pas autoris\u00e9s \u00e0 voler librement, il condamne le fait qu&rsquo;ils soient \u00ab\u00a0export\u00e9s ill\u00e9galement vers des pays \u00e9trangers sans nourriture, sans eau et sans aide m\u00e9dicale\u00a0\u00bb.<\/div>\n<div class=\"mdjComplements\">La Haute Cour de Delhi estime que \u00ab\u00a0toute gestion de leur commerce\u00a0\u00bb est d\u00e9sormais une \u00ab\u00a0violation de leurs droits\u00a0\u00bb. Le juge a \u00e9galement ajout\u00e9: \u00ab\u00a0Il est clair dans mon esprit que tous les oiseaux ont le droit fondamental de voler dans le ciel, et qu&rsquo;aucun \u00eatre humain n&rsquo;est autoris\u00e9 \u00e0 les garder en cage, que ce soit dans une optique commerciale ou autre\u00a0\u00bb. [&#8230;]\u00a0 Cette d\u00e9cision fait suite \u00e0 une plainte d\u00e9pos\u00e9e par l\u2019ONG People for Animals, contre un d\u00e9tenteur d&rsquo;oiseaux qui les vendait d&rsquo;apr\u00e8s elle de mani\u00e8re ill\u00e9gale. \u00bb<\/div>\n<div class=\"mdjComplements\"><a href=\"http:\/\/www.huffingtonpost.fr\/2015\/05\/18\/inde-droits-oiseaux-haute-cour-new-delhi-animaux_n_7305250.html?utm_hp_ref=france\">http:\/\/www.huffingtonpost.fr\/2015\/05\/18\/inde-droits-oiseaux-haute-cour-new-delhi-animaux_n_7305250.html?utm_hp_ref=france<\/a><\/div>\n<div class=\"mdjComplements\">Cela me rappelle mon fils Alexis qui voulait faire entrer les oiseaux dans le salon de notre appartement de Montreuil. Mais nous lui avons expliqu\u00e9 que ce n&rsquo;\u00e9tait pas possible et que les oiseaux avaient besoin du ciel. Alors il a \u00e9mis ce v\u0153u po\u00e9tique : \u00abalors il faut qu&rsquo;on fasse aussi entrer le ciel dans le salon.\u00bb<\/div>\n<div class=\"mdjComplements\">Cela devrait aussi vous rappeler la chanson de Pierre Perret : <\/div>\n<div class=\"mdjCiter\"> \u00abOuvrez ouvrez la cage aux oiseaux <\/div>\n<div class=\"mdjCiter\">Regardez-les s&rsquo;envoler c&rsquo;est beau <\/div>\n<div class=\"mdjCiter\">Les enfants si vous voyez <\/div>\n<div class=\"mdjCiter\">Des p&rsquo;tits oiseaux prisonniers <\/div>\n<div class=\"mdjCiter\">Ouvrez-leur la porte vers la libert\u00e9\u00bb<\/div>\n<div class=\"mdjComplements\"><a href=\"http:\/\/www.jukebox.fr\/pierre-perret\/clip,ouvrez-la-cage-aux-oiseaux,skk85.html\">http:\/\/www.jukebox.fr\/pierre-perret\/clip,ouvrez-la-cage-aux-oiseaux,skk85.html<\/a><\/div>\n<div class=\"mdjComplements\">Encore quelques prises de conscience comme celle-l\u00e0 et nous deviendrons tous v\u00e9g\u00e9tariens.<\/div>\n","protected":false},"excerpt":{"rendered":"<p>Mercredi 20 mai 2015 \u00abLes oiseaux ont le droit fondamental de voler dans le ciel\u00bb Manmohan SinghJuge indien de la haute cour de New Delhi Ces derniers jours nous avons connu des d\u00e9cisions de justice controvers\u00e9es comme celle qui a<\/p>\n","protected":false},"author":1,"featured_media":0,"comment_status":"closed","ping_status":"closed","sticky":false,"template":"","format":"standard","meta":{"footnotes":""},"categories":[1],"tags":[],"class_list":["post-1120","post","type-post","status-publish","format-standard","hentry","category-motdujour"],"_links":{"self":[{"href":"https:\/\/lemotdujour.fr\/index.php?rest_route=\/wp\/v2\/posts\/1120","targetHints":{"allow":["GET"]}}],"collection":[{"href":"https:\/\/lemotdujour.fr\/index.php?rest_route=\/wp\/v2\/posts"}],"about":[{"href":"https:\/\/lemotdujour.fr\/index.php?rest_route=\/wp\/v2\/types\/post"}],"author":[{"embeddable":true,"href":"https:\/\/lemotdujour.fr\/index.php?rest_route=\/wp\/v2\/users\/1"}],"replies":[{"embeddable":true,"href":"https:\/\/lemotdujour.fr\/index.php?rest_route=%2Fwp%2Fv2%2Fcomments&post=1120"}],"version-history":[{"count":1,"href":"https:\/\/lemotdujour.fr\/index.php?rest_route=\/wp\/v2\/posts\/1120\/revisions"}],"predecessor-version":[{"id":1121,"href":"https:\/\/lemotdujour.fr\/index.php?rest_route=\/wp\/v2\/posts\/1120\/revisions\/1121"}],"wp:attachment":[{"href":"https:\/\/lemotdujour.fr\/index.php?rest_route=%2Fwp%2Fv2%2Fmedia&parent=1120"}],"wp:term":[{"taxonomy":"category","embeddable":true,"href":"https:\/\/lemotdujour.fr\/index.php?rest_route=%2Fwp%2Fv2%2Fcategories&post=1120"},{"taxonomy":"post_tag","embeddable":true,"href":"https:\/\/lemotdujour.fr\/index.php?rest_route=%2Fwp%2Fv2%2Ftags&post=1120"}],"curies":[{"name":"wp","href":"https:\/\/api.w.org\/{rel}","templated":true}]}}