{"id":11188,"date":"2021-04-29T02:57:00","date_gmt":"2021-04-29T00:57:00","guid":{"rendered":"http:\/\/lemotdujour.fr\/?p=11188"},"modified":"2021-04-28T23:05:55","modified_gmt":"2021-04-28T21:05:55","slug":"jeudi-29-avril-2021","status":"publish","type":"post","link":"https:\/\/lemotdujour.fr\/?p=11188","title":{"rendered":"Jeudi 29 avril 2021"},"content":{"rendered":"<div class=\"mdjTexte\">\u00ab Pause (L&rsquo;archipel fran\u00e7ais) \u00bb<\/div>\n<div class=\"mdjAuteur\">Un jour sans mot du jour nouveau<\/div>\n<p><span style=\"color: #777777; font-family: Arial;\">R\u00e9aliser une page de s\u00e9ries de mots du jour d\u00e9j\u00e0 \u00e9crits n\u00e9cessite aussi du travail et du temps.<br \/>\n<\/span><\/p>\n<p><span style=\"color: #777777; font-family: Arial;\"><img loading=\"lazy\" decoding=\"async\" class=\"wp-image-11192 alignleft\" src=\"https:\/\/lemotdujour.fr\/wp-content\/uploads\/2021\/04\/81fu6kD6t5L.jpg\" alt=\"\" width=\"408\" height=\"280\" srcset=\"https:\/\/lemotdujour.fr\/wp-content\/uploads\/2021\/04\/81fu6kD6t5L.jpg 2560w, https:\/\/lemotdujour.fr\/wp-content\/uploads\/2021\/04\/81fu6kD6t5L-300x206.jpg 300w, https:\/\/lemotdujour.fr\/wp-content\/uploads\/2021\/04\/81fu6kD6t5L-1024x703.jpg 1024w, https:\/\/lemotdujour.fr\/wp-content\/uploads\/2021\/04\/81fu6kD6t5L-768x527.jpg 768w, https:\/\/lemotdujour.fr\/wp-content\/uploads\/2021\/04\/81fu6kD6t5L-1536x1055.jpg 1536w, https:\/\/lemotdujour.fr\/wp-content\/uploads\/2021\/04\/81fu6kD6t5L-2048x1406.jpg 2048w\" sizes=\"auto, (max-width: 408px) 100vw, 408px\" \/>Je ne suis pas encore arriv\u00e9 \u00e0 finaliser la page de mots du jour consacr\u00e9s \u00e0 Camus et \u00e9crit en novembre 2020, mais je m&rsquo;y emploie.<br \/>\n<\/span><\/p>\n<p><span style=\"color: #777777; font-family: Arial;\">Il y a deux ans, le 29 avril 2019, le mot du jour \u00e9tait consacr\u00e9 \u00e0 un livre qu&rsquo;on continue \u00e0 citer r\u00e9guli\u00e8rement\u00a0: \u00ab\u00a0<strong>L&rsquo;archipel fran\u00e7ais<\/strong>\u00a0\u00bb de <strong>J\u00e9r\u00f4me Fourquet<\/strong><br \/>\n<\/span><\/p>\n<p><span style=\"color: #777777; font-family: Arial;\">J&rsquo;avais introduit le sujet par l&rsquo;exergue suivant\u00a0: \u00ab<span style=\"color: #0000ff;\"> <a style=\"color: #0000ff;\" href=\"https:\/\/lemotdujour.fr\/?p=6636\">Naissance d&rsquo;une nation multiple et divis\u00e9e<\/a><\/span> \u00bb<\/span><\/p>\n<p><span style=\"color: maroon; font-family: Arial;\">&lt;mot du jour sans num\u00e9ro&gt;<\/span><\/p>\n","protected":false},"excerpt":{"rendered":"<p>\u00ab Pause (L&rsquo;archipel fran\u00e7ais) \u00bb Un jour sans mot du jour nouveau R\u00e9aliser une page de s\u00e9ries de mots du jour d\u00e9j\u00e0 \u00e9crits n\u00e9cessite aussi du travail et du temps. Je ne suis pas encore arriv\u00e9 \u00e0 finaliser la page<\/p>\n","protected":false},"author":1,"featured_media":0,"comment_status":"open","ping_status":"closed","sticky":false,"template":"","format":"standard","meta":{"footnotes":""},"categories":[1],"tags":[96],"class_list":["post-11188","post","type-post","status-publish","format-standard","hentry","category-motdujour","tag-pause"],"_links":{"self":[{"href":"https:\/\/lemotdujour.fr\/index.php?rest_route=\/wp\/v2\/posts\/11188","targetHints":{"allow":["GET"]}}],"collection":[{"href":"https:\/\/lemotdujour.fr\/index.php?rest_route=\/wp\/v2\/posts"}],"about":[{"href":"https:\/\/lemotdujour.fr\/index.php?rest_route=\/wp\/v2\/types\/post"}],"author":[{"embeddable":true,"href":"https:\/\/lemotdujour.fr\/index.php?rest_route=\/wp\/v2\/users\/1"}],"replies":[{"embeddable":true,"href":"https:\/\/lemotdujour.fr\/index.php?rest_route=%2Fwp%2Fv2%2Fcomments&post=11188"}],"version-history":[{"count":4,"href":"https:\/\/lemotdujour.fr\/index.php?rest_route=\/wp\/v2\/posts\/11188\/revisions"}],"predecessor-version":[{"id":11194,"href":"https:\/\/lemotdujour.fr\/index.php?rest_route=\/wp\/v2\/posts\/11188\/revisions\/11194"}],"wp:attachment":[{"href":"https:\/\/lemotdujour.fr\/index.php?rest_route=%2Fwp%2Fv2%2Fmedia&parent=11188"}],"wp:term":[{"taxonomy":"category","embeddable":true,"href":"https:\/\/lemotdujour.fr\/index.php?rest_route=%2Fwp%2Fv2%2Fcategories&post=11188"},{"taxonomy":"post_tag","embeddable":true,"href":"https:\/\/lemotdujour.fr\/index.php?rest_route=%2Fwp%2Fv2%2Ftags&post=11188"}],"curies":[{"name":"wp","href":"https:\/\/api.w.org\/{rel}","templated":true}]}}