{"id":11145,"date":"2021-04-26T07:02:00","date_gmt":"2021-04-26T05:02:00","guid":{"rendered":"http:\/\/lemotdujour.fr\/?p=11145"},"modified":"2021-04-25T20:33:46","modified_gmt":"2021-04-25T18:33:46","slug":"lundi-26-avril-2021","status":"publish","type":"post","link":"https:\/\/lemotdujour.fr\/?p=11145","title":{"rendered":"Lundi 26 avril 2021"},"content":{"rendered":"<div class=\"mdjTexte\">\u00ab\u00a0Pause (Reconnaissance du g\u00e9nocide arm\u00e9nien)\u00a0\u00bb<\/div>\n<div class=\"mdjAuteur\">Un jour sans mot du jour nouveau<\/div>\n<p><span style=\"color: #777777; font-family: Arial;\">Aujourd&rsquo;hui c&rsquo;est cong\u00e9.<br \/>\n<\/span><\/p>\n<p><span style=\"color: #777777; font-family: Arial;\"><img loading=\"lazy\" decoding=\"async\" class=\"size-full wp-image-11150 alignleft\" src=\"https:\/\/lemotdujour.fr\/wp-content\/uploads\/2021\/04\/08.jpg\" alt=\"\" width=\"396\" height=\"400\" srcset=\"https:\/\/lemotdujour.fr\/wp-content\/uploads\/2021\/04\/08.jpg 396w, https:\/\/lemotdujour.fr\/wp-content\/uploads\/2021\/04\/08-297x300.jpg 297w\" sizes=\"auto, (max-width: 396px) 100vw, 396px\" \/>Le 24 avril 2015 je citais Barack Obama\u00a0: \u00ab\u00a0<a href=\"https:\/\/lemotdujour.fr\/?p=1092\"><strong><span style=\"color: #0000ff;\">Pour ceux qui ne sont pas au courant, il y a eu un G\u00e9nocide qui s&rsquo;est d\u00e9roul\u00e9 contre le peuple arm\u00e9nien<\/span>.<\/strong><\/a> \u00bb<br \/>\n<\/span><\/p>\n<p><span style=\"color: #777777; font-family: Arial;\">Mais il l&rsquo;a dit en 2007, alors qu&rsquo;il \u00e9tait s\u00e9nateur.<br \/>\n<\/span><\/p>\n<p><span style=\"color: #777777; font-family: Arial;\">En tant que pr\u00e9sident, il n&rsquo;a jamais prononc\u00e9 le mot de g\u00e9nocide.<br \/>\n<\/span><\/p>\n<p><span style=\"color: #777777; font-family: Arial;\">Dans le mot du jour, j&rsquo;essayais d&rsquo;expliquer les raisons de cette prudence.<br \/>\n<\/span><\/p>\n<p><span style=\"color: #777777; font-family: Arial;\">Il aura donc fallu attendre le vieux Biden, pour qu&rsquo;enfin &lt;<span style=\"color: #0000ff;\"><a style=\"color: #0000ff;\" href=\"https:\/\/www.rts.ch\/info\/monde\/12148308-le-president-americain-joe-biden-reconnait-le-genocide-armenien.html\">Le pr\u00e9sident am\u00e9ricain reconnaisse le g\u00e9nocide arm\u00e9nien<\/a><\/span>&gt;.<br \/>\n<\/span><\/p>\n<p><span style=\"color: #777777; font-family: Arial;\">Bien s\u00fbr &lt;<a href=\"https:\/\/www.lemonde.fr\/international\/article\/2021\/04\/25\/genocide-armenien-apres-la-reconnaissance-de-biden-la-turquie-soudee-dans-le-deni_6077954_3210.html\"><span style=\"color: #0000ff;\">la Turquie reste soud\u00e9e dans le d\u00e9ni<\/span>&gt;<\/a>.<br \/>\n<\/span><\/p>\n<p><span style=\"color: #777777; font-family: Arial;\">Donc rien de nouveau sous le ciel de Turquie.<br \/>\n<\/span><\/p>\n<p><span style=\"color: #777777; font-family: Arial;\">Mais aux \u00c9tats-Unis on progresse.<br \/>\n<\/span><\/p>\n<p><span style=\"color: #c00000; font-family: Arial;\">&lt;mot sans num\u00e9ro&gt;<\/span><\/p>\n","protected":false},"excerpt":{"rendered":"<p>\u00ab\u00a0Pause (Reconnaissance du g\u00e9nocide arm\u00e9nien)\u00a0\u00bb Un jour sans mot du jour nouveau Aujourd&rsquo;hui c&rsquo;est cong\u00e9. Le 24 avril 2015 je citais Barack Obama\u00a0: \u00ab\u00a0Pour ceux qui ne sont pas au courant, il y a eu un G\u00e9nocide qui s&rsquo;est d\u00e9roul\u00e9<\/p>\n","protected":false},"author":1,"featured_media":0,"comment_status":"open","ping_status":"closed","sticky":false,"template":"","format":"standard","meta":{"footnotes":""},"categories":[1],"tags":[96],"class_list":["post-11145","post","type-post","status-publish","format-standard","hentry","category-motdujour","tag-pause"],"_links":{"self":[{"href":"https:\/\/lemotdujour.fr\/index.php?rest_route=\/wp\/v2\/posts\/11145","targetHints":{"allow":["GET"]}}],"collection":[{"href":"https:\/\/lemotdujour.fr\/index.php?rest_route=\/wp\/v2\/posts"}],"about":[{"href":"https:\/\/lemotdujour.fr\/index.php?rest_route=\/wp\/v2\/types\/post"}],"author":[{"embeddable":true,"href":"https:\/\/lemotdujour.fr\/index.php?rest_route=\/wp\/v2\/users\/1"}],"replies":[{"embeddable":true,"href":"https:\/\/lemotdujour.fr\/index.php?rest_route=%2Fwp%2Fv2%2Fcomments&post=11145"}],"version-history":[{"count":5,"href":"https:\/\/lemotdujour.fr\/index.php?rest_route=\/wp\/v2\/posts\/11145\/revisions"}],"predecessor-version":[{"id":11152,"href":"https:\/\/lemotdujour.fr\/index.php?rest_route=\/wp\/v2\/posts\/11145\/revisions\/11152"}],"wp:attachment":[{"href":"https:\/\/lemotdujour.fr\/index.php?rest_route=%2Fwp%2Fv2%2Fmedia&parent=11145"}],"wp:term":[{"taxonomy":"category","embeddable":true,"href":"https:\/\/lemotdujour.fr\/index.php?rest_route=%2Fwp%2Fv2%2Fcategories&post=11145"},{"taxonomy":"post_tag","embeddable":true,"href":"https:\/\/lemotdujour.fr\/index.php?rest_route=%2Fwp%2Fv2%2Ftags&post=11145"}],"curies":[{"name":"wp","href":"https:\/\/api.w.org\/{rel}","templated":true}]}}