{"id":11132,"date":"2021-04-23T00:56:00","date_gmt":"2021-04-22T22:56:00","guid":{"rendered":"http:\/\/lemotdujour.fr\/?p=11132"},"modified":"2021-04-23T00:20:19","modified_gmt":"2021-04-22T22:20:19","slug":"vendredi-23-avril-2021","status":"publish","type":"post","link":"https:\/\/lemotdujour.fr\/?p=11132","title":{"rendered":"Vendredi 23 avril 2021"},"content":{"rendered":"<div class=\"mdjTexte\">\u00ab\u00a0Schubert, il est mort. [\u2026] Et pourtant il n&rsquo;est pas mort. Il est avec moi, il vient me parler, il me parle\u00a0\u00bb<\/div>\n<div class=\"mdjAuteur\">Hubert Reeves<\/div>\n<p><span style=\"color: #777777; font-family: Arial;\">&lt;<span style=\"color: #0000ff;\"><a style=\"color: #0000ff;\" href=\"https:\/\/www.franceinter.fr\/emissions\/c-est-une-chanson\/c-est-une-chanson-22-avril-2021\">C&rsquo;est une chanson<\/a><\/span>&gt; est une \u00e9mission de France Inter qui dure 4 minutes et qui est diffus\u00e9e \u00e0 13:46. Elle consiste \u00e0 demander \u00e0 des C\u00e9l\u00e9brit\u00e9s ou \u00e0 des inconnus de parler d&rsquo;une chanson qui a marqu\u00e9 leurs vies<br \/>\n<\/span><\/p>\n<p><span style=\"color: #777777; font-family: Arial;\">Hier, jeudi 22 avril, Aur\u00e9lie Sfez a fait cette demande, \u00e0 l&rsquo;occasion de la journ\u00e9e de la Terre, \u00e0 l&rsquo;astrophysicien Hubert Reeves.<br \/>\n<\/span><\/p>\n<p><span style=\"color: #777777; font-family: Arial;\">Hubert Reeves a confi\u00e9 son admiration pour Schubert, et plus particuli\u00e8rement pour l&rsquo;Adagio de son Quintette \u00e0 cordes, un morceau qu&rsquo;il r\u00eaverait de pouvoir jouer&#8230;<br \/>\n<\/span><\/p>\n<p><span style=\"color: #777777; font-family: Arial;\">&lt;<a href=\"https:\/\/www.franceinter.fr\/emissions\/c-est-une-chanson\/c-est-une-chanson-22-avril-2021\"><span style=\"color: #0000ff;\">Hubert Reeves raconte l&rsquo;Adagio du Quintette \u00e0 cordes de Schubert<\/span><\/a>&gt;<br \/>\n<\/span><\/p>\n<p><span style=\"color: #777777; font-family: Arial;\">Lors de la s\u00e9rie de mots du jour sur les derni\u00e8res \u0153uvres de Schubert, celui du &lt;<span style=\"color: #0000ff;\"><a style=\"color: #0000ff;\" href=\"https:\/\/lemotdujour.fr\/?p=9555\">1<sup>er<\/sup> septembre 2020<\/a><\/span>&gt; \u00e9tait justement consacr\u00e9 \u00e0 ce quintette \u00e0 cordes.<br \/>\n<\/span><\/p>\n<p><span style=\"color: #777777; font-family: Arial;\">Je r\u00e9v\u00e9lais alors que si je m&rsquo;adonne \u00e0 ce jeu qui consiste \u00e0 d\u00e9signer le disque de musique unique que j&rsquo;aurai le droit d&#8217;emporter sur une \u00eele d\u00e9serte, je n&rsquo;ai pas beaucoup de doute. Depuis mes 20 ans jusqu&rsquo;\u00e0 pr\u00e9sent, ma r\u00e9ponse est toujours la m\u00eame\u00a0: \u00ab\u00a0<strong>Le quintette en ut D 956 de Schubert, \u00e9crit au courant de l&rsquo;\u00e9t\u00e9 1828 et termin\u00e9 en septembre.<\/strong>\u00a0\u00bb<br \/>\n<\/span><\/p>\n<p><span style=\"color: #777777; font-family: Arial;\">Hubert Reeves a dit\u00a0:<br \/>\n<\/span><\/p>\n<p style=\"margin-left: 28pt;\"><span style=\"color: #c00000; font-family: Arial;\">\u00ab\u00a0Schubert a cette qualit\u00e9 que j&rsquo;appelle \u00ab\u00a0de vous parler \u00e0 l&rsquo;oreille\u00a0\u00bb.<br \/>\nC&rsquo;est quelqu&rsquo;un qui entre en possession de votre respiration.<br \/>\nIl fait bouger tout votre corps.<br \/>\nC&rsquo;est le mouvement qui entre dans une esp\u00e8ce de bonheur indicible. [\u2026]<br \/>\nC&rsquo;est la musique de l&rsquo;intime.<br \/>\nMonsieur Schubert, il est mort. Il est enterr\u00e9 dans un cimeti\u00e8re.<br \/>\nEt pourtant il n&rsquo;est pas mort. Il est avec moi, il vient me parler, il me parle. [\u2026]<br \/>\nAujourd&rsquo;hui je r\u00eaverai de jouer, justement ce quintette de Schubert<br \/>\nJ&rsquo;\u00e9claterais de bonheur, si je me sentais avec un violoncelle, en train de jouer ces grandes vagues\u00a0\u00bb<br \/>\n<\/span><\/p>\n<p><span style=\"color: #777777; font-family: Arial;\">Et quand Aur\u00e9lie Sfez pose cette question\u00a0: \u00ab\u00a0<span style=\"color: #c00000;\">Est-ce que la musique est plus difficile de comprendre que les \u00e9toiles\u00a0?<span style=\"color: #777777;\">\u00a0\u00bb, il r\u00e9pond\u00a0:<br \/>\n<\/span><\/span><\/span><\/p>\n<p style=\"margin-left: 28pt;\"><span style=\"color: #c00000; font-family: Arial;\">\u00ab\u00a0C&rsquo;est quelque chose de totalement diff\u00e9rent.<br \/>\nApprendre les \u00e9toiles, en tant que scientifique, c&rsquo;est beaucoup de math\u00e9matiques, c&rsquo;est beaucoup de mental. C&rsquo;est assez sec. C&rsquo;est un sentiment de lutte.<br \/>\n<\/span><span style=\"color: #c00000; font-family: Arial;\">Vous n&rsquo;aurez pas ce bonheur que vous \u00e9prouvez en \u00e9coutant le quintette de Schubert.<br \/>\n<\/span><\/p>\n<p style=\"margin-left: 28pt;\"><span style=\"color: #c00000; font-family: Arial;\">Il faut \u00eatre \u00e0 la fois dans la rationalit\u00e9 et dans l&rsquo;imaginaire.<br \/>\n<\/span><\/p>\n<p style=\"margin-left: 28pt;\"><span style=\"color: #c00000; font-family: Arial;\">Si vous n&rsquo;\u00eates que dans la rationalit\u00e9 vous vous ass\u00e9chez.<br \/>\n<\/span><\/p>\n<p style=\"margin-left: 28pt;\"><span style=\"color: #c00000; font-family: Arial;\">Si vous n&rsquo;\u00eates que dans l&rsquo;imaginaire, vous risquez de devenir fou.\u00a0\u00bb<br \/>\n<\/span><\/p>\n<p><span style=\"color: #777777; font-family: Arial;\">&lt;<a href=\"https:\/\/www.youtube.com\/watch?v=f7TCuxfEitw\"><span style=\"color: #0000ff;\">Adagio du Quintette D956 de Schubert<\/span><\/a>&gt; jou\u00e9 par le Quatuor Parisi et Emmanuelle Bertrand<br \/>\n<\/span><\/p>\n<p><img loading=\"lazy\" decoding=\"async\" class=\"alignnone size-full wp-image-11137\" src=\"https:\/\/lemotdujour.fr\/wp-content\/uploads\/2021\/04\/Schubert-Reeves.jpg\" alt=\"\" width=\"1228\" height=\"657\" srcset=\"https:\/\/lemotdujour.fr\/wp-content\/uploads\/2021\/04\/Schubert-Reeves.jpg 1228w, https:\/\/lemotdujour.fr\/wp-content\/uploads\/2021\/04\/Schubert-Reeves-300x161.jpg 300w, https:\/\/lemotdujour.fr\/wp-content\/uploads\/2021\/04\/Schubert-Reeves-1024x548.jpg 1024w, https:\/\/lemotdujour.fr\/wp-content\/uploads\/2021\/04\/Schubert-Reeves-768x411.jpg 768w\" sizes=\"auto, (max-width: 1228px) 100vw, 1228px\" \/><\/p>\n<p><span style=\"color: #c00000; font-family: Arial;\">&lt;1559&gt;<\/span><\/p>\n","protected":false},"excerpt":{"rendered":"<p>\u00ab\u00a0Schubert, il est mort. [\u2026] Et pourtant il n&rsquo;est pas mort. Il est avec moi, il vient me parler, il me parle\u00a0\u00bb Hubert Reeves &lt;C&rsquo;est une chanson&gt; est une \u00e9mission de France Inter qui dure 4 minutes et qui est<\/p>\n","protected":false},"author":1,"featured_media":0,"comment_status":"open","ping_status":"closed","sticky":false,"template":"","format":"standard","meta":{"footnotes":""},"categories":[1],"tags":[20,35],"class_list":["post-11132","post","type-post","status-publish","format-standard","hentry","category-motdujour","tag-musique","tag-sciences"],"_links":{"self":[{"href":"https:\/\/lemotdujour.fr\/index.php?rest_route=\/wp\/v2\/posts\/11132","targetHints":{"allow":["GET"]}}],"collection":[{"href":"https:\/\/lemotdujour.fr\/index.php?rest_route=\/wp\/v2\/posts"}],"about":[{"href":"https:\/\/lemotdujour.fr\/index.php?rest_route=\/wp\/v2\/types\/post"}],"author":[{"embeddable":true,"href":"https:\/\/lemotdujour.fr\/index.php?rest_route=\/wp\/v2\/users\/1"}],"replies":[{"embeddable":true,"href":"https:\/\/lemotdujour.fr\/index.php?rest_route=%2Fwp%2Fv2%2Fcomments&post=11132"}],"version-history":[{"count":4,"href":"https:\/\/lemotdujour.fr\/index.php?rest_route=\/wp\/v2\/posts\/11132\/revisions"}],"predecessor-version":[{"id":11138,"href":"https:\/\/lemotdujour.fr\/index.php?rest_route=\/wp\/v2\/posts\/11132\/revisions\/11138"}],"wp:attachment":[{"href":"https:\/\/lemotdujour.fr\/index.php?rest_route=%2Fwp%2Fv2%2Fmedia&parent=11132"}],"wp:term":[{"taxonomy":"category","embeddable":true,"href":"https:\/\/lemotdujour.fr\/index.php?rest_route=%2Fwp%2Fv2%2Fcategories&post=11132"},{"taxonomy":"post_tag","embeddable":true,"href":"https:\/\/lemotdujour.fr\/index.php?rest_route=%2Fwp%2Fv2%2Ftags&post=11132"}],"curies":[{"name":"wp","href":"https:\/\/api.w.org\/{rel}","templated":true}]}}