{"id":11107,"date":"2021-04-20T00:19:59","date_gmt":"2021-04-19T22:19:59","guid":{"rendered":"http:\/\/lemotdujour.fr\/?p=11107"},"modified":"2021-04-20T07:21:20","modified_gmt":"2021-04-20T05:21:20","slug":"mardi-20-avril-2021","status":"publish","type":"post","link":"https:\/\/lemotdujour.fr\/?p=11107","title":{"rendered":"Mardi 20 avril 2021"},"content":{"rendered":"<div class=\"mdjTexte\">\u00ab\u00a0Un r\u00e9seau militant pour coconstruire un projet socialiste ambitieux, r\u00e9aliste et partag\u00e9\u00a0\u00bb<\/div>\n<div class=\"mdjAuteur\">Jean-Philippe Babau<\/div>\n<p><span style=\"color: #777777; font-family: Arial;\">Apr\u00e8s le s\u00e9isme politique de 2002\u00a0: Le Pen au second tour, j&rsquo;avais d\u00e9cid\u00e9 comme d&rsquo;autres \u00e0 m&rsquo;engager politiquement. C&rsquo;est pourquoi, j&rsquo;ai adh\u00e9r\u00e9 au PS. Nous habitions alors \u00e0 la Croix Rousse, dans le quatri\u00e8me arrondissement de Lyon. C&rsquo;est pourquoi j&rsquo;ai rejoint la section de la Croix Rousse dont le local se trouvait 12 rue Perrod. Le parti socialiste qui a subi quelques d\u00e9convenues ces derni\u00e8res ann\u00e9es a du s&rsquo;en s\u00e9parer r\u00e9cemment.<br \/>\n<\/span><\/p>\n<p><img decoding=\"async\" class=\"alignleft\" src=\"https:\/\/lemotdujour.fr\/wp-content\/uploads\/2021\/04\/041921_2215_Mardi20avri1.png\" alt=\"\" align=\"left\" \/><span style=\"color: #777777; font-family: Arial;\">Et c&rsquo;est ainsi que j&rsquo;ai rencontr\u00e9 Jean-Philippe qui animait un groupe de travail sur l&rsquo;exclusion et le logement.<br \/>\n<\/span><\/p>\n<p><span style=\"color: #777777; font-family: Arial;\">J&rsquo;ai voulu partager cette exp\u00e9rience et nous avons ainsi, avec d&rsquo;autres camarades, travaill\u00e9, sur plusieurs ann\u00e9es, en essayant de comprendre techniquement les sujets, en faisant des recherches documentaires entre les r\u00e9unions mensuelles, en rencontrant des acteurs notamment du logement social, en confrontant nos id\u00e9es, en nous \u00e9coutons et en avan\u00e7ant ensemble, pour finir par r\u00e9diger un rapport que nous avons remis aux \u00e9lus de Lyon, puisqu&rsquo;\u00e0 l&rsquo;\u00e9poque le PS dirigeait Lyon et la M\u00e9tropole.<br \/>\n<\/span><\/p>\n<p><span style=\"color: #777777; font-family: Arial;\">Cette exp\u00e9rience montre qu&rsquo;il existait des personnes qui acceptaient, \u00e0 l&rsquo;int\u00e9rieur d&rsquo;un Parti Politique, de donner de leur temps, pour r\u00e9fl\u00e9chir \u00e0 des sujets politiques, sans d\u00e9magogie, concr\u00e8tement et pour le bien commun.<br \/>\n<\/span><\/p>\n<p><span style=\"color: #777777; font-family: Arial;\">Cette mani\u00e8re de faire \u00e9tait assez \u00e9loign\u00e9e de la d\u00e9finition que David Kimelfeld, qui faisait partie de notre section, avait un jour donn\u00e9\u00a0:<br \/>\n<\/span><\/p>\n<p style=\"margin-left: 28pt;\"><span style=\"color: #c00000; font-family: Arial;\">\u00ab\u00a0Le Parti socialiste est une association form\u00e9e d&rsquo;\u00e9lus, d&rsquo;anciens \u00e9lus et d&rsquo;aspirant \u00e0 \u00eatre \u00e9lus\u00a0\u00bb<br \/>\n<\/span><\/p>\n<p><span style=\"color: #777777; font-family: Arial;\">Bref, pour lui on ne pouvait \u00eatre dans un Parti que parce qu&rsquo;on aspirait \u00e0 avoir du pouvoir ou une parcelle de pouvoir.<br \/>\n<\/span><\/p>\n<p><span style=\"color: #777777; font-family: Arial;\">Pour les non lyonnais, il faut pr\u00e9ciser que David Kimelfeld a \u00e9t\u00e9 le Pr\u00e9sident int\u00e9rimaire de la M\u00e9tropole de Lyon pendant que G\u00e9rard Collomb avait tent\u00e9 de jouer au Ministre de l&rsquo;Int\u00e9rieur \u00e0 Paris. Cette lubie lui \u00e9tait venue apr\u00e8s la victoire de celui dont il avait imagin\u00e9 \u00eatre sinon le tuteur, au moins le conseiller sp\u00e9cial le plus \u00e9cout\u00e9. Apr\u00e8s s&rsquo;\u00eatre rendu compte de son erreur, il est revenu \u00e0 Lyon. Il pensait que les int\u00e9rimaires qui lui devaient leur place se soumettraient \u00e0 son pouvoir h\u00e9g\u00e9monique et reprendraient leur r\u00f4le de vassal d\u00e9vou\u00e9 et fid\u00e8le. R\u00f4le de vassal qui avait justifi\u00e9 la possibilit\u00e9 de l&rsquo;int\u00e9rim.<br \/>\n<\/span><\/p>\n<p><span style=\"color: #777777; font-family: Arial;\">Il n&rsquo;en fut rien et il y eut donc affrontement politique \u00e0 la M\u00e9tropole comme \u00e0 la commune de Lyon. La division a entra\u00een\u00e9 la victoire, sur ces deux terrains, des \u00e9cologistes qui n&rsquo;en esp\u00e9raient pas tant quelques mois auparavant.<br \/>\n<\/span><\/p>\n<p><span style=\"color: #777777; font-family: Arial;\">Pour ma part, je me suis r\u00e9joui de la d\u00e9faite du baron lyonnais qui \u00e0 plus de 70 ans ne voulait pas abandonner le pouvoir<br \/>\n<\/span><\/p>\n<p><span style=\"color: #777777; font-family: Arial;\">Cette mani\u00e8re de penser et de pratiquer la politique en a d\u00e9courag\u00e9 beaucoup. Le bien public, la r\u00e9flexion politique a \u00e9t\u00e9 mis de c\u00f4t\u00e9 pour garder des places d&rsquo;\u00e9lus, rester ou acc\u00e9der au pouvoir.<br \/>\n<\/span><\/p>\n<p><span style=\"color: #777777; font-family: Arial;\">Beaucoup aujourd&rsquo;hui ne croit plus en la politique. Ils pensent qu&rsquo;elle n&rsquo;a plus de moyen d&rsquo;action et s&rsquo;en d\u00e9tournent.<br \/>\n<\/span><\/p>\n<p><span style=\"color: #777777; font-family: Arial;\">Jean-Philippe a eu le courage de se lancer dans l&rsquo;\u00e9criture d&rsquo;un livre qui vante l&rsquo;engagement politique, le travail en commun pour b\u00e2tir un socle de solutions permettant au bien commun de progresser.<br \/>\n<\/span><\/p>\n<p><span style=\"color: #777777; font-family: Arial;\">Le titre de ce livre qui a paru \u00e0 la fin de l&rsquo;ann\u00e9e 2020 est \u00ab\u00a0<a href=\"https:\/\/www.chez-mon-libraire.fr\/livre\/9782379792199-socialistes-construisons-ensemble-jean-philippe-babau\/\"><strong><span style=\"color: #0000ff;\">Construisons ensemble<\/span><\/strong><span style=\"color: #0000ff;\">\u00a0<\/span><\/a>\u00bb.<br \/>\n<\/span><\/p>\n<p><img decoding=\"async\" class=\"alignright\" src=\"https:\/\/lemotdujour.fr\/wp-content\/uploads\/2021\/04\/041921_2215_Mardi20avri2.jpg\" alt=\"\" align=\"left\" \/><span style=\"color: #777777; font-family: Arial;\">Ce titre est compl\u00e9t\u00e9 par l&rsquo;invitation suivante\u00a0:<br \/>\n<\/span><\/p>\n<p style=\"margin-left: 28pt;\"><span style=\"color: #c00000; font-family: Arial;\">\u00ab\u00a0Un r\u00e9seau militant pour coconstruire un projet socialiste ambitieux, r\u00e9aliste et partag\u00e9\u00a0\u00bb<br \/>\n<\/span><\/p>\n<p><span style=\"color: #777777; font-family: Arial;\">Exactement le contraire de ce que G\u00e9rard Collomb faisait \u00e0 la fin de son mandat \u00e0 Lyon quand il d\u00e9cidait de tout et de Macron \u00e0 Paris qui \u00e9tonnamment \u00a0a l&rsquo;air de s&rsquo;en d\u00e9soler puisqu&rsquo;il aurait dit\u00a0: \u00ab\u00a0<span style=\"color: #c00000;\">Je suis oblig\u00e9 de m&rsquo;occuper de tout\u00a0!<span style=\"color: #777777;\">\u00bb.<br \/>\n<\/span><\/span><\/span><\/p>\n<p><span style=\"color: #777777; font-family: Arial;\">Evidemment, quand deux comportements aussi \u00e9gocentr\u00e9s que Collomb et Macron se rencontrent, la co-construction a du mal \u00e0 se faire.<br \/>\n<\/span><\/p>\n<p><span style=\"color: #777777; font-family: Arial;\">Mais peut-on s\u00e9rieusement penser que M\u00e9lenchon serait diff\u00e9rent\u00a0?<br \/>\n<\/span><\/p>\n<p><span style=\"color: #777777; font-family: Arial;\">Jean-Philippe \u00e9voque d&rsquo;ailleurs le travail que nous avions fait en commun pour \u00e9voquer une sorte de mod\u00e8le de construction d&rsquo;un projet.<br \/>\n<\/span><\/p>\n<p><span style=\"color: #777777; font-family: Arial;\">Il \u00e9voque les obstacles \u00e0 d\u00e9passer et la n\u00e9cessit\u00e9 de clart\u00e9 sur des objectifs rationnels atteignables :<br \/>\n<\/span><\/p>\n<p style=\"margin-left: 28pt;\"><span style=\"color: #c00000; font-family: Arial;\">\u00ab\u00a0 Le vivre ensemble ne va pas de soi. Et la mise en \u0153uvre du projet socialiste se heurte \u00e0 de nombreux obstacles.<br \/>\nLes \u00eatres humains d\u00e9veloppent des comportements divers, parfois incoh\u00e9rents, parfois violents, guid\u00e9s par des besoins de reconnaissance, par la peur ou la jalousie de l&rsquo;autre. Les nouveaux outils de communication promeuvent les comportements narcissiques et \u00e9go\u00efstes. La soci\u00e9t\u00e9 de consommation attise nos pulsions de possession, d&rsquo;exclusivit\u00e9, de reconnaissance. La fin des valeurs traditionnelles place l&rsquo;individu face \u00e0 ses propres limites. Les citoyens, sans rep\u00e8res, dans une soci\u00e9t\u00e9 atomis\u00e9e, se retrouvent pris dans une soci\u00e9t\u00e9 de production de plus en plus dure, g\u00e9n\u00e9ratrice de stress, et d&rsquo;une soci\u00e9t\u00e9 de consommation, g\u00e9n\u00e9ratrice de frustrations. Dans ce contexte souvent \u00e9motionnel, le raisonnement humain, aussi pertinent soit-il, emp\u00eache de cerner les situations dans leur globalit\u00e9, clairement trop complexes. Le d\u00e9bat est men\u00e9, sans rationalit\u00e9, expertise et prise de distance. Les nouveaux r\u00e9seaux sociaux font la loi, phagocyt\u00e9s par la facho-sph\u00e8re et les extr\u00e9mistes de tout poil.<br \/>\nCe constat ram\u00e8ne \u00e0 des questions fondamentales sur le sens de l&rsquo;action politique. Dans une soci\u00e9t\u00e9 exacerbant les pulsions des uns et des autres, il faut \u00eatre clair sur les objectifs du projet socialiste. Qu&rsquo;est-ce que la politique peut assurer aux citoyens : de l&rsquo;argent, une place dans la soci\u00e9t\u00e9, une r\u00e9ussite sociale, des r\u00e8gles de vie commune ou des services\u00a0?<br \/>\nCertainement tout cela, mais sous peine de malentendus et de rejet, il faut absolument fixer un p\u00e9rim\u00e8tre clair sur les objectifs du projet.\u00a0\u00bb<br \/>\n<\/span><span style=\"color: #c00000; font-family: Arial;\"><em>Pages 177 &amp; 178<br \/>\n<\/em><\/span><\/p>\n<p><span style=\"color: #777777; font-family: Arial;\">Jean-Philippe insiste sur le travail en commun pour aboutir \u00e0 un projet qui pourra \u00eatre port\u00e9 plus tard par une femme ou un homme.<br \/>\n<\/span><\/p>\n<p><span style=\"color: #777777; font-family: Arial;\">Alors, qu&rsquo;aujourd&rsquo;hui emport\u00e9 par les ambitions personnelles il est tr\u00e8s \u00e9vident qu&rsquo;on fait le contraire.<br \/>\n<\/span><\/p>\n<p><span style=\"color: #777777; font-family: Arial;\">D&rsquo;ailleurs, les partis politiques ont \u00e9t\u00e9 remplac\u00e9s par des mouvements qui se construisent autour de l&rsquo;ambition d&rsquo;un ego. Ces mouvements n&rsquo;ont pas vocation \u00e0 attirer des militants qui r\u00e9fl\u00e9chissent et coconstruisent un projet mais des supporters qui collent des affiches, organisent l&rsquo;accueil des r\u00e9unions politiques, applaudissent en ch\u0153ur quand la voix de son ma\u00eetre s&rsquo;exprime et acceptent de pratiquer le porte \u00e0 porte pour vanter les qualit\u00e9s exceptionnelles de leur champion et l&rsquo;intelligence de son projet auquel ils n&rsquo;ont pas particip\u00e9. Jean-Philippe parle de \u00ab\u00a0<span style=\"color: #c00000;\">fan-club d&rsquo;\u00e9lus<span style=\"color: #777777;\">\u00a0\u00bb<br \/>\n<\/span><\/span><\/span><\/p>\n<p><span style=\"color: #777777; font-family: Arial;\">Il reste optimiste et propose une autre d\u00e9marche\u00a0:<br \/>\n<\/span><\/p>\n<p style=\"margin-left: 28pt;\"><span style=\"color: #c00000; font-family: Arial;\">\u00ab\u00a0Si on veut faire face aux enjeux de la soci\u00e9t\u00e9, il est temps de promouvoir un militantisme actif et responsable en associant les militants tout au long du processus de construction du projet.\u00a0\u00bb<br \/>\n<\/span><span style=\"color: #c00000;\"><span style=\"font-family: Arial;\"><em>Page 249<\/em><\/span><span style=\"font-family: Times New Roman;\"><br \/>\n<\/span><\/span><\/p>\n<p><span style=\"color: #777777; font-family: Arial;\">Pour ce militantisme et la mise en place d&rsquo;un r\u00e9seau de co-constructeurs Jean-Philippe veut s&rsquo;appuyer sur des outils num\u00e9riques et modernes de communication comme support d&rsquo;\u00e9change.<br \/>\n<\/span><\/p>\n<p><span style=\"color: #777777; font-family: Arial;\">Je partage sa conclusion\u00a0:<br \/>\n<\/span><\/p>\n<p>\u00ab\u00a0<span style=\"color: #c00000; font-family: Arial;\">L&rsquo;objet de ce livre \u00e9tait d&rsquo;abord de partager des valeurs, des principes et un regard sur la soci\u00e9t\u00e9 et la politique. A partir du constat sur les difficult\u00e9s \u00e0 mettre en place un projet socialiste, j&rsquo;ai esquiss\u00e9 une m\u00e9thode et une approche repla\u00e7ant l&rsquo;engagement militant au c\u0153ur de la construction d&rsquo;un projet socialiste \u00e0 la fois ambitieux, r\u00e9aliste et partag\u00e9.<br \/>\nL&rsquo;objectif d&rsquo;un projet socialiste doit \u00eatre de permettre \u00e0 tous d&rsquo;acc\u00e9der \u00e0 ses droits fondamentaux de mani\u00e8re d\u00e9cente et digne. Chacun a droit au respect, \u00e0 la libert\u00e9, \u00e0 la justice et \u00e0 sa part de richesse. Chacun a sa place \u00e0 la table de la r\u00e9publique. Dans un projet socialiste, le collectif n&rsquo;\u00e9crase pas l&rsquo;individu et l&rsquo;individu ne peut s&rsquo;imposer au collectif. Tout est question d&rsquo;\u00e9quilibre pour permettre l&rsquo;\u00e9mancipation de chacun dans une soci\u00e9t\u00e9 pacifi\u00e9e.\u00a0\u00bb<br \/>\n<\/span><span style=\"color: #c00000; font-family: Arial;\"><em>Page 279<br \/>\n<\/em><\/span><\/p>\n<p><span style=\"color: #777777; font-family: Arial;\">C&rsquo;est ambitieux mais salutaire.<br \/>\n<\/span><\/p>\n<p><span style=\"color: #777777; font-family: Arial;\">Celles et ceux qui croient qu&rsquo;elles et ils n&rsquo;ont rien \u00e0 faire de la politique doivent se rendre compte que la politique a beaucoup \u00e0 faire avec eux et qu&rsquo;ils en subissent des cons\u00e9quences.<br \/>\n<\/span><\/p>\n<p><span style=\"color: #777777; font-family: Arial;\">La d\u00e9marche de Jean-Philippe dans cette perspective est finalement tr\u00e8s rationnelle.<br \/>\n<\/span><\/p>\n<p><span style=\"color: #c00000; font-family: Arial;\">&lt;1556&gt;<\/span><\/p>\n","protected":false},"excerpt":{"rendered":"<p>\u00ab\u00a0Un r\u00e9seau militant pour coconstruire un projet socialiste ambitieux, r\u00e9aliste et partag\u00e9\u00a0\u00bb Jean-Philippe Babau Apr\u00e8s le s\u00e9isme politique de 2002\u00a0: Le Pen au second tour, j&rsquo;avais d\u00e9cid\u00e9 comme d&rsquo;autres \u00e0 m&rsquo;engager politiquement. C&rsquo;est pourquoi, j&rsquo;ai adh\u00e9r\u00e9 au PS. Nous habitions<\/p>\n","protected":false},"author":1,"featured_media":0,"comment_status":"open","ping_status":"closed","sticky":false,"template":"","format":"standard","meta":{"footnotes":""},"categories":[1],"tags":[15,45,3,112],"class_list":["post-11107","post","type-post","status-publish","format-standard","hentry","category-motdujour","tag-france","tag-lyon","tag-politique","tag-socialisme"],"_links":{"self":[{"href":"https:\/\/lemotdujour.fr\/index.php?rest_route=\/wp\/v2\/posts\/11107","targetHints":{"allow":["GET"]}}],"collection":[{"href":"https:\/\/lemotdujour.fr\/index.php?rest_route=\/wp\/v2\/posts"}],"about":[{"href":"https:\/\/lemotdujour.fr\/index.php?rest_route=\/wp\/v2\/types\/post"}],"author":[{"embeddable":true,"href":"https:\/\/lemotdujour.fr\/index.php?rest_route=\/wp\/v2\/users\/1"}],"replies":[{"embeddable":true,"href":"https:\/\/lemotdujour.fr\/index.php?rest_route=%2Fwp%2Fv2%2Fcomments&post=11107"}],"version-history":[{"count":4,"href":"https:\/\/lemotdujour.fr\/index.php?rest_route=\/wp\/v2\/posts\/11107\/revisions"}],"predecessor-version":[{"id":11113,"href":"https:\/\/lemotdujour.fr\/index.php?rest_route=\/wp\/v2\/posts\/11107\/revisions\/11113"}],"wp:attachment":[{"href":"https:\/\/lemotdujour.fr\/index.php?rest_route=%2Fwp%2Fv2%2Fmedia&parent=11107"}],"wp:term":[{"taxonomy":"category","embeddable":true,"href":"https:\/\/lemotdujour.fr\/index.php?rest_route=%2Fwp%2Fv2%2Fcategories&post=11107"},{"taxonomy":"post_tag","embeddable":true,"href":"https:\/\/lemotdujour.fr\/index.php?rest_route=%2Fwp%2Fv2%2Ftags&post=11107"}],"curies":[{"name":"wp","href":"https:\/\/api.w.org\/{rel}","templated":true}]}}