{"id":1110,"date":"2015-05-11T02:00:00","date_gmt":"2015-05-10T22:00:00","guid":{"rendered":"http:\/\/lemotdujour.fr\/?p=1110"},"modified":"2017-05-08T13:25:34","modified_gmt":"2017-05-08T11:25:34","slug":"lundi-11-mai-2015","status":"publish","type":"post","link":"https:\/\/lemotdujour.fr\/?p=1110","title":{"rendered":"Lundi 11 mai 2015"},"content":{"rendered":"<div class=\"mdjDate\">Lundi 11 mai 2015<\/div>\n<div class=\"mdjTexte\">\u00abE. Todd a r\u00e9v\u00e9l\u00e9 une face cach\u00e9e du 11 janvier, mais il y a les autres faces et il faut maintenant restituer la complexit\u00e9 de leur ensemble.\u00bb<\/div>\n<div class=\"mdjAuteur\">Edgar Morin<\/div>\n<div class=\"mdjComplements\">Il y a des lundis qui sont plus difficiles que d&rsquo;autres&#8230;<\/div>\n<div class=\"mdjComplements\">Jusqu&rsquo;\u00e0 maintenant j&rsquo;ai toujours \u00e9t\u00e9 int\u00e9ress\u00e9 et m\u00eame conquis par les analyses et les prises de position \u00ab\u00a0iconoclastes\u00a0\u00bb d&rsquo;Emmanuel Todd.<\/div>\n<div class=\"mdjComplements\">Mais avec le pamphlet qu&rsquo;il vient de publier <a href=\"http:\/\/www.seuil.com\/livre-9782021279092.htm\">&lt;Qui est Charlie&gt;<\/a> et dans lequel il veut d\u00e9noncer l&rsquo;imposture de l&rsquo;unit\u00e9 nationale du 11 janvier, j&rsquo;ai beaucoup de mal.<\/div>\n<div class=\"mdjComplements\">Il faut toute la sagesse d&rsquo;Edgar Morin pour me pousser \u00e0 essayer de comprendre ce que dit Emmanuel Todd et y trouver des \u00e9l\u00e9ments rendant intelligibles les \u00e9v\u00e8nements.<\/div>\n<div class=\"mdjComplements\">Que dit Todd ?<\/div>\n<div class=\"mdjComplements\">D&rsquo;abord, il lit dans les cartes. Il part de la situation de la France d&rsquo;il y a plusieurs g\u00e9n\u00e9rations et il constate que la France \u00ab\u00a0Centrale\u00a0\u00bb (Bassin parisien, fa\u00e7ade m\u00e9diterran\u00e9enne&#8230;) \u00e9tait alors tr\u00e8s majoritairement la\u00efque, r\u00e9publicaine et anti cl\u00e9ricale, alors que la France p\u00e9riph\u00e9rique (L&rsquo;ouest, le Rh\u00f4ne Alpes, Massif Central, Franche Comt\u00e9 et aussi l&rsquo;Est) \u00e9tait catholique et anti-r\u00e9publicain.<\/div>\n<div class=\"mdjComplements\">Dans le livre qu&rsquo;il a publi\u00e9 avec Herv\u00e9 Le Bras <a href=\"http:\/\/livre.fnac.com\/a4920393\/Emmanuel-Todd-Le-Mystere-francais\">&lt;Le myst\u00e8re fran\u00e7ais&gt;<\/a> (que j&rsquo;ai achet\u00e9 et tent\u00e9 de lire) il avait d\u00e9j\u00e0 fait cette distinction et invent\u00e9 le concept de \u00ab\u00a0Catholicisme zombie\u00a0\u00bb, autrement dit un catholicisme qui n&rsquo;est plus dans la pratique mais qui serait omnipr\u00e9sent dans la culture et dans les esprits.<\/div>\n<div class=\"mdjComplements\">La deuxi\u00e8me couche de ce raisonnement c&rsquo;est qu&rsquo;il d\u00e9cr\u00e8te que les habitants des parties \u00ab\u00a0r\u00e9publicaines\u00a0\u00bb de la France sont pour l&rsquo;\u00e9galit\u00e9 et contre l&rsquo;autorit\u00e9, alors que les parties \u00ab\u00a0catholiques zombies\u00a0\u00bb sont pour un ordre hi\u00e9rarchique, autoritaire et in\u00e9galitaire.<\/div>\n<div class=\"mdjComplements\">Dans ce premier livre, il expliquait que les zones r\u00e9publicaines ne votaient plus pour le PS et la gauche et que ce sont les \u00ab\u00a0catholiques zombies\u00a0\u00bb, in\u00e9galitaires qui votent pour le PS et ont vot\u00e9 Fran\u00e7ois Hollande. Il y voit une des raisons de la d\u00e9rive du Parti Socialiste vers le lib\u00e9ralisme et le renoncement au r\u00eave \u00e9galitaire. Il constate aussi que ce partage de la France explique le vote oui ou non au trait\u00e9 de Maastricht.<\/div>\n<div class=\"mdjComplements\">Pour le 11 janvier, il constate que l&rsquo;importance des d\u00e9fil\u00e9s du 11 janvier en province, car pour Paris qui a toujours \u00e9t\u00e9 r\u00e9publicain c&rsquo;est un peu diff\u00e9rent, \u00e9tait directement corr\u00e9l\u00e9e avec cette r\u00e9partition : manifestation massive dans les zones des \u00ab\u00a0catholiques zombies\u00a0\u00bb et peu de manifestants dans les r\u00e9gions historiquement r\u00e9publicaines et ouvri\u00e8res.<\/div>\n<div class=\"mdjComplements\">Cette corr\u00e9lation qu&rsquo;il \u00e9tablit, il la d\u00e9cr\u00e8te scientifique.<\/div>\n<div class=\"mdjComplements\">Il a plus de mal \u00e0 expliquer quels sont les \u00e9l\u00e9ments qui lui permettent d&rsquo;affirmer que les manifestants du 11 janvier \u00e9taient massivement des cadres moyens et sup\u00e9rieurs, des blancs d&rsquo;origine occidental et chr\u00e9tienne. Selon lui les ouvriers, employ\u00e9s, les personnes d&rsquo;origine musulmane \u00e9taient absentes.<\/div>\n<div class=\"mdjComplements\">Il reconna\u00eet le c\u00f4t\u00e9 sympathique des \u00ab\u00a0bobos\u00a0\u00bb qui ont manifest\u00e9, mais il r\u00e9cuse le terme d&rsquo;unit\u00e9 nationale puisqu&rsquo;il y avait deux Frances et surtout il tente d&rsquo;expliquer que si les manifestants pensaient \u00eatre tol\u00e9rants et ouverts, dans leur subconscient ils repr\u00e9sentaient une pens\u00e9e totalitaire qui rejetait les musulmans comme ne faisant pas partie du corpus national sauf \u00e0 adh\u00e9rer totalement \u00e0 la pens\u00e9e unique de la libert\u00e9 d&rsquo;expression totale et notamment \u00e0 la pens\u00e9e de Charlie Hebdo. Il d\u00e9sapprouve ce rejet de la religion de l&rsquo;Islam qui est plut\u00f4t celle des classes pauvres de notre soci\u00e9t\u00e9.<\/div>\n<div class=\"mdjComplements\">Donc contrairement \u00e0 ce que les manifestants exprimaient ou pensaient croire, ils n&rsquo;\u00e9taient pas les porteurs de la tol\u00e9rance mais ceux de l&rsquo;intol\u00e9rance.<\/div>\n<div class=\"mdjComplements\">Emmanuel Todd explique de mani\u00e8re un peu plus intime son trouble profond. Il se reconnait ath\u00e9e mais pour la premi\u00e8re fois il parle de ses racines juives. Il voit l&rsquo;antis\u00e9mitisme qui s&rsquo;accroit en France, et il cible cet antis\u00e9mitisme dans les banlieues et par des jeunes issues ou converties \u00e0 la religion musulmane. Et il pr\u00e9tend que l&rsquo;intol\u00e9rance \u00e0 l&rsquo;\u00e9gard de l&rsquo;Islam produit des r\u00e9actions en cha\u00eene dans la soci\u00e9t\u00e9 \u00e0 l&rsquo;\u00e9gard de toutes les religions et notamment contre les juifs.<\/div>\n<div class=\"mdjComplements\">Il parle alors d&rsquo;un n\u00e9cessaire accommodement avec l&rsquo;Islam pour pacifier la soci\u00e9t\u00e9 fran\u00e7aise.<\/div>\n<div class=\"mdjComplements\">De mani\u00e8re parall\u00e8le, il d\u00e9nonce et je crois \u00e0 juste titre des manifestations hyst\u00e9riques de l&rsquo;autorit\u00e9 publique lorsque<a href=\"http:\/\/www.leparisien.fr\/societe\/ahmed-8-ans-convoque-au-commissariat-l-affaire-tourne-a-la-polemique-29-01-2015-4488971.php\"> des jeunes enfants sont convoqu\u00e9s au commissariat<\/a> parce qu&rsquo;ils se sont laiss\u00e9s aller \u00e0 dire des propos excessifs ou lorsque on cherche \u00e0 \u00e9valuer la la\u00efcit\u00e9 dans la<a href=\"http:\/\/www.huffingtonpost.fr\/2015\/04\/28\/laicite-ecole-interdiction-cours-jupe-longue-jugee-signe-religieux-ostentatoire_n_7164546.html\"> longueur d&rsquo;une jupe<\/a>.\u00a0 Il \u00e9crit ainsi dans l&rsquo;interview \u00e0 l&rsquo;Obs : \u00abCe qui m\u2019inqui\u00e8te n\u2019est pas tant la poign\u00e9e de d\u00e9s\u00e9quilibr\u00e9s mentaux qui se r\u00e9clament de l\u2019Islam pour commettre des crimes, que les raisons pour lesquelles, en janvier dernier, une soci\u00e9t\u00e9 est devenue totalement hyst\u00e9rique jusqu\u2019\u00e0 aller convoquer des gamins de 8 ans dans des commissariats de police.\u00bb<\/div>\n<div class=\"mdjComplements\">Pour vous faire une id\u00e9e de tout cela, vous pouvez \u00e9couter l&rsquo;excellente interview qu&rsquo;il a r\u00e9alis\u00e9 chez Bourdin\u00a0 : <a href=\"http:\/\/www.bfmtv.com\/mediaplayer\/video\/emmanuel-todd-face-a-jean-jacques-bourdin-en-direct-521094.html\">&lt;http:\/\/www.bfmtv.com\/mediaplayer\/video\/emmanuel-todd-face-a-jean-jacques-bourdin-en-direct-521094.html&gt;<\/a><\/div>\n<div class=\"mdjComplements\">Vous pouvez aussi \u00e9couter lorsqu&rsquo;il a d\u00e9fendu ses th\u00e8ses dans le 7\/9 de Patrick Cohen \u00e0 France Inter mais dans une ambiance assez tendue : <a href=\"http:\/\/www.franceinter.fr\/emission-le-79-emmanuel-todd-ce-qui-minquiete-le-plus-cest-la-montee-de-lantisemitisme\">&lt;http:\/\/www.franceinter.fr\/emission-le-79-emmanuel-todd-ce-qui-minquiete-le-plus-cest-la-montee-de-lantisemitisme&gt;<\/a><\/div>\n<div class=\"mdjComplements\">A la fin de l&rsquo;\u00e9mission<a href=\"http:\/\/www.franceinter.fr\/emission-le-billet-de-sophia-aram-chkoune-charlie\"> Sophia Aram a r\u00e9pondu \u00e0 E. Todd de mani\u00e8re assez leste,<\/a> ce dernier se plaignant du climat d&rsquo;intol\u00e9rance qui r\u00e9gnait dans ce studio.<\/div>\n<div class=\"mdjComplements\">Par ailleurs, la pol\u00e9mique d\u00e9clench\u00e9e par Todd est pr\u00e9sente dans tous les m\u00e9dias. Mais je vous joins un texte qui me parait int\u00e9ressant de Michael Walzer, un am\u00e9ricain professeur \u00e0 l\u2019universit\u00e9 Princeton : \u00ab\u00a0Cette gauche qui n\u2019ose pas critiquer l\u2019islam\u00a0\u00bb<\/div>\n<div class=\"mdjComplements\"><em>Pour finir je vous donne un retour sur les mots du jour du 2 et 3 mars 2015<\/em><\/div>\n<div class=\"mdjComplements\"><em>Je vous avais parl\u00e9, d\u00e9but mars, de ma cure ayurv\u00e9dique. Elle m&rsquo;a aid\u00e9 dans mon quotidien par rapport aux d\u00e9g\u00e2ts caus\u00e9s par les th\u00e9rapies allopathiques.<\/em><\/div>\n<div class=\"mdjComplements\"><em>Force est de constater cependant, qu&rsquo;elle n&rsquo;a eu aucun effet sur la progression de mon cancer qui devait pourtant \u00eatre \u00e9radiqu\u00e9 par l&rsquo;ablation de l&rsquo;organe origine et cr\u00e9ateur des cellules atteintes.<\/em><\/div>\n<div class=\"mdjComplements\"><em>Il y a 6 mois, le marqueur du cancer \u00e9tait \u00e0 nouveau d\u00e9tectable et montrait une seconde r\u00e9cidive apr\u00e8s l&rsquo;op\u00e9ration.<\/em><\/div>\n<div class=\"mdjComplements\"><em>Mon urologue d\u00e9cidait de ne pas utiliser de th\u00e9rapie et d&rsquo;attendre 6 mois pour agir. Il parlait d&rsquo;une perspective o\u00f9 la valeur du marqueur serait multipli\u00e9e par 2.<\/em><\/div>\n<div class=\"mdjComplements\"><em>La derni\u00e8re mesure montre, en 6 mois, une multiplication du marqueur par plus de 9.<\/em><\/div>\n<div class=\"mdjComplements\"><em>Je devine donc que mon combat honorable et intime contre la maladie qui me ronge risque de devenir plus \u00e2pre.<\/em><\/div>\n<div class=\"mdjComplements\">Il y a des lundis qui sont plus difficiles que d&rsquo;autres&#8230;<\/div>\n","protected":false},"excerpt":{"rendered":"<p>Lundi 11 mai 2015 \u00abE. Todd a r\u00e9v\u00e9l\u00e9 une face cach\u00e9e du 11 janvier, mais il y a les autres faces et il faut maintenant restituer la complexit\u00e9 de leur ensemble.\u00bb Edgar Morin Il y a des lundis qui sont<\/p>\n","protected":false},"author":1,"featured_media":0,"comment_status":"closed","ping_status":"closed","sticky":false,"template":"","format":"standard","meta":{"footnotes":""},"categories":[1],"tags":[],"class_list":["post-1110","post","type-post","status-publish","format-standard","hentry","category-motdujour"],"_links":{"self":[{"href":"https:\/\/lemotdujour.fr\/index.php?rest_route=\/wp\/v2\/posts\/1110","targetHints":{"allow":["GET"]}}],"collection":[{"href":"https:\/\/lemotdujour.fr\/index.php?rest_route=\/wp\/v2\/posts"}],"about":[{"href":"https:\/\/lemotdujour.fr\/index.php?rest_route=\/wp\/v2\/types\/post"}],"author":[{"embeddable":true,"href":"https:\/\/lemotdujour.fr\/index.php?rest_route=\/wp\/v2\/users\/1"}],"replies":[{"embeddable":true,"href":"https:\/\/lemotdujour.fr\/index.php?rest_route=%2Fwp%2Fv2%2Fcomments&post=1110"}],"version-history":[{"count":1,"href":"https:\/\/lemotdujour.fr\/index.php?rest_route=\/wp\/v2\/posts\/1110\/revisions"}],"predecessor-version":[{"id":1111,"href":"https:\/\/lemotdujour.fr\/index.php?rest_route=\/wp\/v2\/posts\/1110\/revisions\/1111"}],"wp:attachment":[{"href":"https:\/\/lemotdujour.fr\/index.php?rest_route=%2Fwp%2Fv2%2Fmedia&parent=1110"}],"wp:term":[{"taxonomy":"category","embeddable":true,"href":"https:\/\/lemotdujour.fr\/index.php?rest_route=%2Fwp%2Fv2%2Fcategories&post=1110"},{"taxonomy":"post_tag","embeddable":true,"href":"https:\/\/lemotdujour.fr\/index.php?rest_route=%2Fwp%2Fv2%2Ftags&post=1110"}],"curies":[{"name":"wp","href":"https:\/\/api.w.org\/{rel}","templated":true}]}}