{"id":11099,"date":"2021-04-19T00:43:00","date_gmt":"2021-04-18T22:43:00","guid":{"rendered":"http:\/\/lemotdujour.fr\/?p=11099"},"modified":"2021-04-19T09:15:59","modified_gmt":"2021-04-19T07:15:59","slug":"lundi-avril-2021","status":"publish","type":"post","link":"https:\/\/lemotdujour.fr\/?p=11099","title":{"rendered":"Lundi 19 avril 2021"},"content":{"rendered":"<div class=\"mdjTexte\">\u00ab\u00a0Deux si\u00e8cles apr\u00e8s sa naissance, Baudelaire reste \u00e9norm\u00e9ment subversif\u00a0\u00bb<\/div>\n<div class=\"mdjAuteur\">Antoine Compagnon<\/div>\n<p><span style=\"font-family: Arial;\"><strong>Baudelaire<\/strong><\/span><span style=\"color: #777777; font-family: Arial;\"> dont le pr\u00e9nom est Charles est n\u00e9 \u00e0 Paris le <strong>9 avril 1821<\/strong>. Il est mort dans la m\u00eame ville 46 ans apr\u00e8s.<br \/>\n<\/span><br \/>\n<a href=\"https:\/\/fr.wikipedia.org\/wiki\/Charles_Baudelaire\"><img loading=\"lazy\" decoding=\"async\" class=\"alignleft\" src=\"https:\/\/lemotdujour.fr\/wp-content\/uploads\/2021\/04\/041821_2143_Lundiavril21.jpg\" alt=\"\" width=\"316\" height=\"400\" align=\"left\" border=\"0\" \/><\/a><span style=\"color: #777777; font-family: Arial;\">Il est donc n\u00e9 il y a deux cents ans.<br \/>\n<\/span><\/p>\n<p><span style=\"color: #777777; font-family: Arial;\">L&rsquo;ann\u00e9e derni\u00e8re, lors du premier confinement, je lui avais d\u00e9di\u00e9 le mot du jour du 26 avril 2020\u00a0: \u00ab\u00a0<\/span><a href=\"https:\/\/lemotdujour.fr\/?p=8672\"><span style=\"color: #0000ff;\">Anywhere out of the world (N&rsquo;importe o\u00f9 hors du monde<\/span><\/a>\u00bb.<\/p>\n<p><span style=\"color: #777777; font-family: Arial;\">France Inter avait invit\u00e9 le 9 Avril <strong>Antoine Compagnon<\/strong> pour lui rendre hommage \u00ab\u00a0<a href=\"https:\/\/www.franceinter.fr\/emissions\/l-invite-de-8h20-le-grand-entretien\/l-invite-de-8h20-le-grand-entretien-09-avril-2021\"><span style=\"color: #0000ff;\">Deux si\u00e8cles apr\u00e8s sa naissance, Baudelaire reste \u00e9norm\u00e9ment subversif\u00a0<\/span><\/a>\u00bb<br \/>\n<\/span><\/p>\n<p><span style=\"color: #777777; font-family: Arial;\">Il parle d&rsquo;abord de son admiration pour le po\u00e8te mais explique surtout son c\u00f4t\u00e9\u00a0:<br \/>\n<\/span><\/p>\n<p style=\"margin-left: 28pt;\"><span style=\"color: #c00000; font-family: Arial;\">\u00ab\u00a0Toujours inattendu, toujours provoquant\u00a0\u00bb<br \/>\n<\/span><\/p>\n<p><span style=\"color: #777777; font-family: Arial;\">Et il ajoute\u00a0:<br \/>\n<\/span><\/p>\n<p style=\"margin-left: 28pt;\"><span style=\"color: #c00000; font-family: Arial;\">\u00ab\u00a0Il est l&rsquo;inventeur de la modernit\u00e9 et celui qui insulte cette modernit\u00e9 \u00e0 longueur de pages. C&rsquo;est une d\u00e9marche tr\u00e8s violente.\u00a0\u00bb<br \/>\n<\/span><\/p>\n<p><span style=\"color: #777777; font-family: Arial;\">Parce que l&rsquo;auteur de ces vers inoubliables\u00a0:<br \/>\n<\/span><\/p>\n<p style=\"margin-left: 28pt;\"><span style=\"color: #c00000; font-family: Arial;\">\u00ab\u00a0Mon enfant, ma s\u0153ur,<br \/>\nSonge \u00e0 la douceur<br \/>\nD&rsquo;aller l\u00e0-bas vivre ensemble\u00a0!<br \/>\nAimer \u00e0 loisir,<br \/>\nAimer et mourir<br \/>\nAu pays qui te ressemble\u00a0!\u00a0\u00bb<br \/>\n<\/span><\/p>\n<p><span style=\"color: #777777; font-family: Arial;\">A aussi \u00e9crit des vers d&rsquo;une grande violence, notamment contre les Belges.<br \/>\n<\/span><\/p>\n<p><span style=\"color: #777777; font-family: Arial;\">C&rsquo;est ce que lui reproche <strong>Alex Vizorek<\/strong>, humoriste belge, sur la m\u00eame radio &lt;<span style=\"color: #0000ff;\"><a style=\"color: #0000ff;\" href=\"https:\/\/www.franceinter.fr\/emissions\/le-billet-d-alex-vizorek\/le-billet-d-alex-vizorek-13-avril-2021\">Baudelaire et la Belgique<\/a><\/span>&gt;<br \/>\n<\/span><\/p>\n<p><span style=\"color: #777777; font-family: Arial;\">Dans son billet Vizorek cite des extraits \u00e9vocateurs.<br \/>\n<\/span><\/p>\n<p><span style=\"color: #777777; font-family: Arial;\">Vous trouverez derri\u00e8re <a href=\"https:\/\/fr.wikisource.org\/wiki\/Am%C5%93nitates_belgic%C3%A6\">&lt;<span style=\"color: #0000ff;\">ce lien<\/span>&gt;<\/a> ces textes \u00e9crits par Baudelaire.<br \/>\n<\/span><\/p>\n<p><span style=\"color: #777777; font-family: Arial;\">Par exemple\u00a0:<br \/>\n<\/span><\/p>\n<p style=\"margin-left: 28pt;\"><span style=\"color: #c00000; font-family: Arial;\">\u00ab Qu&rsquo;on ne me touche pas ! Je suis inviolable ! \u00bb<br \/>\n<\/span><span style=\"color: #c00000; font-family: Arial;\">Dit la Belgique. \u2014 C&rsquo;est, h\u00e9las ! incontestable.<br \/>\n<\/span><span style=\"color: #c00000; font-family: Arial;\">Y toucher ? Ce serait, en effet, hazardeux [sic],<br \/>\n<\/span><span style=\"color: #c00000; font-family: Arial;\">Puisqu&rsquo;elle est un b\u00e2ton merdeux\u00a0\u00bb\u00a0\u00bb<br \/>\n<\/span><\/p>\n<p><span style=\"color: #777777; font-family: Arial;\">Ailleurs, il traite la Belgique de \u00ab\u00a0<span style=\"color: #c00000; font-size: 11pt;\">Pays des singes<span style=\"color: #777777;\">\u00a0\u00bb<br \/>\n<\/span><\/span><\/span><\/p>\n<p><span style=\"color: #777777; font-family: Arial;\"><strong>Jean-Baptiste Baronian<\/strong> essaye d&rsquo;expliquer &lt;<a href=\"https:\/\/bibliobs.nouvelobs.com\/essais\/20170829.OBS3967\/pourquoi-baudelaire-detestait-il-a-ce-point-les-belges.html\"><span style=\"color: #0000ff;\">Pourquoi Baudelaire d\u00e9testait \u00e0 ce point les Belges ?<\/span>&gt;<\/a><br \/>\n<\/span><\/p>\n<p><span style=\"color: #777777; font-family: Arial;\">Dans l&rsquo;univers des tenants de la \u00ab\u00a0cancel culture\u00a0\u00bb ou du \u00ab\u00a0woke\u00a0\u00bb, il devrait \u00eatre effac\u00e9\u00a0!<br \/>\n<\/span><\/p>\n<p><span style=\"color: #777777; font-family: Arial;\">Mais dans l&rsquo;univers des gens raisonnables on s&rsquo;arr\u00eatera \u00e0 ses chefs d&rsquo;\u0153uvre<br \/>\n<\/span><\/p>\n<p><span style=\"color: #777777; font-family: Arial;\">Car je crois qu&rsquo;il faut regarder ce qui est grand chez les humains plut\u00f4t que de s&rsquo;attarder sur ce qui les rend petit et futile\u00a0:<br \/>\n<\/span><\/p>\n<p style=\"margin-left: 28pt;\"><span style=\"color: #c00000; font-family: Arial;\">\u00ab\u00a0Le Po\u00e8te est semblable au prince des nu\u00e9es<br \/>\n<\/span><span style=\"color: #c00000; font-family: Arial;\">Qui hante la temp\u00eate et se rit de l&rsquo;archer ;<br \/>\n<\/span><span style=\"color: #c00000; font-family: Arial;\">Exil\u00e9 sur le sol au milieu des hu\u00e9es,<br \/>\n<\/span><span style=\"color: #c00000; font-family: Arial;\">Ses ailes de g\u00e9ant l&#8217;emp\u00eachent de marcher.\u00a0\u00bb<br \/>\n<\/span><span style=\"color: #c00000; font-family: Arial;\"><em>L&rsquo;albatros, \u00ab\u00a0les fleurs du mal\u00a0\u00bb<br \/>\n<\/em><\/span><\/p>\n<p><span style=\"color: #c00000; font-family: Arial;\">&lt;1555&gt;<\/span><\/p>\n","protected":false},"excerpt":{"rendered":"<p>\u00ab\u00a0Deux si\u00e8cles apr\u00e8s sa naissance, Baudelaire reste \u00e9norm\u00e9ment subversif\u00a0\u00bb Antoine Compagnon Baudelaire dont le pr\u00e9nom est Charles est n\u00e9 \u00e0 Paris le 9 avril 1821. Il est mort dans la m\u00eame ville 46 ans apr\u00e8s. Il est donc n\u00e9 il<\/p>\n","protected":false},"author":1,"featured_media":0,"comment_status":"open","ping_status":"closed","sticky":false,"template":"","format":"standard","meta":{"footnotes":""},"categories":[1],"tags":[200,29,8],"class_list":["post-11099","post","type-post","status-publish","format-standard","hentry","category-motdujour","tag-belgique","tag-hommage","tag-poesie"],"_links":{"self":[{"href":"https:\/\/lemotdujour.fr\/index.php?rest_route=\/wp\/v2\/posts\/11099","targetHints":{"allow":["GET"]}}],"collection":[{"href":"https:\/\/lemotdujour.fr\/index.php?rest_route=\/wp\/v2\/posts"}],"about":[{"href":"https:\/\/lemotdujour.fr\/index.php?rest_route=\/wp\/v2\/types\/post"}],"author":[{"embeddable":true,"href":"https:\/\/lemotdujour.fr\/index.php?rest_route=\/wp\/v2\/users\/1"}],"replies":[{"embeddable":true,"href":"https:\/\/lemotdujour.fr\/index.php?rest_route=%2Fwp%2Fv2%2Fcomments&post=11099"}],"version-history":[{"count":5,"href":"https:\/\/lemotdujour.fr\/index.php?rest_route=\/wp\/v2\/posts\/11099\/revisions"}],"predecessor-version":[{"id":11104,"href":"https:\/\/lemotdujour.fr\/index.php?rest_route=\/wp\/v2\/posts\/11099\/revisions\/11104"}],"wp:attachment":[{"href":"https:\/\/lemotdujour.fr\/index.php?rest_route=%2Fwp%2Fv2%2Fmedia&parent=11099"}],"wp:term":[{"taxonomy":"category","embeddable":true,"href":"https:\/\/lemotdujour.fr\/index.php?rest_route=%2Fwp%2Fv2%2Fcategories&post=11099"},{"taxonomy":"post_tag","embeddable":true,"href":"https:\/\/lemotdujour.fr\/index.php?rest_route=%2Fwp%2Fv2%2Ftags&post=11099"}],"curies":[{"name":"wp","href":"https:\/\/api.w.org\/{rel}","templated":true}]}}