{"id":11090,"date":"2021-04-16T06:55:00","date_gmt":"2021-04-16T04:55:00","guid":{"rendered":"http:\/\/lemotdujour.fr\/?p=11090"},"modified":"2021-04-15T17:00:35","modified_gmt":"2021-04-15T15:00:35","slug":"vendredi-16-avril-2021","status":"publish","type":"post","link":"https:\/\/lemotdujour.fr\/?p=11090","title":{"rendered":"Vendredi 16 avril 2021"},"content":{"rendered":"<div class=\"mdjTexte\">\u00ab Pause (Rappel des mots du jour sur la Commune) \u00bb<\/div>\n<div class=\"mdjAuteur\">Un jour sans mot du jour nouveau<\/div>\n<p><img loading=\"lazy\" decoding=\"async\" class=\"alignleft\" src=\"https:\/\/lemotdujour.fr\/wp-content\/uploads\/2021\/04\/041521_1455_Vendredi16a1.jpg\" alt=\"\" width=\"388\" height=\"259\" align=\"left\" \/><span style=\"color: #777777; font-family: Arial;\">Avant de publier une page pr\u00e9sentant la s\u00e9rie sur La Commune, vous trouverez ci-apr\u00e8s la liste des mots du jour concernant ce sujet. <\/span><\/p>\n<p><span style=\"color: #777777; font-family: Arial;\">Elle est class\u00e9e dans l&rsquo;ordre chronologique.<br \/>\n<\/span><\/p>\n<p><a title=\"Lundi 22 mars 2021\" href=\"https:\/\/lemotdujour.fr\/?p=10901\"><span style=\"color: blue; font-family: Arial; text-decoration: underline;\"><strong>Lundi 22 mars 2021<\/strong><\/span><\/a><span style=\"color: #777777; font-family: Arial;\"><strong><br \/>\n<\/strong><\/span><\/p>\n<p style=\"margin-left: 14pt;\"><span style=\"color: navy; font-family: Verdana; font-size: 12pt;\"><strong>\u00ab\u00a0Oui [il faut comm\u00e9morer] Napol\u00e9on, Non la commune\u00a0\u00bb<br \/>\n<\/strong><\/span><\/p>\n<p style=\"margin-left: 14pt;\"><span style=\"color: maroon; font-family: Arial; font-size: 12pt;\">Pierre Nora<br \/>\n<\/span><\/p>\n<p><a title=\"Mardi 23 mars 2021\" href=\"https:\/\/lemotdujour.fr\/?p=10913\"><span style=\"color: blue; font-family: Arial; text-decoration: underline;\"><strong>Mardi 23 mars 2021<\/strong><\/span><\/a><span style=\"color: #777777; font-family: Arial;\"><strong><br \/>\n<\/strong><\/span><\/p>\n<p style=\"margin-left: 14pt;\"><span style=\"color: navy; font-family: Verdana; font-size: 12pt;\"><strong>\u00ab La Commune de 1871 plonge ses racines dans la guerre franco-prussienne.\u00bb<br \/>\n<\/strong><\/span><\/p>\n<p style=\"margin-left: 14pt;\"><span style=\"color: maroon; font-family: Arial; font-size: 12pt;\">Robert Baker<br \/>\n<\/span><\/p>\n<p><a title=\"Mercredi 24 mars 2021\" href=\"https:\/\/lemotdujour.fr\/?p=10927\"><span style=\"color: blue; font-family: Arial; text-decoration: underline;\"><strong>Mercredi 24 mars 2021<\/strong><\/span><\/a><span style=\"color: #777777; font-family: Arial;\"><strong><br \/>\n<\/strong><\/span><\/p>\n<p style=\"margin-left: 14pt;\"><span style=\"color: navy; font-family: Verdana; font-size: 12pt;\"><strong>\u00ab\u00a0Ils se lev\u00e8rent pour la Commune, en \u00e9coutant chanter Pottier. Ils faisaient vivre la Commune en \u00e9coutant chanter Cl\u00e9ment \u00bb<br \/>\n<\/strong><\/span><\/p>\n<p style=\"margin-left: 14pt;\"><span style=\"color: maroon; font-family: Arial; font-size: 12pt;\">Jean Ferrat<br \/>\n<\/span><\/p>\n<p><a title=\"Jeudi 25 mars 2021\" href=\"https:\/\/lemotdujour.fr\/?p=10938\"><span style=\"color: blue; font-family: Arial; text-decoration: underline;\"><strong>Jeudi 25 mars 2021<\/strong><\/span><\/a><span style=\"color: #777777; font-family: Arial;\"><strong><br \/>\n<\/strong><\/span><\/p>\n<p style=\"margin-left: 14pt;\"><span style=\"color: navy; font-family: Verdana; font-size: 12pt;\"><strong>\u00ab La grande mesure de la Commune, ce fut sa propre existence \u00bb<br \/>\n<\/strong><\/span><\/p>\n<p style=\"margin-left: 14pt;\"><span style=\"color: maroon; font-family: Arial; font-size: 12pt;\">Karl Marx<br \/>\n<\/span><\/p>\n<p><a title=\"Vendredi 26 mars 2021\" href=\"https:\/\/lemotdujour.fr\/?p=10944\"><span style=\"color: blue; font-family: Arial; text-decoration: underline;\"><strong>Vendredi 26 mars 2021<\/strong><\/span><\/a><span style=\"color: #777777; font-family: Arial;\"><strong><br \/>\n<\/strong><\/span><\/p>\n<p style=\"margin-left: 14pt;\"><span style=\"color: navy; font-family: Verdana; font-size: 12pt;\"><strong>\u00ab\u00a0On a d&rsquo;un c\u00f4t\u00e9 la l\u00e9gende noire des Versaillais pour qui les communards \u00e9taient des fous furieux et, de l&rsquo;autre, la l\u00e9gende rouge pour la gauche qui en fait une r\u00e9cup\u00e9ration politique\u00a0\u00bb<br \/>\n<\/strong><\/span><\/p>\n<p style=\"margin-left: 14pt;\"><span style=\"color: maroon; font-family: Arial; font-size: 12pt;\">Michel Cordillot<br \/>\n<\/span><\/p>\n<p><a title=\"Lundi 29 mars 2021\" href=\"https:\/\/lemotdujour.fr\/?p=10965\"><span style=\"color: blue; font-family: Arial; text-decoration: underline;\"><strong>Lundi 29 mars 2021<\/strong><\/span><\/a><span style=\"color: #777777; font-family: Arial;\"><strong><br \/>\n<\/strong><\/span><\/p>\n<p style=\"margin-left: 14pt;\"><span style=\"color: navy; font-family: Verdana; font-size: 12pt;\"><strong>\u00ab Malgr\u00e9 toutes les hontes de la Commune, j&rsquo;aime mieux \u00eatre avec ces vaincus qu&rsquo;avec [leurs] vainqueurs. \u00bb<br \/>\n<\/strong><\/span><\/p>\n<p style=\"margin-left: 14pt;\"><span style=\"color: maroon; font-family: Arial; font-size: 12pt;\">Louis Nathaniel Rossel<br \/>\n<\/span><\/p>\n<p><a title=\"Mardi 30 mars 2021\" href=\"https:\/\/lemotdujour.fr\/?p=10977\"><span style=\"color: blue; font-family: Arial; text-decoration: underline;\"><strong>Mardi 30 mars 2021<\/strong><\/span><\/a><span style=\"color: #777777; font-family: Arial;\"><strong><br \/>\n<\/strong><\/span><\/p>\n<p style=\"margin-left: 14pt;\"><span style=\"color: navy; font-family: Verdana; font-size: 12pt;\"><strong>\u00ab\u00a0Gustave Courbet, la Commune et la destruction de la colonne Vend\u00f4me.\u00a0 \u00bb<br \/>\n<\/strong><\/span><\/p>\n<p style=\"margin-left: 14pt;\"><span style=\"color: maroon; font-family: Arial; font-size: 12pt;\">Une histoire du temps de la commune<br \/>\n<\/span><\/p>\n<p><a title=\"Mercredi 31 mars 2021\" href=\"https:\/\/lemotdujour.fr\/?p=10984\"><span style=\"color: blue; font-family: Arial; text-decoration: underline;\"><strong>Mercredi 31 mars 2021<\/strong><\/span><\/a><span style=\"color: #777777; font-family: Arial;\"><strong><br \/>\n<\/strong><\/span><\/p>\n<p style=\"margin-left: 14pt;\"><span style=\"color: navy; font-family: Verdana; font-size: 12pt;\"><strong>\u00ab Pause (Les \u00e9crivains contre la commune)\u00bb<br \/>\n<\/strong><\/span><\/p>\n<p style=\"margin-left: 14pt;\"><span style=\"color: maroon; font-family: Arial; font-size: 12pt;\">Un jour sans mot du jour nouveau<br \/>\n<\/span><\/p>\n<p><a title=\"Jeudi 1 avril 2021\" href=\"https:\/\/lemotdujour.fr\/?p=10993\"><span style=\"color: blue; font-family: Arial; text-decoration: underline;\"><strong>Jeudi 1 avril 2021<\/strong><\/span><\/a><span style=\"color: #777777; font-family: Arial;\"><strong><br \/>\n<\/strong><\/span><\/p>\n<p style=\"margin-left: 14pt;\"><span style=\"color: navy; font-family: Verdana; font-size: 12pt;\"><strong>\u00ab\u00a0S&rsquo;il y a des mis\u00e9reux dans la soci\u00e9t\u00e9, des gens sans asile, sans v\u00eatements et sans pain, c&rsquo;est que la soci\u00e9t\u00e9 dans laquelle nous vivons est mal organis\u00e9e.\u00a0\u00bb<br \/>\n<\/strong><\/span><\/p>\n<p style=\"margin-left: 14pt;\"><span style=\"color: maroon; font-family: Arial; font-size: 12pt;\">Louise Michel<br \/>\n<\/span><\/p>\n<p><a title=\"Vendredi 2 avril 2021\" href=\"https:\/\/lemotdujour.fr\/?p=11001\"><span style=\"color: blue; font-family: Arial; text-decoration: underline;\"><strong>Vendredi 2 avril 2021<\/strong><\/span><\/a><span style=\"color: #777777; font-family: Arial;\"><strong><br \/>\n<\/strong><\/span><\/p>\n<p style=\"margin-left: 14pt;\"><span style=\"color: navy; font-family: Verdana; font-size: 12pt;\"><strong>\u00ab\u00a0Pas de r\u00e9volution sans les femmes\u00a0\u00bb<br \/>\n<\/strong><\/span><\/p>\n<p style=\"margin-left: 14pt;\"><span style=\"color: maroon; font-family: Arial; font-size: 12pt;\">Carolyn J. Eichner<br \/>\n<\/span><\/p>\n<p><a title=\"Mardi 6 avril 2021\" href=\"https:\/\/lemotdujour.fr\/?p=11009\"><span style=\"color: blue; font-family: Arial; text-decoration: underline;\"><strong>Mardi 6 avril 2021<\/strong><\/span><\/a><span style=\"color: #777777; font-family: Arial;\"><strong><br \/>\n<\/strong><\/span><\/p>\n<p style=\"margin-left: 14pt;\"><span style=\"color: navy; font-family: Verdana; font-size: 12pt;\"><strong>\u00ab\u00a0Si nous r\u00e9ussissions \u00e0 transformer radicalement le r\u00e9gime social, la r\u00e9volution du 18 mars serait la plus efficace de celles qui ont eu lieu jusqu&rsquo;\u00e0 pr\u00e9sent.\u00a0\u00bb<br \/>\n<\/strong><\/span><\/p>\n<p style=\"margin-left: 14pt;\"><span style=\"color: maroon; font-family: Arial; font-size: 12pt;\">L\u00e9o Frankel<br \/>\n<\/span><\/p>\n<p><a title=\"Jeudi 8 avril 2021\" href=\"https:\/\/lemotdujour.fr\/?p=11022\"><span style=\"color: blue; font-family: Arial; text-decoration: underline;\"><strong>Jeudi 8 avril 2021<\/strong><\/span><\/a><span style=\"color: #777777; font-family: Arial;\"><strong><br \/>\n<\/strong><\/span><\/p>\n<p style=\"margin-left: 14pt;\"><span style=\"color: navy; font-family: Verdana; font-size: 12pt;\"><strong>\u00ab\u00a0Tant qu&rsquo;un homme pourra mourir de faim \u00e0 la porte d&rsquo;un palais o\u00f9 tout regorge, il n&rsquo;y aura rien de stable dans les institutions humaines.\u00a0\u00bb<br \/>\n<\/strong><\/span><\/p>\n<p style=\"margin-left: 14pt;\"><span style=\"color: maroon; font-family: Arial; font-size: 12pt;\">Eug\u00e8ne Varlin<br \/>\n<\/span><\/p>\n<p><a title=\"Vendredi 9 avril 2021\" href=\"https:\/\/lemotdujour.fr\/?p=11028\"><span style=\"color: blue; font-family: Arial; text-decoration: underline;\"><strong>Vendredi 9 avril 2021<\/strong><\/span><\/a><span style=\"color: #777777; font-family: Arial;\"><strong><br \/>\n<\/strong><\/span><\/p>\n<p style=\"margin-left: 14pt;\"><span style=\"color: navy; font-family: Verdana; font-size: 12pt;\"><strong>\u00ab\u00a0La Commune, c&rsquo;\u00e9tait la joie, la f\u00eate\u00a0: pour la premi\u00e8re fois, ils ne sont plus la vile multitude mais enfin des \u00eatres humains, libres, beaucoup vont vivre cette libert\u00e9 et cette joie jusqu&rsquo;\u00e0 se faire tuer.\u00a0\u00bb<br \/>\n<\/strong><\/span><\/p>\n<p style=\"margin-left: 14pt;\"><span style=\"color: maroon; font-family: Arial; font-size: 12pt;\">Mich\u00e8le Audin<br \/>\n<\/span><\/p>\n<p><a title=\"Lundi 12 avril 2021\" href=\"https:\/\/lemotdujour.fr\/?p=11042\"><span style=\"color: blue; font-family: Arial; text-decoration: underline;\"><strong>Lundi 12 avril 2021<\/strong><\/span><\/a><span style=\"color: #777777; font-family: Arial;\"><strong><br \/>\n<\/strong><\/span><\/p>\n<p style=\"margin-left: 14pt;\"><span style=\"color: navy; font-family: Verdana; font-size: 12pt;\"><strong>\u00ab\u00a0Une fois perdus le bon Dieu et les lendemains qui chantent, que reste-t-il ?\u00a0\u00bb<br \/>\n<\/strong><\/span><\/p>\n<p style=\"margin-left: 14pt;\"><span style=\"color: maroon; font-family: Arial; font-size: 12pt;\">R\u00e9gis Debray<br \/>\n<\/span><\/p>\n<p><a title=\"Mardi 13 avril 2021\" href=\"https:\/\/lemotdujour.fr\/?p=11052\"><span style=\"color: blue; font-family: Arial; text-decoration: underline;\"><strong>Mardi 13 avril 2021<\/strong><\/span><\/a><span style=\"color: #777777; font-family: Arial;\"><strong><br \/>\n<\/strong><\/span><\/p>\n<p style=\"margin-left: 14pt;\"><span style=\"color: navy; font-family: Verdana; font-size: 12pt;\"><strong>\u00ab\u00a0La Commune ne se laisse pas r\u00e9duire \u00e0 un \u00e9v\u00e9nement seulement parisien.\u00a0\u00bb<br \/>\n<\/strong><\/span><\/p>\n<p style=\"margin-left: 14pt;\"><span style=\"color: maroon; font-family: Arial; font-size: 12pt;\">Maurice Moissonnier<br \/>\n<\/span><\/p>\n<p><a title=\"Mercredi 14 avril 2021\" href=\"https:\/\/lemotdujour.fr\/?p=11066\"><span style=\"color: blue; font-family: Arial; text-decoration: underline;\"><strong>Mercredi 14 avril 2021<\/strong><\/span><\/a><span style=\"color: #777777; font-family: Arial;\"><strong><br \/>\n<\/strong><\/span><\/p>\n<p style=\"margin-left: 14pt;\"><span style=\"color: navy; font-family: Verdana; font-size: 12pt;\"><strong>\u00ab Je suis avec vous ! j&rsquo;ai cette sombre joie. Ceux qu&rsquo;on accable, ceux qu&rsquo;on frappe et qu&rsquo;on foudroie m&rsquo;attirent; je me sens leur fr\u00e8re. \u00bb<br \/>\n<\/strong><\/span><\/p>\n<p style=\"margin-left: 14pt;\"><span style=\"color: maroon; font-family: Arial; font-size: 12pt;\">Victor Hugo, \u00ab\u00a0L&rsquo;ann\u00e9e terrible\u00a0\u00bb \u2013 \u00ab\u00a0A ceux qu&rsquo;on foule aux pieds\u00a0\u00bb<br \/>\n<\/span><\/p>\n<p><a title=\"Jeudi 15 avril 2021\" href=\"https:\/\/lemotdujour.fr\/?p=11083\"><span style=\"color: blue; font-family: Arial; text-decoration: underline;\"><strong>Jeudi 15 avril 2021<\/strong><\/span><\/a><span style=\"color: #777777; font-family: Arial;\"><strong><br \/>\n<\/strong><\/span><\/p>\n<p style=\"margin-left: 14pt;\"><span style=\"color: navy; font-family: Verdana; font-size: 12pt;\"><strong>\u00abDeux jours avant l&rsquo;entr\u00e9e des Versaillais dans Paris, la Commune avait consacr\u00e9 deux heures de son temps \u00e0 parler de la culture ! \u00bb<br \/>\n<\/strong><\/span><\/p>\n<p style=\"margin-left: 14pt;\"><span style=\"color: maroon; font-family: Arial; font-size: 12pt;\">Jean-Louis Robert<br \/>\n<\/span><\/p>\n<p><span style=\"color: maroon; font-family: Arial;\">&lt;mot du jour sans num\u00e9ro&gt;<\/span><\/p>\n","protected":false},"excerpt":{"rendered":"<p>\u00ab Pause (Rappel des mots du jour sur la Commune) \u00bb Un jour sans mot du jour nouveau Avant de publier une page pr\u00e9sentant la s\u00e9rie sur La Commune, vous trouverez ci-apr\u00e8s la liste des mots du jour concernant ce<\/p>\n","protected":false},"author":1,"featured_media":0,"comment_status":"open","ping_status":"closed","sticky":false,"template":"","format":"standard","meta":{"footnotes":""},"categories":[1],"tags":[96],"class_list":["post-11090","post","type-post","status-publish","format-standard","hentry","category-motdujour","tag-pause"],"_links":{"self":[{"href":"https:\/\/lemotdujour.fr\/index.php?rest_route=\/wp\/v2\/posts\/11090","targetHints":{"allow":["GET"]}}],"collection":[{"href":"https:\/\/lemotdujour.fr\/index.php?rest_route=\/wp\/v2\/posts"}],"about":[{"href":"https:\/\/lemotdujour.fr\/index.php?rest_route=\/wp\/v2\/types\/post"}],"author":[{"embeddable":true,"href":"https:\/\/lemotdujour.fr\/index.php?rest_route=\/wp\/v2\/users\/1"}],"replies":[{"embeddable":true,"href":"https:\/\/lemotdujour.fr\/index.php?rest_route=%2Fwp%2Fv2%2Fcomments&post=11090"}],"version-history":[{"count":4,"href":"https:\/\/lemotdujour.fr\/index.php?rest_route=\/wp\/v2\/posts\/11090\/revisions"}],"predecessor-version":[{"id":11094,"href":"https:\/\/lemotdujour.fr\/index.php?rest_route=\/wp\/v2\/posts\/11090\/revisions\/11094"}],"wp:attachment":[{"href":"https:\/\/lemotdujour.fr\/index.php?rest_route=%2Fwp%2Fv2%2Fmedia&parent=11090"}],"wp:term":[{"taxonomy":"category","embeddable":true,"href":"https:\/\/lemotdujour.fr\/index.php?rest_route=%2Fwp%2Fv2%2Fcategories&post=11090"},{"taxonomy":"post_tag","embeddable":true,"href":"https:\/\/lemotdujour.fr\/index.php?rest_route=%2Fwp%2Fv2%2Ftags&post=11090"}],"curies":[{"name":"wp","href":"https:\/\/api.w.org\/{rel}","templated":true}]}}