{"id":11083,"date":"2021-04-15T00:44:53","date_gmt":"2021-04-14T22:44:53","guid":{"rendered":"http:\/\/lemotdujour.fr\/?p=11083"},"modified":"2021-04-15T20:13:21","modified_gmt":"2021-04-15T18:13:21","slug":"jeudi-15-avril-2021","status":"publish","type":"post","link":"https:\/\/lemotdujour.fr\/?p=11083","title":{"rendered":"Jeudi 15 avril 2021"},"content":{"rendered":"<div class=\"mdjTexte\">\u00abDeux jours avant l\u2019entr\u00e9e des Versaillais dans Paris, la Commune avait consacr\u00e9 deux heures de son temps \u00e0 parler de la culture ! \u00bb<\/div>\n<div class=\"mdjAuteur\">Jean-Louis Robert<\/div>\n<p><span style=\"color: #777777; font-family: Arial;\">Il faut bien finir une s\u00e9rie de mots du jour. Il y aurait encore tant \u00e0 apprendre, \u00e0 comprendre, \u00e0 dire et \u00e0 \u00e9crire.<br \/>\n<\/span><\/p>\n<p><span style=\"color: #777777; font-family: Arial;\">La commune reste un mythe pour toutes celles et ceux qui se revendiquent de l&rsquo;anarchisme.<br \/>\n<\/span><\/p>\n<p><span style=\"color: #777777; font-family: Arial;\">Mais elle fut surtout vampiris\u00e9e par les marxistes et les bolcheviques, pour son grand malheur. Car on oubliait alors la soif de libert\u00e9 qu&rsquo;elle avait fait naitre et aussi la volont\u00e9 de contr\u00f4ler les gouvernants.<br \/>\n<\/span><\/p>\n<p><span style=\"color: #777777; font-family: Arial;\">Car dans le r\u00e9gime du Parti unique, il ne pouvait \u00eatre question de mettre en cause les dirigeants.<br \/>\n<\/span><\/p>\n<p><span style=\"color: #777777; font-family: Arial;\">Marx et L\u00e9nine ont beaucoup r\u00e9fl\u00e9chi sur le destin de la Commune et ont imagin\u00e9 un parti totalitaire qui dirigeait de mani\u00e8re autoritaire la r\u00e9volution ne reculant devant aucune violence contre ses ennemis ou simplement celles et ceux qu&rsquo;il avait d\u00e9sign\u00e9 sous ce nom.<br \/>\n<\/span><\/p>\n<p><a href=\"https:\/\/www.lavantgarde.fr\/revolution-russe-33-revolution-doctobre\/\"><span style=\"font-family: Arial;\"><span style=\"color: #0000ff;\">On raconte<\/span><\/span><\/a><span style=\"color: #777777; font-family: Arial;\"> qu&rsquo;au 73\u00e8me jour de pouvoir, L\u00e9nine se serait mis \u00e0 danser sur la glace pour c\u00e9l\u00e9brer le fait que le gouvernement des soviets ait d\u00e9pass\u00e9 la long\u00e9vit\u00e9 de la Commune de Paris.<br \/>\n<\/span><\/p>\n<p><span style=\"color: #777777; font-family: Arial;\">Entre 1905 et 1920, L\u00e9nine consacre vingt-cinq textes \u00e0 la Commune de Paris.<br \/>\n<\/span><\/p>\n<p><span style=\"color: #0000ff;\"><a style=\"color: #0000ff;\" href=\"https:\/\/www.commune1871.org\/index.php\/la-commune-de-paris\/histoire-de-la-commune\/a-l-heure-du-bilan\/557-1917-lenine-les-bolcheviks-et-la-commune-de-paris\"><span style=\"font-family: Arial;\">&lt;Cette page&gt;<\/span><\/a><\/span><span style=\"color: #777777; font-family: Arial;\"> essaie de d\u00e9crire succinctement l&rsquo;analyse et les le\u00e7ons que les bolcheviques ont voulu tirer de La Commune.<br \/>\n<\/span><\/p>\n<p><span style=\"color: #777777; font-family: Arial;\">Et <a href=\"https:\/\/www.marxists.org\/francais\/lenin\/works\/1911\/04\/vil19110414.htm\"><span style=\"color: #0000ff;\">&lt;ICI&gt;<\/span><\/a> vous lirez directement le texte que L\u00e9nine a \u00e9crit pour les quarante ans de La Commune.<br \/>\n<\/span><\/p>\n<p><span style=\"color: #777777; font-family: Arial;\">Il a simplement oubli\u00e9 l&rsquo;esprit de libert\u00e9 qui r\u00e9gnait lors de cette insurrection<br \/>\n<\/span><\/p>\n<p><span style=\"color: #777777; font-family: Arial;\">Pour parler encore de <strong>La Commune<\/strong>, je pr\u00e9f\u00e8re revenir sur ce formidable film qu&rsquo;a r\u00e9alis\u00e9 pour ARTE, <strong>Raphael Meyssan <\/strong>apr\u00e8s avoir \u00e9crit 3 volumes de BD<strong> : <\/strong><strong>\u00abLes Damn\u00e9s de la Commune\u00a0\u00bb<\/strong><br \/>\n<\/span><\/p>\n<p><a href=\"https:\/\/www.arte.tv\/fr\/videos\/094482-000-A\/les-damnes-de-la-commune\/\"><img loading=\"lazy\" decoding=\"async\" class=\"alignleft\" src=\"https:\/\/lemotdujour.fr\/wp-content\/uploads\/2021\/04\/041421_2230_Jeudi15avri1.png\" alt=\"\" width=\"548\" height=\"304\" align=\"left\" border=\"0\" \/><\/a><span style=\"color: #777777; font-family: Arial;\">Dans <span style=\"color: #0000ff;\">&lt;<a style=\"color: #0000ff;\" href=\"https:\/\/www.youtube.com\/watch?v=Umw6M4bXEHE\">Cette vid\u00e9o<\/a>&gt;<\/span> il raconte son aventure qui lui a pris 10 ans.<br \/>\n<\/span><\/p>\n<p><span style=\"color: #777777; font-family: Arial;\">Et il raconte comment tout cela a commenc\u00e9.<br \/>\n<\/span><\/p>\n<p><span style=\"color: #777777; font-family: Arial;\">Il ne connaissait pas grand-chose \u00e0 ce moment de l&rsquo;Histoire de France.<br \/>\n<\/span><\/p>\n<p><span style=\"color: #777777; font-family: Arial;\">Mais il a d\u00e9couvert qu&rsquo;un communard, Lavalette, avait v\u00e9cu dans son immeuble de Belleville, au 6 rue Lesage. Ce fut le d\u00e9part d&rsquo;une qu\u00eate pour essayer de comprendre qui \u00e9tait cet homme.<br \/>\n<\/span><\/p>\n<p><span style=\"color: #777777; font-family: Arial;\">Il va se plonger dans les archives municipales, celles de la police, dans le Maitron d\u00e9j\u00e0 cit\u00e9.<br \/>\n<\/span><\/p>\n<p><span style=\"color: #777777; font-family: Arial;\">Et lors de cette recherche, il va croiser une seconde personne qui est <a href=\"https:\/\/fr.wikipedia.org\/wiki\/Victorine_Brocher\"><strong><span style=\"color: #0000ff;\">Victorine Brocher<\/span><\/strong><\/a>, une communarde qui a \u00e9crit un livre qui raconte son aventure pendant la commune.<br \/>\n<\/span><\/p>\n<p><span style=\"color: #777777; font-family: Arial;\">Et c&rsquo;est Victorine dont la voix est jou\u00e9e par Yolande Moreau qui va tracer le fil de l&rsquo;histoire que Meyssan va raconter dans son film.<br \/>\n<\/span><\/p>\n<p><span style=\"color: #777777; font-family: Arial;\">Le livre que Victorine Brocher \u00e9crit s&rsquo;appelle \u00ab\u00a0<a href=\"https:\/\/www.editionslibertalia.com\/catalogue\/poche\/souvenirs-d-une-morte-vivante\"><strong><span style=\"color: #0000ff;\">Souvenirs d&rsquo;une morte vivante<\/span><\/strong>\u00a0<\/a>\u00bb et a \u00e9t\u00e9 republi\u00e9 par les Editions Libertalia.<br \/>\n<\/span><\/p>\n<p><span style=\"color: #777777; font-family: Arial;\">Le livre parait d&rsquo;abord \u00e0 Lausanne et \u00e0 Paris. Victorine Brocher souhaitant rester anonyme signe avec son pr\u00e9nom suivi de l&rsquo;initiale du nom de son mari.<br \/>\n<\/span><\/p>\n<p><span style=\"color: #777777; font-family: Arial;\">Rapha\u00ebl Meyssan a \u00e9t\u00e9 invit\u00e9 dans l&rsquo;\u00e9mission &lt;<a href=\"https:\/\/www.franceculture.fr\/emissions\/le-cours-de-lhistoire\/debout-les-damnes-de-la-terre-destins-de-communards\"><span style=\"color: #0000ff;\">Le Cours de l&rsquo;Histoire<\/span><\/a>&gt; de Xavier Mauduit du 19 mars 2021.<br \/>\n<\/span><\/p>\n<p><span style=\"color: #777777; font-family: Arial;\">Et quand Xaver Mauduit (\u00e0 environ 19\u00a0:15 de l&rsquo;\u00e9mission) l&rsquo;interroge sur l&rsquo;\u00e9motion qui se d\u00e9gage de la narration de ses livres et de son film, il r\u00e9pond.<br \/>\n<\/span><\/p>\n<p style=\"margin-left: 28pt;\"><span style=\"color: #c00000; font-family: Arial;\">\u00ab\u00a0L&rsquo;\u00e9motion\u00a0!<br \/>\n<\/span><\/p>\n<p style=\"margin-left: 28pt;\"><span style=\"color: #c00000; font-family: Arial;\">La commune c&rsquo;est une grande aventure humaine.<br \/>\nC&rsquo;est une grande aventure populaire.<br \/>\nCe ne sont pas des id\u00e9aux, ce n&rsquo;est pas un programme politique.<br \/>\nCela vient bien apr\u00e8s. Cela se construit apr\u00e8s.<br \/>\n<\/span><\/p>\n<p style=\"margin-left: 28pt;\"><span style=\"color: #c00000; font-family: Arial;\">C&rsquo;est d&rsquo;abord des hommes et des femmes qui vivent un grand moment collectif, une grande histoire ensemble.<br \/>\n<\/span><\/p>\n<p style=\"margin-left: 28pt;\"><span style=\"color: #c00000; font-family: Arial;\">C&rsquo;est cela que j&rsquo;avais envie de raconter.\u00a0\u00bb<br \/>\n<\/span><\/p>\n<p><span style=\"color: #777777; font-family: Arial;\">Pour finir une s\u00e9rie, il me faut non seulement un sujet mais aussi un exergue. \u00ab\u00a0<strong>La Commune c&rsquo;est une grande aventure humaine<\/strong>\u00a0\u00bb aurait pu \u00eatre celui-ci.<br \/>\n<\/span><\/p>\n<p><span style=\"color: #777777; font-family: Arial;\">Mais dans cette \u00e9mission, il y avait aussi deux autres invit\u00e9s qui \u00e9taient historiens.<br \/>\n<\/span><\/p>\n<p><span style=\"color: #777777; font-family: Arial;\">Le premier, <strong>Michel Cordillot<\/strong> que j&rsquo;ai d\u00e9j\u00e0 cit\u00e9 lors du mot du jour du &lt;<a href=\"https:\/\/lemotdujour.fr\/?p=10944\"><span style=\"color: #0000ff;\">26 mars 2021<\/span><\/a>&gt; et qui a \u00e9t\u00e9 coordinateur d&rsquo;un ouvrage synth\u00e9tique sur la Commune paru en janvier\u00a0: \u00ab\u00a0<a href=\"https:\/\/www.decitre.fr\/livres\/la-commune-de-paris-1871-9782708245969.html\"><span style=\"color: #0000ff;\">La commune de Paris 1871<\/span>\u00a0<\/a>\u00bb<br \/>\n<\/span><\/p>\n<p><span style=\"color: #777777; font-family: Arial;\">Et un autre <strong>Jean-Louis Robert <\/strong>que je n&rsquo;ai pas encore cit\u00e9 et qui a \u00e9crit un des articles de la Revue<strong> \u00ab l&rsquo;Histoire \u00bb <\/strong>consacr\u00e9e \u00e0 la Commune<strong> : <\/strong>\u00ab\u00a0<a href=\"https:\/\/www.lhistoire.fr\/la-commune-la-culture-pour-tous%C2%A0\"><span style=\"color: #0000ff;\">Les artistes s&rsquo;engagent\u00a0: La culture pour tous !\u00a0<\/span><\/a>\u00bb<br \/>\n<\/span><\/p>\n<p><span style=\"color: #777777; font-family: Arial;\">Dans cet article il d\u00e9crit l&rsquo;importance de la culture et de l&rsquo;\u00e9ducation dans ce que la Commune a voulu mettre en place\u00a0:<br \/>\n<\/span><\/p>\n<p style=\"margin-left: 28pt;\"><span style=\"color: #c00000; font-family: Arial;\">\u00ab\u00a0Les communards ont pris la culture tr\u00e8s au s\u00e9rieux. Ils encouragent la cr\u00e9ation [\u2026]<br \/>\nLa participation des artistes \u00e0 la Commune de Paris se mesure par de nombreux indices. Au sein du gouvernement, ils sont exceptionnellement nombreux : 9 (en comptant les \u00ab artistes industriels \u00bb, peintres sur porcelaine, sculpteurs fun\u00e9raires&#8230;) sur 81 \u00e9lus qui si\u00e8gent \u00e0 l&rsquo;H\u00f4tel de Ville. Aucune Chambre ne retrouvera un tel pourcentage d&rsquo;artistes \u2013 ni \u00e0 vrai dire un pourcentage d&rsquo;ouvriers aussi \u00e9lev\u00e9 \u2013 que celui de l&rsquo;Assembl\u00e9e communale en 1871. \u00bb<br \/>\n<\/span><\/p>\n<p><span style=\"color: #777777; font-family: Arial;\"><strong>Gustave Courbet<\/strong> joua un r\u00f4le de premier plan dans cette ambition culturelle qui entend donner aux artistes une totale libert\u00e9 de cr\u00e9ation. Parce que Courbet et ses amis\u00a0:<br \/>\n<\/span><\/p>\n<p style=\"margin-left: 28pt;\"><span style=\"color: #c00000; font-family: Arial;\">\u00ab\u00a0se souvenait des censures imp\u00e9riales au temps des Salons. En 1863 le refus de 3 000 \u0153uvres, dont Le D\u00e9jeuner sur l&rsquo;herbe de Manet, avait conduit \u00e0 l&rsquo;ouverture du c\u00e9l\u00e8bre Salon des refus\u00e9s. Il s&rsquo;agit aussi de confier aux artistes et aux artistes seuls la direction des Beaux-Arts, par le biais d&rsquo;une F\u00e9d\u00e9ration qui g\u00e9rerait mus\u00e9es, expositions, \u00e9ducation artistique, etc.\u00a0\u00bb<br \/>\n<\/span><\/p>\n<p><span style=\"color: #777777; font-family: Arial;\">Et il raconte alors cet \u00e9pisode qui se passe le 19 mai, alors que\u00a0les versaillais sont aux portes de la ville et vont entrer dans Paris le 21\u00a0:<br \/>\n<\/span><\/p>\n<p style=\"margin-left: 28pt;\"><span style=\"color: #c00000; font-family: Arial;\">\u00ab\u00a0C&rsquo;est l\u00e0 que se r\u00e9v\u00e8le la complexit\u00e9 de ce que fut la Commune. Elle n&rsquo;\u00e9tait pas seulement libertaire, elle \u00e9tait aussi un gouvernement qui l\u00e9gif\u00e9rait \u2013 pour Paris \u2013 et entendait que ses d\u00e9crets soient ex\u00e9cut\u00e9s. Toute l&rsquo;action des artistes \u00e9tait sous le contr\u00f4le du d\u00e9l\u00e9gu\u00e9 \u00e0 l&rsquo;Enseignement de la Commune, \u00c9douard Vaillant, qui n&rsquo;\u00e9tait assur\u00e9ment pas un anarchiste, mais un socialiste r\u00e9volutionnaire, parfois proche du blanquisme. C&rsquo;est lui qui devait valider les nominations des conservateurs de mus\u00e9e par la F\u00e9d\u00e9ration, lui qui devait valider les propositions financi\u00e8res de la Commission. Et c&rsquo;est lui qui proposa \u00e0 la Commune, qui le vota le 19 mai, un d\u00e9cret r\u00e9volutionnaire socialisant les th\u00e9\u00e2tres priv\u00e9s pour les donner en gestion aux associations d&rsquo;artistes plasticiens. Le d\u00e9cret indiquait que les th\u00e9\u00e2tres relevaient de la d\u00e9l\u00e9gation \u00e0 l&rsquo;Enseignement, et non plus de la police comme avant. Vaillant d\u00e9clare que \u00ab les th\u00e9\u00e2tres doivent \u00eatre consid\u00e9r\u00e9s surtout comme un grand \u00e9tablissement d&rsquo;instruction ; et, dans une r\u00e9publique, ils ne doivent \u00eatre que cela \u00bb. Toutefois, apr\u00e8s une longue discussion, les membres de la Commune s&rsquo;entendirent pour que ce ne soit pas l&rsquo;\u00c9tat qui dirige les th\u00e9\u00e2tres. Ils devaient conserver toute leur libert\u00e9. <strong>Deux jours avant l&rsquo;entr\u00e9e des Versaillais dans Paris, la Commune avait consacr\u00e9 deux heures de son temps \u00e0 parler de la culture !\u00a0\u00bb<br \/>\n<\/strong><\/span><\/p>\n<p><span style=\"color: #777777; font-family: Arial;\">J&rsquo;ai trouv\u00e9 ce fait sublime. Dans les temps de pand\u00e9mie que nous vivons on s&rsquo;interroge sur ce qui est essentiel.<br \/>\n<\/span><\/p>\n<p><span style=\"color: #777777; font-family: Arial;\">Les communards classaient la Culture dans l&rsquo;essentiel. <\/span><span style=\"color: #777777; font-family: Arial;\">Ils savaient bien qu&rsquo;ils n&rsquo;arriveraient pas \u00e0 r\u00e9sister bien longtemps \u00e0 l&rsquo;arm\u00e9e sup\u00e9rieure en nombre, en organisation et en armes qui fondaient sur eux. <\/span><span style=\"color: #777777; font-family: Arial;\">Mais ils ont tenu, quand m\u00eame, \u00e0 parler et \u00e0 l\u00e9gif\u00e9rer sur la Culture.<br \/>\n<\/span><\/p>\n<p><span style=\"color: #777777; font-family: Arial;\">Et je cite int\u00e9gralement la fin de l&rsquo;article de Jean-Louis Robert\u00a0:<br \/>\n<\/span><\/p>\n<p style=\"margin-left: 28pt;\"><span style=\"color: #c00000; font-family: Arial;\">\u00ab\u00a0Un fait en particulier en dit long sur le souci de d\u00e9mocratisation de la culture par la Commune. Le 18 mai, \u00c9douard Vaillant admonesta un peu vivement l&rsquo;administrateur du Mus\u00e9um national d&rsquo;Histoire naturelle qui venait de rouvrir ses collections \u00e0 un public limit\u00e9 \u00e0 des porteurs de carte ou d&rsquo;autorisation. C&rsquo;\u00e9tait, \u00e9crivit Vaillant, agir comme en plein r\u00e9gime monarchique, c&rsquo;\u00e9tait faire <em>\u00ab de la visite des collections un privil\u00e8ge. Sous le r\u00e9gime communal, toute galerie, biblioth\u00e8que, collection doit \u00eatre ouverte largement au public \u00bb<\/em>.<br \/>\nDans le domaine du spectacle, il \u00e9tait plus facile d&rsquo;agir. Des grands concerts furent organis\u00e9s aux Tuileries. Certains \u00e9taient en libre acc\u00e8s, d&rsquo;autres \u00e9taient payants pour contribuer \u00e0 la solidarit\u00e9 aux familles des gardes nationaux tu\u00e9s au combat. Le public \u00e9tait tr\u00e8s divers. On y associait la chansonnette populaire, la po\u00e9sie, les airs d&rsquo;op\u00e9ra, la chanson militante et patriotique. Ce furent de grands moments de r\u00e9appropriation culturelle par le peuple. Sur les murs de la salle du tr\u00f4ne on pouvait lire <em>\u00ab Peuple ! L&rsquo;or qui ruisselle sur ces murs, c&rsquo;est ta sueur ! Tu rentres en possession de ton bien ; ici, tu es chez toi. \u00bb<\/em> Le peuple \u00e9coutait ainsi la com\u00e9dienne du Th\u00e9\u00e2tre Fran\u00e7ais, Mme Agar, dire des vers et la grande chanteuse populaire Rosa Bordas, chanter <em>La Canaille<\/em>.<br \/>\nSur les murs de l&rsquo;\u00c9cole des beaux-arts le passant pouvait lire, \u00e9crit en grandes lettres de charbon : <em>\u00ab Nous serons tous fusill\u00e9s, mais nous nous en foutons ! \u00bb <\/em>Certains artistes communards pay\u00e8rent cher leur participation, \u00e0 l&rsquo;instar de Courbet qui fut non seulement emprisonn\u00e9, mais aussi condamn\u00e9 \u00e0 payer la restauration de la colonne Vend\u00f4me, parce qu&rsquo;il avait souhait\u00e9 sa d\u00e9molition au profit d&rsquo;une colonne de la paix. Une punition qui allait le contraindre \u00e0 une vie tr\u00e8s difficile.<br \/>\nLe cas du musicien <span style=\"color: #0000ff;\"><a style=\"color: #0000ff;\" href=\"https:\/\/maitron.fr\/spip.php?article70555\">Francisco Salvador-Daniel<\/a><\/span>, ce sp\u00e9cialiste de la musique arabe et compositeur de m\u00e9lodies mauresques encore chant\u00e9es de nos jours par les plus grandes artistes arabes, nomm\u00e9 directeur du Conservatoire par la Commune, est moins connu. Il fut fusill\u00e9 dans la rue le 24 mai.\u00a0\u00bb<br \/>\n<\/span><\/p>\n<p><span style=\"color: #777777; font-family: Arial;\">La Commune fut une grande aventure humaine. Certes, ils \u00e9taient divis\u00e9s mais ils poursuivaient de belles aspirations. La libert\u00e9 de la cr\u00e9ation et l&rsquo;importance de la Culture constituent une des plus nobles.<br \/>\n<\/span><\/p>\n<p><a href=\"https:\/\/fr.wikipedia.org\/wiki\/Mur_des_F%C3%A9d%C3%A9r%C3%A9s\"><img decoding=\"async\" src=\"https:\/\/lemotdujour.fr\/wp-content\/uploads\/2021\/04\/041421_2230_Jeudi15avri2.png\" alt=\"\" border=\"0\" \/><\/a><span style=\"color: maroon; font-family: Arial;\">&lt;1554&gt;<\/span><\/p>\n","protected":false},"excerpt":{"rendered":"<p>\u00abDeux jours avant l\u2019entr\u00e9e des Versaillais dans Paris, la Commune avait consacr\u00e9 deux heures de son temps \u00e0 parler de la culture ! \u00bb Jean-Louis Robert Il faut bien finir une s\u00e9rie de mots du jour. Il y aurait encore<\/p>\n","protected":false},"author":1,"featured_media":0,"comment_status":"open","ping_status":"closed","sticky":false,"template":"","format":"standard","meta":{"footnotes":""},"categories":[1],"tags":[107,15,17,133],"class_list":["post-11083","post","type-post","status-publish","format-standard","hentry","category-motdujour","tag-culture","tag-france","tag-histoire","tag-revolution"],"_links":{"self":[{"href":"https:\/\/lemotdujour.fr\/index.php?rest_route=\/wp\/v2\/posts\/11083","targetHints":{"allow":["GET"]}}],"collection":[{"href":"https:\/\/lemotdujour.fr\/index.php?rest_route=\/wp\/v2\/posts"}],"about":[{"href":"https:\/\/lemotdujour.fr\/index.php?rest_route=\/wp\/v2\/types\/post"}],"author":[{"embeddable":true,"href":"https:\/\/lemotdujour.fr\/index.php?rest_route=\/wp\/v2\/users\/1"}],"replies":[{"embeddable":true,"href":"https:\/\/lemotdujour.fr\/index.php?rest_route=%2Fwp%2Fv2%2Fcomments&post=11083"}],"version-history":[{"count":5,"href":"https:\/\/lemotdujour.fr\/index.php?rest_route=\/wp\/v2\/posts\/11083\/revisions"}],"predecessor-version":[{"id":11095,"href":"https:\/\/lemotdujour.fr\/index.php?rest_route=\/wp\/v2\/posts\/11083\/revisions\/11095"}],"wp:attachment":[{"href":"https:\/\/lemotdujour.fr\/index.php?rest_route=%2Fwp%2Fv2%2Fmedia&parent=11083"}],"wp:term":[{"taxonomy":"category","embeddable":true,"href":"https:\/\/lemotdujour.fr\/index.php?rest_route=%2Fwp%2Fv2%2Fcategories&post=11083"},{"taxonomy":"post_tag","embeddable":true,"href":"https:\/\/lemotdujour.fr\/index.php?rest_route=%2Fwp%2Fv2%2Ftags&post=11083"}],"curies":[{"name":"wp","href":"https:\/\/api.w.org\/{rel}","templated":true}]}}