{"id":1108,"date":"2015-05-07T02:00:00","date_gmt":"2015-05-06T22:00:00","guid":{"rendered":"http:\/\/lemotdujour.fr\/?p=1108"},"modified":"2020-04-27T17:10:05","modified_gmt":"2020-04-27T15:10:05","slug":"jeudi-7-mai-2015","status":"publish","type":"post","link":"https:\/\/lemotdujour.fr\/?p=1108","title":{"rendered":"Jeudi 7 mai 2015"},"content":{"rendered":"<div class=\"mdjDate\">Jeudi 7 mai 2015<\/div>\n<div class=\"mdjTexte\">\u00ab Le droit \u00e0 la paresse \u00bb<\/div>\n<div class=\"mdjAuteur\">Paul Lafargue (1842-1911)<\/div>\n<p><span style=\"color: #777777; font-family: Arial;\">Ce 7 mai je suis en cong\u00e9 et normalement dans ce cas je n&rsquo;\u00e9cris pas de mot du jour.<br \/>\n<\/span><\/p>\n<p><span style=\"color: #777777; font-family: Arial;\">Mais je fais une exception pour c\u00e9l\u00e9brer ce beau mois de mai o\u00f9 la France magnifie le droit \u00e0 la paresse gr\u00e2ce \u00e0 tous ces jours de cong\u00e9, ces ponts, ces viaducs, inimaginables dans un autre pays du monde. Le monde entier se moque de ces fran\u00e7ais paresseux, m\u00eame si l&rsquo;envie et la jalousie ne sont pas loin.<br \/>\n<\/span><\/p>\n<p><img decoding=\"async\" class=\"alignleft\" src=\"https:\/\/lemotdujour.fr\/wp-content\/uploads\/2020\/04\/042720_1502_LundiXXmai21.jpg\" alt=\"\" align=\"left\"><span style=\"color: #777777; font-family: Arial;\">Mais pour comprendre, il faut se rappeler que c&rsquo;est un fran\u00e7ais, Paul Lafargue, qui a \u00e9crit en 1880 <a href=\"http:\/\/fr.wikipedia.org\/wiki\/Le_Droit_%C3%A0_la_paresse\"><span style=\"color: blue; text-decoration: underline;\">\u00ab Le droit \u00e0 la paresse \u00bb<\/span><\/a><br \/>\n<\/span><\/p>\n<p><span style=\"color: #777777; font-family: Arial;\">Wikipedia \u00e9crit que c&rsquo;est \u00ab un manifeste social qui centre son propos sur la \u00ab valeur travail \u00bb et l&rsquo;id\u00e9e que les hommes s&rsquo;en font.\u00bb<br \/>\n<\/span><\/p>\n<p><span style=\"color: #777777; font-family: Arial;\">Dans cet ouvrage <a href=\"http:\/\/fr.wikipedia.org\/wiki\/Paul_Lafargue\"><span style=\"color: blue; text-decoration: underline;\">Paul Lafargue<\/span><\/a> \u00e9crit :<br \/>\n<\/span><\/p>\n<p style=\"margin-left: 28pt;\"><span style=\"color: #c00000; font-family: Arial;\">\u00ab Pour qu&rsquo;il parvienne \u00e0 la conscience de sa force, il faut que le prol\u00e9tariat foule aux pieds les pr\u00e9jug\u00e9s de la morale chr\u00e9tienne, \u00e9conomique, libre penseuse ; il faut qu&rsquo;il retourne \u00e0 ses instincts naturels, qu&rsquo;il proclame les Droits de la Paresse, mille et mille fois plus sacr\u00e9s que les phtisiques Droits de l&rsquo;Homme concoct\u00e9s par les avocats m\u00e9taphysiques de la r\u00e9volution bourgeoise ; qu&rsquo;il se contraigne \u00e0 ne travailler que trois heures par jour, \u00e0 fain\u00e9anter et bombancer le reste de la journ\u00e9e et de la nuit. \u00bb<br \/>\n<\/span><\/p>\n<p><span style=\"color: #777777; font-family: Arial;\">Paul Lafargue est un socialiste fran\u00e7ais n\u00e9 \u00e0 Santiago de Cuba, le 15 janvier 1842. C&rsquo;est son essai Le Droit \u00e0 la paresse qui a surtout assur\u00e9 sa notori\u00e9t\u00e9<br \/>\n<\/span><\/p>\n<p><span style=\"color: #777777; font-family: Arial;\">En 1865, il vient pr\u00e9senter l&rsquo;\u00e9tat du mouvement socialiste fran\u00e7ais au conseil g\u00e9n\u00e9ral de l&rsquo;Association internationale des travailleurs \u00e0 Londres. Il rencontre Friedrich Engels et Karl Marx (en f\u00e9vrier 1865), dont il \u00e9pouse la seconde fille, Laura Marx, en avril 1868. Apr\u00e8s son exclusion de l&rsquo;universit\u00e9 en France, il retourne \u00e0 Londres finir ses \u00e9tudes. Il fut \u00e9lu au conseil g\u00e9n\u00e9ral de l&rsquo;Internationale et fr\u00e9quenta r\u00e9guli\u00e8rement les Marx.<br \/>\n<\/span><\/p>\n<p><span style=\"color: #777777; font-family: Arial;\">Il rentre alors en France o\u00f9 il devient membre de la Premi\u00e8re Internationale. Il participe \u00e0 la Commune de Paris en 1871.<br \/>\n<\/span><\/p>\n<p><span style=\"color: #777777; font-family: Arial;\">Il fuit la France pour l&rsquo;Espagne afin d&rsquo;\u00e9viter d&rsquo;\u00eatre arr\u00eat\u00e9.<br \/>\n<\/span><\/p>\n<p><span style=\"color: #777777; font-family: Arial;\">Il fonde, \u00e0 Madrid, une section marxiste (1871) de la premi\u00e8re Internationale. Il y dirige des groupes ouvriers et combat les th\u00e8ses anarchistes. Apr\u00e8s s&rsquo;\u00eatre rendu au Portugal, Lafargue revient \u00e0 Londres o\u00f9 il rencontre Jules Guesde. Il rentre en France apr\u00e8s l&rsquo;amnistie et fonde, avec Guesde, le Parti ouvrier (1880) et son p\u00e9riodique, Le Socialiste (1885-1904).<br \/>\n<\/span><\/p>\n<p><span style=\"color: #777777; font-family: Arial;\">Il est incarc\u00e9r\u00e9 en 1883 \u00e0 la prison Sainte-P\u00e9lagie pour propagande r\u00e9volutionnaire, o\u00f9 il r\u00e9dige le Droit \u00e0 la paresse.<br \/>\n<\/span><\/p>\n<p><span style=\"color: #777777; font-family: Arial;\">Gallica a mis en ligne l&rsquo;int\u00e9gralit\u00e9 de l&rsquo;ouvrage&nbsp;: <span style=\"color: #0000ff;\"><a style=\"color: #0000ff;\" href=\"https:\/\/gallica.bnf.fr\/ark:\/12148\/bpt6k80117m\/f5.image\">&lt;Le droit \u00e0 la paresse : r\u00e9futation du droit au travail, de 1848 \/ par Paul Lafargue&gt;<\/a><\/span><br \/>\n<\/span><\/p>\n<p><span style=\"color: #777777; font-family: Arial;\">Ouvrage qui commence par cette introduction&nbsp;:<br \/>\n<\/span><\/p>\n<p style=\"margin-left: 28pt;\"><span style=\"color: #c00000; font-family: Arial;\">\u00ab&nbsp;M. Thiers, dans le sein de la Commission sur l&rsquo;instruction primaire de 1849, disait: \u00abJe veux rendre toute-puissante l&rsquo;influence du clerg\u00e9, parce que je compte sur lui pour propager cette bonne philosophie qui apprend \u00e0 l&rsquo;homme qu&rsquo;il est ici-bas pour souffrir et non cette autre philosophie qui dit au contraire \u00e0 l&rsquo;homme: \u00ab\u00a0Jouis\u00a0\u00bb.\u00bb M. Thiers formulait la morale de la classe bourgeoise dont il incarna l&rsquo;\u00e9go\u00efsme f\u00e9roce et l&rsquo;intelligence \u00e9troite.<br \/>\n<\/span><\/p>\n<p style=\"margin-left: 28pt;\"><span style=\"color: #c00000; font-family: Arial;\">La bourgeoisie, alors qu&rsquo;elle luttait contre la noblesse, soutenue par le clerg\u00e9, arbora le libre examen et l&rsquo;ath\u00e9isme; mais, triomphante, elle changea de ton et d&rsquo;allure; et, aujourd&rsquo;hui, elle entend \u00e9tayer de la religion sa supr\u00e9matie \u00e9conomique et politique. Aux XVe et XVIe si\u00e8cles, elle avait all\u00e8grement repris la tradition pa\u00efenne et glorifiait la chair et ses passions, r\u00e9prouv\u00e9es par le christianisme ; de nos jours, gorg\u00e9e de biens et de jouissances, elle renie les enseignements de ses penseurs, les Rabelais, les Diderot, et pr\u00eache l&rsquo;abstinence aux salari\u00e9s. La morale capitaliste, piteuse parodie de la morale chr\u00e9tienne, frappe d&rsquo;anath\u00e8me la chair du travailleur; elle prend pour id\u00e9al de r\u00e9duire le producteur au plus petit minimum de besoins, de supprimer ses joies et ses passions et de le condamner au r\u00f4le de machine d\u00e9livrant du travail sans tr\u00eave ni merci.&nbsp;\u00bb<br \/>\n<\/span><\/p>\n<p><span style=\"color: #777777; font-family: Arial;\">\u00c0 partir de 1906, il r\u00e9dige r\u00e9guli\u00e8rement des \u00e9ditoriaux pour l&rsquo;Humanit\u00e9.<br \/>\n<\/span><\/p>\n<p><span style=\"color: #777777; font-family: Arial;\">\u00c0 69 ans, en 1911, proche de la limite d&rsquo;\u00e2ge de 70 ans qu&rsquo;il s&rsquo;\u00e9tait fix\u00e9, il se suicide \u00e0 Draveil avec sa femme Laura Marx, en se justifiant dans une courte lettre : \u00ab Sain de corps et d&rsquo;esprit, je me tue avant que l&rsquo;impitoyable vieillesse qui m&rsquo;enl\u00e8ve un \u00e0 un les plaisirs et les joies de l&rsquo;existence et qui me d\u00e9pouille de mes forces physiques et intellectuelles ne paralyse mon \u00e9nergie, ne brise ma volont\u00e9 et ne fasse de moi une charge \u00e0 moi et aux autres. \u00bb<br \/>\n<\/span><\/p>\n<p><span style=\"color: #777777; font-family: Arial;\">Paul Lafargue et Laura Marx sont enterr\u00e9s au cimeti\u00e8re du P\u00e8re-Lachaise (division 76), face au mur des f\u00e9d\u00e9r\u00e9s.<br \/>\n<\/span><\/p>\n<p><span style=\"color: #777777; font-family: Arial;\"><strong> \u00ab&nbsp;Lib\u00e9ration<\/strong>&nbsp;\u00bb pr\u00e9tend qu&rsquo;il faut relire le droit \u00e0 la paresse &lt;<a href=\"https:\/\/www.liberation.fr\/societe\/2011\/11\/28\/le-droit-a-la-paresse-a-relire-d-urgence_777701\"><span style=\"color: #0000ff;\">d&rsquo;urgence<\/span><\/a>&gt;<br \/>\n<\/span><\/p>\n<p><span style=\"color: #777777; font-family: Arial;\">Moustaki a chant\u00e9 une chanson lui rendant hommage : <a href=\"https:\/\/www.youtube.com\/watch?v=oRzBv0ohce8&amp;list=RDoRzBv0ohce8&amp;start_radio=1&amp;t=0\"><span style=\"color: blue; text-decoration: underline;\">&lt;Georges Moustaki &#8211; Le droit \u00e0 la paresse&gt;<\/span><\/a><br \/>\n<\/span><\/p>\n<p><span style=\"color: #c00000; font-family: Arial;\">&lt;491&gt;<\/span><\/p>\n","protected":false},"excerpt":{"rendered":"<p>Jeudi 7 mai 2015 \u00ab Le droit \u00e0 la paresse \u00bb Paul Lafargue (1842-1911) Ce 7 mai je suis en cong\u00e9 et normalement dans ce cas je n&rsquo;\u00e9cris pas de mot du jour. Mais je fais une exception pour c\u00e9l\u00e9brer<\/p>\n","protected":false},"author":1,"featured_media":0,"comment_status":"closed","ping_status":"closed","sticky":false,"template":"","format":"standard","meta":{"footnotes":""},"categories":[1],"tags":[10,17,112],"class_list":["post-1108","post","type-post","status-publish","format-standard","hentry","category-motdujour","tag-economie","tag-histoire","tag-socialisme"],"_links":{"self":[{"href":"https:\/\/lemotdujour.fr\/index.php?rest_route=\/wp\/v2\/posts\/1108","targetHints":{"allow":["GET"]}}],"collection":[{"href":"https:\/\/lemotdujour.fr\/index.php?rest_route=\/wp\/v2\/posts"}],"about":[{"href":"https:\/\/lemotdujour.fr\/index.php?rest_route=\/wp\/v2\/types\/post"}],"author":[{"embeddable":true,"href":"https:\/\/lemotdujour.fr\/index.php?rest_route=\/wp\/v2\/users\/1"}],"replies":[{"embeddable":true,"href":"https:\/\/lemotdujour.fr\/index.php?rest_route=%2Fwp%2Fv2%2Fcomments&post=1108"}],"version-history":[{"count":3,"href":"https:\/\/lemotdujour.fr\/index.php?rest_route=\/wp\/v2\/posts\/1108\/revisions"}],"predecessor-version":[{"id":8689,"href":"https:\/\/lemotdujour.fr\/index.php?rest_route=\/wp\/v2\/posts\/1108\/revisions\/8689"}],"wp:attachment":[{"href":"https:\/\/lemotdujour.fr\/index.php?rest_route=%2Fwp%2Fv2%2Fmedia&parent=1108"}],"wp:term":[{"taxonomy":"category","embeddable":true,"href":"https:\/\/lemotdujour.fr\/index.php?rest_route=%2Fwp%2Fv2%2Fcategories&post=1108"},{"taxonomy":"post_tag","embeddable":true,"href":"https:\/\/lemotdujour.fr\/index.php?rest_route=%2Fwp%2Fv2%2Ftags&post=1108"}],"curies":[{"name":"wp","href":"https:\/\/api.w.org\/{rel}","templated":true}]}}