{"id":11066,"date":"2021-04-14T01:07:15","date_gmt":"2021-04-13T23:07:15","guid":{"rendered":"http:\/\/lemotdujour.fr\/?p=11066"},"modified":"2021-04-18T22:34:55","modified_gmt":"2021-04-18T20:34:55","slug":"mercredi-14-avril-2021","status":"publish","type":"post","link":"https:\/\/lemotdujour.fr\/?p=11066","title":{"rendered":"Mercredi 14 avril 2021"},"content":{"rendered":"<div class=\"mdjTexte\">\u00ab Je suis avec vous ! j&rsquo;ai cette sombre joie. Ceux qu&rsquo;on accable, ceux qu&rsquo;on frappe et qu&rsquo;on foudroie m&rsquo;attirent; je me sens leur fr\u00e8re. \u00bb<\/div>\n<div class=\"mdjAuteur\">Victor Hugo, \u00ab\u00a0L&rsquo;ann\u00e9e terrible\u00a0\u00bb &#8211; \u00ab\u00a0A ceux qu&rsquo;on foule aux pieds\u00a0\u00bb<\/div>\n<p><span style=\"color: #777777; font-family: Arial;\">J&rsquo;ai d\u00e9j\u00e0 \u00e9voqu\u00e9 le fait que beaucoup des grands \u00e9crivains fran\u00e7ais vivants en 1871 ont eu une attitude tr\u00e8s hostile \u00e0 l&rsquo;\u00e9gard de la Commune : Flaubert, Anatole France, Georges Sand.<br \/>\n<\/span><\/p>\n<p><span style=\"color: #777777; font-family: Arial;\">Et aussi Emile Zola. Il existe un article sur Wikipedia qui d\u00e9crit les divers supports utilis\u00e9s par l&rsquo;\u00e9crivain pour son travail de critique\u00a0: \u00ab\u00a0<span style=\"color: #0000ff;\"><a style=\"color: #0000ff;\" href=\"https:\/\/fr.wikipedia.org\/wiki\/%C3%89mile_Zola_et_la_Commune_de_Paris\">Emile Zola et la Commune de Paris\u00a0<\/a><\/span>\u00bb.<br \/>\n<\/span><\/p>\n<p><span style=\"color: #777777; font-family: Arial;\">Vous pourrez aussi lire cet article plus engag\u00e9\u00a0: \u00ab\u00a0<a href=\"https:\/\/www.revue-ballast.fr\/zola-contre-la-commune\/\"><span style=\"color: #0000ff;\">Zola contre la commune\u00a0<\/span><\/a>\u00bb qui cite certains de ses articles.<br \/>\n<\/span><\/p>\n<p><span style=\"color: #777777; font-family: Arial;\">Il y eut bien s\u00fbr des \u00e9crivains qui d\u00e9fendaient la Commune. <span style=\"color: #0000ff;\"><a style=\"color: #0000ff;\" href=\"https:\/\/fr.wikipedia.org\/wiki\/Jules_Vall%C3%A8s\"><strong>Jules Vall\u00e8s<\/strong><\/a><\/span> \u00e9tait communard et il \u00e9crivit son livre \u00ab\u00a0<span style=\"color: #0000ff;\"><a style=\"color: #0000ff;\" href=\"https:\/\/fr.wikipedia.org\/wiki\/L%27Insurg%C3%A9_(roman)\"><strong>L&rsquo;insurg\u00e9<\/strong>\u00a0<strong>1871<\/strong><\/a><\/span>\u00bb en 1886 dans lequel le h\u00e9ros de sa trilogie, Jacques Vingtras, son double fictionnel, participe activement \u00e0 la commune.<br \/>\n<\/span><\/p>\n<p><span style=\"color: #777777; font-family: Arial;\"><img loading=\"lazy\" decoding=\"async\" class=\"wp-image-11078 alignleft\" src=\"https:\/\/lemotdujour.fr\/wp-content\/uploads\/2021\/04\/Jules-Valles.jpg\" alt=\"\" width=\"191\" height=\"218\" srcset=\"https:\/\/lemotdujour.fr\/wp-content\/uploads\/2021\/04\/Jules-Valles.jpg 355w, https:\/\/lemotdujour.fr\/wp-content\/uploads\/2021\/04\/Jules-Valles-263x300.jpg 263w\" sizes=\"auto, (max-width: 191px) 100vw, 191px\" \/>Il \u00e9tait un des animateurs de la Commune et jouait un r\u00f4le pr\u00e9pond\u00e9rant en raison de son journal \u00ab\u00a0<a href=\"https:\/\/fr.wikipedia.org\/wiki\/Le_Cri_du_peuple_(journal,_1871)\"><strong><span style=\"color: #0000ff;\">Le Cri du Peuple<\/span><\/strong>\u00a0<\/a>\u00bb.<br \/>\n<\/span><\/p>\n<p><span style=\"color: #777777; font-family: Arial;\">Il sera condamn\u00e9 \u00e0 mort par contumace le 14 juillet 1872, mais il avait pu s&rsquo;\u00e9chapper et v\u00e9cut en exil en Angleterre et en Suisse.<br \/>\n<\/span><\/p>\n<p><span style=\"color: #777777; font-family: Arial;\">La d\u00e9dicace de son livre \u00ab\u00a0<strong>L&rsquo;insurg\u00e9\u00a0<\/strong>\u00bb est la suivante\u00a0:<br \/>\n<\/span><\/p>\n<p style=\"margin-left: 28pt;\"><span style=\"color: #c00000; font-family: Arial;\">\u00ab\u00a0Aux morts de 1871<br \/>\n\u00c0 TOUS CEUX<br \/>\nqui, victimes de l&rsquo;injustice sociale,<br \/>\nprirent les armes contre un monde mal fait<br \/>\net form\u00e8rent,<br \/>\nsous le drapeau de la Commune,<br \/>\nla grande f\u00e9d\u00e9ration des douleurs,<br \/>\nJe d\u00e9die ce livre.\u00a0\u00bb<br \/>\n<\/span><\/p>\n<p><span style=\"color: #777777; font-family: Arial;\">Il \u00e9tait clairement dans le camp des anarchistes contre les bonapartistes de tous bords et donc aussi les socialistes autoritaires.<br \/>\n<\/span><\/p>\n<p><span style=\"color: #777777; font-family: Arial;\">On cite souvent Rimbaud comme d\u00e9fenseur de la Commune et on discute m\u00eame sa pr\u00e9sence sur les barricades. Il n&rsquo;avait que 16 ans en 1871\u00a0: \u00ab\u00a0<span style=\"color: #0000ff;\"><a style=\"color: #0000ff;\" href=\"https:\/\/www.liberation.fr\/idees-et-debats\/tribunes\/rimbaud-a-lheure-de-la-commune-de-paris-20210412_4R7DGS5YQVHDRA77DI7JANC2WA\/?redirected=1\">Rimbaud \u00e0 l&rsquo;heure de la Commune de Paris\u00a0<\/a><\/span>\u00bb.<br \/>\n<\/span><\/p>\n<p><span style=\"color: #777777; font-family: Arial;\">Mais le grand \u00e9crivain de ce temps \u00e9tait <strong>Victor Hugo<\/strong>.<br \/>\n<\/span><\/p>\n<p><span style=\"color: #777777; font-family: Arial;\">Son attitude \u00e0 l&rsquo;\u00e9gard de la Commune fut nuanc\u00e9e. Il n&rsquo;aimait pas qu&rsquo;on attaque la R\u00e9publique, c&rsquo;est-\u00e0-dire le pouvoir de Thiers qui \u00e9tait issu d&rsquo;\u00e9lections. L&rsquo;insurrection contre la R\u00e9publique ne s&rsquo;inscrivait pas dans son univers mental.<br \/>\n<\/span><\/p>\n<p><span style=\"color: #777777; font-family: Arial;\">Sa premi\u00e8re rencontre avec l&rsquo;insurrection communale s&rsquo;est r\u00e9alis\u00e9e lors d&rsquo;une trag\u00e9die personnelle : <\/span><span style=\"color: #777777; font-family: Arial;\">Son second fils des cinq enfants qu&rsquo;il a eu avec Ad\u00e8le Foucher, Charles Hugo est mort le 13 mars 1871 \u00e0 44 ans.<br \/>\n<\/span><\/p>\n<p><span style=\"color: #777777; font-family: Arial;\">Victor Hugo <a href=\"https:\/\/fr.wikipedia.org\/wiki\/Charles_Hugo\"><span style=\"color: #0000ff;\">\u00e9crit \u00e0 des amis<\/span><\/a>, le 14 mars\u00a0:<br \/>\n<\/span><\/p>\n<p style=\"margin-left: 28pt;\"><span style=\"color: #c00000; font-family: Arial;\">\u00ab Chers amis, je n&rsquo;y vois pas, j&rsquo;\u00e9cris \u00e0 travers les larmes ; j&rsquo;entends d&rsquo;ici les sanglots d&rsquo;Alice [\u00e9pouse de Charles], j&rsquo;ai le c\u0153ur bris\u00e9. Charles est mort. Hier matin, nous avions d\u00e9jeun\u00e9 ga\u00eement ensemble, avec Louis Blanc et Victor. \u00bb<br \/>\n<\/span><\/p>\n<figure id=\"attachment_11076\" aria-describedby=\"caption-attachment-11076\" style=\"width: 576px\" class=\"wp-caption alignright\"><a href=\"https:\/\/www.parismuseescollections.paris.fr\/fr\/maison-de-victor-hugo\/oeuvres\/funerailles-de-charles-hugo-18-mars-1871\"><img loading=\"lazy\" decoding=\"async\" class=\" wp-image-11076\" src=\"https:\/\/lemotdujour.fr\/wp-content\/uploads\/2021\/04\/Funeraille-Charles-Hugo.jpg\" alt=\"\" width=\"576\" height=\"428\" srcset=\"https:\/\/lemotdujour.fr\/wp-content\/uploads\/2021\/04\/Funeraille-Charles-Hugo.jpg 763w, https:\/\/lemotdujour.fr\/wp-content\/uploads\/2021\/04\/Funeraille-Charles-Hugo-300x223.jpg 300w\" sizes=\"auto, (max-width: 576px) 100vw, 576px\" \/><\/a><figcaption id=\"caption-attachment-11076\" class=\"wp-caption-text\">L&rsquo;enterrement de Charles Hugo<\/figcaption><\/figure>\n<p><span style=\"color: #777777; font-family: Arial;\">Et l&rsquo;enterrement a lieu au Cimeti\u00e8re du P\u00e8re Lachaise, le 18 mars 1871, le premier jour de la Commune de Paris.<br \/>\n<\/span><\/p>\n<p><span style=\"color: #777777; font-family: Arial;\">Un <a href=\"https:\/\/blogs.mediapart.fr\/robert-duguet\/blog\/180321\/le-18-mars-1871-de-victor-hugo\"><span style=\"color: #0000ff;\">blog de Mediapar<\/span>t<\/a> rapporte ce r\u00e9cit\u00a0:<br \/>\n<\/span><\/p>\n<p style=\"margin-left: 28pt;\"><span style=\"color: #c00000; font-family: Arial;\">\u00ab\u00a0Le cort\u00e8ge doit remonter la rue de la Roquette jusqu&rsquo;\u00e0 la porte centrale du cimeti\u00e8re. D\u00e9j\u00e0, \u00e0 proximit\u00e9 de la prison, une femme a cri\u00e9\u00a0: <em>\u00ab\u00a0A bas la peine de mort\u00a0!\u00a0\u00bb.<\/em> Le p\u00e8re Hugo conduit le deuil. Spontan\u00e9ment quelques f\u00e9d\u00e9r\u00e9s en armes commencent \u00e0 faire une haie d&rsquo;honneur au cort\u00e8ge, puis bient\u00f4t il y a en aura une centaine. On parvient \u00e0 la barricade qui ferme la rue de la Roquette\u00a0: alors les f\u00e9d\u00e9r\u00e9s et les insurg\u00e9s d\u00e9blaient la barricade. Les drapeaux rouges s&rsquo;inclinent au passage du cort\u00e8ge.\u00a0\u00bb<br \/>\n<\/span><\/p>\n<p><span style=\"color: #777777; font-family: Arial;\">Apr\u00e8s la c\u00e9r\u00e9monie et le deuil, il va aller \u00e0 Bruxelles pour r\u00e9gler les affaires de succession de son fils et sera peu concern\u00e9 par ce qui se passe \u00e0 Paris.<br \/>\n<\/span><\/p>\n<p><span style=\"color: #777777; font-family: Arial;\">Mais son hostilit\u00e9 dispara\u00eetra, d\u00e8s qu&rsquo;il comprendra l&rsquo;ampleur des massacres de la semaine sanglante.<br \/>\n<\/span><\/p>\n<p><span style=\"color: #777777; font-family: Arial;\">Et s&rsquo;il n&rsquo;a pas soutenu la commune, il deviendra le soutien des communards.<br \/>\n<\/span><\/p>\n<p><span style=\"color: #777777; font-family: Arial;\">Le site du \u00ab\u00a0<span style=\"color: #0000ff;\"><a style=\"color: #0000ff;\" href=\"https:\/\/www.senat.fr\/histoire\/victor_hugo_et_lamnistie_des_communards\/hugo_hugo_et_la_commune.html\">S\u00e9nat\u00a0<\/a><\/span>\u00bb explique\u00a0:<br \/>\n<\/span><\/p>\n<p style=\"margin-left: 28pt;\"><span style=\"color: #c00000; font-family: Arial;\">\u00ab\u00a0C&rsquo;est de Bruxelles qu&rsquo;il suit les \u00e9v\u00e9nements. Il n&rsquo;approuve pas les exc\u00e8s de la Commune mais supplie le gouvernement de Versailles de ne pas r\u00e9pondre aux crimes par des crimes : en r\u00e9ponse \u00e0 l&rsquo;ex\u00e9cution de 64 otages par la Commune, le gouvernement de Versailles fusille 6000 insurg\u00e9s.<br \/>\nApr\u00e8s la chute de la Commune, Hugo fait savoir que sa porte est ouverte aux exil\u00e9s. [&#8230;]. Sa position n&rsquo;est pas comprise et dans la nuit du 27 au 28 mai, sa maison est lapid\u00e9e. Il est ensuite expuls\u00e9 de Belgique en d\u00e9pit des violentes protestations qui se sont \u00e9lev\u00e9es au S\u00e9nat et \u00e0 la Chambre des d\u00e9put\u00e9s. R\u00e9fugi\u00e9 au Luxembourg, il r\u00e9dige son po\u00e8me \u00ab\u00a0<em>L&rsquo;ann\u00e9e terrible<\/em>\u00ab\u00a0.<br \/>\nLe 1er octobre 1871, il regagne Paris.<br \/>\nEn janvier 1872, il est battu aux \u00e9lections l\u00e9gislatives : les \u00e9lecteurs lui reprochent son indulgence envers les Communards.<br \/>\nEn janvier 1876, sur la proposition de Clemenceau, il est candidat au S\u00e9nat et \u00e9lu au second tour. Le S\u00e9nat lui sert de tribune pour poursuivre son combat en faveur de l&rsquo;amnistie des Communards\u00a0\u00bb.<br \/>\n<\/span><\/p>\n<p><span style=\"color: #777777; font-family: Arial;\">Il est assez ais\u00e9 de trouver son discours <span style=\"color: #0000ff;\"><a style=\"color: #0000ff;\" href=\"https:\/\/www.lemonde.fr\/idees\/article\/2021\/03\/13\/victor-hugo-sur-la-commune-l-amnistie-est-la-supreme-extinction-des-coleres-des-guerres-civiles_6072986_3232.html\">du 22 mai 1876<\/a><\/span> qu&rsquo;il fait au S\u00e9nat en faveur de l&rsquo;amnistie des communards\u00a0:<br \/>\n<\/span><\/p>\n<p style=\"margin-left: 28pt;\"><span style=\"color: #c00000; font-family: Arial;\">\u00ab\u00a0J&rsquo;y insiste ; quand on sort d&rsquo;un long orage, <strong>quand tout le monde a, plus ou moins, voulu le bien et fait le mal,<\/strong> quand un certain \u00e9claircissement commence \u00e0 p\u00e9n\u00e9trer dans les profonds probl\u00e8mes \u00e0 r\u00e9soudre, quand l&rsquo;heure est revenue de se mettre au travail, ce qu&rsquo;on demande de toutes parts, ce qu&rsquo;on implore, ce qu&rsquo;on veut, c&rsquo;est l&rsquo;apaisement ; et, messieurs, il n&rsquo;y a qu&rsquo;un apaisement, c&rsquo;est l&rsquo;oubli.<br \/>\nMessieurs, dans la langue politique, l&rsquo;oubli s&rsquo;appelle amnistie.<br \/>\n<strong>Je demande l&rsquo;amnistie. Je la demande pleine et enti\u00e8re. Sans conditions. Sans restrictions.<\/strong> Il n&rsquo;y a d&rsquo;amnistie que l&rsquo;amnistie.<br \/>\nL&rsquo;oubli seul pardonne. [&#8230;]<br \/>\n<\/span><\/p>\n<p style=\"margin-left: 28pt;\"><span style=\"color: #c00000; font-family: Arial;\">Profitons des calamit\u00e9s publiques pour ajouter une v\u00e9rit\u00e9 \u00e0 l&rsquo;esprit humain, et quelle v\u00e9rit\u00e9 plus haute que celle-ci : Pardonner, c&rsquo;est gu\u00e9rir !<br \/>\nVotez l&rsquo;amnistie.\u00a0\u00bb<br \/>\n<\/span><\/p>\n<p><span style=\"color: #777777; font-family: Arial;\">Il n&rsquo;aura pas gain de cause cette ann\u00e9e-l\u00e0. <a href=\"http:\/\/www.senat.fr\/basile\/visio.do?id=a\/histoire\/victor_hugo_et_lamnistie_des_communards.html&amp;idtable=a\/histoire\/victor_hugo_et_lamnistie_des_communards.html|a\/histoire\/victor_hugo_et_lamnistie_des_communards\/amnistie_premiers_debats.html|a\/histoire\/fonds_precieux_numerise\/fonds_precieux_histoire_senat.html|a\/evenement\/archives\/D24\/seance_vhugo.html|a\/histoire\/victor_hugo_et_lamnistie_des_communards\/hugo_hugo_et_la_commune.html|a\/evenement\/archives\/D31\/repres.html|a\/evenement\/archives\/D42\/ferrou.html|a\/histoire\/victor_hugo_et_lamnistie_des_communards\/hugo_la_commune.html&amp;_c=La+loi+d%92amnistie+des+communards&amp;rch=gs&amp;de=20200413&amp;au=20210413&amp;dp=1+an&amp;radio=dp&amp;aff=sep&amp;tri=p&amp;off=0&amp;afd=ppr&amp;afd=ppl&amp;afd=pjl&amp;afd=cvn\"><span style=\"color: #0000ff;\">La loi d&rsquo;amnistie sera vot\u00e9e le 11 juillet 1880<\/span><\/a><br \/>\n<\/span><\/p>\n<p><span style=\"color: #777777; font-family: Arial;\">Mais apr\u00e8s la semaine sanglante, il fera surtout ce qu&rsquo;il sait faire, il \u00e9crira des po\u00e8mes.<br \/>\n<\/span><\/p>\n<p><span style=\"color: #777777; font-family: Arial;\">Il a \u00e9crit un po\u00e8me en l&rsquo;honneur de Louise Michel qu&rsquo;il connaissait et que j&rsquo;ai d\u00e9j\u00e0 \u00e9voqu\u00e9 lors du mot du jour consacr\u00e9 \u00e0 la c\u00e9l\u00e8bre institutrice\u00a0: <span style=\"color: blue;\">&lt;<span style=\"color: #0000ff;\"><a style=\"color: #0000ff;\" href=\"https:\/\/www.senat.fr\/evenement\/archives\/D31\/viro.html\"><span style=\"text-decoration: underline;\"><strong>Viro Major<\/strong><\/span><\/a><\/span><strong><em>&gt;<\/em><\/strong><span style=\"color: #777777;\"> (\u00ab Plus qu&rsquo;un homme \u00bb),<br \/>\n<\/span><\/span><\/span><\/p>\n<p><span style=\"color: #777777; font-family: Arial;\">Et puis il \u00e9crira un recueil de po\u00e8mes qu&rsquo;il nommera\u00a0: \u00ab<span style=\"color: #0000ff;\">\u00a0<\/span><a href=\"https:\/\/gallica.bnf.fr\/ark:\/12148\/bpt6k5627320z?rk=85837;2\"><strong><span style=\"color: #0000ff;\">L&rsquo;ann\u00e9e terrible<\/span>\u00a0<\/strong><\/a>\u00bb<br \/>\n<\/span><\/p>\n<p><span style=\"color: #777777; font-family: Arial;\"><img loading=\"lazy\" decoding=\"async\" class=\" wp-image-11079 alignleft\" src=\"https:\/\/lemotdujour.fr\/wp-content\/uploads\/2021\/04\/Lannee_terrible___Victor_Hugo_...Hugo_Victor_bpt6k4114508.jpeg\" alt=\"\" width=\"354\" height=\"536\" srcset=\"https:\/\/lemotdujour.fr\/wp-content\/uploads\/2021\/04\/Lannee_terrible___Victor_Hugo_...Hugo_Victor_bpt6k4114508.jpeg 882w, https:\/\/lemotdujour.fr\/wp-content\/uploads\/2021\/04\/Lannee_terrible___Victor_Hugo_...Hugo_Victor_bpt6k4114508-198x300.jpeg 198w, https:\/\/lemotdujour.fr\/wp-content\/uploads\/2021\/04\/Lannee_terrible___Victor_Hugo_...Hugo_Victor_bpt6k4114508-677x1024.jpeg 677w, https:\/\/lemotdujour.fr\/wp-content\/uploads\/2021\/04\/Lannee_terrible___Victor_Hugo_...Hugo_Victor_bpt6k4114508-768x1162.jpeg 768w\" sizes=\"auto, (max-width: 354px) 100vw, 354px\" \/>Ce recueil est class\u00e9 par mois et commence par la guerre de 1870, le d\u00e9sastre de Sedan puis arrive mars 1871, il parle du deuil et de l&rsquo;enterrement de son fils.<br \/>\n<\/span><\/p>\n<p><span style=\"color: #777777; font-family: Arial;\">En mai il s&rsquo;insurge contre les incendies de Paris\u00a0: \u00ab<span style=\"color: #0000ff;\">\u00a0<a style=\"color: #0000ff;\" href=\"https:\/\/gallica.bnf.fr\/ark:\/12148\/bpt6k5627320z\/f270.item\">Paris incendi\u00e9\u00a0<\/a><\/span>\u00bb<br \/>\n<\/span><\/p>\n<p style=\"margin-left: 28pt;\"><span style=\"color: #c00000; font-family: Arial;\">\u00ab\u00a0Mais o\u00f9 ira-t &lsquo;on dans l&rsquo;horreur\u00a0? et jusqu&rsquo;o\u00f9\u00a0?\u00a0\u00bb<br \/>\n<\/span><\/p>\n<p><span style=\"color: #777777; font-family: Arial;\">Mais d\u00e9j\u00e0 il explique la raison de la col\u00e8re du peuple\u00a0:<br \/>\n<\/span><\/p>\n<p style=\"margin-left: 28pt;\"><span style=\"color: #c00000; font-family: Arial;\">\u00ab\u00a0J&rsquo;accuse la Mis\u00e8re, et je tra\u00eene \u00e0 la barre<br \/>\n<\/span><\/p>\n<p style=\"margin-left: 28pt;\"><span style=\"color: #c00000; font-family: Arial;\">Cet aveugle, ce sourd, ce bandit, ce barbare,<br \/>\nLe Pass\u00e9; je d\u00e9nonce, \u00f4 royaut\u00e9, chaos,<br \/>\nTes vieilles lois d&rsquo;o\u00f9 sont sortis les vieux fl\u00e9aux !<br \/>\nElles p\u00e8sent sur nous, dans le si\u00e8cle o\u00f9 nous sommes.<br \/>\nDu poids de l&rsquo;ignorance effrayante des hommes ;<br \/>\nElles nous changent tous en fr\u00e8res ennemis;\u00a0\u00bb<br \/>\n<\/span><\/p>\n<p><span style=\"color: #777777; font-family: Arial;\">Et puis se trouve ce po\u00e8me que j&rsquo;ai vu souvent citer ces derni\u00e8res semaines\u00a0: \u00ab\u00a0<a href=\"https:\/\/gallica.bnf.fr\/ark:\/12148\/bpt6k5627320z\/f320.item\"><span style=\"color: #0000ff;\">A qui la faute\u00a0?<\/span>\u00a0<\/a>\u00bb<br \/>\n<\/span><\/p>\n<p><span style=\"color: #777777; font-family: Arial;\">Dans lequel il fustige d&rsquo;abord un homme qui a incendi\u00e9 une biblioth\u00e8que\u00a0:<\/span><\/p>\n<p style=\"margin-left: 28pt;\"><span style=\"color: #c00000; font-family: Arial;\">\u00ab\u00a0Tu viens d&rsquo;incendier la Biblioth\u00e8que ?<br \/>\n\u2014 Oui.<br \/>\nJ&rsquo;ai mis le feu l\u00e0.<\/span><\/p>\n<p style=\"margin-left: 28pt;\"><span style=\"color: #c00000; font-family: Arial;\">\u2014 Mais c&rsquo;est un crime inou\u00ef<\/span><\/p>\n<p style=\"margin-left: 28pt;\"><span style=\"color: #c00000; font-family: Arial;\">Crime commis par toi contre toi-m\u00eame, inf\u00e2me !<br \/>\nMais tu viens de tuer le rayon de ton \u00e2me !<br \/>\nC&rsquo;est ton propre flambeau que tu viens de souffler<br \/>\nCe que ta rage impie et folle ose br\u00fbler,<br \/>\nC&rsquo;est ton bien, ton tr\u00e9sor, ta dot, ton h\u00e9ritage !<br \/>\nLe livre, hostile au ma\u00eetre, est \u00e0 ton avantage.\u00a0\u00bb<br \/>\n<\/span><\/p>\n<p><span style=\"color: #777777; font-family: Arial;\">Tout le reste de ce chant est un hymne \u00e0 la gloire du livre et des bienfaits qu&rsquo;il apporte.<\/span><\/p>\n<p><span style=\"color: #777777; font-family: Arial;\">Et vient cette conclusion\u00a0:<br \/>\n<\/span><\/p>\n<p style=\"margin-left: 28pt;\"><span style=\"color: #c00000; font-family: Arial;\">\u00ab\u00a0Les buts r\u00eav\u00e9s par toi sont par le livre atteints.<br \/>\nLe livre en ta pens\u00e9e entre, il d\u00e9fait en elle<br \/>\nLes liens que l&rsquo;erreur \u00e0 la v\u00e9rit\u00e9 m\u00eale,<br \/>\nCar toute conscience est un n\u0153ud gordien.<br \/>\nIl est ton m\u00e9decin, ton guide, ton gardien.<br \/>\nTa haine, il la gu\u00e9rit; ta d\u00e9mence, il te l&rsquo;\u00f4te.<br \/>\nVoil\u00e0 ce que tu perds, h\u00e9las, et par ta faute!<br \/>\nLe livre est ta richesse \u00e0 toi! c&rsquo;est le savoir.<br \/>\nLe droit, la v\u00e9rit\u00e9, la vertu, le devoir,<br \/>\nLe progr\u00e8s, la raison dissipant tout d\u00e9lire.<br \/>\nEt tu d\u00e9truis cela, toi !<\/span><\/p>\n<p><span style=\"color: #c00000; font-family: Arial;\">Je ne sais pas lire.\u00a0\u00bb<\/span><\/p>\n<p><span style=\"color: #777777; font-family: Arial;\">Au fur et \u00e0 mesure des textes, Hugo se montre de plus en plus compassionnel et compr\u00e9hensif\u00a0:\u00a0 \u00ab<span style=\"color: #0000ff;\">\u00a0<\/span><a href=\"https:\/\/gallica.bnf.fr\/ark:\/12148\/bpt6k5627320z\/f334.item\"><span style=\"color: #0000ff;\">Les Fusill\u00e9s<\/span>\u00a0<\/a>\u00bb<br \/>\n<\/span><\/p>\n<p style=\"margin-left: 28pt;\"><span style=\"color: #c00000; font-family: Arial;\">\u00ab\u00a0Partout la mort. Eh bien, pas une plainte.<br \/>\nO bl\u00e9 que le destin fauche avant qu&rsquo;il soit m\u00fbr!<br \/>\nO peuple !<br \/>\n<\/span><\/p>\n<p style=\"margin-left: 28pt;\"><span style=\"color: #c00000; font-family: Arial;\">On les am\u00e8ne au pied de l&rsquo;affreux mur.<br \/>\n<\/span><\/p>\n<p style=\"margin-left: 28pt;\"><span style=\"color: #c00000; font-family: Arial;\">C&rsquo;est bien. Ils ont \u00e9t\u00e9 battus du vent contraire.<br \/>\nL&rsquo;homme dit au soldat qui l&rsquo;ajuste : Adieu, fr\u00e8re.<br \/>\nLa femme dit : \u2014 Mon homme est tu\u00e9. C&rsquo;est assez.<br \/>\nJe ne sais s&rsquo;il eut tort ou raison, mais je sais<br \/>\nQue nous avons tra\u00een\u00e9 le malheur c\u00f4te \u00e0 c\u00f4te ;<br \/>\nIl fut mon compagnon de cha\u00eene; si l&rsquo;on m&rsquo;\u00f4te<br \/>\nCet homme, je n&rsquo;ai plus besoin de vivre. Ainsi<br \/>\nPuisqu&rsquo;il est mort, il faut que je meure. Merci. \u2014<br \/>\nEt dans les carrefours les cadavres s&rsquo;entassent.<br \/>\nDans un noir peloton vingt jeunes filles passent;<br \/>\nElles chantent; leur gr\u00e2ce et leur calme innocent\u00a0\u00bb<br \/>\n<\/span><\/p>\n<p><span style=\"color: #777777; font-family: Arial;\">Et puis arrive ce XIII<sup>\u00e8me<\/sup> po\u00e8me du mois de Juin \u00ab <\/span><span style=\"font-family: Arial; color: #0000ff;\"><a style=\"color: #0000ff;\" href=\"https:\/\/gallica.bnf.fr\/ark:\/12148\/bpt6k5627320z\/f340.item\">A ceux qu&rsquo;on foule aux pieds\u00a0<\/a><\/span><span style=\"color: #777777; font-family: Arial;\">\u00bb<br \/>\n<\/span><\/p>\n<p style=\"margin-left: 28pt;\"><span style=\"color: #c00000; font-family: Arial;\">\u00ab\u00a0Oh ! je suis avec vous ! j&rsquo;ai cette sombre joie.<br \/>\nCeux qu&rsquo;on accable, ceux qu&rsquo;on frappe et qu&rsquo;on foudroie<br \/>\nM&rsquo;attirent; je me sens leur fr\u00e8re; je d\u00e9fends<br \/>\nTerrass\u00e9s ceux que j&rsquo;ai combattus triomphants;<br \/>\nJe veux, car ce qui fait la nuit sur tous m&rsquo;\u00e9claire,<br \/>\nOublier leur injure, oublier leur col\u00e8re,<br \/>\nEt de quels noms de haine ils m&rsquo;appelaient entre eux.<br \/>\nJe n&rsquo;ai plus d&rsquo;ennemis quand ils sont malheureux.<br \/>\nMais surtout c&rsquo;est le peuple, attendant son salaire,<br \/>\nLe peuple, qui parfois devient impopulaire,<br \/>\nC&rsquo;est lui, famille triste, hommes, femmes, enfants,<br \/>\nDroit, avenir, travaux, douleurs, que je d\u00e9fends ;\u00a0\u00bb<br \/>\n<\/span><\/p>\n<p><span style=\"color: #777777; font-family: Arial;\">Victor Hugo le dit avec des mots sublimes.<br \/>\n<\/span><\/p>\n<p><span style=\"color: #777777; font-family: Arial;\">Certainement, La Commune n&rsquo;avait aucune chance de gagner ni contre les prussiens, ni de prendre le pouvoir.<br \/>\n<\/span><\/p>\n<p><span style=\"color: #777777; font-family: Arial;\">La commune \u00e9tait d\u00e9sorganis\u00e9e. Elle poursuivait des objectifs certes nobles et justes. <\/span><span style=\"color: #777777; font-family: Arial;\">Mais elle n&rsquo;avait pas les moyens d&rsquo;en organiser la mise en \u0153uvre dans la paix.<br \/>\n<\/span><\/p>\n<p><span style=\"color: #777777; font-family: Arial;\">Elle se trouvait dans une impasse.<br \/>\n<\/span><\/p>\n<p><span style=\"color: #777777; font-family: Arial;\">Mais la r\u00e9pression des versaillais, la semaine sanglante ne permet pas de douter : <\/span><span style=\"color: #777777; font-family: Arial;\">Je suis avec eux, de leur c\u00f4t\u00e9, je me sens leur fr\u00e8re.<br \/>\n<\/span><\/p>\n<p><span style=\"color: maroon; font-family: Arial;\">&lt;1553&gt;<\/span><\/p>\n","protected":false},"excerpt":{"rendered":"<p>\u00ab Je suis avec vous ! j&rsquo;ai cette sombre joie. Ceux qu&rsquo;on accable, ceux qu&rsquo;on frappe et qu&rsquo;on foudroie m&rsquo;attirent; je me sens leur fr\u00e8re. \u00bb Victor Hugo, \u00ab\u00a0L&rsquo;ann\u00e9e terrible\u00a0\u00bb &#8211; \u00ab\u00a0A ceux qu&rsquo;on foule aux pieds\u00a0\u00bb J&rsquo;ai d\u00e9j\u00e0 \u00e9voqu\u00e9<\/p>\n","protected":false},"author":1,"featured_media":0,"comment_status":"open","ping_status":"closed","sticky":false,"template":"","format":"standard","meta":{"footnotes":""},"categories":[1],"tags":[15,17,8,133],"class_list":["post-11066","post","type-post","status-publish","format-standard","hentry","category-motdujour","tag-france","tag-histoire","tag-poesie","tag-revolution"],"_links":{"self":[{"href":"https:\/\/lemotdujour.fr\/index.php?rest_route=\/wp\/v2\/posts\/11066","targetHints":{"allow":["GET"]}}],"collection":[{"href":"https:\/\/lemotdujour.fr\/index.php?rest_route=\/wp\/v2\/posts"}],"about":[{"href":"https:\/\/lemotdujour.fr\/index.php?rest_route=\/wp\/v2\/types\/post"}],"author":[{"embeddable":true,"href":"https:\/\/lemotdujour.fr\/index.php?rest_route=\/wp\/v2\/users\/1"}],"replies":[{"embeddable":true,"href":"https:\/\/lemotdujour.fr\/index.php?rest_route=%2Fwp%2Fv2%2Fcomments&post=11066"}],"version-history":[{"count":8,"href":"https:\/\/lemotdujour.fr\/index.php?rest_route=\/wp\/v2\/posts\/11066\/revisions"}],"predecessor-version":[{"id":11097,"href":"https:\/\/lemotdujour.fr\/index.php?rest_route=\/wp\/v2\/posts\/11066\/revisions\/11097"}],"wp:attachment":[{"href":"https:\/\/lemotdujour.fr\/index.php?rest_route=%2Fwp%2Fv2%2Fmedia&parent=11066"}],"wp:term":[{"taxonomy":"category","embeddable":true,"href":"https:\/\/lemotdujour.fr\/index.php?rest_route=%2Fwp%2Fv2%2Fcategories&post=11066"},{"taxonomy":"post_tag","embeddable":true,"href":"https:\/\/lemotdujour.fr\/index.php?rest_route=%2Fwp%2Fv2%2Ftags&post=11066"}],"curies":[{"name":"wp","href":"https:\/\/api.w.org\/{rel}","templated":true}]}}