{"id":11052,"date":"2021-04-13T00:34:10","date_gmt":"2021-04-12T22:34:10","guid":{"rendered":"http:\/\/lemotdujour.fr\/?p=11052"},"modified":"2021-04-13T10:06:25","modified_gmt":"2021-04-13T08:06:25","slug":"mardi-13-avril-2021","status":"publish","type":"post","link":"https:\/\/lemotdujour.fr\/?p=11052","title":{"rendered":"Mardi 13 avril 2021"},"content":{"rendered":"<div class=\"mdjTexte\">\u00ab\u00a0La Commune ne se laisse pas r\u00e9duire \u00e0 un \u00e9v\u00e9nement seulement parisien.\u00a0\u00bb<\/div>\n<div class=\"mdjAuteur\">Maurice Moissonnier<\/div>\n<p><span style=\"color: #777777; font-family: Arial;\">La Revue <strong>L&rsquo;Histoire<\/strong>, consacr\u00e9e \u00e0 <strong>La Commune<\/strong> pose la question\u00a0: \u00ab\u00a0<a href=\"https:\/\/www.lhistoire.fr\/la-commune-et-si-la-province-avait-suivi%C2%A0\"><span style=\"color: #0000ff;\">Et si la province avait suivi ?<\/span>\u00a0<\/a>\u00bb<br \/>\n<\/span><\/p>\n<p><span style=\"color: #777777; font-family: Arial;\">C&rsquo;est une professeure, agr\u00e9g\u00e9e d&rsquo;Histoire, <strong>In\u00e8s Ben Slama<\/strong> qui a r\u00e9dig\u00e9 cet article.<br \/>\n<\/span><\/p>\n<p><span style=\"color: #777777; font-family: Arial;\">Parce qu&rsquo;en effet, le mouvement insurrectionnel communal en 1871 ne s&rsquo;est pas limit\u00e9 \u00e0 Paris. D&rsquo;autres communes ont particip\u00e9 et notamment <strong>Lyon<\/strong>.<br \/>\n<\/span><\/p>\n<p><span style=\"color: #777777; font-family: Arial;\">Ces insurrections ont dur\u00e9 encore moins de 72 jours.<br \/>\n<\/span><\/p>\n<p><span style=\"color: #777777; font-family: Arial;\">Comme \u00e0 Paris, d\u00e8s que Napol\u00e9on III a sign\u00e9 l&rsquo;acte de reddition de son arm\u00e9e le 2 septembre \u00e0 Sedan, un mouvement r\u00e9publicain se soul\u00e8ve dans plusieurs villes. Nous savons que la France rurale est plus prudente et probablement souhaite avant tout la paix. Paix que promettent les monarchistes.<br \/>\n<\/span><\/p>\n<p><span style=\"color: #777777; font-family: Arial;\">In\u00e8s Ben Slama raconte<br \/>\n<\/span><\/p>\n<p style=\"margin-left: 28pt;\"><span style=\"color: #c00000; font-family: Arial;\">\u00ab\u00a0Le matin du 4 septembre 1870 l&rsquo;avocat lyonnais Louis Andrieux, emprisonn\u00e9 pour son opposition au Second Empire, est r\u00e9veill\u00e9 par des insurg\u00e9s venus le lib\u00e9rer et le porter en triomphe \u00e0 l&rsquo;h\u00f4tel de ville : la r\u00e9publique y a \u00e9t\u00e9 proclam\u00e9e d\u00e8s 9 heures par des hommes qui, apr\u00e8s en avoir inform\u00e9 les villes du Midi par t\u00e9l\u00e9graphe, attendent d\u00e9sormais des nouvelles de L&rsquo;\u00e9v\u00e9nement Paris.\u00a0\u00bb<br \/>\n<\/span><\/p>\n<p><span style=\"color: #777777; font-family: Arial;\">Cette proclamation est ant\u00e9rieure \u00e0 celle qui aura lieu \u00e0 l&rsquo;H\u00f4tel de ville de Paris, par Gambetta accompagn\u00e9 par d&rsquo;autres d\u00e9put\u00e9s, dans l&rsquo;apr\u00e8s midi du m\u00eame 4 septembre. <\/span><span style=\"color: #777777; font-family: Arial;\">Les Historiens estime que la R\u00e9publique n&rsquo;est pas vraiment \u00e9tablie \u00e0 cette date-l\u00e0. Les monarchistes \u00e0 ce moment l\u00e0 n&rsquo;ont pas encore abdiqu\u00e9 l&rsquo;ambition de r\u00e9tablir un roi.<br \/>\n<\/span><\/p>\n<p><span style=\"color: #777777; font-family: Arial;\">Toutefois <span style=\"color: #0000ff;\"><a style=\"color: #0000ff;\" href=\"https:\/\/fr.wikipedia.org\/wiki\/Proclamation_de_la_R%C3%A9publique_fran%C3%A7aise_du_4_septembre_1870\">la d\u00e9claration de Gambetta<\/a><\/span> dit pr\u00e9cis\u00e9ment\u00a0:<br \/>\n<\/span><\/p>\n<p style=\"margin-left: 28pt;\"><span style=\"color: #c00000;\">\u00ab\u00a0\u00a0Fran\u00e7ais\u00a0!<br \/>\nLe Peuple a devanc\u00e9 la Chambre, qui h\u00e9sitait. Pour sauver la Patrie en danger, il a demand\u00e9 la R\u00e9publique.<br \/>\nIl a mis ses repr\u00e9sentants non au pouvoir, mais au p\u00e9ril.<br \/>\nLa R\u00e9publique a vaincu l&rsquo;invasion en 1792, la R\u00e9publique est proclam\u00e9e.\u00a0\u00bb<br \/>\n<\/span><\/p>\n<p><span style=\"color: #777777; font-family: Arial;\">Mais les lyonnais s&rsquo;enorgueillissent qu&rsquo;ils ont \u00e9t\u00e9 les premiers comme l&rsquo;\u00e9crit cet article \u00ab\u00a0<a href=\"https:\/\/www.leprogres.fr\/societe\/2020\/09\/04\/le-4-septembre-1870-lyon-proclamait-la-republique-avant-paris-histoire\"><strong><span style=\"color: #0000ff;\">du Progr\u00e8s<\/span>\u00a0<\/strong><\/a>\u00bb\u00a0:<br \/>\n<\/span><\/p>\n<p style=\"margin-left: 28pt;\"><span style=\"color: #c00000; font-family: Arial;\">\u00ab\u00a0Et c&rsquo;est Lyon qui a \u00e9t\u00e9 la premi\u00e8re ville, quelques heures avant Paris, \u00e0 se mettre sous la banni\u00e8re r\u00e9publicaine.\u00a0\u00bb<br \/>\n<\/span><\/p>\n<p><span style=\"color: #777777; font-family: Arial;\">L&rsquo;article poursuit\u00a0:<br \/>\n<\/span><\/p>\n<p style=\"margin-left: 28pt;\"><span style=\"color: #c00000; font-family: Arial;\">\u00ab\u00a0Le 4 septembre, ce groupe descendu de la Croix-Rousse, Vaise et la Guilloti\u00e8re, s&#8217;empare de la mairie \u00e0 8 heures, avec \u00e0 sa t\u00eate <strong>Jacques-Louis H\u00e9non<\/strong>. \u00c2g\u00e9 de 68 ans, c&rsquo;est un des rares d\u00e9put\u00e9s r\u00e9publicains sous l&rsquo;Empire. C&rsquo;est un mod\u00e9r\u00e9. Form\u00e9 en comit\u00e9 de salut public, les militants surgissent sur le balcon. Ils proclament la R\u00e9publique \u00e0 Lyon. La foule mass\u00e9e place des Terreaux les acclame. Une affiche d\u00e9cr\u00e8te la d\u00e9ch\u00e9ance de l&rsquo;Empire.<br \/>\n<\/span><span style=\"color: #c00000; font-family: Arial;\">La municipalit\u00e9 lyonnaise est officialis\u00e9e le 15 septembre, \u00e9lue au suffrage universel avec \u00e0 sa t\u00eate <strong>H\u00e9non<\/strong> et comme adjoints notamment <strong>D\u00e9sir\u00e9 Barodet<\/strong> et <strong>Antoine Gailleton<\/strong>.\u00a0\u00bb<br \/>\n<\/span><\/p>\n<p><span style=\"color: #777777; font-family: Arial;\"><a href=\"https:\/\/www.archives-lyon.fr\/pages\/jacqueslouis_henon\"><img loading=\"lazy\" decoding=\"async\" class=\"wp-image-11056 alignleft\" src=\"https:\/\/lemotdujour.fr\/wp-content\/uploads\/2021\/04\/Jacques-Louis-Henon.png\" alt=\"\" width=\"383\" height=\"428\" srcset=\"https:\/\/lemotdujour.fr\/wp-content\/uploads\/2021\/04\/Jacques-Louis-Henon.png 562w, https:\/\/lemotdujour.fr\/wp-content\/uploads\/2021\/04\/Jacques-Louis-Henon-268x300.png 268w\" sizes=\"auto, (max-width: 383px) 100vw, 383px\" \/><\/a>Aujourd&rsquo;hui la toponymie de Lyon conna\u00eet la rue H\u00e9non, la rue Barodet, tous les deux sur le plateau de la Croix Rousse et la place Gailleton sur la Presqu&rsquo;ile. Tous les trois furent maire de Lyon.<br \/>\n<\/span><\/p>\n<p><span style=\"color: #777777; font-family: Arial;\">Mais les r\u00e9publicains mod\u00e9r\u00e9s \u00e9taient contest\u00e9s par les Internationalistes.<br \/>\n<\/span><\/p>\n<p><span style=\"color: #777777; font-family: Arial;\">Ainsi, ces derniers remplacent, le 4 septembre, le drapeau tricolore par le drapeau rouge sur l&rsquo;h\u00f4tel de ville. Il y reste jusqu&rsquo;au 4 mars 1871 affirme le Progr\u00e8s.<br \/>\n<\/span><\/p>\n<p><span style=\"color: #777777; font-family: Arial;\">Les membres de la premi\u00e8re Internationale sont d\u00e9j\u00e0 tr\u00e8s actifs sur Lyon depuis le d\u00e9but de l&rsquo;ann\u00e9e 1870.<br \/>\n<\/span><\/p>\n<p><span style=\"color: #777777; font-family: Arial;\">Wikipedia dans son article sur &lt;<span style=\"color: #0000ff;\"><a style=\"color: #0000ff;\" href=\"https:\/\/fr.wikipedia.org\/wiki\/Commune_de_Lyon\">La commune de Lyon<\/a><\/span>&gt; rapporte\u00a0:<br \/>\n<\/span><\/p>\n<p style=\"margin-left: 28pt;\"><span style=\"color: #c00000; font-family: Arial;\">\u00ab\u00a0D\u00e8s les premiers mois de 1870, les membres lyonnais de l&rsquo;Association internationale des travailleurs (<strong>AIT<\/strong>) travaillent \u00e0 pr\u00e9parer les ouvriers lyonnais \u00e0 une \u00e9ventuelle r\u00e9volution. En liaison avec Bakounine, ils organisent un grand meeting r\u00e9unissant plusieurs milliers de participants le 13 mars, qui donne un grand poids \u00e0 la section locale, alors r\u00e9\u00e9lue avec \u00e0 sa t\u00eate Albert Richardo . Le 20 juillet 1870, au deuxi\u00e8me jour de la guerre entre la France et la Prusse, l&rsquo;AIT organise une manifestation pacifiste de la place des Terreaux \u00e0 la rue Sala.<br \/>\n<\/span><\/p>\n<p style=\"margin-left: 28pt;\"><span style=\"color: #c00000; font-family: Arial;\">Durant le conflit, dans toute la ville les \u00e9l\u00e9ments r\u00e9publicains et plus avanc\u00e9s (anarchistes, r\u00e9volutionnaires socialistes) se pr\u00e9parent \u00e0 la chute de l&rsquo;Empire. Les diff\u00e9rentes sensibilit\u00e9s tentent de se r\u00e9unir pour organiser l&rsquo;apr\u00e8s Napol\u00e9on III mais ils ne parviennent pas \u00e0 s&rsquo;entendre. Toutefois, tous ces milieux sont d&rsquo;accord sur l&rsquo;id\u00e9e d&rsquo;une autonomie municipale, pour rompre avec les pratiques centralisatrices de l&rsquo;Empire.\u00a0\u00bb<br \/>\n<\/span><\/p>\n<p><span style=\"color: #777777; font-family: Arial;\">L&rsquo;autonomie au niveau d&rsquo;une commune n&rsquo;arrive donc pas comme une g\u00e9n\u00e9ration spontan\u00e9e en mars 1871, mais est pr\u00e9par\u00e9e en amont.<br \/>\n<\/span><\/p>\n<p><span style=\"color: #777777; font-family: Arial;\">Alors que H\u00e9non et les r\u00e9publicains mod\u00e9r\u00e9s sont aux commandes \u00e0 la mairie, les internationalistes appellent au soul\u00e8vement pour instaurer la commune de Lyon.<br \/>\n<\/span><\/p>\n<p><img loading=\"lazy\" decoding=\"async\" class=\"alignleft\" src=\"https:\/\/lemotdujour.fr\/wp-content\/uploads\/2021\/04\/041221_2215_Mardi13avri1.jpg\" alt=\"\" width=\"504\" height=\"723\" align=\"left\" \/><span style=\"color: #777777; font-family: Arial;\">Les archives municipales conservent l&rsquo;affiche placard\u00e9e le 26 septembre 1870 \u00e0 Lyon.<br \/>\n<\/span><\/p>\n<p><span style=\"color: #777777; font-family: Arial;\">Sur les 7 articles, j&rsquo;en souligne deux\u00a0:<br \/>\n<\/span><\/p>\n<p><span style=\"color: #777777; font-family: Arial;\">L&rsquo;article 1<sup>er<\/sup> qui entend mettre fin au gouvernement de l&rsquo;Etat<br \/>\n<\/span><\/p>\n<p style=\"margin-left: 28pt;\"><span style=\"color: #c00000; font-family: Arial;\">\u00ab\u00a0Article 1er. &#8211; La machine administrative et gouvernementale de l&rsquo;\u00c9tat, \u00e9tant devenue impuissante, est abolie.\u00a0\u00bb<br \/>\n<\/span><\/p>\n<p><span style=\"color: #777777; font-family: Arial;\">Et l&rsquo;article 5 qui veut centrer le pouvoir sur les communes f\u00e9d\u00e9r\u00e9es\u00a0:<br \/>\n<\/span><\/p>\n<p style=\"margin-left: 28pt;\"><span style=\"color: #c00000; font-family: Arial;\">\u00ab\u00a0Art. 5. &#8211; Toutes les organisations municipales existantes sont cass\u00e9es et remplac\u00e9es dans toutes les communes f\u00e9d\u00e9r\u00e9es par des comit\u00e9s de salut de la France, qui exerceront tous les pouvoirs sous le contr\u00f4le imm\u00e9diat du Peuple.\u00a0\u00bb<br \/>\n<\/span><\/p>\n<p><span style=\"color: #777777; font-family: Arial;\">Parmi les signataires vous verrez appara\u00eetre le nom de <strong>Mikha\u00efl Bakounine<\/strong> (1814-1876), le socialiste libertaire, th\u00e9oricien de l&rsquo;anarchisme. <\/span><span style=\"color: #777777; font-family: Arial;\">Celui que Marx parviendra \u00e0 faire exclure de la 1<sup>\u00e8re<\/sup> internationale lors du Congr\u00e8s de La Haye de 1872. Ce fut la victoire du socialisme autoritaire, contre le socialisme libertaire.<br \/>\n<\/span><\/p>\n<p><span style=\"color: #777777; font-family: Arial;\">Bakounine va donc s&rsquo;investir dans le conflit de pouvoir qui s&rsquo;ouvre \u00e0 Lyon en septembre 1870.<br \/>\n<\/span><\/p>\n<p><span style=\"color: #777777; font-family: Arial;\">Dans <a href=\"https:\/\/fr.wikipedia.org\/wiki\/Mikha%C3%AFl_Bakounine\"><span style=\"color: #0000ff;\">l&rsquo;article wikipedia<\/span><\/a> qui lui est consacr\u00e9 on trouve la description suivante\u00a0:<br \/>\n<\/span><\/p>\n<p style=\"margin-left: 28pt;\"><span style=\"color: #c00000; font-family: Arial;\"><a href=\"https:\/\/fr.wikipedia.org\/wiki\/Mikha%C3%AFl_Bakounine\"><img loading=\"lazy\" decoding=\"async\" class=\"wp-image-11057 alignright\" src=\"https:\/\/lemotdujour.fr\/wp-content\/uploads\/2021\/04\/Bakounine.jpg\" alt=\"\" width=\"275\" height=\"360\" srcset=\"https:\/\/lemotdujour.fr\/wp-content\/uploads\/2021\/04\/Bakounine.jpg 400w, https:\/\/lemotdujour.fr\/wp-content\/uploads\/2021\/04\/Bakounine-229x300.jpg 229w\" sizes=\"auto, (max-width: 275px) 100vw, 275px\" \/><\/a>\u00ab\u00a0Le 15, Bakounine arrive \u00e0 Lyon. Il y trouve l&rsquo;Internationale dans un grand d\u00e9sordre id\u00e9ologique et se plaint de la voir collaborer avec les r\u00e9publicains, au risque de laisser les plus basses intrigues se d\u00e9velopper. Il met fin \u00e0 cet \u00e9tat de fait. Se tenant \u00e9loign\u00e9 des r\u00e9unions publiques auxquelles il ne participe qu&rsquo;exceptionnellement, il pr\u00e9pare le soul\u00e8vement avec ses amis intimes de l&rsquo;Internationale. Le 17 septembre est cr\u00e9\u00e9 le \u00ab Comit\u00e9 du Salut de la France \u00bb, un organisme qui devait constituer des groupes dans chaque commune pour transformer la guerre en guerre r\u00e9volutionnaire. Le Comit\u00e9, dont l&rsquo;influence ne d\u00e9passe pas Lyon, compte en son sein des d\u00e9l\u00e9gu\u00e9s de diff\u00e9rents quartiers de la ville. Il d\u00e9ploie une grande activit\u00e9, publiant des manifestes et multipliant les r\u00e9unions publiques. Une coordination est bient\u00f4t \u00e9tablie entre groupes r\u00e9volutionnaires, associations ouvri\u00e8res et milices de citoyens.<br \/>\n<\/span><\/p>\n<p style=\"margin-left: 28pt;\"><span style=\"color: #c00000; font-family: Arial;\">Le 25 septembre, Bakounine r\u00e9dige la proclamation de la F\u00e9d\u00e9ration r\u00e9volutionnaire des communes. Appelant au soul\u00e8vement de la premi\u00e8re Commune de Lyon, [\u2026]<br \/>\n<\/span><\/p>\n<p style=\"margin-left: 28pt;\"><span style=\"color: #c00000; font-family: Arial;\">Le 27 au soir, le Comit\u00e9 central du Salut de la France d\u00e9cide pour le lendemain une grande manifestation. Bakounine, qui n&rsquo;est pas suivi, souhaite que ce soit une manifestation en armes. Il est pr\u00e9vu d&rsquo;arriver Place des Terreaux \u00e0 midi et d&rsquo;exiger des autorit\u00e9s qu&rsquo;elles prennent les mesures les plus \u00e9nergiques pour les besoins de la d\u00e9fense nationale.<br \/>\n<\/span><\/p>\n<p style=\"margin-left: 28pt;\"><span style=\"color: #c00000; font-family: Arial;\">Le 28 septembre 1870, ce sont plusieurs milliers d&rsquo;ouvriers qui d\u00e9bouchent \u00e0 midi sur la Place des Terreaux. Une d\u00e9l\u00e9gation entre dans l&rsquo;H\u00f4tel de ville, mais ne trouve pas d&rsquo;interlocuteurs. C&rsquo;est alors qu&rsquo;une centaine d&rsquo;hommes force les portes de l&rsquo;H\u00f4tel de Ville, et y p\u00e9n\u00e8tre avec Saignes, Bakounine, Richard, Bastelica et d&rsquo;autres membres encore du Comit\u00e9.\u00a0\u00bb<br \/>\n<\/span><\/p>\n<p><span style=\"color: #777777; font-family: Arial;\">Mais cette insurrection \u00e9chouera. Les ouvriers r\u00e9unis sur la Place des Terreaux se retrouvent, sans armes ,face \u00e0 la troupe et \u00e0 la Garde nationale des quartiers bourgeois. Cette derni\u00e8re p\u00e9n\u00e8tre bient\u00f4t dans la cour int\u00e9rieure de l&rsquo;H\u00f4tel de Ville.<br \/>\n<\/span><\/p>\n<p><span style=\"color: #777777; font-family: Arial;\">Bakounine, s&rsquo;enfuit et via G\u00eanes regagne la Suisse.<br \/>\n<\/span><\/p>\n<p><span style=\"color: #777777; font-family: Arial;\">L&rsquo;agitation qui a eu lieu \u00e0 Lyon se r\u00e9p\u00e8te dans d&rsquo;autres villes.<br \/>\n<\/span><\/p>\n<p><span style=\"color: #777777; font-family: Arial;\">In\u00e8s Ben Slama \u00e9crit\u00a0:<br \/>\n<\/span><\/p>\n<p style=\"margin-left: 28pt;\"><span style=\"color: #c00000; font-family: Arial;\">\u00ab\u00a0A Marseille, le 1er novembre, une commission r\u00e9volutionnaire s&rsquo;installe \u00e0 la mairie, avant d&rsquo;\u00eatre \u00e9cart\u00e9e quelques jours plus tard. Le 5 d\u00e9cembre, une tentative d&rsquo;insurrection \u00e9choue \u00e0 Rouen. Autant d&rsquo;exemples qui montrent la vitalit\u00e9 r\u00e9volutionnaire de la province, en particulier de Lyon et de Marseille, o\u00f9 pas un mois ne se passe sans coup de force contre les autorit\u00e9s instaur\u00e9es apr\u00e8s le 4 septembre. Loin de l&rsquo;image d&rsquo;une capitale isol\u00e9e dans ses protestations, les villes du Sud aspirent elles aussi \u00e0 davantage d&rsquo;autonomie municipale et revendiquent la d\u00e9fense de la r\u00e9publique.\u00a0\u00bb<span style=\"color: #777777;\"><br \/>\n<\/span><\/span><\/p>\n<p><span style=\"color: #777777; font-family: Arial;\">Que se passe t&rsquo;il \u00e0 partir du 18 mars 1871, date de d\u00e9but de ce que l&rsquo;Histoire va d\u00e9signer sous le nom de <strong>\u00ab\u00a0la Commune<\/strong>\u00a0\u00bb, d\u00e9marrage des 72 jours\u00a0?<br \/>\n<\/span><\/p>\n<p><span style=\"color: #777777; font-family: Arial;\">Les communards vont tenter de rallier la province.<br \/>\n<\/span><\/p>\n<p><span style=\"color: #777777; font-family: Arial;\">In\u00e9s Ben Slama s&rsquo;appuie sur le r\u00e9cit d&rsquo;un ouvrier Charles Amouroux\u00a0:<br \/>\n<\/span><\/p>\n<p style=\"margin-left: 28pt;\"><span style=\"color: #c00000; font-family: Arial;\">\u00ab\u00a0Les autorit\u00e9s cherchant \u00e0 rallier \u00e0 leur cause les municipalit\u00e9s et l&rsquo;opinion des grandes villes. Pour ce faire, des \u00e9missaires y sont envoy\u00e9s afin de convaincre les repr\u00e9sentants des villes de leur apporter un soutien moral et de proclamer elles aussi la Commune. Le parcours de l&rsquo;ouvrier Charles Amouroux, membre de l&rsquo;Internationale et futur \u00e9lu de la Commune de Paris, illustre les p\u00e9r\u00e9grinations de ces \u00e9missaires parisiens : arriv\u00e9 \u00e0 Lyon le 23 mars apr\u00e8s avoir \u00e9t\u00e9 charg\u00e9 d&rsquo;y op\u00e9rer la fusion des Gardes nationales parisienne et lyonnaise, il rentre \u00e0 Paris confier \u00e0 deux f\u00e9d\u00e9r\u00e9s une d\u00e9l\u00e9gation pour Saint-\u00c9tienne. Il repart ensuite pour Marseille avec Bernard Landeck, autre membre de l&rsquo;Internationale. Le 29, la police signale sa pr\u00e9sence \u00e0 Chalabre (Aude), sa commune d&rsquo;origine, et saisit une affiche manuscrite sur papier rouge dont le texte lui est attribu\u00e9 : \u00ab Citoyens, la chambre royaliste voulant tuer la r\u00e9publique, le peuple, la Garde nationale et l&rsquo;arm\u00e9e de Paris ont d\u00e9clar\u00e9 sa d\u00e9ch\u00e9ance. Lyon, Marseille, Toulouse, Saint-\u00c9tienne et toutes les villes de France ont suivi le mouvement de Paris. Pr\u00e9parons-nous \u00e0 faire comme elles. Sauvons l&rsquo;Ordre et la R\u00e9publique ! Vive la R\u00e9publique ! Un d\u00e9l\u00e9gu\u00e9 de Paris. \u00bb<br \/>\n<\/span><\/p>\n<p><span style=\"color: #777777; font-family: Arial;\">Des Communes seront proclam\u00e9es en 1871 \u00e0 Lyon et Marseille le m\u00eame jour (23 mars), puis \u00e0 Narbonne (24 mars) et au Creusot (26 mars), en m\u00eame temps que des mouvements insurrectionnels \u00e9clatent \u00e0 Toulouse (24 mars), Saint-\u00c9tienne (25 mars), Limoges (4 avril), La Charit\u00e9-sur-Loire (10-11 avril), Rouen (14 avril), Cosne et Saint-Amand (15 avril), Tullins et Saint-Marcellin (17 avril), Neuvy (19 avril), Montargis (1er mai), Varilhes (2-3 mai), Montereau (7-8 mai), Romans (22 mai), Voiron et Vienne (24 mai).<br \/>\n<\/span><\/p>\n<p><span style=\"color: #777777; font-family: Arial;\">Et je cite toujours In\u00e9s Ben Slama<br \/>\n<\/span><\/p>\n<p style=\"margin-left: 28pt;\"><span style=\"color: #c00000; font-family: Arial;\">\u00ab\u00a0C&rsquo;est \u00e0 Marseille que la Commune a dur\u00e9 le plus longtemps. Du 23 mars au 4 avril, les r\u00e9publicains men\u00e9s par l&rsquo;avocat n\u00eemois Gaston Cr\u00e9mieux dominent la pr\u00e9fecture, o\u00f9 une commission d\u00e9partementale a pris le pouvoir. A l&rsquo;\u00e9chelle urbaine, l&rsquo;afflux r\u00e9cent de migrants des campagnes pour faire marcher une industrie en pleine croissance fait appara\u00eetre de nouveaux centres insurrectionnels.<br \/>\n<\/span><\/p>\n<p style=\"margin-left: 28pt;\"><span style=\"color: #c00000; font-family: Arial;\">A Lyon, la Croix- Rousse, traditionnelle colline des insurrections, est supplant\u00e9e en avril par la Guilloti\u00e8re, nouveau quartier ouvrier, o\u00f9 les r\u00e9volutionnaires, second\u00e9s par les envoy\u00e9s de la Commune de Paris proclament \u2013 de nouveau \u2013 la Commune. Cependant, \u00e0 Lyon comme \u00e0 Marseille, faute de soutien massif de la Garde nationale, les tentatives successives sont rapidement r\u00e9prim\u00e9es.\u00a0\u00bb<br \/>\n<\/span><\/p>\n<p><span style=\"color: #777777; font-family: Arial;\">A Lyon, les heurts auront lieu \u00e0 l&rsquo;H\u00f4tel de la ville en bas des pentes de la Croix Rousse et surtout dans le quartier de la Guilloti\u00e8re.<br \/>\n<\/span><\/p>\n<p><span style=\"color: #777777; font-family: Arial;\">Autour de l&rsquo;H\u00f4tel de ville, le maire H\u00e9non prendra l&rsquo;opportunit\u00e9 d&rsquo;accueillir solennellement \u00ab les h\u00e9ros en armes de Belfort \u00bb qui avaient r\u00e9sist\u00e9 avec honneur au si\u00e8ge des Prussiens. L&rsquo;entr\u00e9e de cette force d&rsquo;intervention mettra fin aux troubles autour de l&rsquo;H\u00f4tel de ville.<br \/>\n<\/span><\/p>\n<p><span style=\"color: #777777; font-family: Arial;\"><a href=\"https:\/\/www.commune1871.org\/la-commune-de-paris\/histoire-de-la-commune\/dossier-thematique\/les-communes-en-province\/977-lyon-communard\"><img loading=\"lazy\" decoding=\"async\" class=\" wp-image-11063 alignright\" src=\"https:\/\/lemotdujour.fr\/wp-content\/uploads\/2021\/04\/Guillotiere-Venissieux.png\" alt=\"\" width=\"554\" height=\"411\" srcset=\"https:\/\/lemotdujour.fr\/wp-content\/uploads\/2021\/04\/Guillotiere-Venissieux.png 812w, https:\/\/lemotdujour.fr\/wp-content\/uploads\/2021\/04\/Guillotiere-Venissieux-300x222.png 300w, https:\/\/lemotdujour.fr\/wp-content\/uploads\/2021\/04\/Guillotiere-Venissieux-768x569.png 768w\" sizes=\"auto, (max-width: 554px) 100vw, 554px\" \/><\/a>&lt;<span style=\"color: #0000ff;\">Wikipedia<\/span>&gt; pr\u00e9cise que le dernier bastion se trouvera \u00e0 Guilloti\u00e8re\u00a0:<br \/>\n<\/span><\/p>\n<p style=\"margin-left: 28pt;\"><span style=\"color: #c00000; font-family: Arial;\">\u00ab\u00a0Le drapeau rouge continua cependant \u00e0 flotter sur la mairie de la Guilloti\u00e8re, place du Pont. Le 30 avril, apr\u00e8s un appel au boycott des \u00e9lections,elle est occup\u00e9e par les gardes nationaux qui interdisent l&rsquo;acc\u00e8s aux urnes avec la complicit\u00e9 de la majorit\u00e9 de la population. Des barricades sont dress\u00e9es Grand rue de la Guilloti\u00e8re et cours des Brosses (actuel cours Gambetta). L&rsquo;arm\u00e9e arrive de Perrache, sur ordre du pr\u00e9fet Valentin, face \u00e0 une foule de 20 000 \u00e0 25 000 personnes qui crie \u00ab Ne tirez pas ! Crosse en l&rsquo;air ! On vous fait marcher contre le peuple ! \u00bb C&rsquo;est alors que deux colonnes de fantassins, l&rsquo;une par le pont de la Guilloti\u00e8re avec Valentin et l&rsquo;autre par la rue de Marseille avec Andrieux, dispersent les manifestants vers 19h45 en tirant. Les insurg\u00e9s ripostent de derri\u00e8re les barricades et la bataille dure jusqu&rsquo;\u00e0 23h, moment o\u00f9 les militaires font donner l&rsquo;artillerie pour enfoncer les portes de la Mairie de la Guilloti\u00e8re. On compte une trentaine de morts. \u00a0\u00bb<br \/>\n<\/span><\/p>\n<p><span style=\"color: #777777; font-family: Arial;\"><strong>Maurice Moissonnier<\/strong> conclura son article &lt;<a href=\"https:\/\/www.commune1871.org\/la-commune-de-paris\/histoire-de-la-commune\/dossier-thematique\/les-communes-en-province\/977-lyon-communard\"><span style=\"color: #0000ff;\">Lyon communard<\/span><\/a>&gt;, apr\u00e8s avoir constat\u00e9 que la Guilloti\u00e8re avait remplac\u00e9 la Croix Rousse dans le c\u0153ur insurrectionnel des ouvriers de Lyon :<br \/>\n<\/span><\/p>\n<p style=\"margin-left: 28pt;\"><span style=\"color: #c00000; font-family: Arial;\">\u00ab\u00a0En 1871, \u00e0 Lyon, le dernier bastion communard avait \u00e9t\u00e9 la Guilloti\u00e8re, quartier du nouveau prol\u00e9tariat. Pour la premi\u00e8re fois on \u00e9tait descendu de la Croix-Rousse \u2014 la vieille colline des insurrections du XlXe si\u00e8cle \u2014 pour combattre sur les barricades d&rsquo;outre-Rh\u00f4ne. Jusqu&rsquo;en 1849, les r\u00e9volutionnaires faisaient plut\u00f4t le chemin inverse.\u00a0\u00bb<br \/>\n<\/span><\/p>\n<p><span style=\"color: #777777; font-family: Arial;\">par cette phrase\u00a0:<br \/>\n<\/span><\/p>\n<p style=\"margin-left: 28pt;\"><span style=\"color: #c00000; font-family: Arial;\"><strong>\u00ab\u00a0La Commune ne se laisse pas r\u00e9duire \u00e0 un \u00e9v\u00e9nement seulement parisien.\u00a0\u00bb<br \/>\n<\/strong><\/span><\/p>\n<p><span style=\"color: maroon; font-family: Arial;\">&lt;1552&gt;<\/span><\/p>\n","protected":false},"excerpt":{"rendered":"<p>\u00ab\u00a0La Commune ne se laisse pas r\u00e9duire \u00e0 un \u00e9v\u00e9nement seulement parisien.\u00a0\u00bb Maurice Moissonnier La Revue L&rsquo;Histoire, consacr\u00e9e \u00e0 La Commune pose la question\u00a0: \u00ab\u00a0Et si la province avait suivi ?\u00a0\u00bb C&rsquo;est une professeure, agr\u00e9g\u00e9e d&rsquo;Histoire, In\u00e8s Ben Slama qui<\/p>\n","protected":false},"author":1,"featured_media":0,"comment_status":"open","ping_status":"closed","sticky":false,"template":"","format":"standard","meta":{"footnotes":""},"categories":[1],"tags":[15,17,45,133],"class_list":["post-11052","post","type-post","status-publish","format-standard","hentry","category-motdujour","tag-france","tag-histoire","tag-lyon","tag-revolution"],"_links":{"self":[{"href":"https:\/\/lemotdujour.fr\/index.php?rest_route=\/wp\/v2\/posts\/11052","targetHints":{"allow":["GET"]}}],"collection":[{"href":"https:\/\/lemotdujour.fr\/index.php?rest_route=\/wp\/v2\/posts"}],"about":[{"href":"https:\/\/lemotdujour.fr\/index.php?rest_route=\/wp\/v2\/types\/post"}],"author":[{"embeddable":true,"href":"https:\/\/lemotdujour.fr\/index.php?rest_route=\/wp\/v2\/users\/1"}],"replies":[{"embeddable":true,"href":"https:\/\/lemotdujour.fr\/index.php?rest_route=%2Fwp%2Fv2%2Fcomments&post=11052"}],"version-history":[{"count":6,"href":"https:\/\/lemotdujour.fr\/index.php?rest_route=\/wp\/v2\/posts\/11052\/revisions"}],"predecessor-version":[{"id":11065,"href":"https:\/\/lemotdujour.fr\/index.php?rest_route=\/wp\/v2\/posts\/11052\/revisions\/11065"}],"wp:attachment":[{"href":"https:\/\/lemotdujour.fr\/index.php?rest_route=%2Fwp%2Fv2%2Fmedia&parent=11052"}],"wp:term":[{"taxonomy":"category","embeddable":true,"href":"https:\/\/lemotdujour.fr\/index.php?rest_route=%2Fwp%2Fv2%2Fcategories&post=11052"},{"taxonomy":"post_tag","embeddable":true,"href":"https:\/\/lemotdujour.fr\/index.php?rest_route=%2Fwp%2Fv2%2Ftags&post=11052"}],"curies":[{"name":"wp","href":"https:\/\/api.w.org\/{rel}","templated":true}]}}