{"id":11042,"date":"2021-04-12T00:17:33","date_gmt":"2021-04-11T22:17:33","guid":{"rendered":"http:\/\/lemotdujour.fr\/?p=11042"},"modified":"2021-04-12T00:37:34","modified_gmt":"2021-04-11T22:37:34","slug":"lundi-12-avril-2021","status":"publish","type":"post","link":"https:\/\/lemotdujour.fr\/?p=11042","title":{"rendered":"Lundi 12 avril 2021"},"content":{"rendered":"<div class=\"mdjTexte\">\u00ab\u00a0Une fois perdus le bon Dieu et les lendemains qui chantent, que reste-t-il ?\u00a0\u00bb<\/div>\n<div class=\"mdjAuteur\">R\u00e9gis Debray<\/div>\n<p><span style=\"color: #777777; font-family: Arial;\">La Commune divise. Elle a divis\u00e9 et continue \u00e0 diviser.<br \/>\n<\/span><\/p>\n<p><span style=\"color: #777777; font-family: Arial;\">Je ne me souvenais pas que le jeune Pr\u00e9sident que le hasard et la providence ont donn\u00e9 \u00e0 la France avait d\u00e9clar\u00e9 en 2018\u00a0:<br \/>\n<\/span><\/p>\n<p style=\"margin-left: 28pt;\"><span style=\"color: #c00000; font-family: Arial;\">\u00ab\u00a0[Versailles, c&rsquo;est un lieu] o\u00f9 la R\u00e9publique [\u2026] s&rsquo;\u00e9tait retranch\u00e9e quand elle \u00e9tait menac\u00e9e\u2026\u00bb<br \/>\n<\/span><\/p>\n<p><span style=\"color: #777777; font-family: Arial;\">La phrase a \u00e9t\u00e9 prononc\u00e9e dans un documentaire r\u00e9alis\u00e9 par Bertrand Delais et diffus\u00e9 sur France 3, le 7 mai 2018, un an apr\u00e8s l&rsquo;\u00e9lection pr\u00e9sidentielle : \u00ab Macron pr\u00e9sident, la fin de l&rsquo;innocence \u00bb<br \/>\n<\/span><\/p>\n<p><span style=\"color: #777777; font-family: Arial;\">Pour ce camp-l\u00e0, \u00e9crit &lt;<span style=\"color: #0000ff;\"><a style=\"color: #0000ff;\" href=\"https:\/\/www.nouvelobs.com\/idees\/20210411.OBS42576\/la-commune-apres-la-guerre-civile-la-bataille-des-memoires.html\">L&rsquo;Obs<\/a><\/span>&gt;\u00a0: \u00ab\u00a0 <span style=\"color: #c00000;\">Adolphe Thiers a commis des erreurs, mais il reste l&rsquo;homme qui a habilement \u00ab lib\u00e9r\u00e9 le territoire \u00bb et r\u00e9ussi \u00e0 jeter les fondements de la R\u00e9publique, bravant une majorit\u00e9 monarchiste r\u00e9tive. Ils ne manquent jamais de souligner combien il \u00e9tait populaire : lors de ses fun\u00e9railles \u00e0 Paris, en 1877, une foule immense s&rsquo;est press\u00e9e, aux cris de \u00ab Vive la R\u00e9publique ! \u00bb.<span style=\"color: #777777;\">\u00a0\u00bb<br \/>\n<\/span><\/span><\/span><\/p>\n<p><span style=\"color: #777777; font-family: Arial;\"><strong>Jean-Luc Melenchon<\/strong> n&rsquo;appartient pas \u00e0 ce camp, lui qui a plusieurs reprises \u00e0 choisi la date du <strong>18 mars<\/strong> pour organiser des r\u00e9unions \u00e9lectorales majeures des diff\u00e9rentes campagnes \u00e9lectorales auxquelles il a particip\u00e9.<br \/>\n<\/span><\/p>\n<p><span style=\"color: #777777; font-family: Arial;\">Quand Herv\u00e9 Gardette, dans son \u00e9mission \u00ab\u00a0<strong>Politique<\/strong>\u00a0\u00bb sur France Culture veut inviter un partisan de la commune, il invite tr\u00e8s naturellement Jean-Luc Melenchon\u00a0: &lt; <span style=\"color: #0000ff;\"><a style=\"color: #0000ff;\" href=\"https:\/\/www.franceculture.fr\/emissions\/politique\/jean-luc-melenchon\">La Commune appartient \u00e0 toutes les vari\u00e9t\u00e9s de la pens\u00e9e r\u00e9volutionnaire fran\u00e7aise<\/a> <\/span>&gt;<br \/>\n<\/span><\/p>\n<p><span style=\"color: #777777; font-family: Arial;\">C&rsquo;est pourquoi aussi <strong>l&rsquo;Obs <\/strong>quand il veut apporter la contradiction \u00e0 l&rsquo;historien <strong>Pierre Nora<\/strong> qui ne veut pas c\u00e9l\u00e9brer la Commune parce qu&rsquo;elle n&rsquo;a pas apport\u00e9 grand-chose \u00e0 l&rsquo;histoire de la nation, distribue ce r\u00f4le \u00e0 Jean-luc M\u00e9lenchon\u00a0:<br \/>\n<\/span><\/p>\n<p><span style=\"color: #777777; font-family: Arial;\">&lt;<span style=\"color: #0000ff;\"><a style=\"color: #0000ff;\" href=\"https:\/\/www.nouvelobs.com\/idees\/20210410.OBS42544\/faut-il-commemorer-la-commune-le-debat-entre-pierre-nora-et-jean-luc-melenchon.html\">Faut-il comm\u00e9morer la Commune ? Le d\u00e9bat entre Pierre Nora et Jean-Luc M\u00e9lenchon<\/a><\/span>&gt;<br \/>\n<\/span><\/p>\n<p><span style=\"color: #777777; font-family: Arial;\">Ce d\u00e9bat me semble int\u00e9ressant \u00e0 partager\u00a0:<br \/>\n<\/span><\/p>\n<p><span style=\"color: #777777; font-family: Arial;\">Pierre Nora explicite sa position et rattache surtout la commune \u00e0 sa r\u00e9cup\u00e9ration marxiste et l\u00e9niniste:<br \/>\n<\/span><\/p>\n<p style=\"margin-left: 28pt;\"><span style=\"color: #c00000; font-family: Arial;\">\u00ab\u00a0La Commune a \u00e9t\u00e9 un \u00e9pisode \u00e9mouvant, h\u00e9ro\u00efque \u00e0 certains \u00e9gards, la derni\u00e8re r\u00e9volution du XIXe si\u00e8cle romantique. Mon ami R\u00e9gis Debray me disait l&rsquo;autre jour qu&rsquo;elle est \u00ab un r\u00e9f\u00e9rent mondial et un accident national \u00bb. C&rsquo;est un \u00e9v\u00e9nement qui a eu peu d&rsquo;apports dans l&rsquo;histoire de notre pays. A la diff\u00e9rence de Napol\u00e9on, elle n&rsquo;a pas profond\u00e9ment contribu\u00e9 \u00e0 la construction de l&rsquo;id\u00e9e nationale. Qu&rsquo;il y ait une comm\u00e9moration officielle, j&rsquo;y vois donc peu de raisons. Que les communistes, dont c&rsquo;est la tradition, l&rsquo;exaltent et la c\u00e9l\u00e8brent, c&rsquo;est l\u00e9gitime. L\u00e9nine s&rsquo;en r\u00e9clame, Staline, Mao, Castro aussi, toute la tradition r\u00e9volutionnaire du XXe si\u00e8cle. [\u2026]. Les 80 membres du Conseil de la Commune \u00e9taient tr\u00e8s disparates. Il y avait des jacobins, des sans-culottes, des internationalistes, des blanquistes, des anarchistes, des patriotes. La dimension patriotique de la Commune est fondamentale, c&rsquo;est une r\u00e9action populaire forte \u00e0 la France rurale et capitularde de l&rsquo;\u00e9poque. [\u2026]<br \/>\n<\/span><\/p>\n<p style=\"margin-left: 28pt;\"><span style=\"color: #c00000; font-family: Arial;\">La violence de la r\u00e9pression a beaucoup contribu\u00e9 \u00e0 faire sa l\u00e9gende. Ainsi que sa bri\u00e8vet\u00e9 : elle n&rsquo;a pas eu le temps d&rsquo;exp\u00e9rimenter ses id\u00e9es anticipatrices. <\/span><span style=\"color: #c00000; font-family: Arial;\">[\u2026] l&rsquo;\u00e9cole la\u00efque, les coop\u00e9ratives ouvri\u00e8res, la remise des loyers. Avec des inspirations tant\u00f4t r\u00e9publicaines, comme la la\u00efcit\u00e9, tant\u00f4t socialistes, comme l&rsquo;hostilit\u00e9 \u00e0 l&rsquo;Etat. Tout \u00e7a a compos\u00e9 un ensemble qui a \u00e9t\u00e9 brutalement contrecarr\u00e9 et a donn\u00e9 lieu \u00e0 deux m\u00e9moires oppos\u00e9es. Une m\u00e9moire rose, dont Jean-Luc M\u00e9lenchon est l&rsquo;h\u00e9ritier, \u00e0 laquelle il faut ajouter de l&rsquo;h\u00e9ro\u00efsme et du romantisme : c&rsquo;est une utopie r\u00e9volutionnaire mod\u00e8le. L&rsquo;autre, la l\u00e9gende noire, voit le peuple comme la populace. C&rsquo;est l&rsquo;id\u00e9e que tous les intellectuels de l&rsquo;\u00e9poque se faisaient de la Commune, Flaubert, Sand et m\u00eame Zola\u2026 Pour eux, c&rsquo;\u00e9tait la racaille.<br \/>\n<\/span><\/p>\n<p style=\"margin-left: 28pt;\"><span style=\"color: #c00000; font-family: Arial;\">[\u2026] Ils n&rsquo;\u00e9taient pas unanimes, loin de l\u00e0, et cela aurait \u00e9videmment abouti \u00e0 des querelles. Ensuite, il y a plusieurs \u00e9tapes. Le souvenir du massacre a inspir\u00e9 chez les r\u00e9prouv\u00e9s et les survivants un v\u00e9ritable culte. Et puis l&rsquo;aura de la Commune s&rsquo;est internationalis\u00e9e. Rappelez-vous L\u00e9nine dansant sur la place Rouge, le 73e jour du pouvoir des soviets : \u00ab Nous avons tenu un jour de plus que la Commune ! \u00bb<br \/>\n<\/span><\/p>\n<p style=\"margin-left: 28pt;\"><span style=\"color: #c00000; font-family: Arial;\">[\u2026] A ce moment-l\u00e0, la Commune cesse d&rsquo;\u00eatre une l\u00e9gende pour devenir un mythe. Et aujourd&rsquo;hui, il n&rsquo;y a qu&rsquo;\u00e0 entendre Jean-Luc M\u00e9lenchon : elle est un symbole.<br \/>\n<\/span><\/p>\n<p style=\"margin-left: 28pt;\"><span style=\"color: #c00000; font-family: Arial;\">Des insurrections, il y en aura tant qu&rsquo;il y aura des riches et des pauvres, des dominants et des domin\u00e9s. Mais le mod\u00e8le de la r\u00e9volution, dans sa forme classique, c&rsquo;est-\u00e0-dire celui d&rsquo;une transformation profonde visant l&rsquo;Etat et la propri\u00e9t\u00e9, est r\u00e9volu. Si on s&rsquo;int\u00e9resse encore \u00e0 la Commune, c&rsquo;est, je crois, li\u00e9 \u00e0 son caract\u00e8re \u00ab interm\u00e9diaire \u00bb : on peut l&rsquo;interpr\u00e9ter comme la derni\u00e8re r\u00e9volution du XIXe si\u00e8cle ou comme une anticipation des luttes \u00e0 venir.<br \/>\n<\/span><\/p>\n<p style=\"margin-left: 28pt;\"><span style=\"color: #c00000; font-family: Arial;\">[\u2026]. Oui. Parce qu&rsquo;il y avait un \u00e9trange m\u00e9li-m\u00e9lo chez les insurg\u00e9s. C&rsquo;\u00e9taient en partie des sans-culottes, et la Commune est le cr\u00e9puscule du sans-culottisme. C&rsquo;\u00e9tait aussi un embryon de prol\u00e9tariat, mais le mouvement ouvrier ne se constitue en France qu&rsquo;\u00e0 la toute fin du xixe si\u00e8cle [Ce que Melenchon approuve] En 1871, ce n&rsquo;est pas un mouvement ouvrier au sens moderne du terme, encadr\u00e9 par des syndicats. Donc la Commune a ce c\u00f4t\u00e9 ambigu, qui en fait un objet int\u00e9ressant. Elle poursuit 1789, ou plut\u00f4t 1793. Et elle \u00e9claire l&rsquo;avenir des mouvements r\u00e9volutionnaires, tels que Marx les d\u00e9finit. La Commune est \u00e0 la fois ce m\u00e9lange sociologique et ce m\u00e9lange id\u00e9ologique.\u00a0\u00bb<br \/>\n<\/span><\/p>\n<p><span style=\"color: #777777; font-family: Arial;\">Jean-Luc M\u00e9lenchon parle d&rsquo;histoire et d&rsquo;inspiration pour l&rsquo;avenir. Il croit toujours la r\u00e9volution possible :<br \/>\n<\/span><\/p>\n<p style=\"margin-left: 28pt;\"><span style=\"color: #c00000; font-family: Arial;\">\u00ab\u00a0Je n&rsquo;ai pas \u00e9t\u00e9 choqu\u00e9 par la d\u00e9claration de Pierre Nora. Toutes les occasions de mettre les Fran\u00e7ais au d\u00e9fi de leur histoire me semblent bonnes. C&rsquo;est une fa\u00e7on pour le peuple fran\u00e7ais de s&rsquo;approprier son histoire et de continuer \u00e0 \u00eatre le peuple d&rsquo;une querelle : la dispute terrible qui commence en 1789. La Commune se r\u00e9clame des jacobins, de la Constitution de 1793, des phases les plus aigu\u00ebs de la dispute entre une r\u00e9publique formelle et une r\u00e9publique r\u00e9elle. Ce qui m&rsquo;int\u00e9resse, c&rsquo;est ce fil rouge de l&rsquo;histoire de France, la lutte pour l&rsquo;\u00e9galit\u00e9. Elle commence si t\u00f4t ! Avec Etienne Marcel au XIVe si\u00e8cle. En fait, je ne veux pas confondre l&rsquo;histoire comme science \u2013 soucieuse de chercher les faits, de comprendre les liens d&rsquo;une phase \u00e0 une autre \u2013 et puis l&rsquo;histoire comme mati\u00e8re premi\u00e8re d&rsquo;un d\u00e9bat politique. Donc, je dis : vive la d\u00e9claration de Nora, car elle fait discuter.\u00a0\u00bb<br \/>\n<\/span><\/p>\n<p style=\"margin-left: 28pt;\"><span style=\"color: #c00000; font-family: Arial;\"><img loading=\"lazy\" decoding=\"async\" class=\"wp-image-11048 alignleft\" src=\"https:\/\/lemotdujour.fr\/wp-content\/uploads\/2021\/04\/Composition-sociologique-des-communards.png\" alt=\"\" width=\"493\" height=\"428\" srcset=\"https:\/\/lemotdujour.fr\/wp-content\/uploads\/2021\/04\/Composition-sociologique-des-communards.png 795w, https:\/\/lemotdujour.fr\/wp-content\/uploads\/2021\/04\/Composition-sociologique-des-communards-300x260.png 300w, https:\/\/lemotdujour.fr\/wp-content\/uploads\/2021\/04\/Composition-sociologique-des-communards-768x667.png 768w\" sizes=\"auto, (max-width: 493px) 100vw, 493px\" \/>[\u2026] Marx parle de la Commune comme de la premi\u00e8re exp\u00e9rience de dictature du prol\u00e9tariat. Je ne le crois pas. Dans cette insurrection appara\u00eet un acteur contemporain qui n&rsquo;est pas le prol\u00e9tariat. C&rsquo;est le peuple, c&rsquo;est-\u00e0-dire les ouvriers, mais aussi des petits patrons, des artisans, des femmes, beaucoup d&rsquo;instituteurs. A mes yeux, la Commune de Paris est la premi\u00e8re r\u00e9volution citoyenne moderne, celle qui va faire du contr\u00f4le collectif, de la souverainet\u00e9 politique du peuple, la question num\u00e9ro un, comme le disait Jaur\u00e8s.<br \/>\n<\/span><\/p>\n<p style=\"margin-left: 28pt;\"><span style=\"color: #c00000; font-family: Arial;\">[\u2026] la Commune a donc bien laiss\u00e9 des traces ! Ce furent autant de pr\u00e9figurations des combats men\u00e9s ensuite. La s\u00e9paration des Eglises et de l&rsquo;Etat, le droit syndical, l&rsquo;interdiction du travail de nuit\u2026<br \/>\n<\/span><\/p>\n<p style=\"margin-left: 28pt;\"><span style=\"color: #c00000; font-family: Arial;\">[\u2026] Un \u00e9v\u00e9nement de cette nature montre que le processus r\u00e9volutionnaire n&rsquo;est pas une question d&rsquo;id\u00e9ologie, mais le r\u00e9sultat de situations concr\u00e8tes o\u00f9 le pouvoir n&rsquo;est plus l\u00e9gitime, parce qu&rsquo;il n&rsquo;assume pas sa fonction de base. En 1871, on pouvait aussi dire au pouvoir : \u00ab Vous n&rsquo;assumez plus votre fonction de base, qui est de nous d\u00e9fendre contre l&rsquo;envahisseur, pas de capituler, fichez le camp. \u00bb Encore une fois, on retrouve le \u00ab d\u00e9gagisme \u00bb. L\u00e9nine disait : \u00ab La r\u00e9volution, c&rsquo;est quand en haut on ne peut plus, et qu&rsquo;en bas on ne veut plus. \u00bb<br \/>\n<\/span><\/p>\n<p><span style=\"color: #777777; font-family: Arial;\">Pierre Nora oppose alors la r\u00e9volution sociale \u00e0 la r\u00e9volution anthropologique\u00a0:<br \/>\n<\/span><\/p>\n<p style=\"margin-left: 28pt;\"><span style=\"color: #c00000; font-family: Arial;\">\u00ab\u00a0Vous croyez \u00e0 la r\u00e9volution sociale. Je suis plus r\u00e9volutionnaire que vous, car je pense que nous vivons une r\u00e9volution bien plus importante, v\u00e9ritablement anthropologique. Elle mod\u00e8le le monde nouveau : elle est d\u00e9mographique (quand je suis n\u00e9, il y avait 2,5 milliards d&rsquo;\u00eatres humains, on en est \u00e0 7,5 milliards), elle est climatique, elle est technologique, elle est religieuse, elle est enfin g\u00e9opolitique. Dans ma jeunesse, la France pouvait encore pr\u00e9tendre \u00e0 \u00eatre une locomotive universelle. C&rsquo;est fini, et nous vivons douloureusement cet abaissement. Cette imagination utopique d&rsquo;une r\u00e9volution possible est une compensation de l&rsquo;affaiblissement et du sentiment d&rsquo;impuissance de la gauche politique. Comm\u00e9morer, il ne lui reste plus que \u00e7a.\u00a0\u00bb<br \/>\n<\/span><\/p>\n<p><span style=\"color: #777777; font-family: Arial;\">Et Melenchon lui r\u00e9pond\u00a0:<br \/>\n<\/span><\/p>\n<p style=\"margin-left: 28pt;\"><span style=\"color: #c00000; font-family: Arial;\">\u00ab\u00a0Vous r\u00e9pondez \u00e0 un M\u00e9lenchon qui n&rsquo;existe pas. Je pense aussi que le nombre des humains est le moteur de l&rsquo;histoire ! La lutte des classes n&rsquo;en est qu&rsquo;un r\u00e9sultat. Je suis le tenant d&rsquo;une r\u00e9volution citoyenne. Elle a deux moteurs : l&rsquo;un social et l&rsquo;autre \u00e9cologique. La r\u00e9volution qui est en train de m\u00fbrir est dans la prise de conscience collectiviste de masse qui s&rsquo;op\u00e8re. Les milliards d&rsquo;\u00eatres humains ont compris que nous d\u00e9pendons tous du m\u00eame \u00e9cosyst\u00e8me : nous sommes bien \u00ab semblables \u00bb. Nous avons donc gagn\u00e9 la bataille id\u00e9ologique de la grande r\u00e9volution de 1789 : on nous disait sans cesse \u00ab Votre r\u00e9gime sera forc\u00e9ment une violence, car l&rsquo;\u00e9galit\u00e9 n&rsquo;existe pas dans la nature \u00bb ! Plus la menace \u00e9cologique va s&rsquo;affirmer, plus la conscience collectiviste va s&rsquo;\u00e9largir, si nous ne sommes pas trop d\u00e9form\u00e9s par l&rsquo;\u00e9go\u00efsme n\u00e9olib\u00e9ral. Alors ce qui sera \u00e0 l&rsquo;ordre du jour, c&rsquo;est une soci\u00e9t\u00e9 de l&rsquo;entraide, du partage, une soci\u00e9t\u00e9 qui se serre les coudes face au danger. [Comme la Commune] Voil\u00e0 pourquoi l&rsquo;\u00e9vocation de la Commune est si parlante. Dans les deux cas, c&rsquo;est la panique, car les fonctions essentielles ne sont pas assur\u00e9es par le pouvoir. Ce \u00e0 quoi j&rsquo;aspire, c&rsquo;est une soci\u00e9t\u00e9 de l&rsquo;harmonie des \u00eatres humains entre eux et avec la nature. Le ferment est pr\u00e9sent, il va produire quelque chose d&rsquo;inou\u00ef, d&rsquo;\u00e9norme. Le fourrier du monde nouveau est l\u00e0, quelque part dans le moment que nous vivons.\u00a0\u00bb<br \/>\n<\/span><\/p>\n<p><span style=\"color: #777777; font-family: Arial;\">C&rsquo;est un peu messianique. Mais le r\u00e9cit, la Foi, l&rsquo;Utopie sont certainement n\u00e9cessaires \u00e0 l&rsquo;Humanit\u00e9.<br \/>\n<\/span><\/p>\n<p><span style=\"color: #777777; font-family: Arial;\">R\u00e9gis Debray pose cette question abyssale : \u00ab <a href=\"https:\/\/www.nouvelobs.com\/idees\/20190519.OBS13115\/regis-debray-une-fois-perdus-le-bon-dieu-et-les-lendemains-qui-chantent-que-reste-t-il.html\"><span style=\"color: #0000ff;\">Une fois perdus le bon Dieu et les lendemains qui chantent, que reste-t-il ?<\/span><\/a> \u00bb.<br \/>\n<\/span><\/p>\n<p><span style=\"color: #777777; font-family: Arial;\"><span style=\"color: #800000;\"> &lt;1551&gt;<\/span><br \/>\n<\/span><\/p>\n","protected":false},"excerpt":{"rendered":"<p>\u00ab\u00a0Une fois perdus le bon Dieu et les lendemains qui chantent, que reste-t-il ?\u00a0\u00bb R\u00e9gis Debray La Commune divise. Elle a divis\u00e9 et continue \u00e0 diviser. Je ne me souvenais pas que le jeune Pr\u00e9sident que le hasard et la<\/p>\n","protected":false},"author":1,"featured_media":0,"comment_status":"open","ping_status":"closed","sticky":false,"template":"","format":"standard","meta":{"footnotes":""},"categories":[1],"tags":[17,6,133],"class_list":["post-11042","post","type-post","status-publish","format-standard","hentry","category-motdujour","tag-histoire","tag-philosophie","tag-revolution"],"_links":{"self":[{"href":"https:\/\/lemotdujour.fr\/index.php?rest_route=\/wp\/v2\/posts\/11042","targetHints":{"allow":["GET"]}}],"collection":[{"href":"https:\/\/lemotdujour.fr\/index.php?rest_route=\/wp\/v2\/posts"}],"about":[{"href":"https:\/\/lemotdujour.fr\/index.php?rest_route=\/wp\/v2\/types\/post"}],"author":[{"embeddable":true,"href":"https:\/\/lemotdujour.fr\/index.php?rest_route=\/wp\/v2\/users\/1"}],"replies":[{"embeddable":true,"href":"https:\/\/lemotdujour.fr\/index.php?rest_route=%2Fwp%2Fv2%2Fcomments&post=11042"}],"version-history":[{"count":5,"href":"https:\/\/lemotdujour.fr\/index.php?rest_route=\/wp\/v2\/posts\/11042\/revisions"}],"predecessor-version":[{"id":11050,"href":"https:\/\/lemotdujour.fr\/index.php?rest_route=\/wp\/v2\/posts\/11042\/revisions\/11050"}],"wp:attachment":[{"href":"https:\/\/lemotdujour.fr\/index.php?rest_route=%2Fwp%2Fv2%2Fmedia&parent=11042"}],"wp:term":[{"taxonomy":"category","embeddable":true,"href":"https:\/\/lemotdujour.fr\/index.php?rest_route=%2Fwp%2Fv2%2Fcategories&post=11042"},{"taxonomy":"post_tag","embeddable":true,"href":"https:\/\/lemotdujour.fr\/index.php?rest_route=%2Fwp%2Fv2%2Ftags&post=11042"}],"curies":[{"name":"wp","href":"https:\/\/api.w.org\/{rel}","templated":true}]}}