{"id":11022,"date":"2021-04-08T00:52:46","date_gmt":"2021-04-07T22:52:46","guid":{"rendered":"http:\/\/lemotdujour.fr\/?p=11022"},"modified":"2021-04-09T00:14:35","modified_gmt":"2021-04-08T22:14:35","slug":"jeudi-8-avril-2021","status":"publish","type":"post","link":"https:\/\/lemotdujour.fr\/?p=11022","title":{"rendered":"Jeudi 8 avril 2021"},"content":{"rendered":"<div class=\"mdjTexte\">\u00ab&nbsp;Tant qu&rsquo;un homme pourra mourir de faim \u00e0 la porte d&rsquo;un palais o\u00f9 tout regorge, il n&rsquo;y aura rien de stable dans les institutions humaines.&nbsp;\u00bb<\/div>\n<div class=\"mdjAuteur\">Eug\u00e8ne Varlin<\/div>\n<div class=\"mdjAuteur\"><span style=\"color: #777777; font-family: Arial;\">Je m&rsquo;aper\u00e7ois, en cheminant dans cette s\u00e9rie, que je ne connaissais vraiment pas grand-chose \u00e0 la Commune.<br \/>\n<\/span><\/div>\n<p><img decoding=\"async\" class=\"alignleft\" src=\"https:\/\/lemotdujour.fr\/wp-content\/uploads\/2021\/04\/040721_2242_Jeudi8avril1.jpg\" alt=\"\" align=\"left\"><span style=\"color: #777777; font-family: Arial;\">Quand je m&#8217;empare d&rsquo;un sujet et que j&rsquo;essaie de l&rsquo;approfondir un peu, je fais des rencontres.<br \/>\n<\/span><\/p>\n<p><span style=\"color: #777777; font-family: Arial;\">Et dans mes rencontres avec les femmes et les hommes du pass\u00e9 qui ont fait la Commune, <strong>Eug\u00e8ne Varlin<\/strong> occupe une place particuli\u00e8re, comme celle d&rsquo;un juste. Un juste qui est mort en martyr.<br \/>\n<\/span><\/p>\n<p><a href=\"https:\/\/maitron.fr\/spip.php?article24869\"><span style=\"font-family: Arial;\"><strong><span style=\"color: #0000ff;\">Hippolyte Lissagaray<\/span><\/strong><\/span><\/a><span style=\"color: #777777; font-family: Arial;\"> qui participa au combat de la commune mais qui est surtout connu comme le premier historien de la Commune puisqu&rsquo;il \u00e9crivit une &lt;<a href=\"https:\/\/www.babelio.com\/livres\/Lissagaray-Histoire-de-la-Commune-de-1871\/236712\"><span style=\"color: #0000ff;\">Histoire de la Commune de 1871<\/span><\/a>&gt; d\u00e8s 1876 disait d&rsquo;Eug\u00e8ne Varlin que<br \/>\n<\/span><\/p>\n<p style=\"margin-left: 28pt;\"><span style=\"color: #c00000; font-family: Arial;\">\u00ab&nbsp;Toute sa vie est un exemple&nbsp;\u00bb<br \/>\n<\/span><\/p>\n<p><span style=\"color: #777777; font-family: Arial;\">Quand on parle de lui, on dit \u00ab&nbsp;<strong>Eug\u00e8ne Varlin, l&rsquo;ouvrier relieur<\/strong> \u00bb. <\/span><span style=\"color: #777777; font-family: Arial;\">C&rsquo;est le titre du livre que <strong>Mich\u00e8le Audin<\/strong>, la fille du math\u00e9maticien <a href=\"https:\/\/lemotdujour.fr\/?p=4255\"><span style=\"color: #0000ff;\">Maurice Audin<\/span><strong>,<\/strong><\/a> d\u00e9j\u00e0 \u00e9voqu\u00e9e lors du mot du jour du 26 mars, qu&rsquo;elle lui a consacr\u00e9.<a href=\"https:\/\/lemotdujour.fr\/?p=4255\"><br \/>\n<\/a><\/span><a href=\"https:\/\/www.editionslibertalia.com\/catalogue\/hors-collection\/eugene-varlin-ouvrier-relieur\"><img decoding=\"async\" class=\"alignright\" src=\"https:\/\/lemotdujour.fr\/wp-content\/uploads\/2021\/04\/040721_2242_Jeudi8avril2.jpg\" alt=\"\" border=\"0\" align=\"left\"><\/a><span style=\"color: #777777; font-family: Arial;\">Ce livre n&rsquo;est pas une biographie mais le recueil de tous ses \u00e9crits retrouv\u00e9s \u00e0 ce jour&nbsp;: articles, proclamations, lettres.<br \/>\n<\/span><\/p>\n<p><span style=\"color: #777777; font-family: Arial;\">Parmi ces textes, on cite souvent cette vision de la soci\u00e9t\u00e9 dont j&rsquo;ai extrait l&rsquo;exergue&nbsp;:<br \/>\n<\/span><\/p>\n<p style=\"margin-left: 28pt;\"><span style=\"color: #c00000; font-family: Arial;\">\u00ab&nbsp;Consultez l&rsquo;histoire et vous verrez que tout peuple comme toute organisation sociale qui se sont pr\u00e9valus d&rsquo;une injustice et n&rsquo;ont pas voulu entendre la voix de l&rsquo;aust\u00e8re \u00e9quit\u00e9 sont entr\u00e9s en d\u00e9composition&nbsp;; c&rsquo;est l\u00e0 ce qui nous console, dans notre temps de luxe et de mis\u00e8re, d&rsquo;autorit\u00e9 et d&rsquo;esclavage, d&rsquo;ignorance et d&rsquo;abaissement des caract\u00e8res, de pervertissement du sens moral et de marasme, de pouvoir d\u00e9duire des enseignements du pass\u00e9 <strong>que tant qu&rsquo;un homme pourra mourir de faim \u00e0 la porte d&rsquo;un palais o\u00f9 tout regorge, il n&rsquo;y aura rien de stable dans les institutions humaines.<\/strong>&nbsp;\u00bb<br \/>\n<\/span><\/p>\n<p><span style=\"color: #777777; font-family: Arial;\">Varlin est n\u00e9 en 1839 dans une famille de paysans pauvres de Claye-Souilly (Seine-et-Marne). Il va \u00e0 l&rsquo;\u00e9cole jusqu&rsquo;\u00e0 l&rsquo;\u00e2ge de 13 ans, puis fait un apprentissage \u00e0 Paris o\u00f9 il devient ouvrier relieur. Il suit des cours du soir, participe aux premi\u00e8res gr\u00e8ves autoris\u00e9es en 1864, devient membre et rapidement responsable de la toute jeune Association internationale des travailleurs (AIT), ce qui lui vaut trois mois de prison en 1868. Il m\u00e8ne une inlassable activit\u00e9 d&rsquo;organisation des ouvriers \u00e0 Paris et en province. Il est \u00e9lu \u00e0 la Commune en 1871 et participe activement \u00e0 la d\u00e9fense de Paris pendant la Semaine sanglante et est assassin\u00e9 le 28 mai 1871, dans des conditions atroces.<br \/>\n<\/span><\/p>\n<p><span style=\"color: #777777; font-family: Arial;\">&lt;<span style=\"color: #0000ff;\"><a style=\"color: #0000ff;\" href=\"https:\/\/fr.wikipedia.org\/wiki\/Eug%C3%A8ne_Varlin\">Wikipedia<\/a><\/span>&gt; souligne aussi son ouverture au f\u00e9minisme et son souci de l&rsquo;\u00e9galit\u00e9 entre les hommes et les femmes<br \/>\n<\/span><\/p>\n<p style=\"margin-left: 28pt;\"><span style=\"color: #c00000; font-family: Arial;\">\u00ab&nbsp; En 1864-1865, il anime la gr\u00e8ve des ouvriers relieurs parisiens. Il devient pr\u00e9sident de la soci\u00e9t\u00e9 d&rsquo;\u00e9pargne de cr\u00e9dit mutuel des relieurs qu&rsquo;il a aid\u00e9 \u00e0 cr\u00e9er (partisan de l&rsquo;\u00e9galit\u00e9 des sexes, il y fait entrer \u00e0 un poste \u00e9lev\u00e9 Nathalie Lemel). En 1864 est cr\u00e9\u00e9e l&rsquo;Association internationale des travailleurs (AIT), souvent connue sous l&rsquo;appellation de \u00ab Premi\u00e8re Internationale \u00bb. Varlin y adh\u00e8re en 1865 et participe, avec son fr\u00e8re Louis et Nathalie Lemel, \u00e0 la premi\u00e8re gr\u00e8ve des relieurs. Il est d\u00e9l\u00e9gu\u00e9 en 1865 \u00e0 la conf\u00e9rence de l&rsquo;AIT \u00e0 Londres, puis en 1866 au premier congr\u00e8s de l&rsquo;AIT \u00e0 Gen\u00e8ve, o\u00f9 il d\u00e9fend contre la majorit\u00e9 des autres d\u00e9l\u00e9gu\u00e9s le droit au travail des femmes.&nbsp;\u00bb<br \/>\n<\/span><\/p>\n<p><img decoding=\"async\" class=\"alignleft\" src=\"https:\/\/lemotdujour.fr\/wp-content\/uploads\/2021\/04\/040721_2242_Jeudi8avril3.jpg\" alt=\"\" align=\"left\"><span style=\"color: #0000ff;\"><a style=\"color: #0000ff;\" href=\"https:\/\/maitron.fr\/spip.php?article24868\"><span style=\"font-family: Arial;\">Nathalie Le Mel<\/span><\/a><\/span><span style=\"color: #777777; font-family: Arial;\"> fut aussi une des femmes qui participa activement \u00e0 la Commune.<br \/>\n<\/span><\/p>\n<p><span style=\"color: #777777; font-family: Arial;\">Elle a \u00e9t\u00e9 dans beaucoup des combats d&rsquo;Eug\u00e8ne Varlin dont elle partageait le m\u00e9tier de relieuse.<br \/>\n<\/span><\/p>\n<p><span style=\"color: #777777; font-family: Arial;\">Tous les deux avaient adh\u00e9r\u00e9 \u00e0 l&rsquo;AIT<br \/>\n<\/span><\/p>\n<p><span style=\"color: #777777; font-family: Arial;\">Eug\u00e8ne Varlin n&rsquo;\u00e9tait pas que dans le concept, il travaillait aussi dans le concret et les besoins imm\u00e9diats des ouvriers&nbsp;:<br \/>\n<\/span><\/p>\n<p style=\"margin-left: 28pt;\"><span style=\"color: #c00000; font-family: Arial;\">\u00c0 la m\u00eame \u00e9poque, il cr\u00e9e la Soci\u00e9t\u00e9 de solidarit\u00e9 des ouvriers relieurs de Paris, dont les statuts \u00e9voquent la n\u00e9cessit\u00e9 de \u00ab poursuivre l&rsquo;am\u00e9lioration constante des conditions d&rsquo;existence des ouvriers relieurs en particulier, et, en g\u00e9n\u00e9ral, des travailleurs de toutes les professions et de tous les pays, et d&rsquo;amener les travailleurs \u00e0 la possession de leurs instruments de travail. \u00bb Ses efforts contribuent \u00e0 la cr\u00e9ation, le 14 novembre 1869, de la F\u00e9d\u00e9ration parisienne des soci\u00e9t\u00e9s ouvri\u00e8res, qui plus tard passe \u00e0 l&rsquo;\u00e9chelle nationale et devient ult\u00e9rieurement la Conf\u00e9d\u00e9ration g\u00e9n\u00e9rale du travail.<br \/>\n<\/span><\/p>\n<p style=\"margin-left: 28pt;\"><span style=\"color: #c00000; font-family: Arial;\">Varlin participe \u00e0 la cr\u00e9ation d&rsquo;une coop\u00e9rative, \u00ab&nbsp;La M\u00e9nag\u00e8re&nbsp;\u00bb, en 1867, et \u00e0 l&rsquo;ouverture, en 1868, d&rsquo;un restaurant coop\u00e9ratif, \u00ab&nbsp;<a href=\"https:\/\/www.commune1871.org\/la-commune-de-paris\/histoire-de-la-commune\/dossier-thematique\/democratie-laicite-oeuvre-sociale\/685-la-marmite-une-societe-civile-d-alimentation\"><span style=\"color: #0000ff;\">La Marmite<\/span>&nbsp;<\/a>\u00bb. Ce dernier compte 8 000 adh\u00e9rents et ne ferme qu&rsquo;apr\u00e8s la Commune.&nbsp;\u00bb<br \/>\n<\/span><\/p>\n<p><span style=\"color: #777777; font-family: Arial;\">Il \u00e9tait donc aussi \u00e0 l&rsquo;origine des pr\u00e9mices de la CGT.<br \/>\n<\/span><\/p>\n<p><span style=\"color: #777777; font-family: Arial;\">Nathalie Le Mel jouera \u00e9galement un r\u00f4le essentiel dans l&rsquo;organisation de \u00ab <strong>La Marmite<\/strong>&nbsp;\u00bb et des soci\u00e9t\u00e9s d&rsquo;alimentation, de consommation et de production qu&rsquo;Eug\u00e8ne Varlin voulait pour am\u00e9liorer le sort des ouvrier et des pauvres.<br \/>\n<\/span><\/p>\n<p><span style=\"color: #777777; font-family: Arial;\">L&rsquo;historien moderne de la commune <strong>Jacques Rougerie<\/strong> \u00e9crit&nbsp;:<br \/>\n<\/span><\/p>\n<p style=\"margin-left: 28pt;\"><span style=\"color: #c00000; font-family: Arial;\">\u00ab Pendant toute la dur\u00e9e de l&rsquo;insurrection, Varlin ne se consacrera qu&rsquo;aux t\u00e2ches concr\u00e8tes\u2009; il ne s&rsquo;agit rien moins que de faire vivre et combattre Paris et cela peut tenir au moindre d\u00e9tail.&nbsp;\u00bb<br \/>\n<\/span><\/p>\n<p><span style=\"color: #777777; font-family: Arial;\">Pendant la commune il sera nomm\u00e9 \u00e0 la commission des finances. Il assure la liaison entre la Commune et les soci\u00e9t\u00e9s ouvri\u00e8res.<br \/>\n<\/span><\/p>\n<p><span style=\"color: #777777; font-family: Arial;\">&lt;<a href=\"https:\/\/maitron.fr\/spip.php?article24876\"><span style=\"color: #0000ff;\">Le Maitron<\/span><\/a>&gt; publie un r\u00e9cit biographique assez d\u00e9taill\u00e9.<br \/>\n<\/span><\/p>\n<p><span style=\"color: #777777; font-family: Arial;\">Le journal &lt;<a href=\"https:\/\/www.lesinrocks.com\/livres\/pourquoi-il-est-important-de-se-souvenir-deugene-varlin-militant-ouvrier-et-communard-154676-23-05-2019\/\"><span style=\"color: #0000ff;\">LES INROCKS<\/span><\/a>&gt; le d\u00e9crit ainsi :<br \/>\n<\/span><\/p>\n<p style=\"margin-left: 28pt;\"><span style=\"color: #c00000; font-family: Arial;\">\u00ab&nbsp;Varlin milite sans rel\u00e2che pour la r\u00e9duction de la dur\u00e9e de la journ\u00e9e de travail, la s\u00e9paration de l&rsquo;Eglise et de l&rsquo;Etat, la libert\u00e9 de la presse et d&rsquo;association, l&rsquo;instruction la\u00efque et obligatoire ou encore l&rsquo;imp\u00f4t progressif. \u00ab L&rsquo;association n&rsquo;a pas pour but d&rsquo;organiser les travailleurs en vue de soutenir une lutte permanente contre les d\u00e9tenteurs de capitaux. Elle vise plus haut. Elle se propose de r\u00e9aliser l&rsquo;affranchissement complet du travail, en amenant les travailleurs \u00e0 la possession de l&rsquo;outillage social et les \u00e9l\u00e9ments naturels indispensables \u00e0 la production. Loin de vouloir organiser la guerre, elle a la pr\u00e9tention d&rsquo;\u00e9tablir la fraternit\u00e9 entre les hommes sans distinction de race, de couleur, ou de croyance \u00bb, \u00e9crit-il. Sous la Commune, dont il fut d\u00e9l\u00e9gu\u00e9 aux Finances et membre de la Commission de la Guerre, il prit notamment la d\u00e9cision de suspendre la vente des objets au Mont-de-Pi\u00e9t\u00e9, cette institution de pr\u00eats sur gage qui finissait par ruiner les pauvres.&nbsp;\u00bb<br \/>\n<\/span><\/p>\n<p><span style=\"color: #777777; font-family: Arial;\">Le 28 mai, reconnu et d\u00e9nonc\u00e9 par un pr\u00eatre rue Lafayette, il est arr\u00eat\u00e9 par le lieutenant Sicre et amen\u00e9 \u00e0 Montmartre, rue des Rosiers, o\u00f9 il est lynch\u00e9, \u00e9borgn\u00e9 par la foule et, finalement, fusill\u00e9 par les soldats pr\u00e8s de l&rsquo;endroit o\u00f9 avaient \u00e9t\u00e9 fusill\u00e9s les g\u00e9n\u00e9raux Lecomte et Cl\u00e9ment-Thomas. Pr\u00e9cision sordide&nbsp;: Les ouvriers relieurs lui avaient offert une montre qui lui fut vol\u00e9e, apr\u00e8s qu&rsquo;il eut \u00e9t\u00e9 massacr\u00e9.<br \/>\n<\/span><\/p>\n<p><span style=\"color: #777777; font-family: Arial;\">&lt;<a href=\"https:\/\/maitron.fr\/spip.php?article24876\"><span style=\"color: #0000ff;\">Le Ma\u00eetron<\/span><\/a>&gt; pr\u00e9cise que&nbsp;: \u00ab&nbsp;<span style=\"color: #c00000;\">Dans un rapport \u00e0 son colonel, le lieutenant Sicre avait d\u00e9clar\u00e9 : \u00a0\u00bb Parmi les objets trouv\u00e9s sur lui [Varlin] se trouvaient : un portefeuille portant son nom, un porte-monnaie contenant 284 f 15, un canif, une montre en argent et la carte de visite du nomm\u00e9 \u00a0\u00bb Tridon \u00ab\u00a0. Sicre s&rsquo;appropria la montre \u2014 pr\u00e9sent des ouvriers relieurs en 1864<span style=\"color: #777777;\">\u00bb<br \/>\n<\/span><\/span><\/span><\/p>\n<p><span style=\"color: #777777; font-family: Arial;\">Voici la description que Louise Michel fait de son assassinat dans ses M\u00e9moires&nbsp;:<br \/>\n<\/span><\/p>\n<p style=\"margin-left: 28pt;\"><span style=\"color: #c00000; font-family: Arial;\">\u00ab La Commune \u00e9tait morte, ensevelissant avec elle des milliers de h\u00e9ros inconnus. Ce dernier coup de canon \u00e0 double charge \u00e9norme et lourd ! Nous sentions bien que c&rsquo;\u00e9tait la fin ; mais tenaces comme on l&rsquo;est dans la d\u00e9faite, nous n&rsquo;en convenions pas&#8230;<br \/>\n<\/span><\/p>\n<p style=\"margin-left: 28pt;\"><span style=\"color: #c00000; font-family: Arial;\">Ce m\u00eame dimanche 28 mai, le mar\u00e9chal Mac-Mahon fit afficher dans Paris d\u00e9sert : \u00ab\u00a0Habitants de Paris, l&rsquo;arm\u00e9e de la France est venue vous sauver ! Paris est d\u00e9livr\u00e9, nos soldats ont enlev\u00e9 en quatre heures les derni\u00e8res positions occup\u00e9es par les insurg\u00e9s.<br \/>\n<\/span><\/p>\n<p style=\"margin-left: 28pt;\"><span style=\"color: #c00000; font-family: Arial;\">Aujourd&rsquo;hui la lutte est termin\u00e9e, l&rsquo;ordre, le travail, la s\u00e9curit\u00e9 vont rena\u00eetre\u00a0\u00bb.<br \/>\n<\/span><\/p>\n<p style=\"margin-left: 28pt;\"><span style=\"color: #c00000; font-family: Arial;\">Ce dimanche-l\u00e0, du c\u00f4t\u00e9 de la rue de Lafayette, fut arr\u00eat\u00e9 Varlin : on lui lia les mains et son nom ayant attir\u00e9 l&rsquo;attention, il se trouva bient\u00f4t entour\u00e9 par la foule \u00e9trange des mauvais jours. On le mit au milieu d&rsquo;un piquet de soldats pour le conduire \u00e0 la butte qui \u00e9tait l&rsquo;abattoir. La foule grossissait, non pas celle que nous connaissions : houleuse, impressionnable, g\u00e9n\u00e9reuse, mais la foule des d\u00e9faites qui vient acclamer les vainqueurs et insulter les vaincus, la foule du vae victis \u00e9ternel. La Commune \u00e9tait \u00e0 terre, cette foule, elle, aidait aux \u00e9gorgements.<br \/>\n<\/span><\/p>\n<p style=\"margin-left: 28pt;\"><span style=\"color: #c00000; font-family: Arial;\">On allait d&rsquo;abord fusiller Varlin pr\u00e8s d&rsquo;un mur, au pied des buttes, mais une voix s&rsquo;\u00e9cria : \u00ab\u00a0il faut le promener encore\u00a0\u00bb ; d&rsquo;autres criaient : \u00ab\u00a0allons rue des Rosiers\u00a0\u00bb.<br \/>\n<\/span><\/p>\n<p style=\"margin-left: 28pt;\"><span style=\"color: #c00000; font-family: Arial;\">Les soldats et l&rsquo;officier ob\u00e9irent ; Varlin, toujours les mains li\u00e9es, gravit les buttes, sous l&rsquo;insulte, les cris, les coups ; il y avait environ deux mille de ces mis\u00e9rables ; il marchait sans faiblir, la t\u00eate haute, le fusil d&rsquo;un soldat partit sans commandement et termina son supplice, les autres suivirent. Les soldats se pr\u00e9cipit\u00e8rent pour l&rsquo;achever, il \u00e9tait mort.<br \/>\n<\/span><\/p>\n<p style=\"margin-left: 28pt;\"><span style=\"color: #c00000; font-family: Arial;\">Tout le Paris r\u00e9actionnaire et badaud, celui qui se cache aux heures terribles, n&rsquo;ayant plus rien \u00e0 craindre vint voir le cadavre de Varlin. Mac Mahon, secouant sans cesse les huit cents et quelques cadavres qu&rsquo;avait fait la Commune, l\u00e9galisait aux yeux des aveugles la terreur et la mort. [\u2026] Combien e\u00fbt \u00e9t\u00e9 plus beau le b\u00fbcher qui, vivants, nous e\u00fbt ensevelis, que cet immense charnier !<br \/>\n<\/span><\/p>\n<p style=\"margin-left: 28pt;\"><span style=\"color: #c00000; font-family: Arial;\">Combien de cendres sem\u00e9es aux quatre vents pour la libert\u00e9 eussent moins terrifi\u00e9 les populations, que ces boucheries humaines ! Il fallait aux vieillards de Versailles ce bain de sang pour r\u00e9chauffer leurs vieux corps tremblants. \u00bb<br \/>\n<\/span><\/p>\n<p><span style=\"color: #777777; font-family: Arial;\">Wikipedia rapporte que pendant la Semaine sanglante, il avait tent\u00e9 en vain de s&rsquo;opposer \u00e0 une ex\u00e9cution d&rsquo;otages, rue Haxo.<br \/>\n<\/span><\/p>\n<p><span style=\"color: #777777; font-family: Arial;\">&lt;<span style=\"color: #0000ff;\"><a style=\"color: #0000ff;\" href=\"https:\/\/www.franceculture.fr\/emissions\/affaire-en-cours\/affaires-en-cours-du-vendredi-19-mars-2021\">France Culture<\/a><\/span>&gt; donne la parole \u00e0 l&rsquo;historien de l&rsquo;action culturelle <strong>Mathieu Menghini<\/strong>&nbsp;:<br \/>\n<\/span><\/p>\n<p style=\"margin-left: 28pt;\"><span style=\"color: #c00000; font-family: Arial;\">\u00ab&nbsp;Eug\u00e8ne Varlin, [\u2026] s&rsquo;est instruit en autodidacte, s&rsquo;int\u00e9ressant \u00e0 de nombreuses disciplines comme la g\u00e9om\u00e9trie, le latin, l&rsquo;orthographe, la grammaire.<br \/>\n<\/span><\/p>\n<p style=\"margin-left: 28pt;\"><span style=\"color: #c00000; font-family: Arial;\">A force de fabriquer des livres, Eug\u00e8ne Varlin les a d\u00e9vor\u00e9s. On lui conna\u00eet une ob\u00e9dience doctrinale qui le situe du c\u00f4t\u00e9 des communistes non-autoritaires, mais on pourrait mieux le d\u00e9finir par ses combats pour les droits des femmes, pour l&rsquo;\u00e9mancipation intellectuelle des travailleurs, pour leur instruction int\u00e9grale et polytechnique.<br \/>\n<\/span><\/p>\n<p style=\"margin-left: 28pt;\"><span style=\"color: #c00000; font-family: Arial;\">Eug\u00e8ne Varlin a contribu\u00e9 \u00e0 former la classe ouvri\u00e8re fran\u00e7aise, [\u2026], \u00e0 \u00e9tablir parmi les ouvriers une conscience de classe. A une \u00e9poque o\u00f9 Paris \u00e9tait d\u00e9j\u00e0 en train de se gentrifier, un des enjeux pour la classe ouvri\u00e8re \u00e9tait d&rsquo;am\u00e9liorer concr\u00e8tement leurs conditions mat\u00e9rielles, qui souvent se nourrissait mal tout en payant tr\u00e8s cher. Avec sa coll\u00e8gue militante Nathalie Lemel, Eug\u00e8ne Varlin a \u00e9tabli des restaurants ouvriers coop\u00e9ratifs nomm\u00e9s \u00ab\u00a0La Marmite\u00a0\u00bb. Un lieu de vie, et de nourriture intellectuelle.<br \/>\n<\/span><\/p>\n<p style=\"margin-left: 28pt;\"><span style=\"color: #c00000; font-family: Arial;\">On raconte qu&rsquo;une fois les estomacs sustent\u00e9s, ces cantines ouvri\u00e8res se transformaient en v\u00e9ritables foyers dans lesquels on r\u00eavait la transformation du monde, entre femmes et hommes de divers courants doctrinaux. Certains artistes, favorables \u00e0 l&rsquo;auto-\u00e9mancipation des travailleurs, venaient y entonner un air lyrique une fois leur spectacle termin\u00e9.&nbsp;\u00bb<br \/>\n<\/span><\/p>\n<p><span style=\"color: #777777; font-family: Arial;\">Mich\u00e8le Audin <a href=\"https:\/\/www.editionslibertalia.com\/blog\/eugene-varlin-michele-audin-ballast-190417\"><span style=\"color: #0000ff;\">&lt;parle&gt;<\/span><\/a> du premier article d&rsquo;Eug\u00e8ne Varlin qu&rsquo;elle a lu et qui lui a donn\u00e9 l&rsquo;envie de r\u00e9aliser son livre sur les \u00e9crits de cet homme singulier et \u00e9pris de justice sociale&nbsp;:<br \/>\n<\/span><\/p>\n<p style=\"margin-left: 28pt;\"><span style=\"color: #c00000; font-family: Arial;\">\u00ab&nbsp;Il est clair, pr\u00e9cis, rigoureux, il s&rsquo;adresse directement \u00e0 ses lecteurs et il pense aux lecteurs du futur, nous, qui lirons le journal reli\u00e9. J&rsquo;ai trouv\u00e9 le style et les aspects humains de cet article, la dignit\u00e9 de ce jeune ouvrier, ce qu&rsquo;il appelle dans un autre article \u00ab&nbsp;la timidit\u00e9 ordinaire du travailleur&nbsp;\u00bb et en m\u00eame temps sa confiance en ses comp\u00e9tences, tr\u00e8s s\u00e9duisants. Je n&rsquo;ai pas lu beaucoup d&rsquo;articles o\u00f9 un ouvrier parle de ses connaissances et de son go\u00fbt, avant de les appliquer au sujet.&nbsp;\u00bb<br \/>\n<\/span><\/p>\n<p><span style=\"color: #800000;\">&lt;1549&gt;<\/span><\/p>\n<p><span style=\"color: #777777; font-family: Arial;\">&nbsp;<\/span><\/p>\n","protected":false},"excerpt":{"rendered":"<p>\u00ab&nbsp;Tant qu&rsquo;un homme pourra mourir de faim \u00e0 la porte d&rsquo;un palais o\u00f9 tout regorge, il n&rsquo;y aura rien de stable dans les institutions humaines.&nbsp;\u00bb Eug\u00e8ne Varlin Je m&rsquo;aper\u00e7ois, en cheminant dans cette s\u00e9rie, que je ne connaissais vraiment pas<\/p>\n","protected":false},"author":1,"featured_media":0,"comment_status":"open","ping_status":"closed","sticky":false,"template":"","format":"standard","meta":{"footnotes":""},"categories":[1],"tags":[15,17,29,112],"class_list":["post-11022","post","type-post","status-publish","format-standard","hentry","category-motdujour","tag-france","tag-histoire","tag-hommage","tag-socialisme"],"_links":{"self":[{"href":"https:\/\/lemotdujour.fr\/index.php?rest_route=\/wp\/v2\/posts\/11022","targetHints":{"allow":["GET"]}}],"collection":[{"href":"https:\/\/lemotdujour.fr\/index.php?rest_route=\/wp\/v2\/posts"}],"about":[{"href":"https:\/\/lemotdujour.fr\/index.php?rest_route=\/wp\/v2\/types\/post"}],"author":[{"embeddable":true,"href":"https:\/\/lemotdujour.fr\/index.php?rest_route=\/wp\/v2\/users\/1"}],"replies":[{"embeddable":true,"href":"https:\/\/lemotdujour.fr\/index.php?rest_route=%2Fwp%2Fv2%2Fcomments&post=11022"}],"version-history":[{"count":5,"href":"https:\/\/lemotdujour.fr\/index.php?rest_route=\/wp\/v2\/posts\/11022\/revisions"}],"predecessor-version":[{"id":11036,"href":"https:\/\/lemotdujour.fr\/index.php?rest_route=\/wp\/v2\/posts\/11022\/revisions\/11036"}],"wp:attachment":[{"href":"https:\/\/lemotdujour.fr\/index.php?rest_route=%2Fwp%2Fv2%2Fmedia&parent=11022"}],"wp:term":[{"taxonomy":"category","embeddable":true,"href":"https:\/\/lemotdujour.fr\/index.php?rest_route=%2Fwp%2Fv2%2Fcategories&post=11022"},{"taxonomy":"post_tag","embeddable":true,"href":"https:\/\/lemotdujour.fr\/index.php?rest_route=%2Fwp%2Fv2%2Ftags&post=11022"}],"curies":[{"name":"wp","href":"https:\/\/api.w.org\/{rel}","templated":true}]}}