{"id":11013,"date":"2021-04-07T00:06:21","date_gmt":"2021-04-06T22:06:21","guid":{"rendered":"http:\/\/lemotdujour.fr\/?p=11013"},"modified":"2021-04-07T00:09:17","modified_gmt":"2021-04-06T22:09:17","slug":"mercredi-7-avril-2021","status":"publish","type":"post","link":"https:\/\/lemotdujour.fr\/?p=11013","title":{"rendered":"Mercredi 7 avril 2021"},"content":{"rendered":"<div class=\"mdjTexte\">\u00ab\u00a0Pause (50 ans de la mort d&rsquo;Igor Stravinsky)\u00a0\u00bb<\/div>\n<div class=\"mdjAuteur\">Un jour sans mot du jour nouveau<\/div>\n<p><span style=\"color: #777777; font-family: Arial;\">Brusquement, je me suis souvenu que le 6 avril 1971, il y a <strong>50 ans,<\/strong> disparaissait un des plus grands compositeurs de l&rsquo;Histoire<span style=\"color: #0000ff;\"> <a style=\"color: #0000ff;\" href=\"https:\/\/fr.wikipedia.org\/wiki\/Igor_Stravinsky\">Igor Stravinsky<\/a>.<\/span><br \/>\n<\/span><\/p>\n<p><img loading=\"lazy\" decoding=\"async\" class=\"alignleft\" src=\"https:\/\/lemotdujour.fr\/wp-content\/uploads\/2021\/04\/040621_2202_Mercredi7av1.jpg\" alt=\"\" width=\"299\" height=\"455\" align=\"left\" \/><span style=\"color: #777777; font-family: Arial;\">J&rsquo;ai donc pass\u00e9 le 6 avril \u00e0 \u00e9couter de la musique de Stravinsky.<br \/>\n<\/span><\/p>\n<p><span style=\"color: #777777; font-family: Arial;\">Il ne restait plus de temps pour \u00e9crire un mot du jour.<br \/>\n<\/span><\/p>\n<p><span style=\"color: #777777; font-family: Arial;\">Saviez vous que Stravinsky a compos\u00e9 &lt;<span style=\"color: #0000ff;\"><a style=\"color: #0000ff;\" href=\"https:\/\/www.youtube.com\/watch?v=zqBexBHuQTw\">Les berceuses du chat<\/a><\/span>&gt; ?<br \/>\n<\/span><\/p>\n<p><span style=\"color: #777777; font-family: Arial;\">Sa c\u00e9l\u00e9brit\u00e9 est venue brusquement lorsque <span style=\"color: #0000ff;\"><a style=\"color: #0000ff;\" href=\"https:\/\/fr.wikipedia.org\/wiki\/Serge_de_Diaghilev\">Serge Diaghilev<\/a> <\/span>lui a demand\u00e9 d&rsquo;\u00e9crire la musique pour le ballet de l'&lt;<a href=\"https:\/\/www.youtube.com\/watch?v=VZqYPIN4CEI&amp;t=53s\"><span style=\"color: #0000ff;\">Oiseau de Feu<\/span><\/a>&gt; en 1910.<br \/>\n<\/span><\/p>\n<p><span style=\"color: #777777; font-family: Arial;\">Stravinsky est mort \u00e0 New York, \u00e0 l&rsquo;\u00e2ge de 88 ans<br \/>\n<\/span><\/p>\n<p><span style=\"color: #777777; font-family: Arial;\">Mais il a demand\u00e9 \u00e0 \u00eatre enterr\u00e9 pr\u00e8s de Serge Diaghilev qui est mort \u00e0 Venise en 1929 et qui est enterr\u00e9 dans le cimeti\u00e8re de l&rsquo;\u00eele San Michele situ\u00e9e dans la lagune de Venise.<br \/>\n<\/span><\/p>\n<p><span style=\"color: #777777; font-family: Arial;\">Et c&rsquo;est donc l\u00e0 qu&rsquo;il est enterr\u00e9.<br \/>\n<\/span><\/p>\n<p><span style=\"color: #c00000; font-family: Arial;\">&lt;mot sans num\u00e9ro&gt;<\/span><\/p>\n","protected":false},"excerpt":{"rendered":"<p>\u00ab\u00a0Pause (50 ans de la mort d&rsquo;Igor Stravinsky)\u00a0\u00bb Un jour sans mot du jour nouveau Brusquement, je me suis souvenu que le 6 avril 1971, il y a 50 ans, disparaissait un des plus grands compositeurs de l&rsquo;Histoire Igor Stravinsky.<\/p>\n","protected":false},"author":1,"featured_media":0,"comment_status":"open","ping_status":"closed","sticky":false,"template":"","format":"standard","meta":{"footnotes":""},"categories":[1],"tags":[96],"class_list":["post-11013","post","type-post","status-publish","format-standard","hentry","category-motdujour","tag-pause"],"_links":{"self":[{"href":"https:\/\/lemotdujour.fr\/index.php?rest_route=\/wp\/v2\/posts\/11013","targetHints":{"allow":["GET"]}}],"collection":[{"href":"https:\/\/lemotdujour.fr\/index.php?rest_route=\/wp\/v2\/posts"}],"about":[{"href":"https:\/\/lemotdujour.fr\/index.php?rest_route=\/wp\/v2\/types\/post"}],"author":[{"embeddable":true,"href":"https:\/\/lemotdujour.fr\/index.php?rest_route=\/wp\/v2\/users\/1"}],"replies":[{"embeddable":true,"href":"https:\/\/lemotdujour.fr\/index.php?rest_route=%2Fwp%2Fv2%2Fcomments&post=11013"}],"version-history":[{"count":3,"href":"https:\/\/lemotdujour.fr\/index.php?rest_route=\/wp\/v2\/posts\/11013\/revisions"}],"predecessor-version":[{"id":11018,"href":"https:\/\/lemotdujour.fr\/index.php?rest_route=\/wp\/v2\/posts\/11013\/revisions\/11018"}],"wp:attachment":[{"href":"https:\/\/lemotdujour.fr\/index.php?rest_route=%2Fwp%2Fv2%2Fmedia&parent=11013"}],"wp:term":[{"taxonomy":"category","embeddable":true,"href":"https:\/\/lemotdujour.fr\/index.php?rest_route=%2Fwp%2Fv2%2Fcategories&post=11013"},{"taxonomy":"post_tag","embeddable":true,"href":"https:\/\/lemotdujour.fr\/index.php?rest_route=%2Fwp%2Fv2%2Ftags&post=11013"}],"curies":[{"name":"wp","href":"https:\/\/api.w.org\/{rel}","templated":true}]}}