{"id":11009,"date":"2021-04-06T00:28:32","date_gmt":"2021-04-05T22:28:32","guid":{"rendered":"http:\/\/lemotdujour.fr\/?p=11009"},"modified":"2021-08-05T22:10:01","modified_gmt":"2021-08-05T20:10:01","slug":"mardi-6-avril-2021","status":"publish","type":"post","link":"https:\/\/lemotdujour.fr\/?p=11009","title":{"rendered":"Mardi 6 avril 2021"},"content":{"rendered":"<div class=\"mdjTexte\">\u00ab&nbsp;Si nous r\u00e9ussissions \u00e0 transformer radicalement le r\u00e9gime social, la r\u00e9volution du 18 mars serait la plus efficace de celles qui ont eu lieu jusqu&rsquo;\u00e0 pr\u00e9sent.&nbsp;\u00bb<\/div>\n<div class=\"mdjAuteur\">L\u00e9o Frankel<\/div>\n<p><span style=\"color: #777777; font-family: Arial;\">Continuons \u00e0 nous int\u00e9resser \u00e0 quelques-uns des femmes et hommes qui ont fait la commune. <strong>L\u00e9o Frankel<\/strong> fut le seul \u00e9lu \u00e9tranger de la Commune de Paris et le plus jeune des communards internationalistes. Il y eut d&rsquo;autres \u00e9trangers qui particip\u00e8rent \u00e0 la r\u00e9volte du commune&nbsp;; mais ils n&rsquo;\u00e9taient pas \u00e9lu et ne faisaient pas partie du Conseil de le Commune.<br \/>\n<\/span><\/p>\n<p><span style=\"color: #777777; font-family: Arial;\">On peut citer, par exemple<a href=\"https:\/\/maitron.fr\/spip.php?article24611\"><strong>, <span style=\"color: #0000ff;\">Jaroslaw Dombrowski<\/span><\/strong><\/a> qui fut nomm\u00e9 commandant de la place de Paris puis par d\u00e9cision de Rossel, charg\u00e9 de la direction des op\u00e9rations sur la rive droite. Il fut bless\u00e9 mortellement, le 23 mai, \u00e0 la barricade de la rue Myrha et de la rue des Poissonniers dans le XVIIIe arrondissement.<br \/>\n<\/span><\/p>\n<p><span style=\"color: #777777; font-family: Arial;\">J&rsquo;avais \u00e9voqu\u00e9 lors du mot du jour de vendredi &lt;<span style=\"color: #0000ff;\"><a style=\"color: #0000ff;\" href=\"https:\/\/maitron.fr\/spip.php?article24609\"><span style=\"text-decoration: underline;\"><strong>\u00c9lisabeth Dmitrieff<\/strong><\/span><\/a><\/span><span style=\"color: blue;\"><strong>&gt; <\/strong><span style=\"color: #777777;\">qui \u00e9tait russe et qui jouera un r\u00f4le dans la vie de L\u00e9o Frankel.<br \/>\n<\/span><\/span><\/span><\/p>\n<p><img loading=\"lazy\" decoding=\"async\" class=\"alignleft\" src=\"https:\/\/lemotdujour.fr\/wp-content\/uploads\/2021\/04\/040521_2217_Mardi6avril1.jpg\" alt=\"\" width=\"330\" height=\"496\" align=\"left\"><a href=\"https:\/\/fr.wikipedia.org\/wiki\/L%C3%A9o_Frankel\"><span style=\"font-family: Arial;\"><span style=\"color: #0000ff;\">L\u00e9o Frankel<\/span><\/span><\/a><span style=\"color: #777777; font-family: Arial;\"> \u00e9tait hongrois.<br \/>\n<\/span><\/p>\n<p><span style=\"color: #777777; font-family: Arial;\">Il \u00e9tait d&rsquo;origine juive, son p\u00e8re \u00e9tait m\u00e9decin. Il \u00e9tait n\u00e9 en 1844 \u00e0 Budapest.<br \/>\n<\/span><\/p>\n<p><span style=\"color: #777777; font-family: Arial;\">C&rsquo;\u00e9tait un ouvrier qui avait suivi une formation d&rsquo;orf\u00e8vre. <\/span><span style=\"color: #777777; font-family: Arial;\"> Ce qui l&rsquo;a amen\u00e9 \u00e0 voyager. Il s\u00e9journe en Allemagne et en Angleterre avant de s&rsquo;installer \u00e0 Lyon en 1867 o\u00f9 il s&rsquo;affilie \u00e0 l&rsquo;Association internationale des travailleurs.<br \/>\n<\/span><\/p>\n<p><span style=\"color: #777777; font-family: Arial;\">Puis, il s&rsquo;installe \u00e0 Paris comme ouvrier-bijoutier et repr\u00e9sente la section allemande de l&rsquo;Association internationale des travailleurs (<strong>A.I.T.).<\/strong> Il est \u00e9galement correspondant de la Volksstimme de Vienne. Il sera assez vite convaincu par les th\u00e8ses de Karl Marx.<br \/>\n<\/span><\/p>\n<p><span style=\"color: #777777; font-family: Arial;\">Il est arr\u00eat\u00e9 fin avril 1870, pour complot et appartenance \u00e0 une soci\u00e9t\u00e9 secr\u00e8te c&rsquo;est-\u00e0-dire l&rsquo;A.I.T..<br \/>\n<\/span><\/p>\n<p><span style=\"color: #777777; font-family: Arial;\">Durant son proc\u00e8s, je jeune hongrois mart\u00e8le ses convictions&nbsp;:<br \/>\n<\/span><\/p>\n<p style=\"margin-left: 28pt;\"><span style=\"color: #c00000; font-family: Arial;\">\u00ab&nbsp;L&rsquo;Association internationale n&rsquo;a pas pour but une augmentation du salaire des travailleurs, mais bien l&rsquo;abolition compl\u00e8te du salariat, qui n&rsquo;est qu&rsquo;un esclavage d\u00e9guis\u00e9.&nbsp;\u00bb<br \/>\n<em>Cit\u00e9 par \u00ab&nbsp;les Grands \u00e9v\u00e8nements de l&rsquo;Histoire, la Commune de Paris&nbsp;\u00bb mars avril mai 2021<br \/>\n<\/em><\/span><\/p>\n<p><span style=\"color: #777777; font-family: Arial;\">Il est lib\u00e9r\u00e9 \u00e0 la suite de la Proclamation de la R\u00e9publique fran\u00e7aise du 4 septembre 1870 qui renverse le Second Empire. <\/span><span style=\"color: #777777; font-family: Arial;\">Il devient alors membre de la Garde nationale et reconstitue, avec <strong>Eug\u00e8ne Varlin<\/strong>, le Comit\u00e9 f\u00e9d\u00e9ral de l&rsquo;Internationale pour Paris.<br \/>\n<\/span><\/p>\n<p><span style=\"color: #777777; font-family: Arial;\">Il se pr\u00e9sente aux \u00e9lections \u00e0 l&rsquo;Assembl\u00e9e nationale du 8 f\u00e9vrier 1871, en tant que socialiste r\u00e9volutionnaire. Il \u00e9choue \u00e0 se faire \u00e9lire dans cette assembl\u00e9e, qui nous le savons verra la victoire des monarchistes pacifistes, capitulards diront les communards.<br \/>\n<\/span><\/p>\n<p><span style=\"color: #777777; font-family: Arial;\">Mais il sera \u00e9lu au Conseil de la Commune de Paris le 26 mars 1871 dans le 13e arrondissement.<br \/>\n<\/span><\/p>\n<p><span style=\"color: #777777; font-family: Arial;\">Il devient membre de la Commission du travail et de l&rsquo;\u00e9change, puis de la Commission des finances.<br \/>\n<\/span><\/p>\n<p><span style=\"color: #777777; font-family: Arial;\">Le 20 avril, il est nomm\u00e9 d\u00e9l\u00e9gu\u00e9 au travail, \u00e0 l&rsquo;industrie et \u00e0 l&rsquo;\u00e9change. Il fait d\u00e9cr\u00e9ter des mesures sociales, comme l&rsquo;interdiction du travail de nuit dans les boulangeries.<br \/>\n<\/span><\/p>\n<p><img loading=\"lazy\" decoding=\"async\" class=\"alignright\" src=\"https:\/\/lemotdujour.fr\/wp-content\/uploads\/2021\/04\/040521_2217_Mardi6avril2.jpg\" alt=\"\" width=\"327\" height=\"431\" align=\"left\"><span style=\"color: #777777; font-family: Arial;\">Il \u00e9crit \u00e0 Karl Marx dans une lettre du 30 mars&nbsp;:<br \/>\n<\/span><\/p>\n<p style=\"margin-left: 28pt;\"><span style=\"color: #c00000; font-family: Arial;\">\u00ab&nbsp;Si nous r\u00e9ussissions \u00e0 transformer radicalement le r\u00e9gime social, la r\u00e9volution du 18 mars serait la plus efficace de celles qui ont eu lieu jusqu&rsquo;\u00e0 pr\u00e9sent. Ce faisant nous arriverions \u00e0 r\u00e9soudre les probl\u00e8mes cruciaux des r\u00e9volutions sociales \u00e0 venir.&nbsp;\u00bb<br \/>\n<em>Cit\u00e9 par \u00ab&nbsp;les Grands \u00e9v\u00e8nements de l&rsquo;Histoire, la Commune de Paris&nbsp;\u00bb mars avril mai 2021<br \/>\n<\/em><\/span><\/p>\n<p><span style=\"color: #777777; font-family: Arial;\">Pendant la Semaine sanglante, il est bless\u00e9 gravement sur une barricade de la rue du Faubourg-Saint-Antoine, \u00e0 l&rsquo;angle de la rue de Charonne.<br \/>\n<\/span><\/p>\n<p><span style=\"color: #777777; font-family: Arial;\"> Il est sauv\u00e9 par <strong>\u00c9lisabeth Dmitrieff<\/strong> qui r\u00e9ussit \u00e0 le faire \u00e9chapper avec elle pour se r\u00e9fugier en Suisse, \u00e0 Gen\u00e8ve. Les autorit\u00e9s fran\u00e7aises r\u00e9clament son extradition, mais leurs homologues suisses s&rsquo;y opposent.<br \/>\n<\/span><\/p>\n<p><span style=\"color: #777777; font-family: Arial;\">Remis de ses blessures, il va en Angleterre rejoindre Karl Marx et l&rsquo;Internationale.<br \/>\n<\/span><\/p>\n<p><span style=\"color: #777777; font-family: Arial;\">Puis il passe en en Allemagne, en 1875, d&rsquo;o\u00f9 il est expuls\u00e9, puis en Autriche o\u00f9 il est arr\u00eat\u00e9 en octobre. Lib\u00e9r\u00e9 en 1876, il se rend en Hongrie o\u00f9 il organise le Parti ouvrier notamment en r\u00e9digeant une partie de son programme.. En mars 1881, il est condamn\u00e9 \u00e0 dix-huit mois de prison. Lib\u00e9r\u00e9 en f\u00e9vrier 1883, il devient correcteur d&rsquo;imprimerie et collabore \u00e0 des revues socialistes.<br \/>\n<\/span><\/p>\n<p><span style=\"color: #777777; font-family: Arial;\">En 1890, il revient en France et participe au Congr\u00e8s fondateur de la Deuxi\u00e8me internationale.<br \/>\n<\/span><\/p>\n<p><span style=\"color: #777777; font-family: Arial;\">Le site du &lt;<a href=\"https:\/\/maitron.fr\/spip.php?article24624\"><span style=\"color: #0000ff;\">Maitron<\/span><\/a>&gt; nous apprend qu&rsquo;en 1893 et 1894, il fut administrateur de la revue marxiste <em>L&rsquo;\u00c8re Nouvelle<\/em> . [\u2026]<br \/>\n<\/span><\/p>\n<p><span style=\"color: #777777; font-family: Arial;\">Et aussi qu&rsquo;il vivait de peu, et un rapport de police du 26&nbsp;d\u00e9cembre 1891 pr\u00e9cise&nbsp;:<br \/>\n<\/span><\/p>\n<p style=\"margin-left: 28pt;\"><span style=\"color: #c00000; font-family: Arial;\">\u00ab&nbsp;Sa mise est convenable et on le voit toujours coiff\u00e9 d&rsquo;un chapeau haut de forme, mais on pr\u00e9tend que sa chambre est mis\u00e9rablement meubl\u00e9e et que ses ressources paraissent bien modestes&nbsp;; il fait souvent sa cuisine lui-m\u00eame.&nbsp;\u00bb<br \/>\n<\/span><\/p>\n<p><img decoding=\"async\" class=\"alignright\" src=\"https:\/\/lemotdujour.fr\/wp-content\/uploads\/2021\/04\/040521_2217_Mardi6avril3.png\" alt=\"\" align=\"left\"><span style=\"color: #777777; font-family: Arial;\"><strong>Julien Chuzeville<\/strong>, historien du mouvement ouvrier lui a consacr\u00e9 un livre <a href=\"https:\/\/www.editionslibertalia.com\/catalogue\/ceux-d-en-bas\/leo-frankel-communard-sans-frontieres\" target=\"_blank\" rel=\"noopener\"><span style=\"color: blue; text-decoration: underline;\"><em>L\u00e9o Frankel, communard sans fronti\u00e8res<\/em><\/span><\/a> publi\u00e9 en f\u00e9vrier 2021.<br \/>\n<\/span><\/p>\n<p><span style=\"color: #777777; font-family: Arial;\">Il a \u00e9t\u00e9 l&rsquo;invit\u00e9 du &lt; <a href=\"https:\/\/www.franceculture.fr\/emissions\/le-cours-de-lhistoire\/la-commune-150-ans-24-le-cours-de-lhistoire-emission-du-mardi-09-mars-2021\"><span style=\"color: #0000ff;\">Cours de l&rsquo;histoire de Xavier Mauduit<\/span><\/a>&gt;, \u00e9mission tr\u00e8s int\u00e9ressante qui m&rsquo;a pouss\u00e9 \u00e0 \u00e9crire ce mot du jour.<br \/>\n<\/span><\/p>\n<p><span style=\"color: #777777; font-family: Arial;\">Xavier Mauduit pr\u00e9sente un autre extrait du proc\u00e8s du 2 juillet 1870 d\u00e9j\u00e0 \u00e9voqu\u00e9&nbsp;:<br \/>\n<\/span><\/p>\n<p style=\"margin-left: 28pt;\"><span style=\"color: #c00000; font-family: Arial;\">\u00ab&nbsp; il comparait devant la justice, lors du troisi\u00e8me proc\u00e8s intent\u00e9 \u00e0 l&rsquo;Internationale. Il r\u00e9pond au pr\u00e9sident du tribunal que<br \/>\n\u00ab&nbsp;les capitalistes, \u00e0 l&rsquo;occasion d&rsquo;une gr\u00e8ve suscit\u00e9e par leurs pr\u00e9tentions avides, soient les premiers \u00e0 accuser l&rsquo;Internationale de tout le mal, je n&rsquo;y vois rien d&rsquo;\u00e9tonnant&nbsp;\u00bb.<br \/>\nFrankel joue de la m\u00e9taphore&nbsp;:<br \/>\n\u00ab&nbsp;Ils agissent en ce point comme le loup de la fable qui se tenait au bord du ruisseau, et accusait de lui troubler son eau, l&rsquo;agneau qui se d\u00e9salt\u00e9rait au-dessous de lui dans le courant. L&rsquo;agneau eut beau se d\u00e9fendre, pr\u00e9tendant que l&rsquo;eau ne pouvait pas remonter sa pente, toutes ses d\u00e9n\u00e9gations ne lui servirent de rien ; le loup cherchait seulement une occasion favorable pour le d\u00e9vorer&nbsp;\u00bb.<br \/>\nLe pr\u00e9sident l&rsquo;interroge&nbsp;: \u00ab&nbsp;L&rsquo;agneau, c&rsquo;est l&rsquo;Internationale&nbsp;?&nbsp;\u00bb.<br \/>\nFrankel r\u00e9pond du tac-au-tac&nbsp;: \u00ab&nbsp;Et, le loup, c&rsquo;est le capitaliste&nbsp;\u00bb. Il faut se m\u00e9fier des proc\u00e8s intent\u00e9s aux militants politiques, car le tribunal devient une tribune o\u00f9 Frankel expose son programme&nbsp;\u00bb<br \/>\n<\/span><\/p>\n<p><span style=\"color: #777777; font-family: Arial;\">Il meurt d&rsquo;une pneumonie le 29 mars 1896 1896. Il est inhum\u00e9 au cimeti\u00e8re du P\u00e8re-Lachaise, entour\u00e9 d&rsquo;un drapeau rouge. Il avait, en effet, \u00e9crit quelques jours avant sa mort&nbsp;:<br \/>\n<\/span><\/p>\n<p style=\"margin-left: 28pt;\"><span style=\"color: #c00000; font-family: Arial;\">\u00ab&nbsp;Je meurs sans crainte.<br \/>\nMon enterrement doit \u00eatre aussi simple que celui des derniers cr\u00e8ve-de-faim.<br \/>\nLa seule distinction que je demande c&rsquo;est d&rsquo;envelopper mon corps dans un drapeau rouge, le drapeau du prol\u00e9tariat international, pour l&rsquo;\u00e9mancipation duquel j&rsquo;ai donn\u00e9 la meilleure part de ma vie et pour laquelle j&rsquo;ai toujours \u00e9t\u00e9 pr\u00eat \u00e0 la sacrifier.&nbsp;\u00bb<br \/>\n<\/span><\/p>\n<p><span style=\"color: #777777; font-family: Arial;\">En 1968, sa d\u00e9pouille est transf\u00e9r\u00e9e au cimeti\u00e8re national de Hongrie \u00e0 Budapest.<br \/>\n<\/span><\/p>\n<p><span style=\"color: #777777; font-family: Arial;\">Sa tombe parisienne est devenue depuis un <span style=\"color: #0000ff;\"><a style=\"color: #0000ff;\" href=\"https:\/\/fr.wikipedia.org\/wiki\/C%C3%A9notaphe\">c\u00e9notaphe<\/a> <\/span>(du grec ancien : kenot\u00e1phion, de ken\u00f3s (\u00ab vide \u00bb) et t\u00e1phos (\u00ab tombeau \u00bb)).<br \/>\n<\/span><\/p>\n<p><span style=\"color: #777777; font-family: Arial;\">&lt;<a href=\"https:\/\/macommunedeparis.com\/2016\/09\/05\/rue-leo-frankel-paris\/\"><span style=\"color: #0000ff;\">Ce blog<\/span>&gt;<\/a> nous apprend qu&rsquo;il existe d\u00e9sormais une rue Leo-Frankel, dans le XIII\u00e8me arrondissement de Paris, \u00e0 proximit\u00e9 de la Biblioth\u00e8que nationale de France,<br \/>\n<\/span><\/p>\n<p><span style=\"color: #c00000; font-family: Arial;\">&lt;1548&gt;<\/span><\/p>\n","protected":false},"excerpt":{"rendered":"<p>\u00ab&nbsp;Si nous r\u00e9ussissions \u00e0 transformer radicalement le r\u00e9gime social, la r\u00e9volution du 18 mars serait la plus efficace de celles qui ont eu lieu jusqu&rsquo;\u00e0 pr\u00e9sent.&nbsp;\u00bb L\u00e9o Frankel Continuons \u00e0 nous int\u00e9resser \u00e0 quelques-uns des femmes et hommes qui ont<\/p>\n","protected":false},"author":1,"featured_media":0,"comment_status":"open","ping_status":"closed","sticky":false,"template":"","format":"standard","meta":{"footnotes":""},"categories":[1],"tags":[15,17,133,112],"class_list":["post-11009","post","type-post","status-publish","format-standard","hentry","category-motdujour","tag-france","tag-histoire","tag-revolution","tag-socialisme"],"_links":{"self":[{"href":"https:\/\/lemotdujour.fr\/index.php?rest_route=\/wp\/v2\/posts\/11009","targetHints":{"allow":["GET"]}}],"collection":[{"href":"https:\/\/lemotdujour.fr\/index.php?rest_route=\/wp\/v2\/posts"}],"about":[{"href":"https:\/\/lemotdujour.fr\/index.php?rest_route=\/wp\/v2\/types\/post"}],"author":[{"embeddable":true,"href":"https:\/\/lemotdujour.fr\/index.php?rest_route=\/wp\/v2\/users\/1"}],"replies":[{"embeddable":true,"href":"https:\/\/lemotdujour.fr\/index.php?rest_route=%2Fwp%2Fv2%2Fcomments&post=11009"}],"version-history":[{"count":3,"href":"https:\/\/lemotdujour.fr\/index.php?rest_route=\/wp\/v2\/posts\/11009\/revisions"}],"predecessor-version":[{"id":11998,"href":"https:\/\/lemotdujour.fr\/index.php?rest_route=\/wp\/v2\/posts\/11009\/revisions\/11998"}],"wp:attachment":[{"href":"https:\/\/lemotdujour.fr\/index.php?rest_route=%2Fwp%2Fv2%2Fmedia&parent=11009"}],"wp:term":[{"taxonomy":"category","embeddable":true,"href":"https:\/\/lemotdujour.fr\/index.php?rest_route=%2Fwp%2Fv2%2Fcategories&post=11009"},{"taxonomy":"post_tag","embeddable":true,"href":"https:\/\/lemotdujour.fr\/index.php?rest_route=%2Fwp%2Fv2%2Ftags&post=11009"}],"curies":[{"name":"wp","href":"https:\/\/api.w.org\/{rel}","templated":true}]}}