{"id":10984,"date":"2021-03-31T05:12:00","date_gmt":"2021-03-31T03:12:00","guid":{"rendered":"http:\/\/lemotdujour.fr\/?p=10984"},"modified":"2021-04-18T22:34:12","modified_gmt":"2021-04-18T20:34:12","slug":"mercredi-31-mars-2021","status":"publish","type":"post","link":"https:\/\/lemotdujour.fr\/?p=10984","title":{"rendered":"Mercredi 31 mars 2021"},"content":{"rendered":"<div class=\"mdjTexte\">\u00ab Pause (Les \u00e9crivains contre la commune)\u00bb<\/div>\n<div class=\"mdjAuteur\">Un jour sans mot du jour nouveau<\/div>\n<p><span style=\"color: #777777; font-family: Arial;\">Il me faut parfois reconnaitre que l&rsquo;\u00e9nergie me manque pour \u00e9crire ce que j&rsquo;appelle un mot du jour.<br \/>\n<\/span><span style=\"color: #777777; font-family: Arial;\">C&rsquo;est le cas aujourd&rsquo;hui.<br \/>\n<\/span><\/p>\n<p><img decoding=\"async\" class=\"alignleft\" src=\"https:\/\/lemotdujour.fr\/wp-content\/uploads\/2021\/03\/033021_2012_Lundifvrier1.png\" alt=\"\" align=\"left\" \/><span style=\"color: #777777; font-family: Arial;\">Je vous indique cependant quelques sites qui nous renseignent sur les paroles \u00e9tranges, de rejet, de haine que beaucoup d&rsquo;\u00e9crivains fran\u00e7ais ont eu \u00e0 l&rsquo;\u00e9gard de la commune.<br \/>\n<\/span><\/p>\n<p><span style=\"color: #777777; font-family: Arial;\">Hier, je citais Alexandre Dumas fils sur Gustave Courbet, il ne fut pas le seul.<br \/>\n<\/span><\/p>\n<p><span style=\"color: #777777; font-family: Arial;\">Un livre a \u00e9t\u00e9 \u00e9crit par Paul Lidsky\u00a0: \u00ab<span style=\"color: #0000ff;\">\u00a0<\/span><\/span><span style=\"font-family: Arial; color: #0000ff;\"><a style=\"color: #0000ff;\" href=\"https:\/\/www.cairn.info\/les-ecrivains-contre-la-commune--9782707164445.htm\">Les \u00e9crivains contre la Commune<\/a><\/span><span style=\"color: #777777; font-family: Arial;\">\u00a0\u00bb<br \/>\n<\/span><\/p>\n<p><span style=\"color: #777777; font-family: Arial;\">Marianne a publi\u00e9 un article\u00a0: \u00ab\u00a0<a href=\"https:\/\/www.marianne.net\/agora\/entretiens-et-debats\/flaubert-zola-sand-quand-les-ecrivains-firent-bloc-contre-la-commune-de-paris\">F<span style=\"color: #0000ff;\">laubert, Zola, Sand&#8230;. Quand les \u00e9crivains firent bloc contre la Commune de Paris\u00a0<\/span><\/a>\u00bb<br \/>\n<\/span><\/p>\n<p><span style=\"color: #777777; font-family: Arial;\">France Culture consacre une page \u00e0 ce sujet \u00ab\u00a0<span style=\"color: #0000ff;\"><a style=\"color: #0000ff;\" href=\"https:\/\/www.franceculture.fr\/histoire\/les-ecrivains-face-la-commune\">Les \u00e9crivains face \u00e0 la Commune<\/a><\/span>\u00a0\u00bb<br \/>\n<\/span><\/p>\n<p><span style=\"color: #777777; font-family: Arial;\">Et sur ce &lt;<span style=\"color: #0000ff;\"><a style=\"color: #0000ff;\" href=\"https:\/\/accrobac.com\/2019\/01\/12\/les-ecrivains-contre-la-commune-une-page-peu-glorieuse-de-notre-histoire\/\">site<\/a><\/span>&gt; vous avez un floril\u00e8ge de ce que ces grands auteurs ont \u00e9crit.<br \/>\n<\/span><\/p>\n<p><span style=\"color: #777777; font-family: Arial;\">Quelques exemples\u00a0:<br \/>\n<\/span><\/p>\n<p><span style=\"color: #777777; font-family: Arial;\">Heinrich Heine\u00a0:<br \/>\n<\/span><\/p>\n<p style=\"margin-left: 28pt;\"><span style=\"color: #c00000; font-family: Arial;\">\u00ab\u00a0De leurs mains calleuses, ils briseront sans merci toutes les statues de marbre de la beaut\u00e9 si ch\u00e8res \u00e0 mon c\u0153ur, ils d\u00e9truiront mes bois de laurier pour y planter des pommes de terre. [\u2026] H\u00e9las ! je pr\u00e9vois tout cela, et je suis saisi d&rsquo;une indicible tristesse en pensant \u00e0 la ruine dont le prol\u00e9tariat vainqueur menace mes vers qui p\u00e9riront avec tout l&rsquo;ancien monde romantique.\u00a0\u00bb<br \/>\n<\/span><\/p>\n<p><span style=\"color: #777777; font-family: Arial;\">Edmond de Goncourt :<br \/>\n<\/span><\/p>\n<p style=\"margin-left: 28pt;\"><span style=\"color: #c00000; font-family: Arial;\">\u00ab C&rsquo;est bon. Il n&rsquo;y a eu ni conciliation ni transaction. La solution a \u00e9t\u00e9 brutale. \u00c7&rsquo;a \u00e9t\u00e9 de la force pure. La solution a retir\u00e9 les \u00e2mes des l\u00e2ches compromis. La solution a redonn\u00e9 confiance \u00e0 l&rsquo;arm\u00e9e, qui a appris, dans le sang des communeux, qu&rsquo;elle \u00e9tait encore capable de se battre. Enfin, la saign\u00e9e a \u00e9t\u00e9 une saign\u00e9e \u00e0 blanc ; et les saign\u00e9es comme celle-ci, en tuant la partie bataillante d&rsquo;une population, ajournent d&rsquo;une conscription la nouvelle r\u00e9volution. C&rsquo;est vingt ans de repos que l&rsquo;ancienne soci\u00e9t\u00e9 a devant elle, si le pouvoir ose tout ce qu&rsquo;il peut oser en ce moment. \u00bb (<em>Journal, mercredi 31 mai 1871<\/em>)<br \/>\n<\/span><\/p>\n<p><span style=\"color: #777777; font-family: Arial;\">Anatole France :<br \/>\n<\/span><\/p>\n<p style=\"margin-left: 28pt;\"><span style=\"color: #c00000; font-family: Arial;\">\u00ab Enfin le gouvernement du crime et de la d\u00e9mence pourrit \u00e0 l&rsquo;heure qu&rsquo;il est dans les champs d&rsquo;ex\u00e9cution. \u00bb<br \/>\n<\/span><\/p>\n<p><span style=\"color: #777777; font-family: Arial;\">Gustave Flaubert :<br \/>\n<\/span><\/p>\n<p style=\"margin-left: 28pt;\"><span style=\"color: #c00000; font-family: Arial;\">\u00ab Je trouve qu&rsquo;on aurait d\u00fb condamner aux gal\u00e8res toute la Commune et forcer ces sanglants imb\u00e9ciles \u00e0 d\u00e9blayer les ruines de Paris, la cha\u00eene au cou, en simples for\u00e7ats. Mais cela aurait bless\u00e9 l&rsquo;humanit\u00e9. On est tendre pour les chiens enrag\u00e9s, et point pour ceux qu&rsquo;ils ont mordus. \u00bb (<em>dans une lettre \u00e0 George Sand, le 18 octobre 1871<\/em>)<br \/>\n<\/span><\/p>\n<p><span style=\"color: #777777; font-family: Arial;\">Vous verrez que m\u00eame Zola a eu des propos contre la commune<br \/>\n<\/span><\/p>\n<p><span style=\"color: #c00000; font-family: Arial;\">&lt;mot sans num\u00e9ro&gt;<\/span><\/p>\n","protected":false},"excerpt":{"rendered":"<p>\u00ab Pause (Les \u00e9crivains contre la commune)\u00bb Un jour sans mot du jour nouveau Il me faut parfois reconnaitre que l&rsquo;\u00e9nergie me manque pour \u00e9crire ce que j&rsquo;appelle un mot du jour. C&rsquo;est le cas aujourd&rsquo;hui. Je vous indique cependant<\/p>\n","protected":false},"author":1,"featured_media":0,"comment_status":"open","ping_status":"closed","sticky":false,"template":"","format":"standard","meta":{"footnotes":""},"categories":[1],"tags":[96],"class_list":["post-10984","post","type-post","status-publish","format-standard","hentry","category-motdujour","tag-pause"],"_links":{"self":[{"href":"https:\/\/lemotdujour.fr\/index.php?rest_route=\/wp\/v2\/posts\/10984","targetHints":{"allow":["GET"]}}],"collection":[{"href":"https:\/\/lemotdujour.fr\/index.php?rest_route=\/wp\/v2\/posts"}],"about":[{"href":"https:\/\/lemotdujour.fr\/index.php?rest_route=\/wp\/v2\/types\/post"}],"author":[{"embeddable":true,"href":"https:\/\/lemotdujour.fr\/index.php?rest_route=\/wp\/v2\/users\/1"}],"replies":[{"embeddable":true,"href":"https:\/\/lemotdujour.fr\/index.php?rest_route=%2Fwp%2Fv2%2Fcomments&post=10984"}],"version-history":[{"count":6,"href":"https:\/\/lemotdujour.fr\/index.php?rest_route=\/wp\/v2\/posts\/10984\/revisions"}],"predecessor-version":[{"id":11096,"href":"https:\/\/lemotdujour.fr\/index.php?rest_route=\/wp\/v2\/posts\/10984\/revisions\/11096"}],"wp:attachment":[{"href":"https:\/\/lemotdujour.fr\/index.php?rest_route=%2Fwp%2Fv2%2Fmedia&parent=10984"}],"wp:term":[{"taxonomy":"category","embeddable":true,"href":"https:\/\/lemotdujour.fr\/index.php?rest_route=%2Fwp%2Fv2%2Fcategories&post=10984"},{"taxonomy":"post_tag","embeddable":true,"href":"https:\/\/lemotdujour.fr\/index.php?rest_route=%2Fwp%2Fv2%2Ftags&post=10984"}],"curies":[{"name":"wp","href":"https:\/\/api.w.org\/{rel}","templated":true}]}}