{"id":1098,"date":"2015-04-29T02:00:00","date_gmt":"2015-04-28T22:00:00","guid":{"rendered":"http:\/\/lemotdujour.fr\/?p=1098"},"modified":"2020-06-12T17:01:03","modified_gmt":"2020-06-12T15:01:03","slug":"mardi-29-avril-2015","status":"publish","type":"post","link":"https:\/\/lemotdujour.fr\/?p=1098","title":{"rendered":"Mercredi 29 avril 2015"},"content":{"rendered":"<div class=\"mdjTexte\">\u00ab la premi\u00e8re libert\u00e9, c\u2019est la s\u00e9curit\u00e9 (?).<br \/>\nNous inversons la proposition\u00a0: pour nous, la premi\u00e8re s\u00e9curit\u00e9 est la libert\u00e9.\u00a0\u00bb<\/div>\n<div class=\"mdjAuteur\">Pierre Mauroy, Mars 1981 (donc avant la victoire de Fran\u00e7ois Mitterrand le 10 mai 1981)<\/div>\n<p><span style=\"color: #777777; font-family: Arial;\">L&rsquo;expression compl\u00e8te de Mauroy est<br \/>\n<\/span><\/p>\n<p style=\"margin-left: 28pt;\"><span style=\"color: #c00000; font-family: Arial;\">\u00ab\u00a0Pour la droite, la premi\u00e8re libert\u00e9, c&rsquo;est la s\u00e9curit\u00e9. Nous inversons la proposition\u00a0: pour nous, la premi\u00e8re s\u00e9curit\u00e9 est la libert\u00e9.\u00a0\u00bb<br \/>\n<\/span><\/p>\n<p><span style=\"color: #777777; font-family: Arial;\">Sous le titre<span style=\"color: #0000ff;\"> <a style=\"color: #0000ff;\" href=\"https:\/\/www.nouvelobs.com\/rue89\/rue89-politique\/20151119.RUE8786\/la-securite-est-la-premiere-des-libertes-ou-l-inverse.html\">&lt;\u00ab La s\u00e9curit\u00e9 est la premi\u00e8re des libert\u00e9s. \u00bb Ou l&rsquo;inverse ?&gt;<\/a><\/span> Rue 89 a publi\u00e9, le 23\/04\/2015, un article dont je cite ci-apr\u00e8s quelques extraits :<br \/>\n<\/span><\/p>\n<p style=\"margin-left: 28pt;\"><span style=\"color: #c00000; font-family: Arial;\">\u00ab En 1981, quand Alain Peyrefitte faisait de la s\u00e9curit\u00e9 la premi\u00e8re des libert\u00e9s, Pierre Mauroy inversait la proposition. Depuis, la gauche, \u00e0 commencer par Manuel Valls, a adopt\u00e9 cette posture hier affich\u00e9e par le FN.<br \/>\n<\/span><\/p>\n<p style=\"margin-left: 28pt;\"><span style=\"color: #c00000; font-family: Arial;\">De la bouche d&rsquo;un gaulliste \u00e0 celle d&rsquo;un Premier ministre socialiste. En passant par une affiche de Jean-Marie Le Pen, Marion Mar\u00e9chal-Le Pen dans les bras, pour les r\u00e9gionales en Paca, en 1992. \u00ab La s\u00e9curit\u00e9, premi\u00e8re des libert\u00e9s \u00bb est une formule qui a fait du chemin, avant d&rsquo;\u00eatre reprise par Manuel Valls le 13 avril, dans l&rsquo;h\u00e9micycle, pour d\u00e9fendre le controvers\u00e9 projet de loi sur le renseignement. [\u2026]<br \/>\n<\/span><\/p>\n<p style=\"margin-left: 28pt;\"><span style=\"color: #c00000; font-family: Arial;\">Associ\u00e9e \u00e0 la droite et l&rsquo;extr\u00eame droite jusqu&rsquo;aux ann\u00e9es 90, l&rsquo;expression n&rsquo;est aujourd&rsquo;hui plus du tout discriminante et constitue, comme le notait Lib\u00e9ration en 2013 apr\u00e8s une sortie d&rsquo;Estrosi sur le sujet, \u00ab un poncif du d\u00e9bat public \u00bb depuis vingt ans. [\u2026] \u00a0 ainsi, au gaulliste Alain Peyrefitte, qui r\u00e9p\u00e8te que \u00ab la s\u00e9curit\u00e9 est la premi\u00e8re des libert\u00e9s \u00bb lors de l&rsquo;examen de sa loi \u00ab S\u00e9curit\u00e9 et Libert\u00e9 \u00bb, le socialiste Pierre Mauroy r\u00e9torque, en mars 1981 :\u00a0\u00ab Pour la droite, la premi\u00e8re libert\u00e9, c&rsquo;est la s\u00e9curit\u00e9. Nous inversons la proposition : pour nous, la premi\u00e8re s\u00e9curit\u00e9 est la libert\u00e9. \u00bb<br \/>\n<\/span><\/p>\n<p style=\"margin-left: 28pt;\"><span style=\"color: #c00000; font-family: Arial;\">La loi port\u00e9e par Peyrefitte, alors garde des Sceaux, comprenait, selon ses d\u00e9tracteurs, 95 fois le mot \u00ab s\u00e9curit\u00e9 \u00bb et 5 fois le mot \u00ab libert\u00e9 \u00bb. Ce d\u00e9bat \u2013 passionn\u00e9 \u2013 est g\u00e9n\u00e9ralement utilis\u00e9 pour dater le d\u00e9but du d\u00e9bat \u00ab s\u00e9curitaire \u00bb. Ce mot entre d&rsquo;ailleurs dans le vocabulaire au d\u00e9but des ann\u00e9es 80. A l&rsquo;\u00e9poque, la gauche, vent debout contre la droite \u00ab liberticide \u00bb, demande son abrogation lorsqu&rsquo;elle arrive au pouvoir. C&rsquo;\u00e9tait un engagement de campagne de Mitterrand (n\u00b0 52).<br \/>\n<\/span><\/p>\n<p style=\"margin-left: 28pt;\"><span style=\"color: #c00000; font-family: Arial;\">L\u00e0, comme dans tant d&rsquo;autres domaines, la fronti\u00e8re entre la droite et les socialistes va tendre \u00e0 s&rsquo;estomper.<br \/>\n<\/span><\/p>\n<p style=\"margin-left: 28pt;\"><span style=\"color: #c00000; font-family: Arial;\">[\u2026] la d\u00e9claration de politique g\u00e9n\u00e9rale de Jospin, le 19 juin 1997,\u00a0 affirmait :\u00a0\u00ab La s\u00e9curit\u00e9, garante de la libert\u00e9, est un droit fondamental de la personne humaine. \u00bb [\u2026]<br \/>\n<\/span><\/p>\n<p style=\"margin-left: 28pt;\"><span style=\"color: #c00000; font-family: Arial;\">Pour justifier cette pirouette s\u00e9mantique, la gauche fait appel \u00e0 la fameuse D\u00e9claration des droits de l&rsquo;homme et du citoyen de 1789, texte r\u00e9volutionnaire s&rsquo;il en est, qui fait figurer la \u00ab s\u00fbret\u00e9 \u00bb parmi les droits naturels et imprescriptibles de l&rsquo;homme dans son article 2 : \u00ab Art. 2. Le but de toute association politique est la conservation des droits naturels et imprescriptibles de l&rsquo;Homme. Ces droits sont la libert\u00e9, la propri\u00e9t\u00e9, la s\u00fbret\u00e9, et la r\u00e9sistance \u00e0 l&rsquo;oppression. \u00bb<br \/>\n<\/span><\/p>\n<p style=\"margin-left: 28pt;\"><span style=\"color: #c00000; font-family: Arial;\">Mais s\u00e9curit\u00e9 n&rsquo;est pas s\u00fbret\u00e9. L&rsquo;ancien ministre de la Justice socialiste Robert Badinter le rappelle dans un entretien au Monde, en janvier 2004 : \u00ab Ce qui est consacr\u00e9 dans la D\u00e9claration des droits de l&rsquo;homme, c&rsquo;est la s\u00fbret\u00e9, c&rsquo;est-\u00e0-dire l&rsquo;assurance, pour le citoyen, que le pouvoir de l&rsquo;Etat ne s&rsquo;exercera pas sur lui de fa\u00e7on arbitraire et excessive. Le droit \u00e0 la s\u00fbret\u00e9, c&rsquo;est la garantie des libert\u00e9s individuelles du citoyen. \u00bb<br \/>\n<\/span><\/p>\n<p style=\"margin-left: 28pt;\"><span style=\"color: #c00000; font-family: Arial;\">[\u2026] Bref, pas tr\u00e8s malin pour les socialistes. D&rsquo;ailleurs, les meilleures critiques de la formule, ce sont eux-m\u00eames, les socialistes. Ainsi, Jean-Jacques Urvoas, pr\u00e9sident PS de la commission des Lois, a un jour (lointain) \u00e9crit sur son blog : \u00ab C&rsquo;est l&rsquo;occasion pour moi de dire que je ne comprends pas le slogan r\u00e9p\u00e9t\u00e9 \u00e0 sati\u00e9t\u00e9 selon lequel \u00ab\u00a0la s\u00e9curit\u00e9 serait la premi\u00e8re des libert\u00e9s\u00a0\u00bb. [\u2026] Si je suis de gauche, c&rsquo;est d&rsquo;abord parce que je veux vivre dans un pays libre ! [\u2026] Et s&rsquo;il faut conjuguer la s\u00e9curit\u00e9 avec notre devise r\u00e9publicaine, alors affirmons que \u00a0\u00bb la s\u00e9curit\u00e9 est la garantie de l&rsquo;\u00e9galit\u00e9 \u00ab\u00a0. Voil\u00e0 le combat historique de la gauche ! \u00bb<br \/>\n<\/span><\/p>\n<p style=\"margin-left: 28pt;\"><span style=\"color: #c00000; font-family: Arial;\">[\u2026] Manuel Valls lui-m\u00eame, dans son livre \u00ab S\u00e9curit\u00e9 : la gauche peut tout changer \u00bb (\u00e9ditions du Moment), sorti en avril 2011, \u00e9crivait que \u00ab l&rsquo;opposition affich\u00e9e syst\u00e9matiquement entre s\u00e9curit\u00e9 et libert\u00e9 [lui paraissait] toujours un peu creuse. \u00bb Tout en moquant : \u00ab Ceux qui tentent d&rsquo;\u00e9chapper \u00e0 ce pi\u00e8ge id\u00e9ologique en affirmant, rapidement, que la s\u00e9curit\u00e9 est la premi\u00e8re des libert\u00e9s. \u00bb<br \/>\n<\/span><\/p>\n<p><span style=\"color: #777777; font-family: Arial;\">Je trouve cet article particuli\u00e8rement rafraichissant dans ses rappels historiques et aussi dans sa capacit\u00e9 \u00e0 mettre nos gouvernants face \u00e0 leurs incoh\u00e9rences et contradictions.<br \/>\n<\/span><br \/>\n<span style=\"color: #800000;\">&lt;486&gt;<\/span><\/p>\n","protected":false},"excerpt":{"rendered":"<p>\u00ab la premi\u00e8re libert\u00e9, c\u2019est la s\u00e9curit\u00e9 (?). Nous inversons la proposition\u00a0: pour nous, la premi\u00e8re s\u00e9curit\u00e9 est la libert\u00e9.\u00a0\u00bb Pierre Mauroy, Mars 1981 (donc avant la victoire de Fran\u00e7ois Mitterrand le 10 mai 1981) L&rsquo;expression compl\u00e8te de Mauroy est<\/p>\n","protected":false},"author":1,"featured_media":0,"comment_status":"closed","ping_status":"closed","sticky":false,"template":"","format":"standard","meta":{"footnotes":""},"categories":[1],"tags":[15,41,3],"class_list":["post-1098","post","type-post","status-publish","format-standard","hentry","category-motdujour","tag-france","tag-liberte","tag-politique"],"_links":{"self":[{"href":"https:\/\/lemotdujour.fr\/index.php?rest_route=\/wp\/v2\/posts\/1098","targetHints":{"allow":["GET"]}}],"collection":[{"href":"https:\/\/lemotdujour.fr\/index.php?rest_route=\/wp\/v2\/posts"}],"about":[{"href":"https:\/\/lemotdujour.fr\/index.php?rest_route=\/wp\/v2\/types\/post"}],"author":[{"embeddable":true,"href":"https:\/\/lemotdujour.fr\/index.php?rest_route=\/wp\/v2\/users\/1"}],"replies":[{"embeddable":true,"href":"https:\/\/lemotdujour.fr\/index.php?rest_route=%2Fwp%2Fv2%2Fcomments&post=1098"}],"version-history":[{"count":4,"href":"https:\/\/lemotdujour.fr\/index.php?rest_route=\/wp\/v2\/posts\/1098\/revisions"}],"predecessor-version":[{"id":9194,"href":"https:\/\/lemotdujour.fr\/index.php?rest_route=\/wp\/v2\/posts\/1098\/revisions\/9194"}],"wp:attachment":[{"href":"https:\/\/lemotdujour.fr\/index.php?rest_route=%2Fwp%2Fv2%2Fmedia&parent=1098"}],"wp:term":[{"taxonomy":"category","embeddable":true,"href":"https:\/\/lemotdujour.fr\/index.php?rest_route=%2Fwp%2Fv2%2Fcategories&post=1098"},{"taxonomy":"post_tag","embeddable":true,"href":"https:\/\/lemotdujour.fr\/index.php?rest_route=%2Fwp%2Fv2%2Ftags&post=1098"}],"curies":[{"name":"wp","href":"https:\/\/api.w.org\/{rel}","templated":true}]}}