{"id":10977,"date":"2021-03-30T00:29:21","date_gmt":"2021-03-29T22:29:21","guid":{"rendered":"http:\/\/lemotdujour.fr\/?p=10977"},"modified":"2021-03-30T00:36:15","modified_gmt":"2021-03-29T22:36:15","slug":"mardi-30-mars-2021","status":"publish","type":"post","link":"https:\/\/lemotdujour.fr\/?p=10977","title":{"rendered":"Mardi 30 mars 2021"},"content":{"rendered":"<div class=\"mdjTexte\">\u00ab\u00a0Gustave Courbet, la Commune et la destruction de la colonne Vend\u00f4me.\u00a0 \u00bb<\/div>\n<div class=\"mdjAuteur\">Une histoire du temps de la commune<\/div>\n<p><span style=\"color: #777777; font-family: Arial;\">Le peintre<strong> Gustave Courbet<\/strong> est n\u00e9 en 1819. Il fut d\u00e9sign\u00e9 comme le chef de file du courant r\u00e9aliste.<br \/>\n<\/span><\/p>\n<p><span style=\"color: #777777; font-family: Arial;\">Au temps des r\u00e9seaux sociaux on a beaucoup parl\u00e9 de lui en raison de la censure par Facebook de son tableau \u00ab\u00a0<strong>L&rsquo;origine du Monde<\/strong> \u00bb qui avait \u00e9t\u00e9 publi\u00e9 par un Internaute. Le litige fut surmont\u00e9. Apr\u00e8s une action en justice, un accord amiable a pu \u00eatre trouv\u00e9 entre Facebook et l&rsquo;internaute : Fr\u00e9d\u00e9ric Durand. C&rsquo;est quand m\u00eame <span style=\"color: #0000ff;\"><a style=\"color: #0000ff;\" href=\"https:\/\/www.lapresse.ca\/arts\/arts-visuels\/2019-08-01\/l-origine-du-monde-fin-du-differend-entre-facebook-et-un-internaute\">une affaire qui a dur\u00e9 8\u00a0ans<\/a>.<\/span><br \/>\n<\/span><\/p>\n<p><img decoding=\"async\" class=\"alignleft\" src=\"https:\/\/lemotdujour.fr\/wp-content\/uploads\/2021\/03\/032921_2221_Mardi30mars1.jpg\" alt=\"\" align=\"left\" \/><span style=\"color: #777777; font-family: Arial;\">Depuis on peut publier l&rsquo;Origine du Monde sur Facebook. Il s&rsquo;agit d&rsquo;un tableau de 46,3 cm sur 55,4 cm <span style=\"color: #0000ff;\"><a style=\"color: #0000ff;\" href=\"https:\/\/www.musee-orsay.fr\/fr\/collections\/catalogue-des-oeuvres\/notice.html?no_cache=1&amp;nnumid=69330&amp;cHash=b621bee537\">expos\u00e9 au Mus\u00e9e d&rsquo;Orsay<\/a> <\/span>\u00e0 qui il faut d\u00e9sormais ajouter le nom de Giscard d&rsquo;Estaing.<br \/>\n<\/span><\/p>\n<p><a href=\"https:\/\/www.franceculture.fr\/peinture\/lorigine-du-monde-150-ans-de-scandales-de-censures-et-de-fantasmes\"><span style=\"font-family: Arial;\"><span style=\"color: #0000ff;\">France culture<\/span><\/span><\/a><span style=\"color: #777777; font-family: Arial;\"> nous apprend que ce tableau peint en 1866 a toujours caus\u00e9 scandale. R\u00e9cemment, le nom du mod\u00e8le qui a servi pour peindre cette partie de l&rsquo;anatomie f\u00e9minine\u00a0 a \u00e9t\u00e9 r\u00e9v\u00e9l\u00e9 : il s&rsquo;agit d&rsquo;une jeune danseuse de l&rsquo;op\u00e9ra de Paris : Constance Qu\u00e9niaux.<br \/>\n<\/span><\/p>\n<p><span style=\"color: #777777; font-family: Arial;\">Mais ce mot du jour n&rsquo;a pas pour objet de parler des qualit\u00e9s artistiques du peintre mais de son r\u00f4le dans la Commune de Paris et notamment l&rsquo;accusation d&rsquo;\u00eatre responsable de la destruction de la colonne Vend\u00f4me avec la statue de Napol\u00e9on Ier qui la surplombait.<br \/>\n<\/span><\/p>\n<p><span style=\"color: #777777; font-family: Arial;\">La colonne Vend\u00f4me avait \u00e9t\u00e9 \u00e9rig\u00e9e en 1810 en hommage \u00e0 la \u00ab Grande Arm\u00e9e \u00bb et \u00e0 son chef Napol\u00e9on Bonaparte.<br \/>\n<\/span><\/p>\n<p><span style=\"color: #777777; font-family: Arial;\">Gustave Courbet par son parcours \u00e9tait destin\u00e9 \u00e0 soutenir La Commune.<br \/>\n<\/span><\/p>\n<p><span style=\"color: #777777; font-family: Arial;\">Courbet avait, par exemple, \u00e9t\u00e9 l&rsquo;ami de <strong>Pierre-Joseph Proudhon<\/strong>, le chantre du socialisme libertaire cher \u00e0 Michel Onfray. En 1865, il a consacr\u00e9 une peinture \u00e0 son ami \u00ab\u00a0<a href=\"https:\/\/fr.wikipedia.org\/wiki\/Proudhon_et_ses_enfants\"><span style=\"color: #0000ff;\">Proudhon et ses enfants<\/span><strong><em>\u00a0<\/em><\/strong><\/a><strong><em>\u00bb<\/em><\/strong> .<br \/>\n<\/span><\/p>\n<p><span style=\"color: #777777; font-family: Arial;\"><a href=\"https:\/\/fr.wikipedia.org\/wiki\/Gustave_Courbet#\/media\/Fichier:Gustave_Courbet_by_Nadar_1860s.png\"><img loading=\"lazy\" decoding=\"async\" class=\"size-full wp-image-10979 alignleft\" src=\"https:\/\/lemotdujour.fr\/wp-content\/uploads\/2021\/03\/Gustave_Courbet_by_Nadar_1860s.png\" alt=\"\" width=\"260\" height=\"385\" srcset=\"https:\/\/lemotdujour.fr\/wp-content\/uploads\/2021\/03\/Gustave_Courbet_by_Nadar_1860s.png 260w, https:\/\/lemotdujour.fr\/wp-content\/uploads\/2021\/03\/Gustave_Courbet_by_Nadar_1860s-203x300.png 203w\" sizes=\"auto, (max-width: 260px) 100vw, 260px\" \/><\/a>Ses id\u00e9es r\u00e9publicaines et son gout de la libert\u00e9 lui ont fait refuser la L\u00e9gion d&rsquo;honneur qui lui avait \u00e9t\u00e9 propos\u00e9e par Napol\u00e9on III.<br \/>\n<\/span><\/p>\n<p><span style=\"color: #777777; font-family: Arial;\">&lt;<a href=\"https:\/\/fr.wikipedia.org\/wiki\/Gustave_Courbet\"><span style=\"color: #0000ff;\">Wikipedia<\/span><\/a>&gt; nous apprend qu&rsquo;il a adress\u00e9, le 23 juin 1870, une lettre au ministre des lettres, sciences et beaux-arts\u00a0:<br \/>\n<\/span><\/p>\n<p style=\"margin-left: 28pt;\"><span style=\"color: #c00000; font-family: Arial;\"> \u00ab J&rsquo;ai cinquante ans et j&rsquo;ai toujours v\u00e9cu libre. Laissez-moi terminer mon existence libre : quand je serai mort, il faudra qu&rsquo;on dise de moi : Celui-l\u00e0 n&rsquo;a jamais appartenu \u00e0 aucune \u00e9cole, \u00e0 aucune \u00e9glise, \u00e0 aucune institution, \u00e0 aucune acad\u00e9mie, surtout \u00e0 aucun r\u00e9gime, si ce n&rsquo;est le r\u00e9gime de la libert\u00e9 \u00bb<br \/>\n<\/span><\/p>\n<p><span style=\"color: #777777; font-family: Arial;\">Apr\u00e8s la proclamation de la R\u00e9publique <strong>le 4 septembre 1870<\/strong>, Gustave Courbet est nomm\u00e9, le 6, par une d\u00e9l\u00e9gation repr\u00e9sentant les artistes de Paris, \u00ab <strong>pr\u00e9sident de la surveillance g\u00e9n\u00e9rale des mus\u00e9es fran\u00e7ais <\/strong>\u00bb : Courbet dirige alors un comit\u00e9 charg\u00e9 de la sauvegarde des \u0153uvres d&rsquo;art conserv\u00e9es \u00e0 Paris et dans les environs.<br \/>\n<\/span><\/p>\n<p><span style=\"color: #777777; font-family: Arial;\">Cette mesure conservatoire est normale en temps de guerre, et alors que les troupes prussiennes approchent de la capitale.<br \/>\n<\/span><\/p>\n<p><span style=\"color: #777777; font-family: Arial;\">Je cite encore Wikipedia\u00a0:<br \/>\n<\/span><\/p>\n<p style=\"margin-left: 28pt;\"><span style=\"color: #c00000; font-family: Arial;\">\u00ab\u00a0 Le 14, il s&rsquo;occupe de prot\u00e9ger le mus\u00e9e de Versailles, puis les jours suivants le mus\u00e9e du Luxembourg, les salles du mus\u00e9e du Louvre, le Garde-Meuble. Le 16, d\u00e9bute le si\u00e8ge de Paris. [\u2026]<br \/>\n<\/span><\/p>\n<p style=\"margin-left: 28pt;\"><span style=\"color: #c00000; font-family: Arial;\">Apr\u00e8s les \u00e9lections compl\u00e9mentaires du 16 avril 1871, il est \u00e9lu au conseil de la Commune par le 6e arrondissement et d\u00e9l\u00e9gu\u00e9 aux Beaux-Arts. Le 17 avril 1871, il est \u00e9lu pr\u00e9sident de la F\u00e9d\u00e9ration des artistes. Il fait alors blinder toutes les fen\u00eatres du palais du Louvre pour en prot\u00e9ger les \u0153uvres d&rsquo;art, mais aussi l&rsquo;Arc de Triomphe et la fontaine des Innocents. Il prend des mesures semblables \u00e0 la manufacture des Gobelins, <strong>et fait m\u00eame prot\u00e9ger la collection d&rsquo;\u0153uvres d&rsquo;art d&rsquo;Adolphe Thiers, dont notamment ses porcelaines de Chine<\/strong>. Il si\u00e8ge \u00e0 la commission de l&rsquo;Instruction publique [\u2026] avec Jules Vall\u00e8s\u00a0\u00bb<br \/>\n<\/span><\/p>\n<p><span style=\"color: #777777; font-family: Arial;\">On constate donc que Gustave Courbet \u00e9tait plut\u00f4t enclin \u00e0 prot\u00e9ger le patrimoine.<br \/>\n<\/span><\/p>\n<p><span style=\"color: #777777; font-family: Arial;\">La responsabilit\u00e9 qu&rsquo;on lui fera jouer dans la destruction de la colonne Vend\u00f4me est ambig\u00fce et m\u00eame erron\u00e9e.<br \/>\n<\/span><\/p>\n<p><span style=\"color: #777777; font-family: Arial;\">Il est vrai qu&rsquo;il fait une proposition le 14 septembre 1870. Il r\u00e9dige, ce jour, une note \u00e0 l&rsquo;attention du gouvernement de D\u00e9fense nationale proposant de \u00ab d\u00e9boulonner la colonne Vend\u00f4me \u00bb et sugg\u00e8re d&rsquo;en r\u00e9cup\u00e9rer une partie du m\u00e9tal pour la Monnaie.<br \/>\n<\/span><\/p>\n<p><span style=\"color: #777777; font-family: Arial;\">Mais en revanche, il s&rsquo;insurge en octobre contre le gouvernement qui souhaite abattre la colonne Vend\u00f4me, au profit d&rsquo;une nouvelle statue en bronze \u00e0 la gloire de Strasbourg, ville annex\u00e9e : Courbet r\u00e9affirme que cette colonne doit \u00eatre d\u00e9plac\u00e9e de la rue de la Paix vers les Invalides et qu&rsquo;on doit en conserver les bas-reliefs par respect pour les soldats de la Grande Arm\u00e9e.<br \/>\n<\/span><\/p>\n<p><span style=\"color: #777777; font-family: Arial;\">Et lorsqu&rsquo;apr\u00e8s un appel de Vall\u00e8s publi\u00e9 le 4 avril dans<strong> Le Cri du peuple<\/strong> dans lequel il vilipende le monument, la Commune d\u00e9cide, le 12, sur une proposition de F\u00e9lix Pyat, d&rsquo;abattre et non de d\u00e9boulonner la colonne Vend\u00f4me, Courbet ne vote pas cette d\u00e9molition.<br \/>\n<\/span><\/p>\n<p><img loading=\"lazy\" decoding=\"async\" class=\"alignleft\" src=\"https:\/\/lemotdujour.fr\/wp-content\/uploads\/2021\/03\/032921_2221_Mardi30mars2.png\" alt=\"\" width=\"508\" height=\"666\" align=\"left\" \/><span style=\"color: #777777; font-family: Arial;\">La d\u00e9molition est pr\u00e9vue pour le 5 mai 1871, jour anniversaire de la mort de Napol\u00e9on, mais la situation militaire emp\u00eache de tenir ce d\u00e9lai. Finalement, la c\u00e9r\u00e9monie a lieu le 16 mai 1871.<br \/>\n<\/span><\/p>\n<p><span style=\"color: #777777; font-family: Arial;\">Dans La revue \u00ab\u00a0<strong>L&rsquo;Histoire<\/strong>\u00a0\u00bb, c&rsquo;est l&rsquo;historien <strong>Emmanuel Fureix<\/strong> qui raconte la destruction de la colonne vend\u00f4me:<br \/>\n<\/span><\/p>\n<p style=\"margin-left: 28pt;\"><span style=\"color: #c00000; font-family: Arial;\">\u00ab\u00a0Abattre la colonne Vend\u00f4me revient \u00e0 affirmer aux yeux de l&rsquo;Europe enti\u00e8re la \u00ab r\u00e9publique universelle \u00bb et la fraternit\u00e9 des peuples souverains. La place Vend\u00f4me est rebaptis\u00e9e place de l&rsquo;Internationale. L&rsquo;iconoclasme devient alors le signal d&rsquo;un nouvel ordre international \u00e0 b\u00e2tir. [\u2026] L&rsquo;abattage de la colonne vient aussi venger la m\u00e9moire des morts, celle de tous les soldats citoyens tomb\u00e9s au nom d&rsquo;une cause jug\u00e9e vaine.<br \/>\n<\/span><\/p>\n<p style=\"margin-left: 28pt;\"><span style=\"color: #c00000; font-family: Arial;\">F\u00e9lix Pyat \u00e9crit : \u00ab La colonne repr\u00e9sente la mort de 4 millions d&rsquo;hommes sacrifi\u00e9s au dieu de la guerre et \u00e0 la gloire de trois invasions \u00bb, et, le 16 mai, un citoyen pr\u00e9sent place Vend\u00f4me lui fait \u00e9cho : \u00ab On dit cette colonne de bronze, allons donc ! Elle est faite d&rsquo;ossements humains. Aussi allons-nous assister \u00e0 une chute d&rsquo;os. \u00bb \u00a0\u00bb<br \/>\n<\/span><\/p>\n<p><span style=\"color: #777777; font-family: Arial;\">Cette destruction devient une v\u00e9ritable c\u00e9r\u00e9monie, une f\u00eate \u00e0 laquelle les communards viennent en foule\u00a0:<br \/>\n<\/span><\/p>\n<p style=\"margin-left: 28pt;\"><span style=\"color: #c00000; font-family: Arial;\">\u00ab\u00a0 La colonne Vend\u00f4me n&rsquo;est pas d\u00e9truite \u00e0 la sauvette, dans l&rsquo;obscurit\u00e9 de la nuit : le d\u00e9boulonnage est un spectacle, une f\u00eate de souverainet\u00e9 offerte \u00e0 la face du monde. Le chantier de d\u00e9molition, complexe, est confi\u00e9 \u00e0 un ing\u00e9nieur, Paul Iribe, et, le 16 mai, environ 20 000 Parisiens se pressent pour assister au d\u00e9boulonnage du \u00ab jean-foutre Bonaparte \u00bb. La Marseillaise et Le Chant du d\u00e9part sont entonn\u00e9s. Un cabestan c\u00e8de, il faut s&rsquo;y reprendre \u00e0 deux fois mais, en fin d&rsquo;apr\u00e8s-midi, la colonne s&rsquo;effondre en un \u00ab zigzag monstrueux \u00bb, soulevant un \u00ab nuage de poussi\u00e8re \u00bb raconte Maxime Vuillaume. L&rsquo;effigie de Napol\u00e9on chute sur un lit de fumier et de fagots, la t\u00eate d\u00e9tach\u00e9e du tronc. Certains lui jettent des coups de pied et des crachats. \u00ab De pr\u00e8s, que sa figure est vilaine et laide \u00bb, \u00e9crit \u00c9lie Reclus. Mais \u00ab un gouvernement qui a le toupet de foutre en bas Napol\u00e9on, \u00e7a doit \u00eatre un gouvernement fort ! \u00bb s&rsquo;exclame un communard. Le pi\u00e9destal est orn\u00e9 de quatre drapeaux rouges et des \u00e9chelles permettent aux citoyens de se l&rsquo;approprier. Dans tous ces gestes se lit le d\u00e9sir de se dire souverain. Se joue aussi une lente \u00ab reconqu\u00eate de la ville par la ville \u00bb, observ\u00e9e par l&rsquo;historien Jacques Rougerie.\u00a0\u00bb<br \/>\n<\/span><\/p>\n<p><span style=\"color: #777777; font-family: Arial;\">La Commune a longtemps \u00e9t\u00e9 associ\u00e9e \u00e0 des actes de vandalisme. Mais cet iconoclasme doit se comprendre davantage comme un instrument de guerre contre Versailles.<br \/>\n<\/span><\/p>\n<p><img loading=\"lazy\" decoding=\"async\" class=\"alignleft\" src=\"https:\/\/lemotdujour.fr\/wp-content\/uploads\/2021\/03\/032921_2221_Mardi30mars3.png\" alt=\"\" width=\"575\" height=\"401\" \/><\/p>\n<p style=\"margin-left: 28pt;\"><span style=\"color: #c00000; font-family: Arial;\">\u00ab\u00a0Hier, 26 flor\u00e9al [16 mai 1871], l&rsquo;arr\u00eat de la justice du peuple a \u00e9t\u00e9 ex\u00e9cut\u00e9. La colonne est tomb\u00e9e \u00e0 cinq heures trois quarts. [&#8230;] Il ne reste plus qu&rsquo;un monceau de miettes : la colonne est broy\u00e9e, le drapeau tricolore enseveli, le C\u00e9sar, d\u00e9capit\u00e9, g\u00eet sur du fumier. \u00bb<\/span><\/p>\n<p style=\"margin-left: 28pt;\"><span style=\"color: #c00000; font-family: Arial;\"><em>Le journal communard Le R\u00e9veil du peuple<\/em><\/span><\/p>\n<p><span style=\"color: #777777; font-family: Arial;\">\u00a0<\/span><span style=\"color: #777777; font-family: Arial;\">Un d\u00e9saccord plus important entre Courbet et la commune va conduire \u00e0 sa d\u00e9mission\u00a0:<br \/>\n<\/span><\/p>\n<p style=\"margin-left: 28pt;\"><span style=\"color: #c00000; font-family: Arial;\">\u00ab\u00a0Courbet d\u00e9missionne de ses fonctions le 24 mai 1871, protestant contre l&rsquo;ex\u00e9cution par les Communards de son ami Gustave Chaudey qui, en tant que maire-adjoint, est accus\u00e9 d&rsquo;avoir fait tirer sur la foule le 22 janvier 1871 (fait qui n&rsquo;a, en r\u00e9alit\u00e9, jamais \u00e9t\u00e9 prouv\u00e9.\u00a0\u00bb (Wikipedia)<br \/>\n<\/span><\/p>\n<p><img loading=\"lazy\" decoding=\"async\" class=\"alignright\" src=\"https:\/\/lemotdujour.fr\/wp-content\/uploads\/2021\/03\/032921_2221_Mardi30mars4.jpg\" alt=\"\" width=\"420\" height=\"379\" align=\"left\" \/><span style=\"color: #777777; font-family: Arial;\">Apr\u00e8s la Semaine sanglante, il est arr\u00eat\u00e9 le 7 juin 1871 et emprisonn\u00e9 \u00e0 la Conciergerie puis \u00e0 Mazas.<br \/>\n<\/span><\/p>\n<p><span style=\"color: #777777; font-family: Arial;\">D\u00e8s le d\u00e9but de son incarc\u00e9ration, la presse lui reproche la destruction de la colonne ; Courbet r\u00e9dige alors une s\u00e9rie de lettres \u00e0 diff\u00e9rents \u00e9lus dans lesquelles il \u00ab s&rsquo;engage \u00e0 la faire relever \u00e0 ses frais, en vendant les 200 tableaux qui [lui] reste \u00bb : cette proposition, il va la regretter.<br \/>\n<\/span><\/p>\n<p><span style=\"color: #777777; font-family: Arial;\">Il sera condamn\u00e9 \u00e0 six mois de prison fermes et \u00e0 500 francs puis il devra encore r\u00e9gler 6 850 francs de frais de proc\u00e9dure.<br \/>\n<\/span><\/p>\n<p><span style=\"color: #777777; font-family: Arial;\">Certains \u00e9crivains lui expriment des injures d&rsquo;une grande violence. Ainsi, Alexandre Dumas fils \u00e9crira<br \/>\n<\/span><\/p>\n<p style=\"margin-left: 28pt;\"><span style=\"color: #c00000; font-family: Arial;\">\u00ab De quel accouplement fabuleux d&rsquo;une limace et d&rsquo;un paon, de quelles antith\u00e8ses g\u00e9n\u00e9siaques, de quel suintement s\u00e9bac\u00e9 peut avoir \u00e9t\u00e9 g\u00e9n\u00e9r\u00e9e cette chose qu&rsquo;on appelle Gustave Courbet ? Sous quelle cloche, \u00e0 l&rsquo;aide de quel fumier, par suite de quelle mixture de vin, de bi\u00e8re, de mucus corrosif et d&rsquo;\u0153d\u00e8me flatulent a pu pousser cette courge sonore et poilue, ce ventre esth\u00e9tique, incarnation du Moi imb\u00e9cile et impuissant \u00bb.<br \/>\n<\/span><\/p>\n<p><span style=\"color: #777777; font-family: Arial;\">En mai 1873, le nouveau pr\u00e9sident de la R\u00e9publique, le mar\u00e9chal de Mac Mahon, d\u00e9cide de faire reconstruire la colonne Vend\u00f4me aux frais de Courbet (soit 323 091,68 francs selon le devis \u00e9tabli). La loi sur le r\u00e9tablissement de la colonne Vend\u00f4me aux frais de Courbet est vot\u00e9e le 30 mai 1873. Il est accul\u00e9 \u00e0 la ruine, ses biens mis sous s\u00e9questre, ses toiles confisqu\u00e9es.<br \/>\n<\/span><\/p>\n<p><span style=\"color: #777777; font-family: Arial;\">Il s&rsquo;exilera en Suisse o\u00f9 il mourra 4 ans plus tard.<br \/>\n<\/span><\/p>\n<p><span style=\"color: #777777; font-family: Arial;\">Par solidarit\u00e9 avec ses compatriotes exil\u00e9s de la Commune de Paris, Courbet refusa toujours de retourner en France avant une amnistie g\u00e9n\u00e9rale. Sa volont\u00e9 fut respect\u00e9e, et son corps fut inhum\u00e9 \u00e0 La Tour-de-Peilz le 3 janvier 1878, apr\u00e8s sa mort survenue le 31 d\u00e9cembre 1877<br \/>\n<\/span><\/p>\n<p><span style=\"color: #777777; font-family: Arial;\">Sa d\u00e9pouille a \u00e9t\u00e9 transf\u00e9r\u00e9e en juin 1919 \u00e0 Ornans. <\/span><span style=\"color: #777777; font-family: Arial;\">Il \u00e9tait n\u00e9 100 ans avant, le 10 juin 1819 dans cette ville du d\u00e9partement du Doubs.<br \/>\n<\/span><\/p>\n<p><span style=\"color: #c00000; font-family: Arial;\">&lt;1545&gt;<\/span><\/p>\n","protected":false},"excerpt":{"rendered":"<p>\u00ab\u00a0Gustave Courbet, la Commune et la destruction de la colonne Vend\u00f4me.\u00a0 \u00bb Une histoire du temps de la commune Le peintre Gustave Courbet est n\u00e9 en 1819. Il fut d\u00e9sign\u00e9 comme le chef de file du courant r\u00e9aliste. Au temps<\/p>\n","protected":false},"author":1,"featured_media":0,"comment_status":"open","ping_status":"closed","sticky":false,"template":"","format":"standard","meta":{"footnotes":""},"categories":[1],"tags":[15,17,108],"class_list":["post-10977","post","type-post","status-publish","format-standard","hentry","category-motdujour","tag-france","tag-histoire","tag-peinture"],"_links":{"self":[{"href":"https:\/\/lemotdujour.fr\/index.php?rest_route=\/wp\/v2\/posts\/10977","targetHints":{"allow":["GET"]}}],"collection":[{"href":"https:\/\/lemotdujour.fr\/index.php?rest_route=\/wp\/v2\/posts"}],"about":[{"href":"https:\/\/lemotdujour.fr\/index.php?rest_route=\/wp\/v2\/types\/post"}],"author":[{"embeddable":true,"href":"https:\/\/lemotdujour.fr\/index.php?rest_route=\/wp\/v2\/users\/1"}],"replies":[{"embeddable":true,"href":"https:\/\/lemotdujour.fr\/index.php?rest_route=%2Fwp%2Fv2%2Fcomments&post=10977"}],"version-history":[{"count":3,"href":"https:\/\/lemotdujour.fr\/index.php?rest_route=\/wp\/v2\/posts\/10977\/revisions"}],"predecessor-version":[{"id":10982,"href":"https:\/\/lemotdujour.fr\/index.php?rest_route=\/wp\/v2\/posts\/10977\/revisions\/10982"}],"wp:attachment":[{"href":"https:\/\/lemotdujour.fr\/index.php?rest_route=%2Fwp%2Fv2%2Fmedia&parent=10977"}],"wp:term":[{"taxonomy":"category","embeddable":true,"href":"https:\/\/lemotdujour.fr\/index.php?rest_route=%2Fwp%2Fv2%2Fcategories&post=10977"},{"taxonomy":"post_tag","embeddable":true,"href":"https:\/\/lemotdujour.fr\/index.php?rest_route=%2Fwp%2Fv2%2Ftags&post=10977"}],"curies":[{"name":"wp","href":"https:\/\/api.w.org\/{rel}","templated":true}]}}