{"id":10944,"date":"2021-03-26T00:35:00","date_gmt":"2021-03-25T23:35:00","guid":{"rendered":"http:\/\/lemotdujour.fr\/?p=10944"},"modified":"2021-03-26T09:31:06","modified_gmt":"2021-03-26T08:31:06","slug":"vendredi-26-mars-2023","status":"publish","type":"post","link":"https:\/\/lemotdujour.fr\/?p=10944","title":{"rendered":"Vendredi 26 mars 2021"},"content":{"rendered":"<div class=\"mdjTexte\">\u00ab\u00a0On a d&rsquo;un c\u00f4t\u00e9 la l\u00e9gende noire des Versaillais pour qui les communards \u00e9taient des fous furieux et, de l&rsquo;autre, la l\u00e9gende rouge pour la gauche qui en fait une r\u00e9cup\u00e9ration politique\u00a0\u00bb<\/div>\n<div class=\"mdjAuteur\">Michel Cordillot<\/div>\n<p><span style=\"color: #777777; font-family: Arial;\">Certains pr\u00e9tendent que le clivage droite, gauche est obsol\u00e8te. <\/span><span style=\"color: #777777; font-family: Arial;\">On peut se demander par quel clivage, il est remplac\u00e9\u00a0:<br \/>\n<\/span><\/p>\n<ul>\n<li><span style=\"color: #777777; font-family: Arial;\">Ecologiste et climatosceptique\u00a0?<br \/>\n<\/span><\/li>\n<li><span style=\"color: #777777; font-family: Arial;\">Identitaire et universaliste\u00a0?<br \/>\n<\/span><\/li>\n<li><span style=\"color: #777777; font-family: Arial;\">Islamophobe et islamo gauchiste\u00a0?<br \/>\n<\/span><\/li>\n<\/ul>\n<p><span style=\"color: #777777; font-family: Arial;\">Pourtant la m\u00e9moire de la Commune ravive totalement le clivage droite-gauche. La droite de l&rsquo;ordre et la gauche de la justice sociale s&rsquo;affrontent, chacun consid\u00e9rant que l&rsquo;autre est le criminel. Il y eut des crimes des deux c\u00f4t\u00e9s, mais les versaillais ont tu\u00e9 davantage que les communards.<br \/>\n<\/span><\/p>\n<p><span style=\"color: #777777; font-family: Arial;\">Les versaillais et les otages ex\u00e9cut\u00e9s par les communards repr\u00e9sentent moins de 1000 morts. Il semble qu&rsquo;un consensus large accepte cette \u00e9valuation.<br \/>\n<\/span><\/p>\n<p><span style=\"color: #777777; font-family: Arial;\">Mais pour les f\u00e9d\u00e9r\u00e9s, on ne le sait pas.<br \/>\n<\/span><\/p>\n<p><span style=\"color: #777777; font-family: Arial;\">Dans une chanson que je n&rsquo;ai pas cit\u00e9 mercredi \u00ab\u00a0<\/span><span style=\"font-family: Arial; color: #0000ff;\"><a style=\"color: #0000ff;\" href=\"https:\/\/fr.wikisource.org\/wiki\/Elle_n%E2%80%99est_pas_morte\"><strong>Elle n&rsquo;est pas morte<\/strong><\/a><\/span><span style=\"color: #777777; font-family: Arial;\">\u00bb, <strong>Eug\u00e8ne Pottier<\/strong> \u00e9crit\u00a0:<br \/>\n<\/span><\/p>\n<p style=\"margin-left: 28pt;\"><span style=\"color: #c00000; font-family: Arial;\">\u00ab\u00a0Les Versaillais ont massacr\u00e9 pour le moins cent mille hommes.\u00a0\u00bb<br \/>\n<\/span><\/p>\n<p><span style=\"color: #777777; font-family: Arial;\">C&rsquo;est une belle chanson, mais sur ce point elle exag\u00e8re beaucoup, il n&rsquo;y a pas eu 100 000 morts.<br \/>\n<\/span><\/p>\n<p><span style=\"color: #777777; font-family: Arial;\">Les estimations ont fluctu\u00e9. &lt;<\/span><span style=\"font-family: Arial;\"><a href=\"https:\/\/fr.wikipedia.org\/wiki\/Commune_de_Paris\"><span style=\"color: #0000ff;\">Wikipedia<\/span><\/a><\/span><span style=\"color: #777777; font-family: Arial;\">&gt; raconte cette \u00e9volution\u00a0:<br \/>\n<\/span><\/p>\n<p style=\"margin-left: 28pt;\"><span style=\"color: #c00000; font-family: Arial;\">\u00ab\u00a0En 1876, le journaliste et pol\u00e9miste socialiste Prosper-Olivier Lissagaray, ancien communard, estime de <strong>17 000 \u00e0 20 000<\/strong> le nombre des fusill\u00e9s. En 1880, le journaliste et homme politique Camille Pelletan, membre du Parti radical-socialiste situe le nombre des victimes \u00e0 <strong>30 000<\/strong>. En 2014, l&rsquo;historien britannique Robert Tombs revoit le bilan \u00e0 la baisse et \u00e9value <strong>entre 5 700 et 7 400<\/strong> le nombre des morts, dont environ 1 400 fusill\u00e9s.\u00a0\u00bb<br \/>\n<\/span><\/p>\n<p><span style=\"color: #777777; font-family: Arial;\"><img loading=\"lazy\" decoding=\"async\" class=\"wp-image-10952 alignright\" src=\"https:\/\/lemotdujour.fr\/wp-content\/uploads\/2021\/03\/Michele-Audin-la-semaine-sanglante.jpg\" alt=\"\" width=\"194\" height=\"320\" srcset=\"https:\/\/lemotdujour.fr\/wp-content\/uploads\/2021\/03\/Michele-Audin-la-semaine-sanglante.jpg 388w, https:\/\/lemotdujour.fr\/wp-content\/uploads\/2021\/03\/Michele-Audin-la-semaine-sanglante-182x300.jpg 182w\" sizes=\"auto, (max-width: 194px) 100vw, 194px\" \/>La math\u00e9maticienne et \u00e9crivaine <strong>Mich\u00e8le Audin<\/strong> a publi\u00e9 cinq livres sur la Commune. Mich\u00e8le Audin est la fille du math\u00e9maticien<strong> Maurice Audin<\/strong> <span style=\"color: #0000ff;\"><a style=\"color: #0000ff;\" href=\"https:\/\/lemotdujour.fr\/?p=4255\">mort sous la torture<\/a><\/span> par l&rsquo;arm\u00e9e fran\u00e7aise lors de la guerre d&rsquo;Alg\u00e9rie et de la professeure de math\u00e9matiques Josette Audin.<\/span><\/p>\n<p><span style=\"color: #777777; font-family: Arial;\"> Elle vient de publier \u00ab <span style=\"color: #0000ff;\"><a style=\"color: #0000ff;\" href=\"https:\/\/www.chez-mon-libraire.fr\/livre\/9782377291762-la-semaine-sanglante-mai-1871-legendes-et-comptes-michele-audin\/\"><strong>la semaine sanglante<\/strong><\/a><\/span>\u00a0\u00bb. Elle s&rsquo;est lanc\u00e9e dans une nouvelle \u00e9valuation. Elle explique sa m\u00e9thode dans cet article du Monde du 18 mars 2021\u00a0: \u00ab\u00a0<a href=\"https:\/\/www.lemonde.fr\/livres\/article\/2021\/03\/18\/michele-audin-on-a-trouve-des-ossements-de-communards-dans-le-sous-sol-de-paris-jusque-dans-les-annees-1920_6073553_3260.html\"><span style=\"color: #0000ff;\">On a trouv\u00e9 des ossements de communards dans le sous-sol de Paris jusque dans les ann\u00e9es 1920<\/span><\/a> \u00bb<br \/>\n<\/span><\/p>\n<p><span style=\"color: #777777; font-family: Arial;\">Son estimation <strong>s&rsquo;\u00e9l\u00e8ve \u00e0 plus de 15\u00a0000 morts<\/strong>.<br \/>\n<\/span><\/p>\n<p><span style=\"color: #777777; font-family: Arial;\">Les communards ont aussi d\u00e9truit des monuments de Paris, le plus grand nombre lors de la semaine sanglante. Ils ont d\u00e9moli l&rsquo;h\u00f4tel particulier de Thiers, le chef de leurs ennemis. Cet h\u00f4tel situ\u00e9 place Saint-Georges, fut d\u00e9truit le 11 mai 1871, en repr\u00e9sailles au bombardement de Paris par l&rsquo;arm\u00e9e versaillaise<br \/>\n<\/span><\/p>\n<p><span style=\"color: #777777; font-family: Arial;\"><a href=\"https:\/\/fr.wikipedia.org\/wiki\/Fichier:Commune_de_Paris_24_mai_incendie_des_Tuileries.jpg\"><img loading=\"lazy\" decoding=\"async\" class=\"wp-image-10949 alignleft\" src=\"https:\/\/lemotdujour.fr\/wp-content\/uploads\/2021\/03\/Tuileries-Commune_de_Paris_24_mai_incendie_des_Tuileries.jpg\" alt=\"\" width=\"557\" height=\"431\" srcset=\"https:\/\/lemotdujour.fr\/wp-content\/uploads\/2021\/03\/Tuileries-Commune_de_Paris_24_mai_incendie_des_Tuileries.jpg 776w, https:\/\/lemotdujour.fr\/wp-content\/uploads\/2021\/03\/Tuileries-Commune_de_Paris_24_mai_incendie_des_Tuileries-300x232.jpg 300w, https:\/\/lemotdujour.fr\/wp-content\/uploads\/2021\/03\/Tuileries-Commune_de_Paris_24_mai_incendie_des_Tuileries-768x594.jpg 768w\" sizes=\"auto, (max-width: 557px) 100vw, 557px\" \/><\/a><\/span><span style=\"color: #777777; font-family: Arial;\">Ils ont aussi abattu, le 16 mai, la colonne de la place Vend\u00f4me qui \u00e9tait surmont\u00e9e par la statue de Napol\u00e9on.<br \/>\n<\/span><\/p>\n<p><span style=\"color: #777777; font-family: Arial;\">Et le palais des Tuileries, palais des rois et de l&#8217;empereur fut incendi\u00e9 lors de la semaine sanglante.<br \/>\n<\/span><\/p>\n<p><span style=\"color: #777777; font-family: Arial;\">Et il y eut d&rsquo;autres b\u00e2timents incendi\u00e9s comme l&rsquo;H\u00f4tel de Ville, le Palais de justice, dont cependant la Sainte-Chapelle et la Cour de cassation \u00e9chappent aux flammes, le palais d&rsquo;Orsay o\u00f9 si\u00e8gent le Conseil d&rsquo;\u00c9tat et la Cour des comptes, le palais de la L\u00e9gion d&rsquo;honneur, le Palais-Royal et d&rsquo;autres encore.<br \/>\n<\/span><\/p>\n<p><span style=\"color: #777777; font-family: Arial;\">Apr\u00e8s ces rappels, revenons au clivage droite, gauche d&rsquo;aujourd&rsquo;hui !<br \/>\n<\/span><\/p>\n<p><a href=\"https:\/\/www.lefigaro.fr\/culture\/150-ans-de-la-commune-l-anniversaire-qui-divise-20210317\"><span style=\"font-family: Arial;\"><span style=\"color: #0000ff;\">&lt;Le Figaro&gt;<\/span><\/span><\/a><span style=\"color: #777777; font-family: Arial;\"> essaie de rapporter, en toute neutralit\u00e9, le d\u00e9bat qu&rsquo;il y a eu au conseil de la commune de Paris en f\u00e9vrier :<br \/>\n<\/span><\/p>\n<p style=\"margin-left: 28pt;\"><span style=\"color: #c00000; font-family: Arial;\">\u00ab Elle a beau avoir 150 ans, la Commune de Paris suscite toujours les passions, et sa m\u00e9moire reste conflictuelle. En f\u00e9vrier, au Conseil de Paris, la mise au vote d&rsquo;une subvention \u00e0 l&rsquo;association les Amis de la Commune, destin\u00e9e aux \u00e9v\u00e9nements imagin\u00e9s par la mairie autour de cet anniversaire, a provoqu\u00e9 une passe d&rsquo;arme entre la majorit\u00e9 et l&rsquo;opposition. Tandis que Laurence Patrice, adjointe PC charg\u00e9e de la m\u00e9moire, proposait de c\u00e9l\u00e9brer \u00ab la r\u00e9volution la plus moderne \u00bb qui soit, elle s&rsquo;est attir\u00e9e les foudres de Rudolph Granier, \u00e9lu LR dans le 18e arrondissement &#8211; lequel a estim\u00e9 qu&rsquo;on ne devait pas \u00abdanser au son des meurtres et des incendies\u00bb.\u00a0 \u00bb<br \/>\n<\/span><\/p>\n<p><span style=\"color: #777777; font-family: Arial;\">Mais j&rsquo;aime particuli\u00e8rement la description que fait <a href=\"https:\/\/www.l&lt;cet article du monde&gt;irie-de-paris_6070470_823448.html\"><span style=\"color: #0000ff;\">&lt;cet article du monde&gt;<\/span><\/a> :<br \/>\n<\/span><\/p>\n<p style=\"margin-left: 28pt;\"><span style=\"color: #c00000; font-family: Arial;\">\u00ab\u00a0Ce mercredi 3 f\u00e9vrier, le couvre-feu est d\u00e9j\u00e0 pass\u00e9, le Conseil de Paris commenc\u00e9 la veille s&rsquo;\u00e9tire depuis des heures, et les \u00e9lus n&rsquo;ont qu&rsquo;une envie : voter rapidement les derni\u00e8res d\u00e9lib\u00e9rations, puis rentrer. L&rsquo;ordre du jour, quelques subventions et hommages, semble consensuel. Mais soudain, Rudolph Granier prend le micro et r\u00e9veille l&rsquo;h\u00e9micycle. Parmi les vingt-sept associations \u00e0 subventionner, il en est une \u00e0 laquelle son parti, Les R\u00e9publicains (LR), ne veut pas accorder un centime : <strong>les Amies et amis de la Commune de Paris 1871<\/strong>. Cette association copr\u00e9sid\u00e9e par un ancien dirigeant communiste \u00ab glorifie les \u00e9v\u00e9nements les plus violents de la Commune \u00bb, peste-t-il.<br \/>\n<\/span><\/p>\n<p style=\"margin-left: 28pt;\"><span style=\"color: #c00000; font-family: Arial;\">M. Granier \u00e9voque \u00ab les incendies de la Commune qui ont ravag\u00e9 des pans entiers de la capitale \u00bb, et accuse la maire socialiste, Anne Hidalgo, d&rsquo;\u00ab \u00e2nonner \u00bb \u00e0 ce sujet \u00ab une s\u00e9rie de contre-v\u00e9rit\u00e9s historiques \u00bb dans le seul but de ressouder les socialistes, les communistes et les \u00e9cologistes, en vue de son \u00ab projet pr\u00e9sidentiel \u00bb. Celui-ci \u00ab rassemblera certainement moins de personnes que les dix millions de Fran\u00e7ais qui ont particip\u00e9 \u00e0 la souscription nationale pour l&rsquo;\u00e9dification du Sacr\u00e9-C\u0153ur \u00bb, ajoute l&rsquo;\u00e9lu LR.<br \/>\n<\/span><\/p>\n<p style=\"margin-left: 28pt;\"><span style=\"color: #c00000; font-family: Arial;\">Patrick Bloche, l&rsquo;adjoint socialiste d&rsquo;Anne Hidalgo, qui pr\u00e9side la s\u00e9ance, ponctue cette diatribe d&rsquo;une phrase : \u00ab <strong>Ce qui me rassure, c&rsquo;est que je crois au clivage entre la gauche et la droite, et vous l&rsquo;avez illustr\u00e9 parfaitement,<\/strong> cent cinquante ans apr\u00e8s la Commune. \u00bb Entre les deux camps, la joute verbale se poursuit pr\u00e8s d&rsquo;une heure.\u00a0\u00bb<br \/>\n<\/span><\/p>\n<p><span style=\"color: #777777; font-family: Arial;\">Un autre \u00e9lu de droite, Antoine Beauquier, \u00e9lu du 16e arrondissement ne veut pas qu&rsquo;on transforme en h\u00e9ros\u00a0:<br \/>\n<\/span><\/p>\n<p style=\"margin-left: 28pt;\"><span style=\"color: #c00000; font-family: Arial;\">\u00ab ceux qui prirent en otage et assassin\u00e8rent les dominicains d&rsquo;Arcueil venus ramasser les bless\u00e9s sous l&#8217;embl\u00e8me de la Croix-Rouge \u00bb<br \/>\n<\/span><\/p>\n<p><span style=\"color: #777777; font-family: Arial;\">Et il pose cette question \u00e0 la municipalit\u00e9 de gauche\u00a0:<br \/>\n<\/span><\/p>\n<p style=\"margin-left: 28pt;\"><span style=\"color: #c00000; font-family: Arial;\">\u00ab Pourrez-vous encore d\u00e9noncer les casseurs apr\u00e8s avoir honor\u00e9 en grande pompe ceux qui ont choisi de br\u00fbler les Tuileries, le Palais-Royal, le palais d&rsquo;Orsay, les synagogues et notre h\u00f4tel de ville ? \u00bb<br \/>\n<\/span><\/p>\n<p><span style=\"color: #777777; font-family: Arial;\">David Alphand (LR) lui d\u00e9nonce une autre action de la commune qui le h\u00e9risse : \u00ab <span style=\"color: #c00000;\">La confiscation des moyens de production<span style=\"color: #777777;\">. \u00bb<br \/>\n<\/span><\/span><\/span><\/p>\n<p><span style=\"color: #777777; font-family: Arial;\">Bref, un vrai combat gauche-droite, comme au bon vieux temps.<br \/>\n<\/span><\/p>\n<p><a href=\"https:\/\/www.la-croix.com\/France\/Commune-Paris-memoires-toujours-vives-2021-03-18-1201146269\"><span style=\"font-family: Arial;\"><span style=\"color: #0000ff;\">&lt;La Croix&gt;<\/span><\/span><\/a><span style=\"color: #777777; font-family: Arial;\"> qui relate aussi cette passe d&rsquo;armes rapporte les paroles Laurence Patrice, adjointe charg\u00e9e de la m\u00e9moire\u00a0:<br \/>\n<\/span><\/p>\n<p style=\"margin-left: 28pt;\"><span style=\"color: #c00000; font-family: Arial;\">\u00ab Ce n&rsquo;est pas une glorification mais un hommage \u00e0 des femmes et des hommes qui portaient des valeurs dont les forces de gauche sont les h\u00e9riti\u00e8res \u00bb<br \/>\n<\/span><\/p>\n<p><span style=\"color: #777777; font-family: Arial;\">La commune de Paris c\u00e9l\u00e8bre, en effet &lt; <span style=\"color: #0000ff;\"><a style=\"color: #0000ff;\" href=\"https:\/\/www.paris.fr\/pages\/les-150-ans-de-la-commune-de-paris-les-figures-incontournables-3-5-16934\">les figures de la Commune<\/a><\/span>&gt;<br \/>\n<\/span><\/p>\n<p><span style=\"color: #777777; font-family: Arial;\"><img loading=\"lazy\" decoding=\"async\" class=\"size-full wp-image-10955 alignleft\" src=\"https:\/\/lemotdujour.fr\/wp-content\/uploads\/2021\/03\/La-commune-en-images.jpg\" alt=\"\" width=\"433\" height=\"500\" srcset=\"https:\/\/lemotdujour.fr\/wp-content\/uploads\/2021\/03\/La-commune-en-images.jpg 433w, https:\/\/lemotdujour.fr\/wp-content\/uploads\/2021\/03\/La-commune-en-images-260x300.jpg 260w\" sizes=\"auto, (max-width: 433px) 100vw, 433px\" \/>Et la Croix cite l&rsquo;historienne <strong>Laure Godineau<\/strong>, qui publie \u00ab\u00a0<span style=\"color: #0000ff;\"><a style=\"color: #0000ff;\" href=\"https:\/\/www.seuil.com\/ouvrage\/la-commune-de-1871-expliquee-en-images-laure-godineau\/9782021460292\"><strong>La Commune de 1871 expliqu\u00e9e en images<\/strong>\u00a0<\/a><\/span>\u00bb (Seuil) qui explique\u00a0:<br \/>\n<\/span><\/p>\n<p style=\"margin-left: 28pt;\"><span style=\"color: #c00000; font-family: Arial;\">\u00ab Si l&rsquo;\u00e9v\u00e9nement reste mal connu, c&rsquo;est en partie parce que la construction r\u00e9publicaine apr\u00e8s 1871 en a voulu l&rsquo;oubli : oubli de la guerre civile dans le cadre d&rsquo;une r\u00e9conciliation nationale ; oubli de l&rsquo;insurrection alors que s&rsquo;affirmait une R\u00e9publique \u00e9loign\u00e9e des id\u00e9aux des communards [\u2026] La Commune n&rsquo;a pas \u00e9t\u00e9 int\u00e9gr\u00e9e \u00e0 notre histoire nationale et \u00e0 notre m\u00e9moire collective, ce qui a laiss\u00e9 une grande place \u00e0 des m\u00e9moires conflictuelles [\u2026] D&rsquo;un c\u00f4t\u00e9, le souvenir d&rsquo;un mouvement \u00e9mancipateur, politiquement et socialement, et des milliers de morts de la r\u00e9pression ; de l&rsquo;autre, des incendies et des otages. \u00bb<br \/>\n<\/span><\/p>\n<p><span style=\"color: #777777; font-family: Arial;\">Et il est vrai que dans mes livres d&rsquo;Histoire je n&rsquo;ai pas beaucoup de souvenirs d&rsquo;une histoire de la Commune.<br \/>\n<\/span><\/p>\n<p><span style=\"color: #777777; font-family: Arial;\">Il faut rappeler, peut-\u00eatre, qu&rsquo;\u00e0 c\u00f4t\u00e9 d&rsquo;<strong>Adolphe Thiers<\/strong>, il y avait dans le gouvernement des figures qui sont rest\u00e9s c\u00e9l\u00e8bres pour d&rsquo;autres faits historiques. L&rsquo;un des plus virulents soutien de Thiers \u00e9tait <strong>Jules Ferry<\/strong>. Il y avait aussi <strong>Jules Gr\u00e9vy<\/strong> qui \u00e9voque \u00ab un gouvernement factieux \u00bb, <strong>Jules Favre<\/strong> \u00ab une poign\u00e9e de sc\u00e9l\u00e9rats \u00bb et <strong>L\u00e9on Gambetta<\/strong> qui approuva Thiers.<br \/>\n<\/span><\/p>\n<p><span style=\"color: #777777; font-family: Arial;\">Le journal &lt;<span style=\"color: #0000ff;\"><a style=\"color: #0000ff;\" href=\"https:\/\/www.lanouvellerepublique.fr\/a-la-une\/150-ans-apres-la-commune-de-paris-divise-la-classe-politique\">La nouvelle R\u00e9publique<\/a><\/span>&gt; qui relate aussi cet \u00e9pisode \u00e9voque une autre pierre d&rsquo;achoppement\u00a0: la d\u00e9cision, en octobre, de classer comme monument historique la basilique du Sacr\u00e9-C\u0153ur, construite pour \u00ab expier les p\u00e9ch\u00e9s \u00bb des communards qui avait provoqu\u00e9 l&rsquo;ire de l&rsquo;association des Amis de la Commune.<br \/>\n<\/span><\/p>\n<p><span style=\"color: #777777; font-family: Arial;\">Et il cite l&rsquo;historien <strong>Michel Cordillot<\/strong> autre sp\u00e9cialiste de la commune, coordinateur d&rsquo;un ouvrage synth\u00e9tique sur la Commune paru en janvier\u00a0:<br \/>\n<\/span><\/p>\n<p style=\"margin-left: 28pt;\"><span style=\"color: #c00000; font-family: Arial;\"><a href=\"https:\/\/www.decitre.fr\/livres\/la-commune-de-paris-1871-9782708245969.html\"><img loading=\"lazy\" decoding=\"async\" class=\"size-full wp-image-10959 alignright\" src=\"https:\/\/lemotdujour.fr\/wp-content\/uploads\/2021\/03\/Cordillot-La-commune-de-Paris.jpg\" alt=\"\" width=\"349\" height=\"500\" srcset=\"https:\/\/lemotdujour.fr\/wp-content\/uploads\/2021\/03\/Cordillot-La-commune-de-Paris.jpg 349w, https:\/\/lemotdujour.fr\/wp-content\/uploads\/2021\/03\/Cordillot-La-commune-de-Paris-209x300.jpg 209w\" sizes=\"auto, (max-width: 349px) 100vw, 349px\" \/><\/a>\u00ab\u00a0La Commune est mal connue car elle est d&#8217;embl\u00e9e prisonni\u00e8re d&rsquo;enjeux de m\u00e9moire. <strong>On a d&rsquo;un c\u00f4t\u00e9 la l\u00e9gende noire des Versaillais pour qui les communards \u00e9taient des fous furieux et, de l&rsquo;autre, la l\u00e9gende rouge pour la gauche qui en fait une r\u00e9cup\u00e9ration politique<\/strong>\u00a0[\u2026] en 1971, [lors de son centenaire] les affrontements \u00e9taient d\u00e9j\u00e0 terribles, y compris entre historiens [\u2026] Que faut-il alors retenir de cet \u00e9v\u00e9nement ? L&rsquo;exp\u00e9rience d&rsquo;une r\u00e9publique sociale, favorable \u00e0 la d\u00e9mocratie directe, a permis notamment, et pour un bref moment, l&rsquo;acc\u00e8s au pouvoir des milieux populaires \u2013 actuellement sous-repr\u00e9sent\u00e9s parmi les d\u00e9put\u00e9s de l&rsquo;Assembl\u00e9e nationale \u2013 le droit de vote pour les femmes ou la la\u00efcit\u00e9 dans l&rsquo;enseignement, plus de trente ans avant la loi de 1905 concernant la s\u00e9paration de l&rsquo;\u00c9glise et de l&rsquo;\u00c9tat. Ce sont des mesures extr\u00eamement modernes, qui font consensus aujourd&rsquo;hui [\u2026] la Commune a pos\u00e9 le principe de l&rsquo;acc\u00e8s au pouvoir des classes subalternes. Avant, \u00e7a relevait de l&rsquo;utopie. Apr\u00e8s, \u00e7a devient une r\u00e9alit\u00e9. Et \u00e7a marche ! \u00bb<br \/>\n<\/span><\/p>\n<p><span style=\"color: #777777; font-family: Arial;\">Et <span style=\"color: #0000ff;\">&lt;<a style=\"color: #0000ff;\" href=\"https:\/\/www.humanite.fr\/150-ans-apres-la-droite-deteste-toujours-la-commune-de-paris-700515\">L&rsquo;Humanit\u00e9<\/a>&gt;<\/span> d&rsquo;ajouter\u00a0:<br \/>\n<\/span><\/p>\n<p style=\"margin-left: 28pt;\"><span style=\"color: #c00000; font-family: Arial;\">\u00ab\u00a0En 1871, pendant soixante-douze jours, Paris redevient la capitale mondiale du progr\u00e8s et la citoyennet\u00e9. Mais de cela la droite ne veut parler.\u00a0\u00bb<br \/>\n<\/span><\/p>\n<p><span style=\"color: #777777; font-family: Arial;\">Le site des <strong>amies et amis de la Commune<\/strong>\u00a0:<span style=\"color: #0000ff;\"> <a style=\"color: #0000ff;\" href=\"https:\/\/www.commune1871.org\">https:\/\/www.commune1871.org\/<\/a><\/span> association qui a servi de d\u00e9clencheur \u00e0 la bonne vieille dispute entre droite et gauche\u2026<br \/>\n<\/span><\/p>\n<p><span style=\"color: maroon; font-family: Arial;\">&lt;1543&gt;<\/span><\/p>\n","protected":false},"excerpt":{"rendered":"<p>\u00ab\u00a0On a d&rsquo;un c\u00f4t\u00e9 la l\u00e9gende noire des Versaillais pour qui les communards \u00e9taient des fous furieux et, de l&rsquo;autre, la l\u00e9gende rouge pour la gauche qui en fait une r\u00e9cup\u00e9ration politique\u00a0\u00bb Michel Cordillot Certains pr\u00e9tendent que le clivage droite,<\/p>\n","protected":false},"author":1,"featured_media":0,"comment_status":"open","ping_status":"closed","sticky":false,"template":"","format":"standard","meta":{"footnotes":""},"categories":[1],"tags":[15,17,3],"class_list":["post-10944","post","type-post","status-publish","format-standard","hentry","category-motdujour","tag-france","tag-histoire","tag-politique"],"_links":{"self":[{"href":"https:\/\/lemotdujour.fr\/index.php?rest_route=\/wp\/v2\/posts\/10944","targetHints":{"allow":["GET"]}}],"collection":[{"href":"https:\/\/lemotdujour.fr\/index.php?rest_route=\/wp\/v2\/posts"}],"about":[{"href":"https:\/\/lemotdujour.fr\/index.php?rest_route=\/wp\/v2\/types\/post"}],"author":[{"embeddable":true,"href":"https:\/\/lemotdujour.fr\/index.php?rest_route=\/wp\/v2\/users\/1"}],"replies":[{"embeddable":true,"href":"https:\/\/lemotdujour.fr\/index.php?rest_route=%2Fwp%2Fv2%2Fcomments&post=10944"}],"version-history":[{"count":10,"href":"https:\/\/lemotdujour.fr\/index.php?rest_route=\/wp\/v2\/posts\/10944\/revisions"}],"predecessor-version":[{"id":10964,"href":"https:\/\/lemotdujour.fr\/index.php?rest_route=\/wp\/v2\/posts\/10944\/revisions\/10964"}],"wp:attachment":[{"href":"https:\/\/lemotdujour.fr\/index.php?rest_route=%2Fwp%2Fv2%2Fmedia&parent=10944"}],"wp:term":[{"taxonomy":"category","embeddable":true,"href":"https:\/\/lemotdujour.fr\/index.php?rest_route=%2Fwp%2Fv2%2Fcategories&post=10944"},{"taxonomy":"post_tag","embeddable":true,"href":"https:\/\/lemotdujour.fr\/index.php?rest_route=%2Fwp%2Fv2%2Ftags&post=10944"}],"curies":[{"name":"wp","href":"https:\/\/api.w.org\/{rel}","templated":true}]}}