{"id":1094,"date":"2015-04-27T02:00:00","date_gmt":"2015-04-26T22:00:00","guid":{"rendered":"http:\/\/lemotdujour.fr\/?p=1094"},"modified":"2020-11-15T18:21:22","modified_gmt":"2020-11-15T17:21:22","slug":"lundi-27-avril-2015","status":"publish","type":"post","link":"https:\/\/lemotdujour.fr\/?p=1094","title":{"rendered":"Lundi 27 avril 2015"},"content":{"rendered":"<div class=\"mdjTexte\">\t\u00ab Les restes de l\u2019\u00e9p\u00e9e \u00bb<\/div>\n<div class=\"mdjAuteur\">\tExpression turque pour \u00e9voquer des enfants arm\u00e9niens adopt\u00e9s et islamis\u00e9s par des turcs ou des kurdes<\/div>\n<p><a href=\"http:\/\/www.liberation.fr\/monde\/2012\/05\/02\/ames-errantes-armeniens-caches-d-anatolie_815874\"><span style=\"color: blue; font-family: Arial; text-decoration: underline;\"><span style=\"color: #0000ff; text-decoration: underline;\">Les Turcs appelaient \u00abrestes de l&rsquo;\u00e9p\u00e9e\u00bb (kili\u00e7 artigi) ces Arm\u00e9niens, surtout des femmes et des enfants, qui ont \u00e9chapp\u00e9 au g\u00e9nocide de&nbsp;1915<\/span><\/span><\/a><span style=\"color: #777777; font-family: Arial;\"><span style=\"color: #0000ff;\">,<\/span> enlev\u00e9s ou prot\u00e9g\u00e9s par des familles musulmanes. Le journaliste arm\u00e9nien de Turquie Hrant Dink parlait, lui, \u00abd&rsquo;\u00e2mes errantes\u00bb et a tent\u00e9, jusqu&rsquo;\u00e0 son assassinat \u00e0 Istanbul en&nbsp;2007, de retrouver cette m\u00e9moire engloutie, reconnaissant qu&rsquo;en Turquie, \u00abil est encore plus difficile de parler des vivants que des morts\u00bb. Nul ne sait combien sont les descendants des rescap\u00e9s rest\u00e9s en Anatolie orientale se cachant ou le plus souvent se convertissant \u00e0 l&rsquo;islam, tout en se fondant parmi les populations turque et kurde.<br \/>\n<\/span><\/p>\n<p><span style=\"color: #777777; font-family: Arial;\">J&rsquo;ai d\u00e9couvert cette terrible expression : \u00ab&nbsp;les restes de l&rsquo;\u00e9p\u00e9e&nbsp;\u00bb, c&rsquo;est \u00e0 dire ce qui reste quand on a pass\u00e9 \u00ab&nbsp;la plus grande partie au fil de l&rsquo;\u00e9p\u00e9e&nbsp;\u00bb dans <span style=\"color: #0000ff;\"><a style=\"color: #0000ff;\" href=\"http:\/\/teleobs.nouvelobs.com\/la-selection-teleobs\/20150409.OBS6799\/a-voir-ce-soir-genocide-armenien-le-spectre-de-1915.html\"><span style=\"text-decoration: underline;\">un documentaire de France 24 : G\u00e9nocide arm\u00e9nien, le spectre de 1915<\/span><\/a>.<\/span><br \/>\n<\/span><\/p>\n<p><span style=\"color: #777777; font-family: Arial;\">Ce documentaire se focalise sur 3 destins :<br \/>\n<\/span><\/p>\n<p><span style=\"color: #777777; font-family: Arial;\">Un absent, <strong>Hrant Dink<\/strong> qui fut assassin\u00e9, le 19 janvier 2007 \u00e0 Istanbul, par un nationaliste turc. Il \u00e9tait turc arm\u00e9nien et l&rsquo;a toujours su. Il a consacr\u00e9 sa vie \u00e0 ce que le d\u00e9bat sur les massacres de 1915 s&rsquo;ouvre en Turquie et que la Turquie et l&rsquo;Arm\u00e9nie puissent se rapprocher. Le nationaliste turc qui voulait faire taire cette voix a \u00e9chou\u00e9 : 100&nbsp;000 personnes, arm\u00e9niens mais aussi turcs et kurdes ont assist\u00e9 \u00e0 ses fun\u00e9railles en scandant \u00ab&nbsp;Nous sommes tous des Hrant Dink, nous sommes tous arm\u00e9niens&nbsp;\u00bb. Cet assassinat a d\u00e9clench\u00e9, dans la soci\u00e9t\u00e9 civile turque, une vraie prise de conscience.<br \/>\n<\/span><\/p>\n<p><span style=\"color: #777777; font-family: Arial;\">Le second destin est une femme : <strong>Fethiye \u00c7etin<\/strong>, avocate. Elle fut l&rsquo;avocate de Hrant Dink dans les proc\u00e8s que l&rsquo;Etat turc a engag\u00e9s contre lui. Elle ne se savait pas arm\u00e9nienne, elle a appris tard qu&rsquo;elle faisait partie des \u00ab\u00a0restes de l&rsquo;\u00e9p\u00e9e\u00a0\u00bb, petite-fille d&rsquo;une rescap\u00e9e du g\u00e9nocide arm\u00e9nien.<br \/>\n<\/span><\/p>\n<p><span style=\"color: #777777; font-family: Arial;\">Le troisi\u00e8me destin est celui d&rsquo;un turc de haut lignage, journaliste et \u00e9crivain. Il devint l&rsquo;ami de Hrant Dink. Il s&rsquo;appelle <strong>Hasan Cemal<\/strong>.<br \/>\n<\/span><\/p>\n<p><span style=\"color: #777777; font-family: Arial;\">Le mouvement jeunes turcs qui gouvernait l&#8217;empire ottoman en 1915 et a d\u00e9cid\u00e9 du g\u00e9nocide, \u00e9tait dirig\u00e9 par un triumvirat appel\u00e9 les \u00ab <strong>Trois pachas<\/strong> \u00bb. :&nbsp; Talaat Pacha, Enver Pacha et Cemal Pacha.<br \/>\n<\/span><\/p>\n<p><span style=\"color: #777777; font-family: Arial;\">Hasan Cemal est le petit fils du dernier. Dans le documentaire il raconte son long cheminement qui l&rsquo;a amen\u00e9 \u00e0 aller s&rsquo;incliner devant le monument au g\u00e9nocide arm\u00e9nien d&rsquo;Erevan et \u00e0 reconna\u00eetre la r\u00e9alit\u00e9. Il dit que peu importe le nom qu&rsquo;on donne \u00e0 ces \u00e9v\u00e8nements mais ils \u00e9taient ignobles.<br \/>\n<\/span><\/p>\n<p><span style=\"color: #777777; font-family: Arial;\"> Il est bien s\u00fbr attaqu\u00e9 par les nationalistes turcs d\u00e9sormais, mais il poursuit sa route et dit<br \/>\n<\/span><\/p>\n<p style=\"margin-left: 28pt;\"><span style=\"color: #c00000; font-family: Arial;\">\u00ab Apr\u00e8s avoir compris tout cela comment pourrais-je dire que mon grand-p\u00e8re \u00e9tait un homme bien, le pourriez-vous ? \u00bb<br \/>\n<\/span><\/p>\n<p><span style=\"color: #777777; font-family: Arial;\">La fin du documentaire montre Fethiye \u00c7etin arrivant \u00e0 f\u00e9d\u00e9rer des turcs des kurdes et des arm\u00e9niens pour restaurer un lieu historique : les fontaines du village o\u00f9 vivait sa grand-m\u00e8re avant le g\u00e9nocide.<br \/>\n<\/span><\/p>\n<p><a href=\"https:\/\/www.youtube.com\/watch?v=O6RAdtbm_sU\"><span style=\"font-family: Arial;\"><span style=\"color: #0000ff;\">&lt;Vous trouverez ici ce tr\u00e8s beau documentaire de France 24&gt;<\/span><br \/>\n<\/span><\/a><img decoding=\"async\" src=\"https:\/\/lemotdujour.fr\/wp-content\/uploads\/2019\/10\/102419_2135_Lundi27avri1.jpg\" alt=\"\"><span style=\"color: #777777; font-family: Arial;\"><br \/>\n<\/span><\/p>\n<p><a href=\"http:\/\/www.franceculture.fr\/oeuvre-les-restes-de-l-epee-les-armeniens-caches-et-islamises-de-turquie-de-laurence-ritter\"><span style=\"color: blue; font-family: Arial; text-decoration: underline;\"><span style=\"color: #0000ff; text-decoration: underline;\">\u00ab Les restes de l&rsquo;\u00e9p\u00e9e \u00bb est aussi un livre publi\u00e9 en 2012 et \u00e9crit par Laurence Ritter et Max Sivaslian.<\/span><\/span><\/a><span style=\"color: #777777; font-family: Arial;\"><br \/>\n<\/span><\/p>\n<p><span style=\"color: #777777; font-family: Arial;\">Le chemin de la reconnaissance des \u00e9v\u00e8nements par les turcs sera encore long, mais il est largement entam\u00e9 notamment par la soci\u00e9t\u00e9 civile.<br \/>\n<\/span><\/p>\n<p><span style=\"color: #800000; font-family: Arial;\">&lt;484&gt;<\/span><\/p>\n","protected":false},"excerpt":{"rendered":"<p>\u00ab Les restes de l\u2019\u00e9p\u00e9e \u00bb Expression turque pour \u00e9voquer des enfants arm\u00e9niens adopt\u00e9s et islamis\u00e9s par des turcs ou des kurdes Les Turcs appelaient \u00abrestes de l&rsquo;\u00e9p\u00e9e\u00bb (kili\u00e7 artigi) ces Arm\u00e9niens, surtout des femmes et des enfants, qui ont<\/p>\n","protected":false},"author":1,"featured_media":0,"comment_status":"closed","ping_status":"closed","sticky":false,"template":"","format":"standard","meta":{"footnotes":""},"categories":[1],"tags":[156,157,123],"class_list":["post-1094","post","type-post","status-publish","format-standard","hentry","category-motdujour","tag-armenien","tag-genocide","tag-turquie"],"_links":{"self":[{"href":"https:\/\/lemotdujour.fr\/index.php?rest_route=\/wp\/v2\/posts\/1094","targetHints":{"allow":["GET"]}}],"collection":[{"href":"https:\/\/lemotdujour.fr\/index.php?rest_route=\/wp\/v2\/posts"}],"about":[{"href":"https:\/\/lemotdujour.fr\/index.php?rest_route=\/wp\/v2\/types\/post"}],"author":[{"embeddable":true,"href":"https:\/\/lemotdujour.fr\/index.php?rest_route=\/wp\/v2\/users\/1"}],"replies":[{"embeddable":true,"href":"https:\/\/lemotdujour.fr\/index.php?rest_route=%2Fwp%2Fv2%2Fcomments&post=1094"}],"version-history":[{"count":3,"href":"https:\/\/lemotdujour.fr\/index.php?rest_route=\/wp\/v2\/posts\/1094\/revisions"}],"predecessor-version":[{"id":10132,"href":"https:\/\/lemotdujour.fr\/index.php?rest_route=\/wp\/v2\/posts\/1094\/revisions\/10132"}],"wp:attachment":[{"href":"https:\/\/lemotdujour.fr\/index.php?rest_route=%2Fwp%2Fv2%2Fmedia&parent=1094"}],"wp:term":[{"taxonomy":"category","embeddable":true,"href":"https:\/\/lemotdujour.fr\/index.php?rest_route=%2Fwp%2Fv2%2Fcategories&post=1094"},{"taxonomy":"post_tag","embeddable":true,"href":"https:\/\/lemotdujour.fr\/index.php?rest_route=%2Fwp%2Fv2%2Ftags&post=1094"}],"curies":[{"name":"wp","href":"https:\/\/api.w.org\/{rel}","templated":true}]}}