{"id":10938,"date":"2021-03-25T00:37:46","date_gmt":"2021-03-24T23:37:46","guid":{"rendered":"http:\/\/lemotdujour.fr\/?p=10938"},"modified":"2021-03-25T00:37:46","modified_gmt":"2021-03-24T23:37:46","slug":"jeudi-25-mars-2021","status":"publish","type":"post","link":"https:\/\/lemotdujour.fr\/?p=10938","title":{"rendered":"Jeudi 25 mars 2021"},"content":{"rendered":"<div class=\"mdjTexte\">\u00ab La grande mesure de la Commune, ce fut sa propre existence \u00bb<\/div>\n<div class=\"mdjAuteur\">Karl Marx<\/div>\n<p><span style=\"color: #777777; font-family: Arial;\"><span style=\"font-size: 11pt;\">Pierre Nora pr\u00e9tend que La Commune<\/span><span style=\"font-size: 12pt;\"> \u00ab\u00a0<\/span><span style=\"color: #c00000;\"><span style=\"font-size: 11pt;\">n&rsquo;a pas apport\u00e9 grand-chose<\/span><span style=\"font-size: 12pt;\">\u00a0<\/span><span style=\"color: #777777;\">\u00bb. J&rsquo;ai rapport\u00e9 ces propos lundi.<br \/>\n<\/span><\/span><\/span><\/p>\n<p><span style=\"color: #777777; font-family: Arial; font-size: 11pt;\">Dans le num\u00e9ro de la Revue \u00ab<strong> L&rsquo;Histoire<\/strong>\u00a0\u00bb de janvier 2021 que j&rsquo;ai cit\u00e9 mardi, l&rsquo;Historien <strong>Quentin Deluermoz<\/strong> dans son article \u00ab <strong>L&rsquo;impossible R\u00e9publique\u00a0: Gouverner au ras du sol\u00a0<\/strong>\u00bb ne dit pas autre chose\u00a0:<br \/>\n<\/span><\/p>\n<p style=\"margin-left: 28pt;\"><span style=\"color: #c00000; font-family: Arial;\">\u00ab\u00a0L&rsquo;avis est largement partag\u00e9 : le bilan concret de la Commune de Paris est mince. Le d\u00e9cret du 20 avril 1871 interdisant le travail de nuit des boulangers est au fond \u00ab la seule mesure v\u00e9ritablement socialiste de la Commune \u00bb, regrettait d\u00e9j\u00e0 l&rsquo;internationaliste L\u00e9o Frankel d\u00e9but mai. Les commentateurs et les historiens, qu&rsquo;ils soient pour ou contre la Commune, ont ensuite \u00e9voqu\u00e9 un \u00ab brouillon \u00bb pour les id\u00e9ologies \u00e0 l&rsquo;\u0153uvre, voire une \u00ab \u00e9bauche maladroite \u00bb, un syst\u00e8me \u00ab balbuti\u00e9 \u00bb. \u00bb<br \/>\n<\/span><\/p>\n<p><span style=\"color: #777777; font-family: Arial;\">Marx s&rsquo;est beaucoup int\u00e9ress\u00e9 \u00e0 cette r\u00e9volution. Il a \u00e9crit <a href=\"https:\/\/fr.wikipedia.org\/wiki\/La_Guerre_civile_en_France\">\u00ab<span style=\"color: #0000ff;\">\u00a0<strong>La guerre civile en France<\/strong>\u00a0\u00bb<\/span><\/a> termin\u00e9 fin mai 1871, alors que la commune venait \u00e0 peine d&rsquo;\u00eatre \u00e9cras\u00e9e. Ce livre a \u00e9t\u00e9 mis en ligne par nos amis canadiens au &lt;<span style=\"color: #0000ff;\"><a style=\"color: #0000ff;\" href=\"http:\/\/classiques.uqac.ca\/classiques\/Marx_karl\/guerre_civile_france\/guerre_civile_france.pdf\">format pdf<\/a><\/span>&gt;<br \/>\n<\/span><\/p>\n<p><img decoding=\"async\" class=\"alignright\" src=\"https:\/\/lemotdujour.fr\/wp-content\/uploads\/2021\/03\/032421_2329_Jeudi25mars1.png\" alt=\"\" align=\"left\" \/><span style=\"color: #777777; font-family: Arial;\">Quentin Deluermoz rapporte les propos que Marx a tenu:<br \/>\n<\/span><\/p>\n<p style=\"margin-left: 28pt;\"><span style=\"color: #c00000; font-family: Arial;\">\u00ab <strong>La grande mesure de la Commune, ce fut sa propre existence<\/strong> \u00bb.<br \/>\n<\/span><\/p>\n<p><span style=\"color: #777777; font-family: Arial;\">L&rsquo;\u00e9tonnant c&rsquo;est en effet que cela a pu exister.<br \/>\n<\/span><\/p>\n<p><span style=\"color: #777777; font-family: Arial;\">M\u00eame si en fin de compte cela a rat\u00e9.<br \/>\n<\/span><\/p>\n<p><span style=\"color: #777777; font-family: Arial;\">L&rsquo;article de la Revue <strong>\u00ab\u00a0L&rsquo;Histoire<\/strong>\u00a0\u00bb donne la liste des r\u00e9formes que la Commune a entreprises\u00a0:<br \/>\n<\/span><\/p>\n<ul>\n<li><span style=\"color: #777777; font-family: Arial;\">Adoption du drapeau rouge, celui des \u00ab travailleurs \u00bb, \u00e0 la place du drapeau tricolore jug\u00e9 trop \u00ab bourgeois \u00bb.<br \/>\n<\/span><\/li>\n<li><span style=\"color: #777777; font-family: Arial;\">Remise g\u00e9n\u00e9rale des loyers des termes d&rsquo;octobre 1870, janvier et avril 1871.<br \/>\n<\/span><\/li>\n<li><span style=\"color: #777777; font-family: Arial;\">Suppression de la vente des objets d\u00e9pos\u00e9s au Mont-de-Pi\u00e9t\u00e9.<br \/>\n<\/span><\/li>\n<li><span style=\"color: #777777; font-family: Arial;\">Abolition de la conscription.<br \/>\n<\/span><\/li>\n<li><span style=\"color: #777777; font-family: Arial;\">\u00c9cole gratuite et obligatoire pour les filles et les gar\u00e7ons.<br \/>\n<\/span><\/li>\n<li><span style=\"color: #777777; font-family: Arial;\">S\u00e9paration des \u00c9glises et de l&rsquo;\u00c9tat, suppression du budget des cultes.<br \/>\n<\/span><\/li>\n<li><span style=\"color: #777777; font-family: Arial;\">Interdiction du cumul, fixation du maximum des traitements \u00e0 6 000 francs par an.<br \/>\n<\/span><\/li>\n<li><span style=\"color: #777777; font-family: Arial;\">Fixation des \u00e9moluments des membres de la Commune \u00e0 15 francs par jour.<br \/>\n<\/span><\/li>\n<li><span style=\"color: #777777; font-family: Arial;\">Traitement des instituteurs et institutrices \u00e0 2 000 francs.<br \/>\n<\/span><\/li>\n<li><span style=\"color: #777777; font-family: Arial;\">Suppression de la cat\u00e9gorie \u00ab ill\u00e9gitimes \u00bb pour les enfants n\u00e9s hors mariage et reconnaissance des unions libres.<br \/>\n<\/span><\/li>\n<li><span style=\"color: #777777; font-family: Arial;\">Suppression du travail de nuit dans les boulangeries.<br \/>\n<\/span><\/li>\n<\/ul>\n<p><span style=\"color: #777777; font-family: Arial;\">On peut quand m\u00eame noter des r\u00e9formes tr\u00e8s modernes qui vont \u00eatre reprises un peu plus tard par la III\u00e8me R\u00e9publique\u00a0:<br \/>\n<\/span><\/p>\n<ul>\n<li><span style=\"color: #777777; font-family: Arial;\">L&rsquo;\u00e9cole gratuite<br \/>\n<\/span><\/li>\n<li><span style=\"color: #777777; font-family: Arial;\">La S\u00e9paration de l&rsquo;\u00e9glise et de l&rsquo;\u00e9tat<br \/>\n<\/span><\/li>\n<li><span style=\"color: #777777; font-family: Arial;\">L&rsquo;abolition de la b\u00e2tardise, c&rsquo;est-\u00e0-dire du statut infamant et inf\u00e9rieur des enfants n\u00e9s hors mariage<br \/>\n<\/span><\/li>\n<\/ul>\n<p><span style=\"color: #777777; font-family: Arial;\">Ce n&rsquo;est pas rien, d&rsquo;avoir ainsi ouvert des voies vers une plus grande justice.<br \/>\n<\/span><\/p>\n<p><span style=\"color: #777777; font-family: Arial;\">La Commune a aussi donn\u00e9 une bien plus grande place aux femmes que celle que leur accordait la soci\u00e9t\u00e9 qui l&rsquo;a combattue.<br \/>\n<\/span><\/p>\n<p><span style=\"color: #777777; font-family: Arial;\">Quentin Deluermoz \u00e9crit\u00a0: :<br \/>\n<\/span><\/p>\n<p style=\"margin-left: 28pt;\"><span style=\"color: #c00000; font-family: Arial;\">\u00ab\u00a0En soixante-douze jours, le gouvernement de la Commune a soulev\u00e9 de grands espoirs, mais son bilan est nuanc\u00e9.\u00a0\u00bb<br \/>\n<\/span><\/p>\n<p><span style=\"color: #777777; font-family: Arial;\">Mais c&rsquo;est tr\u00e8s court 72 jours. Et puis cette p\u00e9riode ne s&rsquo;est pas pass\u00e9e dans la s\u00e9r\u00e9nit\u00e9 mais dans la violence et la guerre que les communards ont eut \u00e0 affronter contre les versaillais.<br \/>\n<\/span><\/p>\n<p><span style=\"color: #777777; font-family: Arial;\">La commune avait aussi d&rsquo;autres projets quelle n&rsquo;a pas m\u00eame pas pu mettre en \u0153uvre\u00a0:<br \/>\n<\/span><\/p>\n<ul>\n<li><span style=\"color: #777777; font-family: Arial;\">R\u00e9organisation de la justice : gratuite et rendue par des jurys \u00e9lus.<br \/>\n<\/span><\/li>\n<li><span style=\"color: #777777; font-family: Arial;\">Attribution des ateliers abandonn\u00e9s par les patrons \u00ab d\u00e9serteurs \u00bb aux associations ouvri\u00e8res.<br \/>\n<\/span><\/li>\n<li><span style=\"color: #777777; font-family: Arial;\">\u00c9lection des fonctionnaires.<br \/>\n<\/span><\/li>\n<li><span style=\"color: #777777; font-family: Arial;\"> Un cr\u00e9dit industriel et ouvrier.<br \/>\n<\/span><\/li>\n<\/ul>\n<p><span style=\"color: #777777; font-family: Arial;\">Quentin Deluermoz insiste sur deux points\u00a0: l&rsquo;enseignement et la lib\u00e9ration de la parole.<br \/>\n<\/span><\/p>\n<p><img decoding=\"async\" class=\"alignleft\" src=\"https:\/\/lemotdujour.fr\/wp-content\/uploads\/2021\/03\/032421_2329_Jeudi25mars2.png\" alt=\"\" align=\"left\" \/><span style=\"color: #777777; font-family: Arial;\">L&rsquo;enseignement devait \u00eatre la\u00efque\u00a0:<br \/>\n<\/span><\/p>\n<p style=\"margin-left: 28pt;\"><span style=\"color: #c00000; font-family: Arial;\">\u00ab\u00a0Ainsi de l&rsquo;enseignement sous l&rsquo;\u00e9gide des municipalit\u00e9s : remplacement des congr\u00e9ganistes par des instituteurs la\u00efques dans le IIIe arrondissement, multiplication des \u00e9coles de filles dans le XVIIe. Mieux : une autre conception p\u00e9dagogique est alors d\u00e9fendue, celle de l&rsquo;\u00ab \u00e9ducation int\u00e9grale \u00bb, \u00e0 la fois professionnelle et intellectuelle. Les objectifs g\u00e9n\u00e9raux de cette \u00ab \u00e9ducation communale \u00bb sont fr\u00e9quemment rappel\u00e9s, comme sur cette affiche du IVe arrondissement : \u00ab Apprendre \u00e0 l&rsquo;enfant \u00e0 aimer et \u00e0 respecter ses semblables. Lui inspirer l&rsquo;amour de la justice ; lui enseigner \u00e9galement qu&rsquo;il doit s&rsquo;instruire en vue de l&rsquo;int\u00e9r\u00eat de tous. \u00bb<br \/>\n<\/span><\/p>\n<p><span style=\"color: #777777; font-family: Arial;\">La lib\u00e9ration de la parole est aussi un grand moment de modernit\u00e9 qui s&rsquo;accompagne d&rsquo;un mouvement anti-cl\u00e9rical qui deviendra le combat des radicaux de la III\u00e8me r\u00e9publique\u00a0:<br \/>\n<\/span><\/p>\n<p style=\"margin-left: 28pt;\"><span style=\"color: #c00000; font-family: Arial;\">\u00ab\u00a0La \u00ab R\u00e9publique de Paris \u00bb est aussi un moment de lib\u00e9ration de la parole. Critiques, attentes, projets, espoirs des Parisiens, notamment des plus fragiles, s&rsquo;expriment d&rsquo;une mani\u00e8re in\u00e9dite. La multiplication des titres de presse, des placards, des affiches, en t\u00e9moigne : \u00ab Nous voulons affranchir le prol\u00e9tariat, que chacun vive de son travail ; plus de paresseux, plus de parasites, plus d&rsquo;exploiteurs, plus d&rsquo;exploit\u00e9s, vivre en travaillant ou mourir en combattant \u00bb (avis de la d\u00e9l\u00e9gation communale du Ier arrondissement, 13 avril) ; \u00ab Montrons que nous sommes les dignes fils de 1789 \u00bb (appel d&rsquo;un commandant de la Garde nationale, 20 mars).<br \/>\n<\/span><\/p>\n<p style=\"margin-left: 28pt;\"><span style=\"color: #c00000; font-family: Arial;\">Les clubs sont un autre lieu essentiel de cette parole lib\u00e9r\u00e9e. Les participants y discutent tour \u00e0 tour de la guerre, de la haine des cur\u00e9s et des propri\u00e9taires, de la fin de la mis\u00e8re, de l&rsquo;harmonie esp\u00e9r\u00e9e ou du souvenir du coup d&rsquo;\u00c9tat de 1851. Un certain nombre de clubs se sont install\u00e9s dans les \u00e9glises. Dans le cadre d&rsquo;un mouvement tr\u00e8s anticl\u00e9rical, les b\u00e2timents sont parfois mis \u00e0 mal. La signification de ces appropriations doit \u00eatre bien comprise : il s&rsquo;agit-rien de moins que remplacer l&rsquo;exercice d&rsquo;une parole divine, venue d&rsquo;en haut, par celui d&rsquo;une parole d\u00e9mocratique et populaire. Ce faisant, les communards s\u00e9cularisent l&rsquo;espace urbain et constituent, \u00e0 partir de l&rsquo;ancien, des lieux \u00ab autres \u00bb dans la ville.\u00bb<br \/>\n<\/span><\/p>\n<p><span style=\"color: #777777; font-family: Arial;\">Il y a enfin une aspiration vers une d\u00e9mocratie plus directe et plus proche du terrain. Ainsi les bataillons de la Garde nationale \u00e9lisent directement leur chef.<br \/>\n<\/span><\/p>\n<p><span style=\"color: #777777; font-family: Arial;\">La commune pr\u00f4ne aussi le mandat imp\u00e9ratif, qui oblige les \u00e9lus \u00e0 rendre des comptes et les rend r\u00e9vocables \u00e0 tout instant.<br \/>\n<\/span><\/p>\n<p><span style=\"color: #777777; font-family: Arial;\">L&rsquo;historien Jacques Rougerie qui a \u00e9crit de nombreux ouvrages sur la commune \u00e9voque la volont\u00e9 \u00ab <span style=\"color: #c00000;\">d&rsquo;\u00eatre son propre ma\u00eetre<span style=\"color: #777777;\"> \u00bb et une \u00ab <span style=\"color: #c00000;\">aspiration profonde du peuple de Paris, du moins d&rsquo;une majorit\u00e9 [&#8230;], \u00e0 une d\u00e9mocratie vraie<span style=\"color: #777777;\"> \u00bb.<br \/>\n<\/span><\/span><\/span><\/span><\/span><\/p>\n<p><span style=\"color: #777777; font-family: Arial;\">Et pour en revenir \u00e0 Marx, dans son ouvrage cit\u00e9, il pensait que la commune \u00e9tait la pr\u00e9misse de la r\u00e9volution communiste, une premi\u00e8re tentative de prise de pouvoir par la classe ouvri\u00e8re.<br \/>\n<\/span><\/p>\n<p><span style=\"color: #777777; font-family: Arial;\">La commune fut d&rsquo;ailleurs la premi\u00e8re \u00e0 utiliser le drapeau rouge comme symbole.<br \/>\n<\/span><\/p>\n<p><span style=\"color: #777777; font-family: Arial;\">Mais la pens\u00e9e de Marx sur la Commune allait \u00e9voluer et probablement un peu en raison de sa confrontation avec certains d&rsquo;entre eux.<br \/>\n<\/span><\/p>\n<p><span style=\"color: #777777; font-family: Arial;\">D&rsquo;abord plein de bonnes intentions \u00e0 l&rsquo;\u00e9gard des vaincus, il se heurta bient\u00f4t \u00e0 la part anarchiste d&rsquo;un certain nombre de communards.<br \/>\n<\/span><\/p>\n<p><span style=\"color: #777777; font-family: Arial;\">Dans la revue \u00ab\u00a0L&rsquo;histoire\u00a0\u00bb <strong>Michel Cordillot <\/strong>raconte\u00a0<strong>: <\/strong><br \/>\n<\/span><\/p>\n<p style=\"margin-left: 28pt;\"><span style=\"color: #c00000; font-family: Arial;\">\u00ab\u00a0 Au cours des mois qui suivent environ 2 000 communards rescap\u00e9s arrivent \u00e0 Londres, souvent dans le plus grand d\u00e9nuement. Marx joue un r\u00f4le essentiel au sein du Comit\u00e9 d&rsquo;aide aux r\u00e9fugi\u00e9s pour r\u00e9colter des secours et leur trouver du travail. Mais, alors que les dissensions s&rsquo;aggravent au sein de l&rsquo;Internationale, il est pris \u00e0 partie, parfois m\u00eame accus\u00e9 d&rsquo;avoir d\u00e9tourn\u00e9 des fonds ou d&rsquo;\u00eatre un complice de Bismarck. Apr\u00e8s la conf\u00e9rence de Londres (septembre 1871) et plus encore apr\u00e8s le congr\u00e8s de La Haye (septembre 1872) \u00e0 l&rsquo;issue duquel la rupture avec les anti-autoritaires est consomm\u00e9e, ses relations avec la plupart des anciens communards deviennent ex\u00e9crables sur fond de d\u00e9saccords politiques et strat\u00e9giques. Avec le transfert du Conseil g\u00e9n\u00e9ral \u00e0 New York, la longue agonie de l&rsquo;Internationale commence, ce qui va permettre \u00e0 Marx de prendre du recul pour mieux se consacrer \u00e0 ses travaux th\u00e9oriques. La lettre adress\u00e9e par Engels \u00e0 leur ami am\u00e9ricain Friedrich Sorge \u00e0 la mi-septembre 1874 refl\u00e8te la lassitude que Marx et lui \u00e9prouvent : \u00ab L&rsquo;\u00e9migration fran\u00e7aise est tout \u00e0 fait divis\u00e9e [&#8230;]. Ces gens-l\u00e0 veulent tous vivre sans travailler vraiment, ont la t\u00eate pleine de pr\u00e9tendues inventions qui rapporteront des millions [&#8230;]. La vie irr\u00e9guli\u00e8re qu&rsquo;ils ont men\u00e9e pendant la guerre, la Commune et l&rsquo;exil a fait perdre tout sens moral \u00e0 ces gens. \u00bb<br \/>\n<\/span><\/p>\n<p><span style=\"color: #777777; font-family: Arial;\">Dix ans apr\u00e8s la Commune, Marx voit la Commune avec un autre regard\u00a0:<br \/>\n<\/span><\/p>\n<p><span style=\"color: #777777; font-family: Arial;\">Dans une lettre cit\u00e9e par Cordillot et qu&rsquo;il adresse \u00e0 Ferdinand Domela Nieuwenhuis le 22 f\u00e9vrier 1881, il dresse d&rsquo;abord ce constat\u00a0:<br \/>\n<\/span><\/p>\n<p style=\"margin-left: 28pt;\"><span style=\"color: #c00000; font-family: Arial;\"> \u00ab Outre qu&rsquo;elle fut simplement la r\u00e9bellion d&rsquo;une ville dans des circonstances exceptionnelles, la majorit\u00e9 de la Commune n&rsquo;\u00e9tait nullement socialiste et ne pouvait pas l&rsquo;\u00eatre.\u00a0\u00bb<br \/>\n<\/span><\/p>\n<p><span style=\"color: #777777; font-family: Arial;\">Et il ajoute\u00a0:<\/span><\/p>\n<p style=\"margin-left: 28pt;\"><span style=\"color: #c00000; font-family: Arial;\">\u00ab\u00a0Avec un tout petit peu de bon sens, elle e\u00fbt pu cependant obtenir de Versailles un compromis favorable \u00e0 toute la masse du peuple, ce qui \u00e9tait la seule chose possible alors.\u00a0\u00bb<br \/>\n<\/span><\/p>\n<p><span style=\"color: #777777; font-family: Arial;\">Michel Cordillot sugg\u00e8re donc que Marx semble en \u00eatre arriv\u00e9 \u00e0 la conclusion que la Commune n&rsquo;avait pas \u00e9t\u00e9 la r\u00e9volution ouvri\u00e8re ouvrant la voie \u00e0 l&rsquo;extinction du capitalisme telle qu&rsquo;il l&rsquo;avait imagin\u00e9e.<br \/>\n<\/span><\/p>\n<p><span style=\"color: #777777; font-family: Arial;\">Cela ne rend que plus pertinent le jugement pr\u00e9c\u00e9dent qu&rsquo;il avait port\u00e9 : \u00ab <strong>La grande mesure de la Commune, ce fut sa propre existence<\/strong> \u00bb<br \/>\n<\/span><\/p>\n<p><span style=\"color: maroon; font-family: Arial;\">&lt;1542&gt;<\/span><\/p>\n","protected":false},"excerpt":{"rendered":"<p>\u00ab La grande mesure de la Commune, ce fut sa propre existence \u00bb Karl Marx Pierre Nora pr\u00e9tend que La Commune \u00ab\u00a0n&rsquo;a pas apport\u00e9 grand-chose\u00a0\u00bb. J&rsquo;ai rapport\u00e9 ces propos lundi. Dans le num\u00e9ro de la Revue \u00ab L&rsquo;Histoire\u00a0\u00bb de janvier<\/p>\n","protected":false},"author":1,"featured_media":0,"comment_status":"open","ping_status":"closed","sticky":false,"template":"","format":"standard","meta":{"footnotes":""},"categories":[1],"tags":[158,15,17],"class_list":["post-10938","post","type-post","status-publish","format-standard","hentry","category-motdujour","tag-communisme","tag-france","tag-histoire"],"_links":{"self":[{"href":"https:\/\/lemotdujour.fr\/index.php?rest_route=\/wp\/v2\/posts\/10938","targetHints":{"allow":["GET"]}}],"collection":[{"href":"https:\/\/lemotdujour.fr\/index.php?rest_route=\/wp\/v2\/posts"}],"about":[{"href":"https:\/\/lemotdujour.fr\/index.php?rest_route=\/wp\/v2\/types\/post"}],"author":[{"embeddable":true,"href":"https:\/\/lemotdujour.fr\/index.php?rest_route=\/wp\/v2\/users\/1"}],"replies":[{"embeddable":true,"href":"https:\/\/lemotdujour.fr\/index.php?rest_route=%2Fwp%2Fv2%2Fcomments&post=10938"}],"version-history":[{"count":3,"href":"https:\/\/lemotdujour.fr\/index.php?rest_route=\/wp\/v2\/posts\/10938\/revisions"}],"predecessor-version":[{"id":10943,"href":"https:\/\/lemotdujour.fr\/index.php?rest_route=\/wp\/v2\/posts\/10938\/revisions\/10943"}],"wp:attachment":[{"href":"https:\/\/lemotdujour.fr\/index.php?rest_route=%2Fwp%2Fv2%2Fmedia&parent=10938"}],"wp:term":[{"taxonomy":"category","embeddable":true,"href":"https:\/\/lemotdujour.fr\/index.php?rest_route=%2Fwp%2Fv2%2Fcategories&post=10938"},{"taxonomy":"post_tag","embeddable":true,"href":"https:\/\/lemotdujour.fr\/index.php?rest_route=%2Fwp%2Fv2%2Ftags&post=10938"}],"curies":[{"name":"wp","href":"https:\/\/api.w.org\/{rel}","templated":true}]}}