{"id":10927,"date":"2021-03-24T00:19:18","date_gmt":"2021-03-23T23:19:18","guid":{"rendered":"http:\/\/lemotdujour.fr\/?p=10927"},"modified":"2021-03-24T10:12:58","modified_gmt":"2021-03-24T09:12:58","slug":"mercredi-24-mars-2021","status":"publish","type":"post","link":"https:\/\/lemotdujour.fr\/?p=10927","title":{"rendered":"Mercredi 24 mars 2021"},"content":{"rendered":"<div class=\"mdjTexte\">\u00ab\u00a0Ils se lev\u00e8rent pour la Commune, en \u00e9coutant chanter Pottier. Ils faisaient vivre la Commune en \u00e9coutant chanter Cl\u00e9ment \u00bb<\/div>\n<div class=\"mdjAuteur\">Jean Ferrat<\/div>\n<p><span style=\"color: #777777; font-family: Arial;\">La commune est rest\u00e9e dans l&rsquo;imaginaire des fran\u00e7ais et m\u00eame au-del\u00e0. Elle l&rsquo;est rest\u00e9e parce que de nombreux livres lui ont \u00e9t\u00e9 consacr\u00e9s depuis 150 ans.<br \/>\n<\/span><\/p>\n<p><span style=\"color: #777777; font-family: Arial;\">Et aussi en raison d&rsquo;un grand nombre de chants qui ont \u00e9t\u00e9 compos\u00e9s pour la commune du temps de celle-ci ou qu&rsquo;elle a inspir\u00e9s depuis.<br \/>\n<\/span><\/p>\n<p><span style=\"color: #777777; font-family: Arial;\">Ces chansons ont fait l&rsquo;Histoire. L&rsquo;\u00e9motion, la destin\u00e9e et la force de ces chansons me font toujours vibrer.<br \/>\n<\/span><\/p>\n<p><span style=\"color: #777777; font-family: Arial;\"><img loading=\"lazy\" decoding=\"async\" class=\" wp-image-10921 alignleft\" src=\"https:\/\/lemotdujour.fr\/wp-content\/uploads\/2021\/03\/032321_2306_Mercredi24m1.jpg\" alt=\"\" width=\"228\" height=\"231\" \/>Pour entrer dans ce monde, je vais commencer par la chanson que Jean Ferrat a compos\u00e9 pour les cent ans de la commune en 1971\u00a0: &lt;<a href=\"https:\/\/www.franceinter.fr\/emissions\/c-est-une-chanson\/c-est-une-chanson-21-mars-2021\"><span style=\"color: #0000ff;\">La commune<\/span><\/a>&gt;<br \/>\n<\/span><\/p>\n<p><span style=\"color: #777777; font-family: Arial;\">Cette chanson qui magnifie les femmes et les hommes qui ont particip\u00e9 \u00e0 cet \u00e9pisode \u00ab\u00a0<strong>Comme un espoir mis en chantier<\/strong>\u00a0\u00bb.<br \/>\n<\/span><\/p>\n<p><span style=\"color: #777777; font-family: Arial;\">Dans cette chanson dont il a \u00e9crit la musique mais dont les paroles sont de <strong>Georges Coulonges<\/strong>, il y a ce refrain<br \/>\n<\/span><\/p>\n<p style=\"margin-left: 28pt;\"><span style=\"color: #c00000; font-family: Arial;\">\u00ab Il y a cent ans commun commune<br \/>\n<\/span><span style=\"color: #c00000; font-family: Arial;\">Comme un espoir mis en chantier<br \/>\n<\/span><span style=\"color: #c00000; font-family: Arial;\">Ils se lev\u00e8rent pour la Commune<br \/>\n<\/span><span style=\"color: #c00000; font-family: Arial;\">En \u00e9coutant chanter <strong>Pottier<br \/>\n<\/strong><\/span><span style=\"color: #c00000; font-family: Arial;\">Il y a cent ans commun commune<br \/>\n<\/span><span style=\"color: #c00000; font-family: Arial;\">Comme une \u00e9toile au firmament<br \/>\n<\/span><span style=\"color: #c00000; font-family: Arial;\">Ils faisaient vivre la Commune<br \/>\n<\/span><span style=\"color: #c00000; font-family: Arial;\">En \u00e9coutant chanter <strong>Cl\u00e9ment <\/strong>\u00bb<br \/>\n<\/span><\/p>\n<p><span style=\"color: #777777; font-family: Arial;\">L&rsquo;int\u00e9gralit\u00e9 du texte se trouve derri\u00e8re &lt;<a href=\"http:\/\/www.frmusique.ru\/texts\/f\/ferrat_jean\/commune.htm\"><span style=\"color: #0000ff;\">ce lien<\/span><\/a>&gt;<br \/>\n<\/span><\/p>\n<p><img loading=\"lazy\" decoding=\"async\" class=\"alignright\" src=\"https:\/\/lemotdujour.fr\/wp-content\/uploads\/2021\/03\/032321_2306_Mercredi24m2.png\" alt=\"\" width=\"414\" height=\"302\" align=\"left\" \/><span style=\"color: #777777; font-family: Arial;\">Il est d&rsquo;abord question d&rsquo;\u00ab<span style=\"color: #0000ff;\"><a style=\"color: #0000ff;\" href=\"https:\/\/fr.wikipedia.org\/wiki\/Eug%C3%A8ne_Pottier\"><strong>Eug\u00e8ne Pottier<\/strong><\/a><strong>\u00a0<\/strong><\/span>\u00bb l&rsquo;auteur de \u00ab\u00a0<strong>L&rsquo;internationale<\/strong>\u00a0\u00bb ce magnifique chant r\u00e9volutionnaire qui a \u00e9t\u00e9 chant\u00e9 tant de fois par des millions d&rsquo;\u00eatres humains qui r\u00eavaient et esp\u00e9raient un monde meilleur et qui aussi a \u00e9t\u00e9 souill\u00e9 par des criminels qui ont trahi ces aspirations apr\u00e8s la prise de pouvoir des bolcheviques et de leurs affid\u00e9s\u00a0:<br \/>\n<\/span><\/p>\n<p style=\"margin-left: 28pt;\"><span style=\"color: #c00000; font-family: Arial;\">\u00ab\u00a0Ouvriers, Paysans, nous sommes<br \/>\n<\/span><span style=\"color: #c00000; font-family: Arial;\">Le grand parti des travailleurs ;<br \/>\n<\/span><span style=\"color: #c00000; font-family: Arial;\">La terre n&rsquo;appartient qu&rsquo;aux hommes,<br \/>\n<\/span><span style=\"color: #c00000; font-family: Arial;\">L&rsquo;oisif ira loger ailleurs.<br \/>\n<\/span><span style=\"color: #c00000; font-family: Arial;\">Combien de nos chairs se repaissent !<br \/>\n<\/span><span style=\"color: #c00000; font-family: Arial;\">Mais si les corbeaux, les vautours,<br \/>\n<\/span><span style=\"color: #c00000; font-family: Arial;\">Un de ces matins disparaissent,<br \/>\n<\/span><span style=\"color: #c00000; font-family: Arial;\">Le soleil brillera toujours !<\/span><\/p>\n<p><span style=\"color: #c00000; font-family: Arial;\">C&rsquo;est la lutte finale<br \/>\n<\/span><span style=\"color: #c00000; font-family: Arial;\">Groupons-nous, et demain,<br \/>\n<\/span><span style=\"color: #c00000; font-family: Arial;\">L&rsquo;Internationale,<br \/>\n<\/span><span style=\"color: #c00000; font-family: Arial;\">Sera le genre humain.\u00a0\u00bb<br \/>\n<\/span><\/p>\n<p><span style=\"color: #777777; font-family: Arial;\">L&rsquo;int\u00e9gralit\u00e9 du texte se trouve derri\u00e8re &lt;<a href=\"https:\/\/fr.wikipedia.org\/wiki\/L%27Internationale\"><span style=\"color: #0000ff;\">ce lien<\/span><\/a>&gt; et vous trouverez ici une interpr\u00e9tation passionn\u00e9e de &lt;<a href=\"https:\/\/www.youtube.com\/watch?v=Ykln5iQqw1E\"><span style=\"color: #0000ff;\">Marc Ogeret<\/span><\/a>&gt;<br \/>\n<\/span><\/p>\n<p><span style=\"color: #777777; font-family: Arial;\"><strong>\u00ab\u00a0L&rsquo;internationale\u00a0\u00bb<\/strong> est une chanson de la Commune cr\u00e9\u00e9e par Eug\u00e8ne Pottier qui \u00e9tait un communard, juste apr\u00e8s la semaine sanglante. Lorsque la France d\u00e9clare la guerre \u00e0 la Prusse en juillet 1870, Pottier est signataire du manifeste de la section parisienne de l&rsquo;Internationale d\u00e9non\u00e7ant la guerre. Membre de la garde nationale, il participe aux combats durant le si\u00e8ge de Paris de 1870, puis il prend une part active \u00e0 la Commune de Paris, dont il est \u00e9lu membre pour le 2e arrondissement. Il si\u00e8ge \u00e0 la commission des Services publics. Il participe aux combats de la Semaine sanglante. En juin 1871, cach\u00e9 dans Paris, il compose son po\u00e8me L&rsquo;Internationale et se r\u00e9fugie en Angleterre. Condamn\u00e9 \u00e0 mort par contumace le 17 mai 1873, il s&rsquo;exile aux \u00c9tats-Unis, d&rsquo;o\u00f9 il organise la solidarit\u00e9 pour les communards d\u00e9port\u00e9s.<br \/>\n<\/span><\/p>\n<p><span style=\"color: #777777; font-family: Arial;\">Eug\u00e8ne Pottier \u00e9tait n\u00e9 en 1816 \u00e0 Paris. Il est d&rsquo;abord dessinateur sur \u00e9toffes et compose sa premi\u00e8re chanson, <strong>Vive la Libert\u00e9<\/strong>, en 1830. Il participe \u00e0 la R\u00e9volution de 1848.<br \/>\n<\/span><\/p>\n<p><span style=\"color: #777777; font-family: Arial;\">Ruin\u00e9 et \u00e0 demi paralys\u00e9, il reviendra de son exil am\u00e9ricain, apr\u00e8s l&rsquo;amnistie de 1880 et meurt le 6 novembre 1887 \u00e0 Paris.<br \/>\n<\/span><\/p>\n<p><img loading=\"lazy\" decoding=\"async\" class=\"alignright\" src=\"https:\/\/lemotdujour.fr\/wp-content\/uploads\/2021\/03\/032321_2306_Mercredi24m3.jpg\" alt=\"\" width=\"473\" height=\"314\" align=\"left\" \/><span style=\"color: #777777; font-family: Arial;\">Il est inhum\u00e9 au cimeti\u00e8re du P\u00e8re-Lachaise (95e division) \u00e0 Paris.<br \/>\n<\/span><\/p>\n<p><span style=\"color: #777777; font-family: Arial;\">Mais il a \u00e9crit bien d&rsquo;autres chansons. En 1870\u00a0: &lt;<a href=\"https:\/\/www.youtube.com\/watch?v=SFuLsMdwz7w\"><span style=\"color: #0000ff;\">Quand viendra t&rsquo;elle\u00a0?<\/span>&gt;<\/a>\u00a0:<br \/>\n<\/span><\/p>\n<p style=\"margin-left: 28pt;\"><span style=\"color: #c00000; font-family: Arial;\">\u00ab\u00a0La guerre est cruelle,<br \/>\nL&rsquo;usurier pressant.<br \/>\nL&rsquo;un suce ma moelle,<br \/>\nL&rsquo;autre boit mon sang.<br \/>\nAh ! je l&rsquo;attends, je l&rsquo;attends!<br \/>\nL&rsquo;attendrai-je encor longtemps?\u00a0\u00bb<br \/>\n<\/span><\/p>\n<p><span style=\"color: #777777; font-family: Arial;\">L&rsquo;int\u00e9gralit\u00e9 du texte se trouve derri\u00e8re &lt;<span style=\"color: #0000ff;\"><a style=\"color: #0000ff;\" href=\"https:\/\/fr.wikisource.org\/wiki\/Quand_viendra-t-elle_%3F\">ce lien<\/a><\/span>&gt;<br \/>\n<\/span><\/p>\n<p><span style=\"color: #777777; font-family: Arial;\">Et puis en 1880 avec une musique de <strong>Pierre Deteyger, <\/strong>une chanson toute enti\u00e8re d\u00e9di\u00e9e \u00e0 la Commune\u00a0: &lt;<span style=\"color: #0000ff;\"><a style=\"color: #0000ff;\" href=\"https:\/\/www.youtube.com\/watch?v=ff5mRDGe1Xo\">L&rsquo;insurg\u00e9<\/a><\/span>&gt;<br \/>\n<\/span><\/p>\n<p style=\"margin-left: 28pt;\"><span style=\"color: #c00000; font-family: Arial;\">\u00ab\u00a0En combattant pour la Commune<br \/>\nIl savait que la terre est Une,<br \/>\nQu&rsquo;on ne doit pas la diviser,<br \/>\nQue la nature est une source<br \/>\nEt le capital une bourse<br \/>\nO\u00f9 tous ont le droit de puiser.\u00a0\u00bb<br \/>\n<\/span><\/p>\n<p><span style=\"color: #777777; font-family: Arial;\">L&rsquo;int\u00e9gralit\u00e9 du texte se trouve derri\u00e8re &lt;<a href=\"https:\/\/fr.wikisource.org\/wiki\/L%E2%80%99Insurg%C3%A9_(Pottier)\"><span style=\"color: #0000ff;\">ce lien<\/span><\/a>&gt;<br \/>\n<\/span><\/p>\n<p><img decoding=\"async\" class=\"alignleft\" src=\"https:\/\/lemotdujour.fr\/wp-content\/uploads\/2021\/03\/032321_2306_Mercredi24m4.jpg\" alt=\"\" align=\"left\" \/><span style=\"color: #777777; font-family: Arial;\">Et Ferrat cite en second \u00ab\u00a0<span style=\"color: #0000ff;\"><a style=\"color: #0000ff;\" href=\"https:\/\/fr.wikipedia.org\/wiki\/Jean_Baptiste_Cl%C3%A9ment\"><strong>Jean Baptiste Cl\u00e9ment\u00a0<\/strong><\/a><\/span>\u00bb l&rsquo;inoubliable auteur du \u00ab\u00a0<a href=\"https:\/\/www.youtube.com\/watch?v=_WRkLBakU0Q\"><span style=\"color: #0000ff;\">Temps des cerises\u00a0<\/span><\/a>\u00bb\u00a0:<br \/>\n<\/span><\/p>\n<p style=\"margin-left: 28pt;\"><span style=\"color: #c00000; font-family: Arial;\">\u00ab\u00a0Mais il est bien court, le temps des cerises<br \/>\nO\u00f9 l&rsquo;on s&rsquo;en va deux, cueillir en r\u00eavant<br \/>\nDes pendants d&rsquo;oreilles\u2026<br \/>\nCerises d&rsquo;amour aux roses pareilles,<br \/>\nTombant sous la feuille en gouttes de sang\u2026<br \/>\nMais il est bien court, le temps des cerises,<br \/>\nPendants de corail qu&rsquo;on cueille en r\u00eavant !\u00a0\u00bb<br \/>\n<\/span><\/p>\n<p><span style=\"color: #777777; font-family: Arial;\">L&rsquo;int\u00e9gralit\u00e9 du texte se trouve derri\u00e8re &lt;<a href=\"https:\/\/fr.wikisource.org\/wiki\/Le_Temps_des_cerises\"><span style=\"color: #0000ff;\">ce lien<\/span><\/a>&gt;<br \/>\n<\/span><\/p>\n<p><span style=\"color: #777777; font-family: Arial;\">\u00ab\u00a0<a href=\"https:\/\/fr.wikipedia.org\/wiki\/Le_Temps_des_cerises\"><span style=\"color: #0000ff;\">Le Temps des cerises<\/span><\/a>\u00a0\u00bb est une chanson intimement li\u00e9e \u00e0 l&rsquo;\u00e9pisode de la Commune dans l&rsquo;imaginaire de toutes celles et ceux qui restent \u00e9mus \u00e0 l&rsquo;\u00e9vocation de cette trag\u00e9die. Mais cette chanson pr\u00e9c\u00e8de la commune. Les paroles furent \u00e9crites en 1866 par Jean Baptiste Cl\u00e9ment et la musique compos\u00e9e par Antoine Renard en 1868.<br \/>\n<\/span><\/p>\n<p><span style=\"color: #777777; font-family: Arial;\">Jean Baptiste Cl\u00e9ment \u00e9crivit cette chanson en 1866, lors d&rsquo;un voyage vers la Belgique. Sur la route des Flandres, il fit une halte \u00e0 Conchy-Saint-Nicaise. Il fit escale dans la maison situ\u00e9e pr\u00e8s de l&rsquo;estaminet du lieu-dit de la poste. La maison entour\u00e9e de cerisiers anciens inspira l&rsquo;auteur.<br \/>\n<\/span><\/p>\n<p><span style=\"color: #777777; font-family: Arial;\">Des ann\u00e9es plus tard, en 1882, Jean Baptiste Cl\u00e9ment ajouta un couplet \u00e0 sa chanson. Il la d\u00e9die \u00e0 une ambulanci\u00e8re rencontr\u00e9e lors de la Semaine sanglante, alors qu&rsquo;il combattait en compagnie d&rsquo;une vingtaine d&rsquo;hommes :<br \/>\n<\/span><\/p>\n<p style=\"margin-left: 28pt;\"><span style=\"color: #c00000; font-family: Arial;\">\u00ab \u00c0 la vaillante citoyenne Louise, l&rsquo;ambulanci\u00e8re de la rue de la Fontaine-au-Roi, le dimanche 28 mai 1871. \u00bb<br \/>\n<\/span><\/p>\n<p><span style=\"color: #777777; font-family: Arial;\">\u00c0 la fin des paroles, il explicite cette d\u00e9dicace :<br \/>\n<\/span><\/p>\n<p style=\"margin-left: 28pt;\"><span style=\"color: #c00000; font-family: Arial;\"> \u00ab Puisque cette chanson a couru les rues, j&rsquo;ai tenu \u00e0 la d\u00e9dier, \u00e0 titre de souvenir et de sympathie, \u00e0 une vaillante fille qui, elle aussi, a couru les rues \u00e0 une \u00e9poque o\u00f9 il fallait un grand d\u00e9vouement et un fier courage ! Le fait suivant est de ceux qu&rsquo;on n&rsquo;oublie jamais : Le dimanche, 28 mai 1871 [\u2026]. Entre onze heures et midi, nous v\u00eemes venir \u00e0 nous une jeune fille de vingt \u00e0 vingt-deux ans qui tenait un panier \u00e0 la main. [\u2026] Malgr\u00e9 notre refus motiv\u00e9 de la garder avec nous, elle insista et ne voulut pas nous quitter. Du reste, cinq minutes plus tard, elle nous \u00e9tait utile. Deux de nos camarades tombaient, frapp\u00e9s, l&rsquo;un, d&rsquo;une balle dans l&rsquo;\u00e9paule, l&rsquo;autre au milieu du front\u2026 [\u2026] Nous s\u00fbmes seulement qu&rsquo;elle s&rsquo;appelait Louise et qu&rsquo;elle \u00e9tait ouvri\u00e8re. Naturellement, elle devait \u00eatre avec les r\u00e9volt\u00e9s et les las-de-vivre. Qu&rsquo;est-elle devenue ? A-t-elle \u00e9t\u00e9, avec tant d&rsquo;autres, fusill\u00e9e par les Versaillais ? N&rsquo;\u00e9tait-ce pas \u00e0 cette h\u00e9ro\u00efne obscure que je devais d\u00e9dier la chanson la plus populaire de toutes celles que contient ce volume ? \u00bb<br \/>\n<\/span><\/p>\n<p><span style=\"color: #777777; font-family: Arial;\">Jean Baptiste Cl\u00e9ment est n\u00e9 en 1836, dans une famille ais\u00e9e \u00e0 Boulogne-Billancourt.<br \/>\n<\/span><\/p>\n<p><span style=\"color: #777777; font-family: Arial;\">Il quitte tr\u00e8s jeune le foyer. Il exerce divers m\u00e9tiers manuels puis c\u00f4toie, \u00e0 Paris, des journalistes, \u00e9crivant dans des journaux socialistes, notamment \u00ab\u00a0<strong>Le Cri du peuple<\/strong>\u00a0\u00bb de Jules Vall\u00e8s, autre communard c\u00e9l\u00e8bre.<br \/>\n<\/span><\/p>\n<p><span style=\"color: #777777; font-family: Arial;\">Apr\u00e8s un s\u00e9jour en Belgique pour se faire oublier de la police imp\u00e9riale il revient \u00e0 Paris et collabore \u00e0 divers journaux d&rsquo;opposition au Second Empire, tels que \u00ab\u00a0<strong>La R\u00e9forme<\/strong>\u00a0\u00bb de <span style=\"color: #0000ff;\"><a style=\"color: #0000ff;\" href=\"https:\/\/fr.wikipedia.org\/wiki\/Charles_Delescluze\"><strong>Charles Delescluze<\/strong><\/a><\/span> important responsable de la Commune mort sur une barricade le 25 mai 1871<strong>. <\/strong>Jean Baptiste Cl\u00e9ment est condamn\u00e9 pour avoir publi\u00e9 un journal non cautionn\u00e9 par l&#8217;empereur. Il est emprisonn\u00e9 jusqu&rsquo;au soul\u00e8vement r\u00e9publicain du 4 septembre 1870. Membre de la Garde nationale, il participe aux diff\u00e9rentes journ\u00e9es de contestation du Gouvernement de la D\u00e9fense nationale le 31 octobre 1870 et le 22 janvier 1871. Le 26 mars 1871, il est \u00e9lu au Conseil de la Commune par le XVIIIe arrondissement. Il est membre de la commission des Services publics et des Subsistances. Le 16 avril, il est nomm\u00e9 d\u00e9l\u00e9gu\u00e9 \u00e0 la fabrication des munitions, puis, le 21, \u00e0 la commission de l&rsquo;Enseignement. Il combat sur les barricades pendant la Semaine sanglante.<br \/>\n<\/span><\/p>\n<p><span style=\"color: #777777; font-family: Arial;\">Et il \u00e9crit peu apr\u00e8s une autre chanson tr\u00e8s c\u00e9l\u00e8bre \u00ab\u00a0<a href=\"https:\/\/www.youtube.com\/watch?v=Zhum-7DDlNk\"><span style=\"color: #0000ff;\">La Semaine sanglante<\/span>\u00a0<\/a>\u00bb\u00a0:<br \/>\n<\/span><\/p>\n<p style=\"margin-left: 28pt;\"><span style=\"color: #c00000; font-family: Arial;\">\u00ab\u00a0On traque, on encha\u00eene, on fusille<br \/>\nTout ce qu&rsquo;on ramasse au hasard\u00a0:<br \/>\nLa m\u00e8re \u00e0 c\u00f4t\u00e9 de sa fille,<br \/>\nL&rsquo;enfant dans les bras du vieillard.<br \/>\nLes ch\u00e2timents du drapeau rouge<br \/>\nSont remplac\u00e9s par la terreur<br \/>\nDe tous les chenapans de bouge,<br \/>\nValets de rois et d&#8217;empereur.<br \/>\n<\/span><\/p>\n<p style=\"margin-left: 28pt;\"><span style=\"color: #c00000; font-family: Arial;\">Oui mais\u2026<br \/>\n\u00e7a branle dans le manche,<br \/>\nCes mauvais jours-l\u00e0 finiront.<br \/>\nEt gare \u00e0 la revanche<br \/>\nQuand tous les pauvres s&rsquo;y mettront\u00a0!\u00a0\u00bb<br \/>\n<\/span><\/p>\n<p><span style=\"color: #777777; font-family: Arial;\">L&rsquo;int\u00e9gralit\u00e9 du texte se trouve derri\u00e8re &lt;<a href=\"https:\/\/fr.wikisource.org\/wiki\/La_Semaine_sanglante\"><span style=\"color: #0000ff;\">ce lien<\/span><\/a>&gt;<br \/>\n<\/span><\/p>\n<p><span style=\"color: #777777; font-family: Arial;\">Jean-Baptiste Cl\u00e9ment r\u00e9ussit \u00e0 fuir Paris, gagne la Belgique et se r\u00e9fugie \u00e0 Londres, o\u00f9 il poursuit son combat. Il est condamn\u00e9 \u00e0 mort par contumace en 1874. Pendant cette p\u00e9riode de mai 1875 \u00e0 novembre 1876, il se r\u00e9fugie clandestinement chez ses parents \u00e0 Montfermeil. En attendant l&rsquo;amnistie, prononc\u00e9e en 1879, il se prom\u00e8ne dans les bois et p\u00eache dans les \u00e9tangs de Montfermeil. Il rentre \u00e0 Paris apr\u00e8s l&rsquo;amnistie g\u00e9n\u00e9rale de 1880.<br \/>\n<\/span><\/p>\n<p><span style=\"color: #777777; font-family: Arial;\">En 1885, il fonde le cercle d&rsquo;\u00e9tudes socialiste, l&rsquo;\u00c9tincelle de Charleville et la F\u00e9d\u00e9ration socialiste des Ardennes qui participe en 1890 \u00e0 la cr\u00e9ation du Parti ouvrier socialiste r\u00e9volutionnaire.<br \/>\n<\/span><\/p>\n<p><img loading=\"lazy\" decoding=\"async\" class=\"alignright\" src=\"https:\/\/lemotdujour.fr\/wp-content\/uploads\/2021\/03\/032321_2306_Mercredi24m5.jpg\" alt=\"\" width=\"426\" height=\"638\" align=\"left\" \/><span style=\"color: #777777; font-family: Arial;\">Il d\u00e9c\u00e8de \u00e0 l&rsquo;\u00e2ge de 66 ans le 23 f\u00e9vrier 1903 et sera inhum\u00e9 au cimeti\u00e8re du P\u00e8re-Lachaise.<br \/>\n<\/span><\/p>\n<p><span style=\"color: #777777; font-family: Arial;\">Toute sa vie il est surveill\u00e9 par la Suret\u00e9 Nationale, son dossier aux archives de la Pr\u00e9fecture de Police fait environ 30 cm d&rsquo;\u00e9paisseur. La surveillance de sa m\u00e9moire s&rsquo;est continu\u00e9e apr\u00e8s sa mort, le dernier document du dossier est un programme de cabaret de 1963 organisant une soir\u00e9e pour les soixante ans de sa mort.<br \/>\n<\/span><\/p>\n<p><span style=\"color: #777777; font-family: Arial;\">Cl\u00e9ment a aussi \u00e9crit &lt;<a href=\"https:\/\/www.youtube.com\/watch?v=58v-IpXXUiQ\"><span style=\"color: #0000ff;\">LE CAPITAINE \u00ab AU-MUR \u00bb<\/span><\/a>&gt;\u00a0:<br \/>\n<\/span><\/p>\n<p style=\"margin-left: 28pt;\"><span style=\"color: #c00000; font-family: Arial;\">\u00ab\u00a0\u2014 Qu&rsquo;avez-vous fait ? \u2014 Voici deux listes<br \/>\nAvec les noms de cent coquins :<br \/>\nFemmes, enfants de communistes.<br \/>\nFusillez-moi tous ces gredins !&#8230;<br \/>\n\u2014 Qu&rsquo;avez-vous fait ? \u2014 Je suis la veuve<br \/>\nD&rsquo;un officier mort au Bourget&#8230;<br \/>\nEh ! tenez, en voici la preuve :<br \/>\nRegardez, s&rsquo;il vous pla\u00eet&#8230;<br \/>\n\u2014 Oh ! moi je porte encore<br \/>\nMon brassard tricolore.<br \/>\nAu mur !<br \/>\nDisait le capitaine,<br \/>\nLa bouche pleine<br \/>\nEt buvant dur,<br \/>\nAu mur !\u00a0\u00bb<\/span><\/p>\n<p><span style=\"color: #777777; font-family: Arial;\">L&rsquo;int\u00e9gralit\u00e9 du texte se trouve derri\u00e8re &lt;<span style=\"color: #0000ff;\"><a style=\"color: #0000ff;\" href=\"https:\/\/fr.wikisource.org\/wiki\/Le_Capitaine_au_mur\">ce lien<\/a><\/span>&gt;<br \/>\n<\/span><\/p>\n<p><span style=\"color: #777777; font-family: Arial;\">Les photos de Cl\u00e9ment et de Pottier sont l&rsquo;\u0153uvre de <strong>F\u00e9lix Tournachon,<\/strong> dit \u00ab\u00a0<a href=\"https:\/\/fr.wikipedia.org\/wiki\/Nadar\"><strong><span style=\"color: #0000ff;\">Nadar<\/span><\/strong><\/a>\u00a0\u00bb qui lui aussi est enterr\u00e9 au cimeti\u00e8re du P\u00e8re Lachaise,<br \/>\n<\/span><\/p>\n<p><span style=\"color: #777777; font-family: Arial;\">Il y a encore beaucoup d&rsquo;autres chansons de la commune.<br \/>\n<\/span><\/p>\n<p><span style=\"color: #777777; font-family: Arial;\">Vous en trouverez sur cette magnifique page\u00a0: <a href=\"https:\/\/parislightsup.com\/2021\/02\/10\/les-plus-belles-chansons-de-la-commune-de-paris\/\"><span style=\"color: #0000ff;\">Les plus belles chansons de la Commune de Paris<\/span><\/a>&gt; il y a d&rsquo;autres chansons de Pottier, de Cl\u00e9ment mais aussi <strong>d&rsquo;Alexis Bouvier, \u00c9mile Dereux, Paul Brousse, Jules Jouy<\/strong><br \/>\n<\/span><\/p>\n<p><span style=\"color: #777777; font-family: Arial;\">Sur ce m\u00eame site j&rsquo;ai trouv\u00e9 cette page tr\u00e8s d\u00e9taill\u00e9e et instructive sur les &lt;<a href=\"https:\/\/parislightsup.com\/2020\/05\/28\/memoires-de-la-commune-de-1871-dans-lest-parisien\/\"><span style=\"color: #0000ff;\">M\u00e9moires de la Commune de 1871 dans l&rsquo;Est parisien<\/span><\/a>&gt;<br \/>\n<\/span><\/p>\n<p><a href=\"https:\/\/www.qobuz.com\/fr-fr\/album\/autour-de-la-commune-marc-ogeret\/cw25nzsi7vexa\"><img decoding=\"async\" class=\"alignright\" src=\"https:\/\/lemotdujour.fr\/wp-content\/uploads\/2021\/03\/032321_2306_Mercredi24m6.jpg\" alt=\"\" align=\"left\" border=\"0\" \/><\/a><span style=\"color: #777777; font-family: Arial;\">J&rsquo;ai achet\u00e9 ce disque de Marc Ogeret\u00a0: \u00ab\u00a0autour de la commune\u00a0\u00bb.<br \/>\n<\/span><\/p>\n<p><span style=\"color: #777777; font-family: Arial;\">Splendides interpr\u00e9tations de ces chansons qui ne peuvent que vous faire vibrer.<br \/>\n<\/span><\/p>\n<p><span style=\"color: #777777; font-family: Arial;\">Beaucoup des chansons \u00e9voqu\u00e9es se trouvent sur ce disque mais qui commence par une perle que je ne connaissais pas\u00a0: <strong>\u00ab\u00a0Le Chant des ouvriers\u00a0\u00bb<\/strong><br \/>\n<\/span><\/p>\n<p><span style=\"color: #777777; font-family: Arial;\">Et je finirai ce mot du jour sur les chansons autour de la commune comme j&rsquo;ai commenc\u00e9 avec une offrande de Jean Ferrat \u00ab\u00a0<a href=\"https:\/\/www.youtube.com\/watch?v=88dinRZc978\"><span style=\"color: #0000ff;\">Les cerisiers\u00a0<\/span><\/a>\u00bb dont vous trouverez les paroles derri\u00e8re &lt;<a href=\"https:\/\/lyrics.fandom.com\/fr\/wiki\/Jean_Ferrat\/Les_cerisiers\"><span style=\"color: #0000ff;\">ce lien<\/span><\/a>&gt;. Cette chanson se trouve dans l&rsquo;avant dernier album de Ferrat \u00ab\u00a0<strong>Je ne suis qu&rsquo;un cri<\/strong>\u00a0\u00bb publi\u00e9 en 1985.<br \/>\n<\/span><\/p>\n<p style=\"margin-left: 28pt;\"><span style=\"color: #c00000; font-family: Arial;\">\u00ab\u00a0J&rsquo;ai souvent pens\u00e9 c&rsquo;est loin la vieillesse<\/span><\/p>\n<p style=\"margin-left: 28pt;\"><span style=\"color: #c00000; font-family: Arial;\">Mais tout doucement la vieillesse vient<br \/>\nPetit \u00e0 petit par d\u00e9licatesse<br \/>\nPour ne pas froisser le vieux musicien<br \/>\nSi je suis tromp\u00e9 par sa politesse<br \/>\nSi je crois parfois qu&rsquo;elle est encore loin<br \/>\nJe voudrais surtout qu&rsquo;avant m&rsquo;apparaisse<br \/>\nCe dont je r\u00eavais quand j&rsquo;\u00e9tais gamin<\/span><\/p>\n<p style=\"margin-left: 28pt;\"><span style=\"color: #c00000; font-family: Arial;\">Ah qu&rsquo;il vienne au moins le temps des cerises<br \/>\nAvant de claquer sur mon tambourin<br \/>\nAvant que j&rsquo;aie d\u00fb boucler mes valises<br \/>\nEt qu&rsquo;on m&rsquo;ait pouss\u00e9 dans le dernier train\u00a0\u00bb<\/span><\/p>\n<p><span style=\"color: #800000;\">&lt;1541&gt;<\/span><\/p>\n","protected":false},"excerpt":{"rendered":"<p>\u00ab\u00a0Ils se lev\u00e8rent pour la Commune, en \u00e9coutant chanter Pottier. Ils faisaient vivre la Commune en \u00e9coutant chanter Cl\u00e9ment \u00bb Jean Ferrat La commune est rest\u00e9e dans l&rsquo;imaginaire des fran\u00e7ais et m\u00eame au-del\u00e0. Elle l&rsquo;est rest\u00e9e parce que de nombreux<\/p>\n","protected":false},"author":1,"featured_media":0,"comment_status":"open","ping_status":"closed","sticky":false,"template":"","format":"standard","meta":{"footnotes":""},"categories":[1],"tags":[193,15,17],"class_list":["post-10927","post","type-post","status-publish","format-standard","hentry","category-motdujour","tag-chanson","tag-france","tag-histoire"],"_links":{"self":[{"href":"https:\/\/lemotdujour.fr\/index.php?rest_route=\/wp\/v2\/posts\/10927","targetHints":{"allow":["GET"]}}],"collection":[{"href":"https:\/\/lemotdujour.fr\/index.php?rest_route=\/wp\/v2\/posts"}],"about":[{"href":"https:\/\/lemotdujour.fr\/index.php?rest_route=\/wp\/v2\/types\/post"}],"author":[{"embeddable":true,"href":"https:\/\/lemotdujour.fr\/index.php?rest_route=\/wp\/v2\/users\/1"}],"replies":[{"embeddable":true,"href":"https:\/\/lemotdujour.fr\/index.php?rest_route=%2Fwp%2Fv2%2Fcomments&post=10927"}],"version-history":[{"count":5,"href":"https:\/\/lemotdujour.fr\/index.php?rest_route=\/wp\/v2\/posts\/10927\/revisions"}],"predecessor-version":[{"id":10934,"href":"https:\/\/lemotdujour.fr\/index.php?rest_route=\/wp\/v2\/posts\/10927\/revisions\/10934"}],"wp:attachment":[{"href":"https:\/\/lemotdujour.fr\/index.php?rest_route=%2Fwp%2Fv2%2Fmedia&parent=10927"}],"wp:term":[{"taxonomy":"category","embeddable":true,"href":"https:\/\/lemotdujour.fr\/index.php?rest_route=%2Fwp%2Fv2%2Fcategories&post=10927"},{"taxonomy":"post_tag","embeddable":true,"href":"https:\/\/lemotdujour.fr\/index.php?rest_route=%2Fwp%2Fv2%2Ftags&post=10927"}],"curies":[{"name":"wp","href":"https:\/\/api.w.org\/{rel}","templated":true}]}}